{"id":1166,"date":"2023-07-07T12:15:25","date_gmt":"2023-07-07T12:15:25","guid":{"rendered":"https:\/\/www.fiemg.com.br\/associativismo\/noticias\/faturamento-e-horas-trabalhadas-nas-industrias-mineiras-voltam-a-crescer-em-maio\/"},"modified":"2023-07-12T12:16:35","modified_gmt":"2023-07-12T12:16:35","slug":"faturamento-e-horas-trabalhadas-nas-industrias-mineiras-voltam-a-crescer-em-maio","status":"publish","type":"noticias","link":"https:\/\/www.fiemg.com.br\/associativismo\/noticias\/faturamento-e-horas-trabalhadas-nas-industrias-mineiras-voltam-a-crescer-em-maio\/","title":{"rendered":"Faturamento e horas trabalhadas nas ind\u00fastrias mineiras voltam a crescer em maio"},"content":{"rendered":"<header class=\"entry-header\"><em>Levantamento da FIEMG mostra que ind\u00fastria mineira apresentou resultados majoritariamente positivos de janeiro a maio deste ano<\/em><\/header>\n<div class=\"share pull-right\">\n<div class=\"addthis_sharing_toolbox\"><\/div>\n<\/div>\n<div class=\"entry-content\"><a class=\"modal-image cboxElement\" href=\"https:\/\/www.fiemg.com.br\/Cms_Data\/Contents\/regionais\/Folders\/Noticias\/ZonaDaMata\/~contents\/8M629EDNYH2W6RZW\/fiemg-index-peq.jpg\"><img decoding=\"async\" src=\"https:\/\/www.fiemg.com.br\/Assets\/Images\/DynamicImages\/bfa805c2d38975bdebb6f1c7e4aab06965c45fdc9466ef308aa7ef3a2e5883e1.jpg\" \/><\/a>&nbsp;<\/p>\n<p>A\u00a0<strong>Pesquisa Indicadores Industriais de Minas Gerais (INDEX)<\/strong>\u00a0divulgada nesta quinta-feira (6\/7) pela FIEMG mostra que, em maio, o setor produtivo no Estado apresentou crescimento de 6,6% no faturamento e de 1,2% nas horas trabalhadas se comparado com abril.<\/p>\n<p>Nesse per\u00edodo, o emprego ficou est\u00e1vel e a massa salarial registrou queda, influenciada, principalmente, pelo pagamento de participa\u00e7\u00e3o nos lucros em abril.<\/p>\n<p><strong>Nos cinco primeiros meses do ano<\/strong>, com a desacelera\u00e7\u00e3o da infla\u00e7\u00e3o, a amplia\u00e7\u00e3o dos programas de transfer\u00eancia de renda e a resili\u00eancia do mercado de trabalho,<strong>\u00a0a ind\u00fastria mineira apresentou resultados majoritariamente positivos.<\/strong><\/p>\n<p>Al\u00e9m disso, diante dos incentivos do Governo Federal, a atividade industrial poder\u00e1 ser beneficiada, em especial o sertor automotivo.<\/p>\n<p><a href=\"https:\/\/www.fiemg.com.br\/wp-content\/uploads\/media\/FIEMG\/INDEX\/2023\/Index_05_2023.pdf\" target=\"_blank\" rel=\"noopener\">Clique aqui e confira o estudo na \u00edntegra<\/a>.<\/p>\n<p><em>Caio T\u00e1rcia<\/em><br \/>\n<strong>Imprensa FIEMG<\/strong><\/p>\n<\/div>\n","protected":false},"featured_media":1157,"template":"","categories":[],"tags":[],"class_list":["post-1166","noticias","type-noticias","status-publish","has-post-thumbnail","hentry"],"acf":[],"yoast_head":"<!-- This site is optimized with the Yoast SEO plugin v26.2 - https:\/\/yoast.com\/wordpress\/plugins\/seo\/ -->\n<title>Faturamento e horas trabalhadas nas ind\u00fastrias mineiras voltam a crescer em maio - Associativismo<\/title>\n<meta name=\"robots\" content=\"index, follow, max-snippet:-1, max-image-preview:large, max-video-preview:-1\" \/>\n<link rel=\"canonical\" href=\"https:\/\/www.fiemg.com.br\/associativismo\/noticias\/faturamento-e-horas-trabalhadas-nas-industrias-mineiras-voltam-a-crescer-em-maio\/\" \/>\n<meta property=\"og:locale\" content=\"pt_BR\" \/>\n<meta property=\"og:type\" content=\"article\" \/>\n<meta property=\"og:title\" content=\"Faturamento e horas trabalhadas nas ind\u00fastrias mineiras voltam a crescer em maio - Associativismo\" \/>\n<meta property=\"og:description\" content=\"Levantamento da FIEMG mostra que ind\u00fastria mineira apresentou resultados majoritariamente positivos de janeiro a maio deste ano &nbsp; A\u00a0Pesquisa Indicadores Industriais de Minas Gerais (INDEX)\u00a0divulgada nesta quinta-feira (6\/7) pela FIEMG mostra que, em maio, o setor produtivo no Estado apresentou crescimento de 6,6% no faturamento e de 1,2% nas horas trabalhadas se comparado com abril. [&hellip;]\" \/>\n<meta property=\"og:url\" content=\"https:\/\/www.fiemg.com.br\/associativismo\/noticias\/faturamento-e-horas-trabalhadas-nas-industrias-mineiras-voltam-a-crescer-em-maio\/\" \/>\n<meta property=\"og:site_name\" content=\"Associativismo\" \/>\n<meta property=\"article:modified_time\" content=\"2023-07-12T12:16:35+00:00\" \/>\n<meta property=\"og:image\" content=\"https:\/\/www.fiemg.com.br\/associativismo\/wp-content\/uploads\/sites\/29\/2023\/07\/bfa805c2d38975bdebb6f1c7e4aab06965c45fdc9466ef308aa7ef3a2e5883e1.jpg\" \/>\n\t<meta property=\"og:image:width\" content=\"620\" \/>\n\t<meta property=\"og:image:height\" content=\"240\" \/>\n\t<meta property=\"og:image:type\" content=\"image\/jpeg\" \/>\n<meta name=\"twitter:card\" content=\"summary_large_image\" \/>\n<meta name=\"twitter:label1\" content=\"Est. tempo de leitura\" \/>\n\t<meta name=\"twitter:data1\" content=\"1 minuto\" \/>\n<script type=\"application\/ld+json\" class=\"yoast-schema-graph\">{\"@context\":\"https:\/\/schema.org\",\"@graph\":[{\"@type\":\"WebPage\",\"@id\":\"https:\/\/www.fiemg.com.br\/associativismo\/noticias\/faturamento-e-horas-trabalhadas-nas-industrias-mineiras-voltam-a-crescer-em-maio\/\",\"url\":\"https:\/\/www.fiemg.com.br\/associativismo\/noticias\/faturamento-e-horas-trabalhadas-nas-industrias-mineiras-voltam-a-crescer-em-maio\/\",\"name\":\"Faturamento e horas trabalhadas nas ind\u00fastrias mineiras voltam a crescer em maio - Associativismo\",\"isPartOf\":{\"@id\":\"https:\/\/www.fiemg.com.br\/associativismo\/#website\"},\"primaryImageOfPage\":{\"@id\":\"https:\/\/www.fiemg.com.br\/associativismo\/noticias\/faturamento-e-horas-trabalhadas-nas-industrias-mineiras-voltam-a-crescer-em-maio\/#primaryimage\"},\"image\":{\"@id\":\"https:\/\/www.fiemg.com.br\/associativismo\/noticias\/faturamento-e-horas-trabalhadas-nas-industrias-mineiras-voltam-a-crescer-em-maio\/#primaryimage\"},\"thumbnailUrl\":\"https:\/\/www.fiemg.com.br\/associativismo\/wp-content\/uploads\/sites\/29\/2023\/07\/bfa805c2d38975bdebb6f1c7e4aab06965c45fdc9466ef308aa7ef3a2e5883e1.jpg\",\"datePublished\":\"2023-07-07T12:15:25+00:00\",\"dateModified\":\"2023-07-12T12:16:35+00:00\",\"breadcrumb\":{\"@id\":\"https:\/\/www.fiemg.com.br\/associativismo\/noticias\/faturamento-e-horas-trabalhadas-nas-industrias-mineiras-voltam-a-crescer-em-maio\/#breadcrumb\"},\"inLanguage\":\"pt-BR\",\"potentialAction\":[{\"@type\":\"ReadAction\",\"target\":[\"https:\/\/www.fiemg.com.br\/associativismo\/noticias\/faturamento-e-horas-trabalhadas-nas-industrias-mineiras-voltam-a-crescer-em-maio\/\"]}]},{\"@type\":\"ImageObject\",\"inLanguage\":\"pt-BR\",\"@id\":\"https:\/\/www.fiemg.com.br\/associativismo\/noticias\/faturamento-e-horas-trabalhadas-nas-industrias-mineiras-voltam-a-crescer-em-maio\/#primaryimage\",\"url\":\"https:\/\/www.fiemg.com.br\/associativismo\/wp-content\/uploads\/sites\/29\/2023\/07\/bfa805c2d38975bdebb6f1c7e4aab06965c45fdc9466ef308aa7ef3a2e5883e1.jpg\",\"contentUrl\":\"https:\/\/www.fiemg.com.br\/associativismo\/wp-content\/uploads\/sites\/29\/2023\/07\/bfa805c2d38975bdebb6f1c7e4aab06965c45fdc9466ef308aa7ef3a2e5883e1.jpg\",\"width\":620,\"height\":240},{\"@type\":\"BreadcrumbList\",\"@id\":\"https:\/\/www.fiemg.com.br\/associativismo\/noticias\/faturamento-e-horas-trabalhadas-nas-industrias-mineiras-voltam-a-crescer-em-maio\/#breadcrumb\",\"itemListElement\":[{\"@type\":\"ListItem\",\"position\":1,\"name\":\"In\u00edcio\",\"item\":\"https:\/\/www.fiemg.com.br\/associativismo\/\"},{\"@type\":\"ListItem\",\"position\":2,\"name\":\"Faturamento e horas trabalhadas nas ind\u00fastrias mineiras voltam a crescer em maio\"}]},{\"@type\":\"WebSite\",\"@id\":\"https:\/\/www.fiemg.com.br\/associativismo\/#website\",\"url\":\"https:\/\/www.fiemg.com.br\/associativismo\/\",\"name\":\"Associativismo\",\"description\":\"Federa\u00e7\u00e3o das Ind\u00fastrias do Estado de Minas Gerais\",\"publisher\":{\"@id\":\"https:\/\/www.fiemg.com.br\/associativismo\/#organization\"},\"potentialAction\":[{\"@type\":\"SearchAction\",\"target\":{\"@type\":\"EntryPoint\",\"urlTemplate\":\"https:\/\/www.fiemg.com.br\/associativismo\/?s={search_term_string}\"},\"query-input\":{\"@type\":\"PropertyValueSpecification\",\"valueRequired\":true,\"valueName\":\"search_term_string\"}}],\"inLanguage\":\"pt-BR\"},{\"@type\":\"Organization\",\"@id\":\"https:\/\/www.fiemg.com.br\/associativismo\/#organization\",\"name\":\"Associativismo\",\"url\":\"https:\/\/www.fiemg.com.br\/associativismo\/\",\"logo\":{\"@type\":\"ImageObject\",\"inLanguage\":\"pt-BR\",\"@id\":\"https:\/\/www.fiemg.com.br\/associativismo\/#\/schema\/logo\/image\/\",\"url\":\"https:\/\/www.fiemg.com.br\/associativismo\/wp-content\/uploads\/sites\/29\/2023\/02\/fiemg_branco.svg\",\"contentUrl\":\"https:\/\/www.fiemg.com.br\/associativismo\/wp-content\/uploads\/sites\/29\/2023\/02\/fiemg_branco.svg\",\"width\":561,\"height\":147,\"caption\":\"Associativismo\"},\"image\":{\"@id\":\"https:\/\/www.fiemg.com.br\/associativismo\/#\/schema\/logo\/image\/\"}}]}<\/script>\n<!-- \/ Yoast SEO plugin. -->","yoast_head_json":{"title":"Faturamento e horas trabalhadas nas ind\u00fastrias mineiras voltam a crescer em maio - Associativismo","robots":{"index":"index","follow":"follow","max-snippet":"max-snippet:-1","max-image-preview":"max-image-preview:large","max-video-preview":"max-video-preview:-1"},"canonical":"https:\/\/www.fiemg.com.br\/associativismo\/noticias\/faturamento-e-horas-trabalhadas-nas-industrias-mineiras-voltam-a-crescer-em-maio\/","og_locale":"pt_BR","og_type":"article","og_title":"Faturamento e horas trabalhadas nas ind\u00fastrias mineiras voltam a crescer em maio - Associativismo","og_description":"Levantamento da FIEMG mostra que ind\u00fastria mineira apresentou resultados majoritariamente positivos de janeiro a maio deste ano &nbsp; A\u00a0Pesquisa Indicadores Industriais de Minas Gerais (INDEX)\u00a0divulgada nesta quinta-feira (6\/7) pela FIEMG mostra que, em maio, o setor produtivo no Estado apresentou crescimento de 6,6% no faturamento e de 1,2% nas horas trabalhadas se comparado com abril. [&hellip;]","og_url":"https:\/\/www.fiemg.com.br\/associativismo\/noticias\/faturamento-e-horas-trabalhadas-nas-industrias-mineiras-voltam-a-crescer-em-maio\/","og_site_name":"Associativismo","article_modified_time":"2023-07-12T12:16:35+00:00","og_image":[{"width":620,"height":240,"url":"https:\/\/www.fiemg.com.br\/associativismo\/wp-content\/uploads\/sites\/29\/2023\/07\/bfa805c2d38975bdebb6f1c7e4aab06965c45fdc9466ef308aa7ef3a2e5883e1.jpg","type":"image\/jpeg"}],"twitter_card":"summary_large_image","twitter_misc":{"Est. tempo de leitura":"1 minuto"},"schema":{"@context":"https:\/\/schema.org","@graph":[{"@type":"WebPage","@id":"https:\/\/www.fiemg.com.br\/associativismo\/noticias\/faturamento-e-horas-trabalhadas-nas-industrias-mineiras-voltam-a-crescer-em-maio\/","url":"https:\/\/www.fiemg.com.br\/associativismo\/noticias\/faturamento-e-horas-trabalhadas-nas-industrias-mineiras-voltam-a-crescer-em-maio\/","name":"Faturamento e horas trabalhadas nas ind\u00fastrias mineiras voltam a crescer em maio - Associativismo","isPartOf":{"@id":"https:\/\/www.fiemg.com.br\/associativismo\/#website"},"primaryImageOfPage":{"@id":"https:\/\/www.fiemg.com.br\/associativismo\/noticias\/faturamento-e-horas-trabalhadas-nas-industrias-mineiras-voltam-a-crescer-em-maio\/#primaryimage"},"image":{"@id":"https:\/\/www.fiemg.com.br\/associativismo\/noticias\/faturamento-e-horas-trabalhadas-nas-industrias-mineiras-voltam-a-crescer-em-maio\/#primaryimage"},"thumbnailUrl":"https:\/\/www.fiemg.com.br\/associativismo\/wp-content\/uploads\/sites\/29\/2023\/07\/bfa805c2d38975bdebb6f1c7e4aab06965c45fdc9466ef308aa7ef3a2e5883e1.jpg","datePublished":"2023-07-07T12:15:25+00:00","dateModified":"2023-07-12T12:16:35+00:00","breadcrumb":{"@id":"https:\/\/www.fiemg.com.br\/associativismo\/noticias\/faturamento-e-horas-trabalhadas-nas-industrias-mineiras-voltam-a-crescer-em-maio\/#breadcrumb"},"inLanguage":"pt-BR","potentialAction":[{"@type":"ReadAction","target":["https:\/\/www.fiemg.com.br\/associativismo\/noticias\/faturamento-e-horas-trabalhadas-nas-industrias-mineiras-voltam-a-crescer-em-maio\/"]}]},{"@type":"ImageObject","inLanguage":"pt-BR","@id":"https:\/\/www.fiemg.com.br\/associativismo\/noticias\/faturamento-e-horas-trabalhadas-nas-industrias-mineiras-voltam-a-crescer-em-maio\/#primaryimage","url":"https:\/\/www.fiemg.com.br\/associativismo\/wp-content\/uploads\/sites\/29\/2023\/07\/bfa805c2d38975bdebb6f1c7e4aab06965c45fdc9466ef308aa7ef3a2e5883e1.jpg","contentUrl":"https:\/\/www.fiemg.com.br\/associativismo\/wp-content\/uploads\/sites\/29\/2023\/07\/bfa805c2d38975bdebb6f1c7e4aab06965c45fdc9466ef308aa7ef3a2e5883e1.jpg","width":620,"height":240},{"@type":"BreadcrumbList","@id":"https:\/\/www.fiemg.com.br\/associativismo\/noticias\/faturamento-e-horas-trabalhadas-nas-industrias-mineiras-voltam-a-crescer-em-maio\/#breadcrumb","itemListElement":[{"@type":"ListItem","position":1,"name":"In\u00edcio","item":"https:\/\/www.fiemg.com.br\/associativismo\/"},{"@type":"ListItem","position":2,"name":"Faturamento e horas trabalhadas nas ind\u00fastrias mineiras voltam a crescer em maio"}]},{"@type":"WebSite","@id":"https:\/\/www.fiemg.com.br\/associativismo\/#website","url":"https:\/\/www.fiemg.com.br\/associativismo\/","name":"Associativismo","description":"Federa\u00e7\u00e3o das Ind\u00fastrias do Estado de Minas Gerais","publisher":{"@id":"https:\/\/www.fiemg.com.br\/associativismo\/#organization"},"potentialAction":[{"@type":"SearchAction","target":{"@type":"EntryPoint","urlTemplate":"https:\/\/www.fiemg.com.br\/associativismo\/?s={search_term_string}"},"query-input":{"@type":"PropertyValueSpecification","valueRequired":true,"valueName":"search_term_string"}}],"inLanguage":"pt-BR"},{"@type":"Organization","@id":"https:\/\/www.fiemg.com.br\/associativismo\/#organization","name":"Associativismo","url":"https:\/\/www.fiemg.com.br\/associativismo\/","logo":{"@type":"ImageObject","inLanguage":"pt-BR","@id":"https:\/\/www.fiemg.com.br\/associativismo\/#\/schema\/logo\/image\/","url":"https:\/\/www.fiemg.com.br\/associativismo\/wp-content\/uploads\/sites\/29\/2023\/02\/fiemg_branco.svg","contentUrl":"https:\/\/www.fiemg.com.br\/associativismo\/wp-content\/uploads\/sites\/29\/2023\/02\/fiemg_branco.svg","width":561,"height":147,"caption":"Associativismo"},"image":{"@id":"https:\/\/www.fiemg.com.br\/associativismo\/#\/schema\/logo\/image\/"}}]}},"_links":{"self":[{"href":"https:\/\/www.fiemg.com.br\/associativismo\/wp-json\/wp\/v2\/noticias\/1166","targetHints":{"allow":["GET"]}}],"collection":[{"href":"https:\/\/www.fiemg.com.br\/associativismo\/wp-json\/wp\/v2\/noticias"}],"about":[{"href":"https:\/\/www.fiemg.com.br\/associativismo\/wp-json\/wp\/v2\/types\/noticias"}],"wp:featuredmedia":[{"embeddable":true,"href":"https:\/\/www.fiemg.com.br\/associativismo\/wp-json\/wp\/v2\/media\/1157"}],"wp:attachment":[{"href":"https:\/\/www.fiemg.com.br\/associativismo\/wp-json\/wp\/v2\/media?parent=1166"}],"wp:term":[{"taxonomy":"category","embeddable":true,"href":"https:\/\/www.fiemg.com.br\/associativismo\/wp-json\/wp\/v2\/categories?post=1166"},{"taxonomy":"post_tag","embeddable":true,"href":"https:\/\/www.fiemg.com.br\/associativismo\/wp-json\/wp\/v2\/tags?post=1166"}],"curies":[{"name":"wp","href":"https:\/\/api.w.org\/{rel}","templated":true}]}}