{"id":1384,"date":"2023-08-14T20:44:04","date_gmt":"2023-08-14T20:44:04","guid":{"rendered":"https:\/\/www.fiemg.com.br\/associativismo\/noticias\/produtores-de-vinho-de-mg-defendem-reducao-de-impostos-e-mudanca-na-cobranca-do-icms\/"},"modified":"2023-08-22T12:46:08","modified_gmt":"2023-08-22T15:46:08","slug":"produtores-de-vinho-de-mg-defendem-reducao-de-impostos-e-mudanca-na-cobranca-do-icms","status":"publish","type":"noticias","link":"https:\/\/www.fiemg.com.br\/associativismo\/noticias\/produtores-de-vinho-de-mg-defendem-reducao-de-impostos-e-mudanca-na-cobranca-do-icms\/","title":{"rendered":"Produtores de vinho de MG defendem redu\u00e7\u00e3o de impostos e mudan\u00e7a no ICMS"},"content":{"rendered":"<figure id=\"attachment_1385\" aria-describedby=\"caption-attachment-1385\" style=\"width: 1080px\" class=\"wp-caption aligncenter\"><img fetchpriority=\"high\" decoding=\"async\" class=\"wp-image-1385\" src=\"https:\/\/www.fiemg.com.br\/associativismo\/wp-content\/uploads\/sites\/29\/2023\/08\/vinho-grupo-e1692045410989.jpeg\" alt=\"Produtores de vinho do Sul de Minas em audi\u00eancia na ALMG\" width=\"1080\" height=\"486\" \/><figcaption id=\"caption-attachment-1385\" class=\"wp-caption-text\">Produtores de vinho do Sul de Minas em audi\u00eancia na ALMG<\/figcaption><\/figure>\n<p>Uma audi\u00eancia p\u00fablica realizada na quinta-feira (10\/08), na Assembleia Legislativa, em Belo Horizonte, debateu a elevada carga tribut\u00e1ria paga pelos produtores de vinho de Minas Gerais, sobretudo os que atuam na Regi\u00e3o da Serra da Mantiqueira, no Sul do estado. A categoria entende que os impostos em excesso comprometem a competitividade do produto mineiro frente \u00e0 bebida fabricada em outras regi\u00f5es do pa\u00eds e no exterior. A reuni\u00e3o foi realizada pelas comiss\u00f5es de Desenvolvimento Econ\u00f4mico, de Agropecu\u00e1ria e Agroind\u00fastria e Extraordin\u00e1ria de Turismo e Gastronomia.<\/p>\n<p>A presidente do Sindicato da Ind\u00fastria do Vinho do Estado de Minas (SindVinho-MG), Helo\u00edsa Bertoli, considera o sistema tribut\u00e1rio brasileiro complexo, sendo tratado de forma diferenciada pelos estados, al\u00e9m dos incentivos fiscais oferecidos pelo governo. A dirigente sindical defende uma altera\u00e7\u00e3o na cobran\u00e7a do Imposto sobre Circula\u00e7\u00e3o de Mercadorias e Servi\u00e7os (ICMS) no estado.<\/p>\n<p>\u201cO vinho \u00e9 tributado no sistema de cobran\u00e7a antecipada de ICMS, que tamb\u00e9m \u00e9 conhecido como Substitui\u00e7\u00e3o Tribut\u00e1ria. Nesse caso, \u00e9 necess\u00e1rio realizar o recolhimento do imposto no in\u00edcio da cadeia produtiva, prejudicando o setor. A proposta do sindicato \u00e9 uma revis\u00e3o do uso da substitui\u00e7\u00e3o tribut\u00e1ria, suspendendo a aplica\u00e7\u00e3o do regime nas opera\u00e7\u00f5es de sa\u00edda interna de vinhos produzidos por estabelecimentos industriais nos estados, como fez o Rio de Janeiro. Com isso, alivia-se a carga tribut\u00e1ria sobre o produtor, melhorando o seu fluxo financeiro, flexibilizando os pre\u00e7os dos produtos e estimulando as vendas\u201d, afirmou.<\/p>\n<p>Outros problemas destacados pela presidente do SindVinho s\u00e3o a entrada irregular de vinhos estrangeiros no pa\u00eds sem o devido pagamento de impostos e a falsifica\u00e7\u00e3o de produtos. \u201cEssas bebidas v\u00e3o para o com\u00e9rcio com pre\u00e7os muito menores em rela\u00e7\u00e3o \u00e0s produzida no Brasil e isso \u00e9 uma concorr\u00eancia desleal\u201d, observou. Esses temas, prosseguiu a dirigente, ser\u00e3o tratados em audi\u00eancias p\u00fablicas em todos os estados produtores.<\/p>\n<p>Helo\u00edsa Bertoli \u00e9 a favor de outras medidas governamentais para que o segmento supere desafios associados ao transporte, compra de insumos, financiamento, forma\u00e7\u00e3o de m\u00e3o de obra especializada e subs\u00eddio t\u00e9cnico para pequenos e m\u00e9dios produtores.<\/p>\n<p>Conforme Helo\u00edsa, a produ\u00e7\u00e3o de vinho est\u00e1 presente em 46 cidades mineiras, com bebidas premiadas no Brasil e no exterior. \u201cNo Brasil h\u00e1 uma movimenta\u00e7\u00e3o de R$ 5 bilh\u00f5es no ano com a atividade, envolvendo 70 mil fam\u00edlias de agricultores e gerando 110 mil empregos direta e indiretamente&#8221;.<\/p>\n<p><em>Com informa\u00e7\u00f5es da ALMG<\/em><\/p>\n<p><strong>Rafael Passos<\/strong><br \/>\n<em>Imprensa FIEMG<\/em><\/p>\n","protected":false},"featured_media":1385,"template":"","categories":[15],"tags":[30],"class_list":["post-1384","noticias","type-noticias","status-publish","has-post-thumbnail","hentry","category-desenvolvimento-industrial","tag-industria-vinho-mg-minas-audiencia"],"acf":[],"yoast_head":"<!-- This site is optimized with the Yoast SEO plugin v26.2 - https:\/\/yoast.com\/wordpress\/plugins\/seo\/ -->\n<title>Produtores de vinho de MG defendem redu\u00e7\u00e3o de impostos e mudan\u00e7a no ICMS - Associativismo<\/title>\n<meta name=\"robots\" content=\"index, follow, max-snippet:-1, max-image-preview:large, max-video-preview:-1\" \/>\n<link rel=\"canonical\" href=\"https:\/\/www.fiemg.com.br\/associativismo\/noticias\/produtores-de-vinho-de-mg-defendem-reducao-de-impostos-e-mudanca-na-cobranca-do-icms\/\" \/>\n<meta property=\"og:locale\" content=\"pt_BR\" \/>\n<meta property=\"og:type\" content=\"article\" \/>\n<meta property=\"og:title\" content=\"Produtores de vinho de MG defendem redu\u00e7\u00e3o de impostos e mudan\u00e7a no ICMS - Associativismo\" \/>\n<meta property=\"og:description\" content=\"Uma audi\u00eancia p\u00fablica realizada na quinta-feira (10\/08), na Assembleia Legislativa, em Belo Horizonte, debateu a elevada carga tribut\u00e1ria paga pelos produtores de vinho de Minas Gerais, sobretudo os que atuam na Regi\u00e3o da Serra da Mantiqueira, no Sul do estado. A categoria entende que os impostos em excesso comprometem a competitividade do produto mineiro frente [&hellip;]\" \/>\n<meta property=\"og:url\" content=\"https:\/\/www.fiemg.com.br\/associativismo\/noticias\/produtores-de-vinho-de-mg-defendem-reducao-de-impostos-e-mudanca-na-cobranca-do-icms\/\" \/>\n<meta property=\"og:site_name\" content=\"Associativismo\" \/>\n<meta property=\"article:modified_time\" content=\"2023-08-22T15:46:08+00:00\" \/>\n<meta property=\"og:image\" content=\"https:\/\/www.fiemg.com.br\/associativismo\/wp-content\/uploads\/sites\/29\/2023\/08\/vinho-grupo-e1692045410989.jpeg\" \/>\n\t<meta property=\"og:image:width\" content=\"300\" \/>\n\t<meta property=\"og:image:height\" content=\"135\" \/>\n\t<meta property=\"og:image:type\" content=\"image\/jpeg\" \/>\n<meta name=\"twitter:card\" content=\"summary_large_image\" \/>\n<meta name=\"twitter:label1\" content=\"Est. tempo de leitura\" \/>\n\t<meta name=\"twitter:data1\" content=\"3 minutos\" \/>\n<script type=\"application\/ld+json\" class=\"yoast-schema-graph\">{\"@context\":\"https:\/\/schema.org\",\"@graph\":[{\"@type\":\"WebPage\",\"@id\":\"https:\/\/www.fiemg.com.br\/associativismo\/noticias\/produtores-de-vinho-de-mg-defendem-reducao-de-impostos-e-mudanca-na-cobranca-do-icms\/\",\"url\":\"https:\/\/www.fiemg.com.br\/associativismo\/noticias\/produtores-de-vinho-de-mg-defendem-reducao-de-impostos-e-mudanca-na-cobranca-do-icms\/\",\"name\":\"Produtores de vinho de MG defendem redu\u00e7\u00e3o de impostos e mudan\u00e7a no ICMS - Associativismo\",\"isPartOf\":{\"@id\":\"https:\/\/www.fiemg.com.br\/associativismo\/#website\"},\"primaryImageOfPage\":{\"@id\":\"https:\/\/www.fiemg.com.br\/associativismo\/noticias\/produtores-de-vinho-de-mg-defendem-reducao-de-impostos-e-mudanca-na-cobranca-do-icms\/#primaryimage\"},\"image\":{\"@id\":\"https:\/\/www.fiemg.com.br\/associativismo\/noticias\/produtores-de-vinho-de-mg-defendem-reducao-de-impostos-e-mudanca-na-cobranca-do-icms\/#primaryimage\"},\"thumbnailUrl\":\"https:\/\/www.fiemg.com.br\/associativismo\/wp-content\/uploads\/sites\/29\/2023\/08\/vinho-grupo-e1692045410989.jpeg\",\"datePublished\":\"2023-08-14T20:44:04+00:00\",\"dateModified\":\"2023-08-22T15:46:08+00:00\",\"breadcrumb\":{\"@id\":\"https:\/\/www.fiemg.com.br\/associativismo\/noticias\/produtores-de-vinho-de-mg-defendem-reducao-de-impostos-e-mudanca-na-cobranca-do-icms\/#breadcrumb\"},\"inLanguage\":\"pt-BR\",\"potentialAction\":[{\"@type\":\"ReadAction\",\"target\":[\"https:\/\/www.fiemg.com.br\/associativismo\/noticias\/produtores-de-vinho-de-mg-defendem-reducao-de-impostos-e-mudanca-na-cobranca-do-icms\/\"]}]},{\"@type\":\"ImageObject\",\"inLanguage\":\"pt-BR\",\"@id\":\"https:\/\/www.fiemg.com.br\/associativismo\/noticias\/produtores-de-vinho-de-mg-defendem-reducao-de-impostos-e-mudanca-na-cobranca-do-icms\/#primaryimage\",\"url\":\"https:\/\/www.fiemg.com.br\/associativismo\/wp-content\/uploads\/sites\/29\/2023\/08\/vinho-grupo-e1692045410989.jpeg\",\"contentUrl\":\"https:\/\/www.fiemg.com.br\/associativismo\/wp-content\/uploads\/sites\/29\/2023\/08\/vinho-grupo-e1692045410989.jpeg\",\"width\":300,\"height\":135,\"caption\":\"Produtores de vinho do Sul de Minas em audi\u00eancia na ALMG\"},{\"@type\":\"BreadcrumbList\",\"@id\":\"https:\/\/www.fiemg.com.br\/associativismo\/noticias\/produtores-de-vinho-de-mg-defendem-reducao-de-impostos-e-mudanca-na-cobranca-do-icms\/#breadcrumb\",\"itemListElement\":[{\"@type\":\"ListItem\",\"position\":1,\"name\":\"In\u00edcio\",\"item\":\"https:\/\/www.fiemg.com.br\/associativismo\/\"},{\"@type\":\"ListItem\",\"position\":2,\"name\":\"Produtores de vinho de MG defendem redu\u00e7\u00e3o de impostos e mudan\u00e7a no ICMS\"}]},{\"@type\":\"WebSite\",\"@id\":\"https:\/\/www.fiemg.com.br\/associativismo\/#website\",\"url\":\"https:\/\/www.fiemg.com.br\/associativismo\/\",\"name\":\"Associativismo\",\"description\":\"Federa\u00e7\u00e3o das Ind\u00fastrias do Estado de Minas Gerais\",\"publisher\":{\"@id\":\"https:\/\/www.fiemg.com.br\/associativismo\/#organization\"},\"potentialAction\":[{\"@type\":\"SearchAction\",\"target\":{\"@type\":\"EntryPoint\",\"urlTemplate\":\"https:\/\/www.fiemg.com.br\/associativismo\/?s={search_term_string}\"},\"query-input\":{\"@type\":\"PropertyValueSpecification\",\"valueRequired\":true,\"valueName\":\"search_term_string\"}}],\"inLanguage\":\"pt-BR\"},{\"@type\":\"Organization\",\"@id\":\"https:\/\/www.fiemg.com.br\/associativismo\/#organization\",\"name\":\"Associativismo\",\"url\":\"https:\/\/www.fiemg.com.br\/associativismo\/\",\"logo\":{\"@type\":\"ImageObject\",\"inLanguage\":\"pt-BR\",\"@id\":\"https:\/\/www.fiemg.com.br\/associativismo\/#\/schema\/logo\/image\/\",\"url\":\"https:\/\/www.fiemg.com.br\/associativismo\/wp-content\/uploads\/sites\/29\/2023\/02\/fiemg_branco.svg\",\"contentUrl\":\"https:\/\/www.fiemg.com.br\/associativismo\/wp-content\/uploads\/sites\/29\/2023\/02\/fiemg_branco.svg\",\"width\":561,\"height\":147,\"caption\":\"Associativismo\"},\"image\":{\"@id\":\"https:\/\/www.fiemg.com.br\/associativismo\/#\/schema\/logo\/image\/\"}}]}<\/script>\n<!-- \/ Yoast SEO plugin. -->","yoast_head_json":{"title":"Produtores de vinho de MG defendem redu\u00e7\u00e3o de impostos e mudan\u00e7a no ICMS - Associativismo","robots":{"index":"index","follow":"follow","max-snippet":"max-snippet:-1","max-image-preview":"max-image-preview:large","max-video-preview":"max-video-preview:-1"},"canonical":"https:\/\/www.fiemg.com.br\/associativismo\/noticias\/produtores-de-vinho-de-mg-defendem-reducao-de-impostos-e-mudanca-na-cobranca-do-icms\/","og_locale":"pt_BR","og_type":"article","og_title":"Produtores de vinho de MG defendem redu\u00e7\u00e3o de impostos e mudan\u00e7a no ICMS - Associativismo","og_description":"Uma audi\u00eancia p\u00fablica realizada na quinta-feira (10\/08), na Assembleia Legislativa, em Belo Horizonte, debateu a elevada carga tribut\u00e1ria paga pelos produtores de vinho de Minas Gerais, sobretudo os que atuam na Regi\u00e3o da Serra da Mantiqueira, no Sul do estado. A categoria entende que os impostos em excesso comprometem a competitividade do produto mineiro frente [&hellip;]","og_url":"https:\/\/www.fiemg.com.br\/associativismo\/noticias\/produtores-de-vinho-de-mg-defendem-reducao-de-impostos-e-mudanca-na-cobranca-do-icms\/","og_site_name":"Associativismo","article_modified_time":"2023-08-22T15:46:08+00:00","og_image":[{"width":300,"height":135,"url":"https:\/\/www.fiemg.com.br\/associativismo\/wp-content\/uploads\/sites\/29\/2023\/08\/vinho-grupo-e1692045410989.jpeg","type":"image\/jpeg"}],"twitter_card":"summary_large_image","twitter_misc":{"Est. tempo de leitura":"3 minutos"},"schema":{"@context":"https:\/\/schema.org","@graph":[{"@type":"WebPage","@id":"https:\/\/www.fiemg.com.br\/associativismo\/noticias\/produtores-de-vinho-de-mg-defendem-reducao-de-impostos-e-mudanca-na-cobranca-do-icms\/","url":"https:\/\/www.fiemg.com.br\/associativismo\/noticias\/produtores-de-vinho-de-mg-defendem-reducao-de-impostos-e-mudanca-na-cobranca-do-icms\/","name":"Produtores de vinho de MG defendem redu\u00e7\u00e3o de impostos e mudan\u00e7a no ICMS - Associativismo","isPartOf":{"@id":"https:\/\/www.fiemg.com.br\/associativismo\/#website"},"primaryImageOfPage":{"@id":"https:\/\/www.fiemg.com.br\/associativismo\/noticias\/produtores-de-vinho-de-mg-defendem-reducao-de-impostos-e-mudanca-na-cobranca-do-icms\/#primaryimage"},"image":{"@id":"https:\/\/www.fiemg.com.br\/associativismo\/noticias\/produtores-de-vinho-de-mg-defendem-reducao-de-impostos-e-mudanca-na-cobranca-do-icms\/#primaryimage"},"thumbnailUrl":"https:\/\/www.fiemg.com.br\/associativismo\/wp-content\/uploads\/sites\/29\/2023\/08\/vinho-grupo-e1692045410989.jpeg","datePublished":"2023-08-14T20:44:04+00:00","dateModified":"2023-08-22T15:46:08+00:00","breadcrumb":{"@id":"https:\/\/www.fiemg.com.br\/associativismo\/noticias\/produtores-de-vinho-de-mg-defendem-reducao-de-impostos-e-mudanca-na-cobranca-do-icms\/#breadcrumb"},"inLanguage":"pt-BR","potentialAction":[{"@type":"ReadAction","target":["https:\/\/www.fiemg.com.br\/associativismo\/noticias\/produtores-de-vinho-de-mg-defendem-reducao-de-impostos-e-mudanca-na-cobranca-do-icms\/"]}]},{"@type":"ImageObject","inLanguage":"pt-BR","@id":"https:\/\/www.fiemg.com.br\/associativismo\/noticias\/produtores-de-vinho-de-mg-defendem-reducao-de-impostos-e-mudanca-na-cobranca-do-icms\/#primaryimage","url":"https:\/\/www.fiemg.com.br\/associativismo\/wp-content\/uploads\/sites\/29\/2023\/08\/vinho-grupo-e1692045410989.jpeg","contentUrl":"https:\/\/www.fiemg.com.br\/associativismo\/wp-content\/uploads\/sites\/29\/2023\/08\/vinho-grupo-e1692045410989.jpeg","width":300,"height":135,"caption":"Produtores de vinho do Sul de Minas em audi\u00eancia na ALMG"},{"@type":"BreadcrumbList","@id":"https:\/\/www.fiemg.com.br\/associativismo\/noticias\/produtores-de-vinho-de-mg-defendem-reducao-de-impostos-e-mudanca-na-cobranca-do-icms\/#breadcrumb","itemListElement":[{"@type":"ListItem","position":1,"name":"In\u00edcio","item":"https:\/\/www.fiemg.com.br\/associativismo\/"},{"@type":"ListItem","position":2,"name":"Produtores de vinho de MG defendem redu\u00e7\u00e3o de impostos e mudan\u00e7a no ICMS"}]},{"@type":"WebSite","@id":"https:\/\/www.fiemg.com.br\/associativismo\/#website","url":"https:\/\/www.fiemg.com.br\/associativismo\/","name":"Associativismo","description":"Federa\u00e7\u00e3o das Ind\u00fastrias do Estado de Minas Gerais","publisher":{"@id":"https:\/\/www.fiemg.com.br\/associativismo\/#organization"},"potentialAction":[{"@type":"SearchAction","target":{"@type":"EntryPoint","urlTemplate":"https:\/\/www.fiemg.com.br\/associativismo\/?s={search_term_string}"},"query-input":{"@type":"PropertyValueSpecification","valueRequired":true,"valueName":"search_term_string"}}],"inLanguage":"pt-BR"},{"@type":"Organization","@id":"https:\/\/www.fiemg.com.br\/associativismo\/#organization","name":"Associativismo","url":"https:\/\/www.fiemg.com.br\/associativismo\/","logo":{"@type":"ImageObject","inLanguage":"pt-BR","@id":"https:\/\/www.fiemg.com.br\/associativismo\/#\/schema\/logo\/image\/","url":"https:\/\/www.fiemg.com.br\/associativismo\/wp-content\/uploads\/sites\/29\/2023\/02\/fiemg_branco.svg","contentUrl":"https:\/\/www.fiemg.com.br\/associativismo\/wp-content\/uploads\/sites\/29\/2023\/02\/fiemg_branco.svg","width":561,"height":147,"caption":"Associativismo"},"image":{"@id":"https:\/\/www.fiemg.com.br\/associativismo\/#\/schema\/logo\/image\/"}}]}},"_links":{"self":[{"href":"https:\/\/www.fiemg.com.br\/associativismo\/wp-json\/wp\/v2\/noticias\/1384","targetHints":{"allow":["GET"]}}],"collection":[{"href":"https:\/\/www.fiemg.com.br\/associativismo\/wp-json\/wp\/v2\/noticias"}],"about":[{"href":"https:\/\/www.fiemg.com.br\/associativismo\/wp-json\/wp\/v2\/types\/noticias"}],"wp:featuredmedia":[{"embeddable":true,"href":"https:\/\/www.fiemg.com.br\/associativismo\/wp-json\/wp\/v2\/media\/1385"}],"wp:attachment":[{"href":"https:\/\/www.fiemg.com.br\/associativismo\/wp-json\/wp\/v2\/media?parent=1384"}],"wp:term":[{"taxonomy":"category","embeddable":true,"href":"https:\/\/www.fiemg.com.br\/associativismo\/wp-json\/wp\/v2\/categories?post=1384"},{"taxonomy":"post_tag","embeddable":true,"href":"https:\/\/www.fiemg.com.br\/associativismo\/wp-json\/wp\/v2\/tags?post=1384"}],"curies":[{"name":"wp","href":"https:\/\/api.w.org\/{rel}","templated":true}]}}