{"id":1452,"date":"2023-08-24T14:15:36","date_gmt":"2023-08-24T17:15:36","guid":{"rendered":"https:\/\/www.fiemg.com.br\/associativismo\/noticias\/construcao-civil-o-pilar-do-desenvolvimento-no-norte-de-minas\/"},"modified":"2023-09-04T16:30:54","modified_gmt":"2023-09-04T19:30:54","slug":"construcao-civil-o-pilar-do-desenvolvimento-no-norte-de-minas","status":"publish","type":"noticias","link":"https:\/\/www.fiemg.com.br\/associativismo\/noticias\/construcao-civil-o-pilar-do-desenvolvimento-no-norte-de-minas\/","title":{"rendered":"Constru\u00e7\u00e3o civil: o pilar do desenvolvimento no Norte de Minas"},"content":{"rendered":"\n<p>Alicer\u00e7ando o progresso econ\u00f4mico do Brasil, a constru\u00e7\u00e3o civil emerge como um setor estrat\u00e9gico, englobando infraestrutura, edif\u00edcios e servi\u00e7os especializados. Neste contexto, o Minascon 2023 demonstra, em sua 20\u00aa edi\u00e7\u00e3o, a pot\u00eancia do setor no Norte de Minas, entre 14 e 17 de setembro, em Montes Claros. Confira <a href=\"https:\/\/www.fiemg.com.br\/wp-content\/uploads\/2023\/08\/PROGRAMACAO_ARQUIVO.pdf\" target=\"_blank\" rel=\"noopener\"><strong>aqui<\/strong><\/a> a programa\u00e7\u00e3o.<\/p>\n\n\n\n<p>De acordo com pesquisa realizada pela Ger\u00eancia de Estudos Econ\u00f4micos da Federa\u00e7\u00e3o das Ind\u00fastrias de Minas Gerais (FIEMG), um dos pontos mais not\u00e1veis na constru\u00e7\u00e3o civil \u00e9 a agilidade na gera\u00e7\u00e3o de empregos: a cada R$ 1 milh\u00e3o investido, 39,1 postos de trabalho s\u00e3o criados, evidenciando seu impacto no mercado. Al\u00e9m disso, com sua participa\u00e7\u00e3o representando 53,7% da forma\u00e7\u00e3o bruta de capital fixo, o setor alavanca o investimento produtivo.<\/p>\n\n\n\n<p>Enquanto mais de 166 mil empresas empregam 2,3 milh\u00f5es no pa\u00eds, Minas Gerais se destaca com 6,3% das ocupa\u00e7\u00f5es. Seu Produto Interno Bruto (PIB) na constru\u00e7\u00e3o \u00e9 not\u00e1vel: desde 2020, supera a m\u00e9dia nacional. Mesmo durante a pandemia, mant\u00e9m atividade acima do per\u00edodo pr\u00e9-crise.<\/p>\n\n\n\n<p>Para conferir o estudo na \u00edntegra, <strong><a href=\"https:\/\/www.fiemg.com.br\/associativismo\/wp-content\/uploads\/sites\/29\/2023\/09\/minascon-dados-construcao-civil.pdf\" target=\"_blank\" rel=\"noreferrer noopener\">clique aqui<\/a><\/strong>.<\/p>\n\n\n\n<h2 class=\"wp-block-heading has-medium-font-size\"><strong>A Regi\u00e3o Norte de Minas: mosaico de oportunidades<\/strong><\/h2>\n\n\n\n<p>Na Regional Norte de Minas Gerais, 839 empresas geram mais de 10 mil empregos e R$ 19 milh\u00f5es em renda. Esse fluxo, 23,2% do total industrial, representa 5,5% das ocupa\u00e7\u00f5es regionais. Em Montes Claros, a constru\u00e7\u00e3o sustenta 21,4% dos sal\u00e1rios industriais e emprega 5,5% dos trabalhadores formais, superando a m\u00e9dia nacional (4,7%).<\/p>\n\n\n\n<p>Segundo Adauto Marques Batista, presidente da FIEMG Regional Norte, a regi\u00e3o vive \u201cuma nova revolu\u00e7\u00e3o industrial\u201d e destaca o complexo industrial da Eurofarma em Montes Claros como marco desse desenvolvimento. \u201cNesse contexto, o Minascon 2023 veio somar e se encaixa como catalisador, consolidando e distribuindo riquezas, enquanto a constru\u00e7\u00e3o civil permanece como pilar da ind\u00fastria\u201d, diz Batista.<\/p>\n\n\n\n<h2 class=\"wp-block-heading has-medium-font-size\"><strong>Minascon 2023: forjando o futuro<\/strong><\/h2>\n\n\n\n<p>O <strong>Minascon 2023<\/strong> \u00e9 o maior evento da constru\u00e7\u00e3o civil de Minas Gerais, que re\u00fane profissionais, empresas e especialistas para explorar, debater e fomentar a inova\u00e7\u00e3o e o progresso da ind\u00fastria da Constru\u00e7\u00e3o Civil.<\/p>\n\n\n\n<p>Para o presidente da C\u00e2mara da Ind\u00fastria da Constru\u00e7\u00e3o da FIEMG, Geraldo Linhares, o <strong>Minascon 2023<\/strong> se torna um f\u00f3rum vital para impulsionar essa transforma\u00e7\u00e3o, promovendo inova\u00e7\u00e3o, conex\u00f5es e oportunidades em meio \u00e0 crescente demanda por novos horizontes industriais. \u201cA organiza\u00e7\u00e3o do Minascon cuida para que este seja um evento itinerante que valoriza a comunidade da constru\u00e7\u00e3o de todo nosso Estado\u201d, diz Linhares.<\/p>\n\n\n\n<p>\u00c0 medida que Minas Gerais trilha o caminho do progresso, o setor da constru\u00e7\u00e3o emerge como protagonista, moldando o futuro econ\u00f4mico e social da regi\u00e3o norte de Minas Gerais.<\/p>\n\n\n\n<p>O <strong>Minascon 2023<\/strong> \u00e9 uma realiza\u00e7\u00e3o da FIEMG, por meio da C\u00e2mara da Ind\u00fastria da Constru\u00e7\u00e3o e dos Sindicatos da Ind\u00fastria da Constru\u00e7\u00e3o Civil (Sinduscon) do norte de Minas. Conta tamb\u00e9m com o apoio master do SEBRAE, patroc\u00ednios da Totvs, CREA-MG, Codemge e Governo do Estado de Minas Gerais, al\u00e9m do apoio da CAIXA.<\/p>\n\n\n\n<h2 class=\"wp-block-heading has-medium-font-size\"><strong>Minascon 2023<\/strong><\/h2>\n\n\n\n<p><strong>Data:<\/strong> 14 a 17 de setembro<br><strong>Local:<\/strong> Parque de Exposi\u00e7\u00f5es Jo\u00e3o Alencar Athayde \u2013 Montes Claros \/ MG<br><strong>Informa\u00e7\u00f5es:<\/strong> minascon@fiemg.com.br<br><a href=\"https:\/\/www.sympla.com.br\/evento\/20-minascon\/2105512\" target=\"_blank\" rel=\"noopener\"><strong>Fa\u00e7a aqui sua inscri\u00e7\u00e3o<\/strong><\/a><\/p>\n\n\n\n<p><em>Ana Paula Motta<\/em><br><strong>Imprensa FIEMG<\/strong><\/p>\n","protected":false},"featured_media":1454,"template":"","categories":[15,20],"tags":[59,60,72],"class_list":["post-1452","noticias","type-noticias","status-publish","has-post-thumbnail","hentry","category-desenvolvimento-industrial","category-estudos-economicos","tag-construcao-civil","tag-minascon-2023","tag-regiao-norte-de-minas"],"acf":[],"yoast_head":"<!-- This site is optimized with the Yoast SEO plugin v26.2 - https:\/\/yoast.com\/wordpress\/plugins\/seo\/ -->\n<title>Constru\u00e7\u00e3o civil: o pilar do desenvolvimento no Norte de Minas - Associativismo<\/title>\n<meta name=\"description\" content=\"A realiza\u00e7\u00e3o do Minascon 2023 em Montes Claros potencializa o setor da constru\u00e7\u00e3o civil na regi\u00e3o Norte de Minas\" \/>\n<meta name=\"robots\" content=\"index, follow, max-snippet:-1, max-image-preview:large, max-video-preview:-1\" \/>\n<link rel=\"canonical\" href=\"https:\/\/www.fiemg.com.br\/associativismo\/noticias\/construcao-civil-o-pilar-do-desenvolvimento-no-norte-de-minas\/\" \/>\n<meta property=\"og:locale\" content=\"pt_BR\" \/>\n<meta property=\"og:type\" content=\"article\" \/>\n<meta property=\"og:title\" content=\"Constru\u00e7\u00e3o civil: o pilar do desenvolvimento no Norte de Minas - Associativismo\" \/>\n<meta property=\"og:description\" content=\"A realiza\u00e7\u00e3o do Minascon 2023 em Montes Claros potencializa o setor da constru\u00e7\u00e3o civil na regi\u00e3o Norte de Minas\" \/>\n<meta property=\"og:url\" content=\"https:\/\/www.fiemg.com.br\/associativismo\/noticias\/construcao-civil-o-pilar-do-desenvolvimento-no-norte-de-minas\/\" \/>\n<meta property=\"og:site_name\" content=\"Associativismo\" \/>\n<meta property=\"article:modified_time\" content=\"2023-09-04T19:30:54+00:00\" \/>\n<meta property=\"og:image\" content=\"https:\/\/www.fiemg.com.br\/associativismo\/wp-content\/uploads\/sites\/29\/2023\/08\/Minascon-2023-1-e1692897219898.jpg\" \/>\n\t<meta property=\"og:image:width\" content=\"1141\" \/>\n\t<meta property=\"og:image:height\" content=\"761\" \/>\n\t<meta property=\"og:image:type\" content=\"image\/jpeg\" \/>\n<meta name=\"twitter:card\" content=\"summary_large_image\" \/>\n<meta name=\"twitter:label1\" content=\"Est. tempo de leitura\" \/>\n\t<meta name=\"twitter:data1\" content=\"3 minutos\" \/>\n<script type=\"application\/ld+json\" class=\"yoast-schema-graph\">{\"@context\":\"https:\/\/schema.org\",\"@graph\":[{\"@type\":\"WebPage\",\"@id\":\"https:\/\/www.fiemg.com.br\/associativismo\/noticias\/construcao-civil-o-pilar-do-desenvolvimento-no-norte-de-minas\/\",\"url\":\"https:\/\/www.fiemg.com.br\/associativismo\/noticias\/construcao-civil-o-pilar-do-desenvolvimento-no-norte-de-minas\/\",\"name\":\"Constru\u00e7\u00e3o civil: o pilar do desenvolvimento no Norte de Minas - Associativismo\",\"isPartOf\":{\"@id\":\"https:\/\/www.fiemg.com.br\/associativismo\/#website\"},\"primaryImageOfPage\":{\"@id\":\"https:\/\/www.fiemg.com.br\/associativismo\/noticias\/construcao-civil-o-pilar-do-desenvolvimento-no-norte-de-minas\/#primaryimage\"},\"image\":{\"@id\":\"https:\/\/www.fiemg.com.br\/associativismo\/noticias\/construcao-civil-o-pilar-do-desenvolvimento-no-norte-de-minas\/#primaryimage\"},\"thumbnailUrl\":\"https:\/\/www.fiemg.com.br\/associativismo\/wp-content\/uploads\/sites\/29\/2023\/08\/Minascon-2023-1-e1692897219898.jpg\",\"datePublished\":\"2023-08-24T17:15:36+00:00\",\"dateModified\":\"2023-09-04T19:30:54+00:00\",\"description\":\"A realiza\u00e7\u00e3o do Minascon 2023 em Montes Claros potencializa o setor da constru\u00e7\u00e3o civil na regi\u00e3o Norte de Minas\",\"breadcrumb\":{\"@id\":\"https:\/\/www.fiemg.com.br\/associativismo\/noticias\/construcao-civil-o-pilar-do-desenvolvimento-no-norte-de-minas\/#breadcrumb\"},\"inLanguage\":\"pt-BR\",\"potentialAction\":[{\"@type\":\"ReadAction\",\"target\":[\"https:\/\/www.fiemg.com.br\/associativismo\/noticias\/construcao-civil-o-pilar-do-desenvolvimento-no-norte-de-minas\/\"]}]},{\"@type\":\"ImageObject\",\"inLanguage\":\"pt-BR\",\"@id\":\"https:\/\/www.fiemg.com.br\/associativismo\/noticias\/construcao-civil-o-pilar-do-desenvolvimento-no-norte-de-minas\/#primaryimage\",\"url\":\"https:\/\/www.fiemg.com.br\/associativismo\/wp-content\/uploads\/sites\/29\/2023\/08\/Minascon-2023-1-e1692897219898.jpg\",\"contentUrl\":\"https:\/\/www.fiemg.com.br\/associativismo\/wp-content\/uploads\/sites\/29\/2023\/08\/Minascon-2023-1-e1692897219898.jpg\",\"width\":1141,\"height\":761,\"caption\":\"A realiza\u00e7\u00e3o do Minascon 2023 em Montes Claros potencializa o setor da constru\u00e7\u00e3o civil na regi\u00e3o Norte de Minas\"},{\"@type\":\"BreadcrumbList\",\"@id\":\"https:\/\/www.fiemg.com.br\/associativismo\/noticias\/construcao-civil-o-pilar-do-desenvolvimento-no-norte-de-minas\/#breadcrumb\",\"itemListElement\":[{\"@type\":\"ListItem\",\"position\":1,\"name\":\"In\u00edcio\",\"item\":\"https:\/\/www.fiemg.com.br\/associativismo\/\"},{\"@type\":\"ListItem\",\"position\":2,\"name\":\"Constru\u00e7\u00e3o civil: o pilar do desenvolvimento no Norte de Minas\"}]},{\"@type\":\"WebSite\",\"@id\":\"https:\/\/www.fiemg.com.br\/associativismo\/#website\",\"url\":\"https:\/\/www.fiemg.com.br\/associativismo\/\",\"name\":\"Associativismo\",\"description\":\"Federa\u00e7\u00e3o das Ind\u00fastrias do Estado de Minas Gerais\",\"publisher\":{\"@id\":\"https:\/\/www.fiemg.com.br\/associativismo\/#organization\"},\"potentialAction\":[{\"@type\":\"SearchAction\",\"target\":{\"@type\":\"EntryPoint\",\"urlTemplate\":\"https:\/\/www.fiemg.com.br\/associativismo\/?s={search_term_string}\"},\"query-input\":{\"@type\":\"PropertyValueSpecification\",\"valueRequired\":true,\"valueName\":\"search_term_string\"}}],\"inLanguage\":\"pt-BR\"},{\"@type\":\"Organization\",\"@id\":\"https:\/\/www.fiemg.com.br\/associativismo\/#organization\",\"name\":\"Associativismo\",\"url\":\"https:\/\/www.fiemg.com.br\/associativismo\/\",\"logo\":{\"@type\":\"ImageObject\",\"inLanguage\":\"pt-BR\",\"@id\":\"https:\/\/www.fiemg.com.br\/associativismo\/#\/schema\/logo\/image\/\",\"url\":\"https:\/\/www.fiemg.com.br\/associativismo\/wp-content\/uploads\/sites\/29\/2023\/02\/fiemg_branco.svg\",\"contentUrl\":\"https:\/\/www.fiemg.com.br\/associativismo\/wp-content\/uploads\/sites\/29\/2023\/02\/fiemg_branco.svg\",\"width\":561,\"height\":147,\"caption\":\"Associativismo\"},\"image\":{\"@id\":\"https:\/\/www.fiemg.com.br\/associativismo\/#\/schema\/logo\/image\/\"}}]}<\/script>\n<!-- \/ Yoast SEO plugin. -->","yoast_head_json":{"title":"Constru\u00e7\u00e3o civil: o pilar do desenvolvimento no Norte de Minas - Associativismo","description":"A realiza\u00e7\u00e3o do Minascon 2023 em Montes Claros potencializa o setor da constru\u00e7\u00e3o civil na regi\u00e3o Norte de Minas","robots":{"index":"index","follow":"follow","max-snippet":"max-snippet:-1","max-image-preview":"max-image-preview:large","max-video-preview":"max-video-preview:-1"},"canonical":"https:\/\/www.fiemg.com.br\/associativismo\/noticias\/construcao-civil-o-pilar-do-desenvolvimento-no-norte-de-minas\/","og_locale":"pt_BR","og_type":"article","og_title":"Constru\u00e7\u00e3o civil: o pilar do desenvolvimento no Norte de Minas - Associativismo","og_description":"A realiza\u00e7\u00e3o do Minascon 2023 em Montes Claros potencializa o setor da constru\u00e7\u00e3o civil na regi\u00e3o Norte de Minas","og_url":"https:\/\/www.fiemg.com.br\/associativismo\/noticias\/construcao-civil-o-pilar-do-desenvolvimento-no-norte-de-minas\/","og_site_name":"Associativismo","article_modified_time":"2023-09-04T19:30:54+00:00","og_image":[{"width":1141,"height":761,"url":"https:\/\/www.fiemg.com.br\/associativismo\/wp-content\/uploads\/sites\/29\/2023\/08\/Minascon-2023-1-e1692897219898.jpg","type":"image\/jpeg"}],"twitter_card":"summary_large_image","twitter_misc":{"Est. tempo de leitura":"3 minutos"},"schema":{"@context":"https:\/\/schema.org","@graph":[{"@type":"WebPage","@id":"https:\/\/www.fiemg.com.br\/associativismo\/noticias\/construcao-civil-o-pilar-do-desenvolvimento-no-norte-de-minas\/","url":"https:\/\/www.fiemg.com.br\/associativismo\/noticias\/construcao-civil-o-pilar-do-desenvolvimento-no-norte-de-minas\/","name":"Constru\u00e7\u00e3o civil: o pilar do desenvolvimento no Norte de Minas - Associativismo","isPartOf":{"@id":"https:\/\/www.fiemg.com.br\/associativismo\/#website"},"primaryImageOfPage":{"@id":"https:\/\/www.fiemg.com.br\/associativismo\/noticias\/construcao-civil-o-pilar-do-desenvolvimento-no-norte-de-minas\/#primaryimage"},"image":{"@id":"https:\/\/www.fiemg.com.br\/associativismo\/noticias\/construcao-civil-o-pilar-do-desenvolvimento-no-norte-de-minas\/#primaryimage"},"thumbnailUrl":"https:\/\/www.fiemg.com.br\/associativismo\/wp-content\/uploads\/sites\/29\/2023\/08\/Minascon-2023-1-e1692897219898.jpg","datePublished":"2023-08-24T17:15:36+00:00","dateModified":"2023-09-04T19:30:54+00:00","description":"A realiza\u00e7\u00e3o do Minascon 2023 em Montes Claros potencializa o setor da constru\u00e7\u00e3o civil na regi\u00e3o Norte de Minas","breadcrumb":{"@id":"https:\/\/www.fiemg.com.br\/associativismo\/noticias\/construcao-civil-o-pilar-do-desenvolvimento-no-norte-de-minas\/#breadcrumb"},"inLanguage":"pt-BR","potentialAction":[{"@type":"ReadAction","target":["https:\/\/www.fiemg.com.br\/associativismo\/noticias\/construcao-civil-o-pilar-do-desenvolvimento-no-norte-de-minas\/"]}]},{"@type":"ImageObject","inLanguage":"pt-BR","@id":"https:\/\/www.fiemg.com.br\/associativismo\/noticias\/construcao-civil-o-pilar-do-desenvolvimento-no-norte-de-minas\/#primaryimage","url":"https:\/\/www.fiemg.com.br\/associativismo\/wp-content\/uploads\/sites\/29\/2023\/08\/Minascon-2023-1-e1692897219898.jpg","contentUrl":"https:\/\/www.fiemg.com.br\/associativismo\/wp-content\/uploads\/sites\/29\/2023\/08\/Minascon-2023-1-e1692897219898.jpg","width":1141,"height":761,"caption":"A realiza\u00e7\u00e3o do Minascon 2023 em Montes Claros potencializa o setor da constru\u00e7\u00e3o civil na regi\u00e3o Norte de Minas"},{"@type":"BreadcrumbList","@id":"https:\/\/www.fiemg.com.br\/associativismo\/noticias\/construcao-civil-o-pilar-do-desenvolvimento-no-norte-de-minas\/#breadcrumb","itemListElement":[{"@type":"ListItem","position":1,"name":"In\u00edcio","item":"https:\/\/www.fiemg.com.br\/associativismo\/"},{"@type":"ListItem","position":2,"name":"Constru\u00e7\u00e3o civil: o pilar do desenvolvimento no Norte de Minas"}]},{"@type":"WebSite","@id":"https:\/\/www.fiemg.com.br\/associativismo\/#website","url":"https:\/\/www.fiemg.com.br\/associativismo\/","name":"Associativismo","description":"Federa\u00e7\u00e3o das Ind\u00fastrias do Estado de Minas Gerais","publisher":{"@id":"https:\/\/www.fiemg.com.br\/associativismo\/#organization"},"potentialAction":[{"@type":"SearchAction","target":{"@type":"EntryPoint","urlTemplate":"https:\/\/www.fiemg.com.br\/associativismo\/?s={search_term_string}"},"query-input":{"@type":"PropertyValueSpecification","valueRequired":true,"valueName":"search_term_string"}}],"inLanguage":"pt-BR"},{"@type":"Organization","@id":"https:\/\/www.fiemg.com.br\/associativismo\/#organization","name":"Associativismo","url":"https:\/\/www.fiemg.com.br\/associativismo\/","logo":{"@type":"ImageObject","inLanguage":"pt-BR","@id":"https:\/\/www.fiemg.com.br\/associativismo\/#\/schema\/logo\/image\/","url":"https:\/\/www.fiemg.com.br\/associativismo\/wp-content\/uploads\/sites\/29\/2023\/02\/fiemg_branco.svg","contentUrl":"https:\/\/www.fiemg.com.br\/associativismo\/wp-content\/uploads\/sites\/29\/2023\/02\/fiemg_branco.svg","width":561,"height":147,"caption":"Associativismo"},"image":{"@id":"https:\/\/www.fiemg.com.br\/associativismo\/#\/schema\/logo\/image\/"}}]}},"_links":{"self":[{"href":"https:\/\/www.fiemg.com.br\/associativismo\/wp-json\/wp\/v2\/noticias\/1452","targetHints":{"allow":["GET"]}}],"collection":[{"href":"https:\/\/www.fiemg.com.br\/associativismo\/wp-json\/wp\/v2\/noticias"}],"about":[{"href":"https:\/\/www.fiemg.com.br\/associativismo\/wp-json\/wp\/v2\/types\/noticias"}],"wp:featuredmedia":[{"embeddable":true,"href":"https:\/\/www.fiemg.com.br\/associativismo\/wp-json\/wp\/v2\/media\/1454"}],"wp:attachment":[{"href":"https:\/\/www.fiemg.com.br\/associativismo\/wp-json\/wp\/v2\/media?parent=1452"}],"wp:term":[{"taxonomy":"category","embeddable":true,"href":"https:\/\/www.fiemg.com.br\/associativismo\/wp-json\/wp\/v2\/categories?post=1452"},{"taxonomy":"post_tag","embeddable":true,"href":"https:\/\/www.fiemg.com.br\/associativismo\/wp-json\/wp\/v2\/tags?post=1452"}],"curies":[{"name":"wp","href":"https:\/\/api.w.org\/{rel}","templated":true}]}}