{"id":1516,"date":"2023-09-04T15:03:18","date_gmt":"2023-09-04T18:03:18","guid":{"rendered":"https:\/\/www.fiemg.com.br\/associativismo\/noticias\/siprocimg-promove-2o-encontro-empresarial-em-2023\/"},"modified":"2023-09-04T15:03:19","modified_gmt":"2023-09-04T18:03:19","slug":"siprocimg-promove-2o-encontro-empresarial-em-2023","status":"publish","type":"noticias","link":"https:\/\/www.fiemg.com.br\/associativismo\/noticias\/siprocimg-promove-2o-encontro-empresarial-em-2023\/","title":{"rendered":"Siprocimg promove 2\u00ba encontro empresarial em 2023"},"content":{"rendered":"\n<p>Sindicato das Ind\u00fastrias de Produtos de Cimento do Estado de Minas Gerais (Siprocimg) realizou na quinta-feira, 31\/8, em Belo Horizonte, o segundo encontro empresarial da entidade em 2023. O evento teve a presen\u00e7a de representantes das ind\u00fastrias, sindicatos empresariais parceiros, profissionais do setor e do presidente da FIEMG, Fl\u00e1vio Roscoe.<br>Roscoe elogiou a iniciativa do Siprocimg na promo\u00e7\u00e3o do encontro, integrando a cadeia da constru\u00e7\u00e3o civil. \u201cO associativismo requer participa\u00e7\u00e3o e uni\u00e3o, fomentando a sinergia do setor. Eu vejo um trabalho muito efetivo do sindicato nesse sentido\u201d.<\/p>\n\n\n\n<p>O l\u00edder empresarial falou ainda da import\u00e2ncia da parceria do SESI e do SENAI com as ind\u00fastrias em projetos e a\u00e7\u00f5es, sobretudo na educa\u00e7\u00e3o e na forma\u00e7\u00e3o profissional, respectivamente. Roscoe lembrou que as entidades atuam, entre outras atribui\u00e7\u00f5es, para atender \u00e0s demandas do setor produtivo.<\/p>\n\n\n\n<p>Presidente do Siprocimg, L\u00facio Silva, celebrou a import\u00e2ncia de encontros empresariais, visando \u00e0 conex\u00e3o de associados e parceiros da entidade, com a gera\u00e7\u00e3o de networking. \u201cEstamos compartilhando conhecimento e explorando estrat\u00e9gias para impulsionar ainda mais o setor de produtos de cimento no nosso estado. Em um momento t\u00e3o din\u00e2mico e desafiador, esse encontro representa uma oportunidade \u00fanica para colaborarmos, aprendermos uns com os outros e tra\u00e7armos um caminho de sucesso\u201d, disse.<\/p>\n\n\n\n<p>Manoel Roldan Antunes, presidente da Associa\u00e7\u00e3o Brasileira de Ind\u00fastria de Blocos de Concreto (Bloco Brasil), enalteceu a a\u00e7\u00e3o do sindicato mineiro pelo fortalecimento do segmento e sugeriu que o trabalho seja replicado em outros estados. \u201cAqui em Minas existe uma integra\u00e7\u00e3o do setor para superar os desafios da cadeia da constru\u00e7\u00e3o civil\u201d.<br><br><em>Clique<strong> <a href=\"https:\/\/www.flickr.com\/photos\/sistemafiemg\/albums\/72177720310899839\/with\/53156022292\/\" target=\"_blank\" rel=\"noreferrer noopener\">aqui<\/a><\/strong> e veja mais fotos<\/em><\/p>\n","protected":false},"featured_media":1517,"template":"","categories":[15],"tags":[59,114,46,55,115,116],"class_list":["post-1516","noticias","type-noticias","status-publish","has-post-thumbnail","hentry","category-desenvolvimento-industrial","tag-construcao-civil","tag-encontro-empresarial","tag-fiemg","tag-industria","tag-minas-gerais","tag-siprocimmg"],"acf":[],"yoast_head":"<!-- This site is optimized with the Yoast SEO plugin v26.2 - https:\/\/yoast.com\/wordpress\/plugins\/seo\/ -->\n<title>Siprocimg promove 2\u00ba encontro empresarial em 2023 - Associativismo<\/title>\n<meta name=\"description\" content=\"Evento teve a presen\u00e7a de representantes das ind\u00fastrias, sindicatos empresariais parceiros e do presidente da FIEMG, Fl\u00e1vio Roscoe\" \/>\n<meta name=\"robots\" content=\"index, follow, max-snippet:-1, max-image-preview:large, max-video-preview:-1\" \/>\n<link rel=\"canonical\" href=\"https:\/\/www.fiemg.com.br\/associativismo\/noticias\/siprocimg-promove-2o-encontro-empresarial-em-2023\/\" \/>\n<meta property=\"og:locale\" content=\"pt_BR\" \/>\n<meta property=\"og:type\" content=\"article\" \/>\n<meta property=\"og:title\" content=\"Siprocimg promove 2\u00ba encontro empresarial em 2023 - Associativismo\" \/>\n<meta property=\"og:description\" content=\"Evento teve a presen\u00e7a de representantes das ind\u00fastrias, sindicatos empresariais parceiros e do presidente da FIEMG, Fl\u00e1vio Roscoe\" \/>\n<meta property=\"og:url\" content=\"https:\/\/www.fiemg.com.br\/associativismo\/noticias\/siprocimg-promove-2o-encontro-empresarial-em-2023\/\" \/>\n<meta property=\"og:site_name\" content=\"Associativismo\" \/>\n<meta property=\"article:modified_time\" content=\"2023-09-04T18:03:19+00:00\" \/>\n<meta property=\"og:image\" content=\"https:\/\/www.fiemg.com.br\/associativismo\/wp-content\/uploads\/sites\/29\/2023\/09\/sindicato-encontro-construcao.jpg\" \/>\n\t<meta property=\"og:image:width\" content=\"300\" \/>\n\t<meta property=\"og:image:height\" content=\"200\" \/>\n\t<meta property=\"og:image:type\" content=\"image\/jpeg\" \/>\n<meta name=\"twitter:card\" content=\"summary_large_image\" \/>\n<meta name=\"twitter:label1\" content=\"Est. tempo de leitura\" \/>\n\t<meta name=\"twitter:data1\" content=\"2 minutos\" \/>\n<script type=\"application\/ld+json\" class=\"yoast-schema-graph\">{\"@context\":\"https:\/\/schema.org\",\"@graph\":[{\"@type\":\"WebPage\",\"@id\":\"https:\/\/www.fiemg.com.br\/associativismo\/noticias\/siprocimg-promove-2o-encontro-empresarial-em-2023\/\",\"url\":\"https:\/\/www.fiemg.com.br\/associativismo\/noticias\/siprocimg-promove-2o-encontro-empresarial-em-2023\/\",\"name\":\"Siprocimg promove 2\u00ba encontro empresarial em 2023 - Associativismo\",\"isPartOf\":{\"@id\":\"https:\/\/www.fiemg.com.br\/associativismo\/#website\"},\"primaryImageOfPage\":{\"@id\":\"https:\/\/www.fiemg.com.br\/associativismo\/noticias\/siprocimg-promove-2o-encontro-empresarial-em-2023\/#primaryimage\"},\"image\":{\"@id\":\"https:\/\/www.fiemg.com.br\/associativismo\/noticias\/siprocimg-promove-2o-encontro-empresarial-em-2023\/#primaryimage\"},\"thumbnailUrl\":\"https:\/\/www.fiemg.com.br\/associativismo\/wp-content\/uploads\/sites\/29\/2023\/09\/sindicato-encontro-construcao.jpg\",\"datePublished\":\"2023-09-04T18:03:18+00:00\",\"dateModified\":\"2023-09-04T18:03:19+00:00\",\"description\":\"Evento teve a presen\u00e7a de representantes das ind\u00fastrias, sindicatos empresariais parceiros e do presidente da FIEMG, Fl\u00e1vio Roscoe\",\"breadcrumb\":{\"@id\":\"https:\/\/www.fiemg.com.br\/associativismo\/noticias\/siprocimg-promove-2o-encontro-empresarial-em-2023\/#breadcrumb\"},\"inLanguage\":\"pt-BR\",\"potentialAction\":[{\"@type\":\"ReadAction\",\"target\":[\"https:\/\/www.fiemg.com.br\/associativismo\/noticias\/siprocimg-promove-2o-encontro-empresarial-em-2023\/\"]}]},{\"@type\":\"ImageObject\",\"inLanguage\":\"pt-BR\",\"@id\":\"https:\/\/www.fiemg.com.br\/associativismo\/noticias\/siprocimg-promove-2o-encontro-empresarial-em-2023\/#primaryimage\",\"url\":\"https:\/\/www.fiemg.com.br\/associativismo\/wp-content\/uploads\/sites\/29\/2023\/09\/sindicato-encontro-construcao.jpg\",\"contentUrl\":\"https:\/\/www.fiemg.com.br\/associativismo\/wp-content\/uploads\/sites\/29\/2023\/09\/sindicato-encontro-construcao.jpg\",\"width\":300,\"height\":200,\"caption\":\"Siprocimg realiza 2\u00ba encontro empresarial de 2023\"},{\"@type\":\"BreadcrumbList\",\"@id\":\"https:\/\/www.fiemg.com.br\/associativismo\/noticias\/siprocimg-promove-2o-encontro-empresarial-em-2023\/#breadcrumb\",\"itemListElement\":[{\"@type\":\"ListItem\",\"position\":1,\"name\":\"In\u00edcio\",\"item\":\"https:\/\/www.fiemg.com.br\/associativismo\/\"},{\"@type\":\"ListItem\",\"position\":2,\"name\":\"Siprocimg promove 2\u00ba encontro empresarial em 2023\"}]},{\"@type\":\"WebSite\",\"@id\":\"https:\/\/www.fiemg.com.br\/associativismo\/#website\",\"url\":\"https:\/\/www.fiemg.com.br\/associativismo\/\",\"name\":\"Associativismo\",\"description\":\"Federa\u00e7\u00e3o das Ind\u00fastrias do Estado de Minas Gerais\",\"publisher\":{\"@id\":\"https:\/\/www.fiemg.com.br\/associativismo\/#organization\"},\"potentialAction\":[{\"@type\":\"SearchAction\",\"target\":{\"@type\":\"EntryPoint\",\"urlTemplate\":\"https:\/\/www.fiemg.com.br\/associativismo\/?s={search_term_string}\"},\"query-input\":{\"@type\":\"PropertyValueSpecification\",\"valueRequired\":true,\"valueName\":\"search_term_string\"}}],\"inLanguage\":\"pt-BR\"},{\"@type\":\"Organization\",\"@id\":\"https:\/\/www.fiemg.com.br\/associativismo\/#organization\",\"name\":\"Associativismo\",\"url\":\"https:\/\/www.fiemg.com.br\/associativismo\/\",\"logo\":{\"@type\":\"ImageObject\",\"inLanguage\":\"pt-BR\",\"@id\":\"https:\/\/www.fiemg.com.br\/associativismo\/#\/schema\/logo\/image\/\",\"url\":\"https:\/\/www.fiemg.com.br\/associativismo\/wp-content\/uploads\/sites\/29\/2023\/02\/fiemg_branco.svg\",\"contentUrl\":\"https:\/\/www.fiemg.com.br\/associativismo\/wp-content\/uploads\/sites\/29\/2023\/02\/fiemg_branco.svg\",\"width\":561,\"height\":147,\"caption\":\"Associativismo\"},\"image\":{\"@id\":\"https:\/\/www.fiemg.com.br\/associativismo\/#\/schema\/logo\/image\/\"}}]}<\/script>\n<!-- \/ Yoast SEO plugin. -->","yoast_head_json":{"title":"Siprocimg promove 2\u00ba encontro empresarial em 2023 - Associativismo","description":"Evento teve a presen\u00e7a de representantes das ind\u00fastrias, sindicatos empresariais parceiros e do presidente da FIEMG, Fl\u00e1vio Roscoe","robots":{"index":"index","follow":"follow","max-snippet":"max-snippet:-1","max-image-preview":"max-image-preview:large","max-video-preview":"max-video-preview:-1"},"canonical":"https:\/\/www.fiemg.com.br\/associativismo\/noticias\/siprocimg-promove-2o-encontro-empresarial-em-2023\/","og_locale":"pt_BR","og_type":"article","og_title":"Siprocimg promove 2\u00ba encontro empresarial em 2023 - Associativismo","og_description":"Evento teve a presen\u00e7a de representantes das ind\u00fastrias, sindicatos empresariais parceiros e do presidente da FIEMG, Fl\u00e1vio Roscoe","og_url":"https:\/\/www.fiemg.com.br\/associativismo\/noticias\/siprocimg-promove-2o-encontro-empresarial-em-2023\/","og_site_name":"Associativismo","article_modified_time":"2023-09-04T18:03:19+00:00","og_image":[{"width":300,"height":200,"url":"https:\/\/www.fiemg.com.br\/associativismo\/wp-content\/uploads\/sites\/29\/2023\/09\/sindicato-encontro-construcao.jpg","type":"image\/jpeg"}],"twitter_card":"summary_large_image","twitter_misc":{"Est. tempo de leitura":"2 minutos"},"schema":{"@context":"https:\/\/schema.org","@graph":[{"@type":"WebPage","@id":"https:\/\/www.fiemg.com.br\/associativismo\/noticias\/siprocimg-promove-2o-encontro-empresarial-em-2023\/","url":"https:\/\/www.fiemg.com.br\/associativismo\/noticias\/siprocimg-promove-2o-encontro-empresarial-em-2023\/","name":"Siprocimg promove 2\u00ba encontro empresarial em 2023 - Associativismo","isPartOf":{"@id":"https:\/\/www.fiemg.com.br\/associativismo\/#website"},"primaryImageOfPage":{"@id":"https:\/\/www.fiemg.com.br\/associativismo\/noticias\/siprocimg-promove-2o-encontro-empresarial-em-2023\/#primaryimage"},"image":{"@id":"https:\/\/www.fiemg.com.br\/associativismo\/noticias\/siprocimg-promove-2o-encontro-empresarial-em-2023\/#primaryimage"},"thumbnailUrl":"https:\/\/www.fiemg.com.br\/associativismo\/wp-content\/uploads\/sites\/29\/2023\/09\/sindicato-encontro-construcao.jpg","datePublished":"2023-09-04T18:03:18+00:00","dateModified":"2023-09-04T18:03:19+00:00","description":"Evento teve a presen\u00e7a de representantes das ind\u00fastrias, sindicatos empresariais parceiros e do presidente da FIEMG, Fl\u00e1vio Roscoe","breadcrumb":{"@id":"https:\/\/www.fiemg.com.br\/associativismo\/noticias\/siprocimg-promove-2o-encontro-empresarial-em-2023\/#breadcrumb"},"inLanguage":"pt-BR","potentialAction":[{"@type":"ReadAction","target":["https:\/\/www.fiemg.com.br\/associativismo\/noticias\/siprocimg-promove-2o-encontro-empresarial-em-2023\/"]}]},{"@type":"ImageObject","inLanguage":"pt-BR","@id":"https:\/\/www.fiemg.com.br\/associativismo\/noticias\/siprocimg-promove-2o-encontro-empresarial-em-2023\/#primaryimage","url":"https:\/\/www.fiemg.com.br\/associativismo\/wp-content\/uploads\/sites\/29\/2023\/09\/sindicato-encontro-construcao.jpg","contentUrl":"https:\/\/www.fiemg.com.br\/associativismo\/wp-content\/uploads\/sites\/29\/2023\/09\/sindicato-encontro-construcao.jpg","width":300,"height":200,"caption":"Siprocimg realiza 2\u00ba encontro empresarial de 2023"},{"@type":"BreadcrumbList","@id":"https:\/\/www.fiemg.com.br\/associativismo\/noticias\/siprocimg-promove-2o-encontro-empresarial-em-2023\/#breadcrumb","itemListElement":[{"@type":"ListItem","position":1,"name":"In\u00edcio","item":"https:\/\/www.fiemg.com.br\/associativismo\/"},{"@type":"ListItem","position":2,"name":"Siprocimg promove 2\u00ba encontro empresarial em 2023"}]},{"@type":"WebSite","@id":"https:\/\/www.fiemg.com.br\/associativismo\/#website","url":"https:\/\/www.fiemg.com.br\/associativismo\/","name":"Associativismo","description":"Federa\u00e7\u00e3o das Ind\u00fastrias do Estado de Minas Gerais","publisher":{"@id":"https:\/\/www.fiemg.com.br\/associativismo\/#organization"},"potentialAction":[{"@type":"SearchAction","target":{"@type":"EntryPoint","urlTemplate":"https:\/\/www.fiemg.com.br\/associativismo\/?s={search_term_string}"},"query-input":{"@type":"PropertyValueSpecification","valueRequired":true,"valueName":"search_term_string"}}],"inLanguage":"pt-BR"},{"@type":"Organization","@id":"https:\/\/www.fiemg.com.br\/associativismo\/#organization","name":"Associativismo","url":"https:\/\/www.fiemg.com.br\/associativismo\/","logo":{"@type":"ImageObject","inLanguage":"pt-BR","@id":"https:\/\/www.fiemg.com.br\/associativismo\/#\/schema\/logo\/image\/","url":"https:\/\/www.fiemg.com.br\/associativismo\/wp-content\/uploads\/sites\/29\/2023\/02\/fiemg_branco.svg","contentUrl":"https:\/\/www.fiemg.com.br\/associativismo\/wp-content\/uploads\/sites\/29\/2023\/02\/fiemg_branco.svg","width":561,"height":147,"caption":"Associativismo"},"image":{"@id":"https:\/\/www.fiemg.com.br\/associativismo\/#\/schema\/logo\/image\/"}}]}},"_links":{"self":[{"href":"https:\/\/www.fiemg.com.br\/associativismo\/wp-json\/wp\/v2\/noticias\/1516","targetHints":{"allow":["GET"]}}],"collection":[{"href":"https:\/\/www.fiemg.com.br\/associativismo\/wp-json\/wp\/v2\/noticias"}],"about":[{"href":"https:\/\/www.fiemg.com.br\/associativismo\/wp-json\/wp\/v2\/types\/noticias"}],"wp:featuredmedia":[{"embeddable":true,"href":"https:\/\/www.fiemg.com.br\/associativismo\/wp-json\/wp\/v2\/media\/1517"}],"wp:attachment":[{"href":"https:\/\/www.fiemg.com.br\/associativismo\/wp-json\/wp\/v2\/media?parent=1516"}],"wp:term":[{"taxonomy":"category","embeddable":true,"href":"https:\/\/www.fiemg.com.br\/associativismo\/wp-json\/wp\/v2\/categories?post=1516"},{"taxonomy":"post_tag","embeddable":true,"href":"https:\/\/www.fiemg.com.br\/associativismo\/wp-json\/wp\/v2\/tags?post=1516"}],"curies":[{"name":"wp","href":"https:\/\/api.w.org\/{rel}","templated":true}]}}