{"id":1551,"date":"2023-09-08T17:17:09","date_gmt":"2023-09-08T20:17:09","guid":{"rendered":"https:\/\/www.fiemg.com.br\/associativismo\/noticias\/cin-oferta-capacitacao-em-declaracao-unica-de-exportacao-du-e\/"},"modified":"2023-09-08T17:17:13","modified_gmt":"2023-09-08T20:17:13","slug":"cin-oferta-capacitacao-em-declaracao-unica-de-exportacao-du-e","status":"publish","type":"noticias","link":"https:\/\/www.fiemg.com.br\/associativismo\/noticias\/cin-oferta-capacitacao-em-declaracao-unica-de-exportacao-du-e\/","title":{"rendered":"CIN oferta capacita\u00e7\u00e3o em Declara\u00e7\u00e3o \u00danica de Exporta\u00e7\u00e3o (DU-E)"},"content":{"rendered":"\n<p>O Centro Internacional de Neg\u00f3cios (CIN) da FIEMG vai realizar em 12 e 13 de setembro uma capacita\u00e7\u00e3o para explicar o funcionamento da Declara\u00e7\u00e3o \u00danica de Exporta\u00e7\u00e3o em um simulador DU-E. O curso ser\u00e1 no formato on-line e ao vivo, das 9h \u00e0s 12h, com transmiss\u00e3o pela plataforma Teams. Clique <a href=\"https:\/\/docs.google.com\/forms\/d\/e\/1FAIpQLSdN2kQkjVZ6eaTLBgnfXj4sBhCQAslpgUaogovWa2lj7F-5mg\/viewform\"><strong>aqui<\/strong><\/a> e fa\u00e7a a sua inscri\u00e7\u00e3o.<\/p>\n\n\n\n<p>Os temas explorados no curso s\u00e3o legisla\u00e7\u00e3o, novo processo de exporta\u00e7\u00e3o, novo fluxo ap\u00f3s a implementa\u00e7\u00e3o da DUE, caracter\u00edsticas b\u00e1sicas da DUE, nota fiscal eletr\u00f4nica, entre outros. Quem vai ministrar a capacita\u00e7\u00e3o \u00e9 William Silva Pinto consultor e tutor em com\u00e9rcio exterior formado em pela Universidade Luterana do Brasil (Ulbra) no Rio Grande do Sul.<br><br><a href=\"https:\/\/docs.google.com\/forms\/d\/e\/1FAIpQLSdN2kQkjVZ6eaTLBgnfXj4sBhCQAslpgUaogovWa2lj7F-5mg\/viewform\"><strong>Saiba mais informa\u00e7\u00f5es<\/strong><\/a><\/p>\n","protected":false},"featured_media":1552,"template":"","categories":[15],"tags":[159,73,160,161,162,55],"class_list":["post-1551","noticias","type-noticias","status-publish","has-post-thumbnail","hentry","category-desenvolvimento-industrial","tag-capacitacao","tag-cin","tag-due","tag-exportacao","tag-exportaccao","tag-industria"],"acf":[],"yoast_head":"<!-- This site is optimized with the Yoast SEO plugin v26.2 - https:\/\/yoast.com\/wordpress\/plugins\/seo\/ -->\n<title>CIN oferta capacita\u00e7\u00e3o em Declara\u00e7\u00e3o \u00danica de Exporta\u00e7\u00e3o (DU-E) - Associativismo<\/title>\n<meta name=\"description\" content=\"O curso ser\u00e1 no formato on-line e ao vivo, das 9h \u00e0s 12h, com transmiss\u00e3o pela plataforma Teams\" \/>\n<meta name=\"robots\" content=\"index, follow, max-snippet:-1, max-image-preview:large, max-video-preview:-1\" \/>\n<link rel=\"canonical\" href=\"https:\/\/www.fiemg.com.br\/associativismo\/noticias\/cin-oferta-capacitacao-em-declaracao-unica-de-exportacao-du-e\/\" \/>\n<meta property=\"og:locale\" content=\"pt_BR\" \/>\n<meta property=\"og:type\" content=\"article\" \/>\n<meta property=\"og:title\" content=\"CIN oferta capacita\u00e7\u00e3o em Declara\u00e7\u00e3o \u00danica de Exporta\u00e7\u00e3o (DU-E) - Associativismo\" \/>\n<meta property=\"og:description\" content=\"O curso ser\u00e1 no formato on-line e ao vivo, das 9h \u00e0s 12h, com transmiss\u00e3o pela plataforma Teams\" \/>\n<meta property=\"og:url\" content=\"https:\/\/www.fiemg.com.br\/associativismo\/noticias\/cin-oferta-capacitacao-em-declaracao-unica-de-exportacao-du-e\/\" \/>\n<meta property=\"og:site_name\" content=\"Associativismo\" \/>\n<meta property=\"article:modified_time\" content=\"2023-09-08T20:17:13+00:00\" \/>\n<meta property=\"og:image\" content=\"https:\/\/www.fiemg.com.br\/associativismo\/wp-content\/uploads\/sites\/29\/2023\/09\/capacitacao-menor.jpeg\" \/>\n\t<meta property=\"og:image:width\" content=\"300\" \/>\n\t<meta property=\"og:image:height\" content=\"200\" \/>\n\t<meta property=\"og:image:type\" content=\"image\/jpeg\" \/>\n<meta name=\"twitter:card\" content=\"summary_large_image\" \/>\n<meta name=\"twitter:label1\" content=\"Est. tempo de leitura\" \/>\n\t<meta name=\"twitter:data1\" content=\"1 minuto\" \/>\n<script type=\"application\/ld+json\" class=\"yoast-schema-graph\">{\"@context\":\"https:\/\/schema.org\",\"@graph\":[{\"@type\":\"WebPage\",\"@id\":\"https:\/\/www.fiemg.com.br\/associativismo\/noticias\/cin-oferta-capacitacao-em-declaracao-unica-de-exportacao-du-e\/\",\"url\":\"https:\/\/www.fiemg.com.br\/associativismo\/noticias\/cin-oferta-capacitacao-em-declaracao-unica-de-exportacao-du-e\/\",\"name\":\"CIN oferta capacita\u00e7\u00e3o em Declara\u00e7\u00e3o \u00danica de Exporta\u00e7\u00e3o (DU-E) - Associativismo\",\"isPartOf\":{\"@id\":\"https:\/\/www.fiemg.com.br\/associativismo\/#website\"},\"primaryImageOfPage\":{\"@id\":\"https:\/\/www.fiemg.com.br\/associativismo\/noticias\/cin-oferta-capacitacao-em-declaracao-unica-de-exportacao-du-e\/#primaryimage\"},\"image\":{\"@id\":\"https:\/\/www.fiemg.com.br\/associativismo\/noticias\/cin-oferta-capacitacao-em-declaracao-unica-de-exportacao-du-e\/#primaryimage\"},\"thumbnailUrl\":\"https:\/\/www.fiemg.com.br\/associativismo\/wp-content\/uploads\/sites\/29\/2023\/09\/capacitacao-menor.jpeg\",\"datePublished\":\"2023-09-08T20:17:09+00:00\",\"dateModified\":\"2023-09-08T20:17:13+00:00\",\"description\":\"O curso ser\u00e1 no formato on-line e ao vivo, das 9h \u00e0s 12h, com transmiss\u00e3o pela plataforma Teams\",\"breadcrumb\":{\"@id\":\"https:\/\/www.fiemg.com.br\/associativismo\/noticias\/cin-oferta-capacitacao-em-declaracao-unica-de-exportacao-du-e\/#breadcrumb\"},\"inLanguage\":\"pt-BR\",\"potentialAction\":[{\"@type\":\"ReadAction\",\"target\":[\"https:\/\/www.fiemg.com.br\/associativismo\/noticias\/cin-oferta-capacitacao-em-declaracao-unica-de-exportacao-du-e\/\"]}]},{\"@type\":\"ImageObject\",\"inLanguage\":\"pt-BR\",\"@id\":\"https:\/\/www.fiemg.com.br\/associativismo\/noticias\/cin-oferta-capacitacao-em-declaracao-unica-de-exportacao-du-e\/#primaryimage\",\"url\":\"https:\/\/www.fiemg.com.br\/associativismo\/wp-content\/uploads\/sites\/29\/2023\/09\/capacitacao-menor.jpeg\",\"contentUrl\":\"https:\/\/www.fiemg.com.br\/associativismo\/wp-content\/uploads\/sites\/29\/2023\/09\/capacitacao-menor.jpeg\",\"width\":300,\"height\":200,\"caption\":\"CIN oferta capacita\u00e7\u00e3o em Declara\u00e7\u00e3o \u00danica de Exporta\u00e7\u00e3o (DU-E)\"},{\"@type\":\"BreadcrumbList\",\"@id\":\"https:\/\/www.fiemg.com.br\/associativismo\/noticias\/cin-oferta-capacitacao-em-declaracao-unica-de-exportacao-du-e\/#breadcrumb\",\"itemListElement\":[{\"@type\":\"ListItem\",\"position\":1,\"name\":\"In\u00edcio\",\"item\":\"https:\/\/www.fiemg.com.br\/associativismo\/\"},{\"@type\":\"ListItem\",\"position\":2,\"name\":\"CIN oferta capacita\u00e7\u00e3o em Declara\u00e7\u00e3o \u00danica de Exporta\u00e7\u00e3o (DU-E)\"}]},{\"@type\":\"WebSite\",\"@id\":\"https:\/\/www.fiemg.com.br\/associativismo\/#website\",\"url\":\"https:\/\/www.fiemg.com.br\/associativismo\/\",\"name\":\"Associativismo\",\"description\":\"Federa\u00e7\u00e3o das Ind\u00fastrias do Estado de Minas Gerais\",\"publisher\":{\"@id\":\"https:\/\/www.fiemg.com.br\/associativismo\/#organization\"},\"potentialAction\":[{\"@type\":\"SearchAction\",\"target\":{\"@type\":\"EntryPoint\",\"urlTemplate\":\"https:\/\/www.fiemg.com.br\/associativismo\/?s={search_term_string}\"},\"query-input\":{\"@type\":\"PropertyValueSpecification\",\"valueRequired\":true,\"valueName\":\"search_term_string\"}}],\"inLanguage\":\"pt-BR\"},{\"@type\":\"Organization\",\"@id\":\"https:\/\/www.fiemg.com.br\/associativismo\/#organization\",\"name\":\"Associativismo\",\"url\":\"https:\/\/www.fiemg.com.br\/associativismo\/\",\"logo\":{\"@type\":\"ImageObject\",\"inLanguage\":\"pt-BR\",\"@id\":\"https:\/\/www.fiemg.com.br\/associativismo\/#\/schema\/logo\/image\/\",\"url\":\"https:\/\/www.fiemg.com.br\/associativismo\/wp-content\/uploads\/sites\/29\/2023\/02\/fiemg_branco.svg\",\"contentUrl\":\"https:\/\/www.fiemg.com.br\/associativismo\/wp-content\/uploads\/sites\/29\/2023\/02\/fiemg_branco.svg\",\"width\":561,\"height\":147,\"caption\":\"Associativismo\"},\"image\":{\"@id\":\"https:\/\/www.fiemg.com.br\/associativismo\/#\/schema\/logo\/image\/\"}}]}<\/script>\n<!-- \/ Yoast SEO plugin. -->","yoast_head_json":{"title":"CIN oferta capacita\u00e7\u00e3o em Declara\u00e7\u00e3o \u00danica de Exporta\u00e7\u00e3o (DU-E) - Associativismo","description":"O curso ser\u00e1 no formato on-line e ao vivo, das 9h \u00e0s 12h, com transmiss\u00e3o pela plataforma Teams","robots":{"index":"index","follow":"follow","max-snippet":"max-snippet:-1","max-image-preview":"max-image-preview:large","max-video-preview":"max-video-preview:-1"},"canonical":"https:\/\/www.fiemg.com.br\/associativismo\/noticias\/cin-oferta-capacitacao-em-declaracao-unica-de-exportacao-du-e\/","og_locale":"pt_BR","og_type":"article","og_title":"CIN oferta capacita\u00e7\u00e3o em Declara\u00e7\u00e3o \u00danica de Exporta\u00e7\u00e3o (DU-E) - Associativismo","og_description":"O curso ser\u00e1 no formato on-line e ao vivo, das 9h \u00e0s 12h, com transmiss\u00e3o pela plataforma Teams","og_url":"https:\/\/www.fiemg.com.br\/associativismo\/noticias\/cin-oferta-capacitacao-em-declaracao-unica-de-exportacao-du-e\/","og_site_name":"Associativismo","article_modified_time":"2023-09-08T20:17:13+00:00","og_image":[{"width":300,"height":200,"url":"https:\/\/www.fiemg.com.br\/associativismo\/wp-content\/uploads\/sites\/29\/2023\/09\/capacitacao-menor.jpeg","type":"image\/jpeg"}],"twitter_card":"summary_large_image","twitter_misc":{"Est. tempo de leitura":"1 minuto"},"schema":{"@context":"https:\/\/schema.org","@graph":[{"@type":"WebPage","@id":"https:\/\/www.fiemg.com.br\/associativismo\/noticias\/cin-oferta-capacitacao-em-declaracao-unica-de-exportacao-du-e\/","url":"https:\/\/www.fiemg.com.br\/associativismo\/noticias\/cin-oferta-capacitacao-em-declaracao-unica-de-exportacao-du-e\/","name":"CIN oferta capacita\u00e7\u00e3o em Declara\u00e7\u00e3o \u00danica de Exporta\u00e7\u00e3o (DU-E) - Associativismo","isPartOf":{"@id":"https:\/\/www.fiemg.com.br\/associativismo\/#website"},"primaryImageOfPage":{"@id":"https:\/\/www.fiemg.com.br\/associativismo\/noticias\/cin-oferta-capacitacao-em-declaracao-unica-de-exportacao-du-e\/#primaryimage"},"image":{"@id":"https:\/\/www.fiemg.com.br\/associativismo\/noticias\/cin-oferta-capacitacao-em-declaracao-unica-de-exportacao-du-e\/#primaryimage"},"thumbnailUrl":"https:\/\/www.fiemg.com.br\/associativismo\/wp-content\/uploads\/sites\/29\/2023\/09\/capacitacao-menor.jpeg","datePublished":"2023-09-08T20:17:09+00:00","dateModified":"2023-09-08T20:17:13+00:00","description":"O curso ser\u00e1 no formato on-line e ao vivo, das 9h \u00e0s 12h, com transmiss\u00e3o pela plataforma Teams","breadcrumb":{"@id":"https:\/\/www.fiemg.com.br\/associativismo\/noticias\/cin-oferta-capacitacao-em-declaracao-unica-de-exportacao-du-e\/#breadcrumb"},"inLanguage":"pt-BR","potentialAction":[{"@type":"ReadAction","target":["https:\/\/www.fiemg.com.br\/associativismo\/noticias\/cin-oferta-capacitacao-em-declaracao-unica-de-exportacao-du-e\/"]}]},{"@type":"ImageObject","inLanguage":"pt-BR","@id":"https:\/\/www.fiemg.com.br\/associativismo\/noticias\/cin-oferta-capacitacao-em-declaracao-unica-de-exportacao-du-e\/#primaryimage","url":"https:\/\/www.fiemg.com.br\/associativismo\/wp-content\/uploads\/sites\/29\/2023\/09\/capacitacao-menor.jpeg","contentUrl":"https:\/\/www.fiemg.com.br\/associativismo\/wp-content\/uploads\/sites\/29\/2023\/09\/capacitacao-menor.jpeg","width":300,"height":200,"caption":"CIN oferta capacita\u00e7\u00e3o em Declara\u00e7\u00e3o \u00danica de Exporta\u00e7\u00e3o (DU-E)"},{"@type":"BreadcrumbList","@id":"https:\/\/www.fiemg.com.br\/associativismo\/noticias\/cin-oferta-capacitacao-em-declaracao-unica-de-exportacao-du-e\/#breadcrumb","itemListElement":[{"@type":"ListItem","position":1,"name":"In\u00edcio","item":"https:\/\/www.fiemg.com.br\/associativismo\/"},{"@type":"ListItem","position":2,"name":"CIN oferta capacita\u00e7\u00e3o em Declara\u00e7\u00e3o \u00danica de Exporta\u00e7\u00e3o (DU-E)"}]},{"@type":"WebSite","@id":"https:\/\/www.fiemg.com.br\/associativismo\/#website","url":"https:\/\/www.fiemg.com.br\/associativismo\/","name":"Associativismo","description":"Federa\u00e7\u00e3o das Ind\u00fastrias do Estado de Minas Gerais","publisher":{"@id":"https:\/\/www.fiemg.com.br\/associativismo\/#organization"},"potentialAction":[{"@type":"SearchAction","target":{"@type":"EntryPoint","urlTemplate":"https:\/\/www.fiemg.com.br\/associativismo\/?s={search_term_string}"},"query-input":{"@type":"PropertyValueSpecification","valueRequired":true,"valueName":"search_term_string"}}],"inLanguage":"pt-BR"},{"@type":"Organization","@id":"https:\/\/www.fiemg.com.br\/associativismo\/#organization","name":"Associativismo","url":"https:\/\/www.fiemg.com.br\/associativismo\/","logo":{"@type":"ImageObject","inLanguage":"pt-BR","@id":"https:\/\/www.fiemg.com.br\/associativismo\/#\/schema\/logo\/image\/","url":"https:\/\/www.fiemg.com.br\/associativismo\/wp-content\/uploads\/sites\/29\/2023\/02\/fiemg_branco.svg","contentUrl":"https:\/\/www.fiemg.com.br\/associativismo\/wp-content\/uploads\/sites\/29\/2023\/02\/fiemg_branco.svg","width":561,"height":147,"caption":"Associativismo"},"image":{"@id":"https:\/\/www.fiemg.com.br\/associativismo\/#\/schema\/logo\/image\/"}}]}},"_links":{"self":[{"href":"https:\/\/www.fiemg.com.br\/associativismo\/wp-json\/wp\/v2\/noticias\/1551","targetHints":{"allow":["GET"]}}],"collection":[{"href":"https:\/\/www.fiemg.com.br\/associativismo\/wp-json\/wp\/v2\/noticias"}],"about":[{"href":"https:\/\/www.fiemg.com.br\/associativismo\/wp-json\/wp\/v2\/types\/noticias"}],"wp:featuredmedia":[{"embeddable":true,"href":"https:\/\/www.fiemg.com.br\/associativismo\/wp-json\/wp\/v2\/media\/1552"}],"wp:attachment":[{"href":"https:\/\/www.fiemg.com.br\/associativismo\/wp-json\/wp\/v2\/media?parent=1551"}],"wp:term":[{"taxonomy":"category","embeddable":true,"href":"https:\/\/www.fiemg.com.br\/associativismo\/wp-json\/wp\/v2\/categories?post=1551"},{"taxonomy":"post_tag","embeddable":true,"href":"https:\/\/www.fiemg.com.br\/associativismo\/wp-json\/wp\/v2\/tags?post=1551"}],"curies":[{"name":"wp","href":"https:\/\/api.w.org\/{rel}","templated":true}]}}