{"id":1566,"date":"2023-09-12T16:43:55","date_gmt":"2023-09-12T19:43:55","guid":{"rendered":"https:\/\/www.fiemg.com.br\/associativismo\/noticias\/belo-horizonte-vai-sediar-1a-expo-plastico\/"},"modified":"2023-09-12T16:43:56","modified_gmt":"2023-09-12T19:43:56","slug":"belo-horizonte-vai-sediar-1a-expo-plastico","status":"publish","type":"noticias","link":"https:\/\/www.fiemg.com.br\/associativismo\/noticias\/belo-horizonte-vai-sediar-1a-expo-plastico\/","title":{"rendered":"Belo Horizonte vai sediar 1\u00aa Expo Pl\u00e1stico"},"content":{"rendered":"\n<p>A FIEMG e o Sindicato da Ind\u00fastria do Material Pl\u00e1stico do Estado de Minas Gerais (Simplast) v\u00e3o promover em 28 e 29 de setembro, das 9h \u00e0s 17h, no Centro de Inova\u00e7\u00e3o e Tecnologia (CIT) SENAI, em Belo Horizonte, a 1\u00aa Expo Pl\u00e1stico. O evento, cujas inscri\u00e7\u00f5es podem ser realizadas <a href=\"https:\/\/www.sympla.com.br\/evento\/expo-plastico-mg\/2104628\"><strong>neste link<\/strong><\/a>, ter\u00e1 o apoio do Servi\u00e7o Brasileiro de Apoio \u00e0s Micro e Pequenas Empresas (Sebrae).<\/p>\n\n\n\n<p>O objetivo \u00e9 unir a cadeia produtiva do setor, apresentando as novas tecnologias e os principais lan\u00e7amentos do mercado, al\u00e9m de proporcionar um ambiente de relacionamento empresarial, com fomento aos neg\u00f3cios. A programa\u00e7\u00e3o do evento contempla exposi\u00e7\u00e3o de produtos e servi\u00e7os de todos os portes e palestras com as principais refer\u00eancias da ind\u00fastria pl\u00e1stica.<\/p>\n\n\n\n<p>A feira tem como p\u00fablico-alvo micro e pequenas empresas, investidores, representantes do setor p\u00fablico, acad\u00eamicos e demais profissionais da cadeia do segmento de Minas Gerais e do Brasil. Conforme o Simplast, o pl\u00e1stico est\u00e1 presente em mais de 95% da matriz industrial, inserido na vanguarda das transforma\u00e7\u00f5es, e segue os preceitos da economia circular.<\/p>\n\n\n\n<p>Clique <a href=\"https:\/\/www.sympla.com.br\/evento\/expo-plastico-mg\/2104628\" target=\"_blank\" rel=\"noreferrer noopener\">aqui<\/a> e saiba mais informa\u00e7\u00f5es.<\/p>\n","protected":false},"featured_media":1568,"template":"","categories":[15],"tags":[48,171,46,55,172,173],"class_list":["post-1566","noticias","type-noticias","status-publish","has-post-thumbnail","hentry","category-desenvolvimento-industrial","tag-cit","tag-exposicao","tag-fiemg","tag-industria","tag-mercado-de-plastico","tag-simplast"],"acf":[],"yoast_head":"<!-- This site is optimized with the Yoast SEO plugin v26.2 - https:\/\/yoast.com\/wordpress\/plugins\/seo\/ -->\n<title>Belo Horizonte vai sediar 1\u00aa Expo Pl\u00e1stico - Associativismo<\/title>\n<meta name=\"description\" content=\"Com a promo\u00e7\u00e3o da FIEMG e do Simplast e apoio do Sebrae, evento vai apresentar novas tecnologias e lan\u00e7amentos do mercado\" \/>\n<meta name=\"robots\" content=\"index, follow, max-snippet:-1, max-image-preview:large, max-video-preview:-1\" \/>\n<link rel=\"canonical\" href=\"https:\/\/www.fiemg.com.br\/associativismo\/noticias\/belo-horizonte-vai-sediar-1a-expo-plastico\/\" \/>\n<meta property=\"og:locale\" content=\"pt_BR\" \/>\n<meta property=\"og:type\" content=\"article\" \/>\n<meta property=\"og:title\" content=\"Belo Horizonte vai sediar 1\u00aa Expo Pl\u00e1stico - Associativismo\" \/>\n<meta property=\"og:description\" content=\"Com a promo\u00e7\u00e3o da FIEMG e do Simplast e apoio do Sebrae, evento vai apresentar novas tecnologias e lan\u00e7amentos do mercado\" \/>\n<meta property=\"og:url\" content=\"https:\/\/www.fiemg.com.br\/associativismo\/noticias\/belo-horizonte-vai-sediar-1a-expo-plastico\/\" \/>\n<meta property=\"og:site_name\" content=\"Associativismo\" \/>\n<meta property=\"article:modified_time\" content=\"2023-09-12T19:43:56+00:00\" \/>\n<meta property=\"og:image\" content=\"https:\/\/www.fiemg.com.br\/associativismo\/wp-content\/uploads\/sites\/29\/2023\/09\/feira-plastico-evento.jpeg\" \/>\n\t<meta property=\"og:image:width\" content=\"300\" \/>\n\t<meta property=\"og:image:height\" content=\"200\" \/>\n\t<meta property=\"og:image:type\" content=\"image\/jpeg\" \/>\n<meta name=\"twitter:card\" content=\"summary_large_image\" \/>\n<meta name=\"twitter:label1\" content=\"Est. tempo de leitura\" \/>\n\t<meta name=\"twitter:data1\" content=\"1 minuto\" \/>\n<script type=\"application\/ld+json\" class=\"yoast-schema-graph\">{\"@context\":\"https:\/\/schema.org\",\"@graph\":[{\"@type\":\"WebPage\",\"@id\":\"https:\/\/www.fiemg.com.br\/associativismo\/noticias\/belo-horizonte-vai-sediar-1a-expo-plastico\/\",\"url\":\"https:\/\/www.fiemg.com.br\/associativismo\/noticias\/belo-horizonte-vai-sediar-1a-expo-plastico\/\",\"name\":\"Belo Horizonte vai sediar 1\u00aa Expo Pl\u00e1stico - Associativismo\",\"isPartOf\":{\"@id\":\"https:\/\/www.fiemg.com.br\/associativismo\/#website\"},\"primaryImageOfPage\":{\"@id\":\"https:\/\/www.fiemg.com.br\/associativismo\/noticias\/belo-horizonte-vai-sediar-1a-expo-plastico\/#primaryimage\"},\"image\":{\"@id\":\"https:\/\/www.fiemg.com.br\/associativismo\/noticias\/belo-horizonte-vai-sediar-1a-expo-plastico\/#primaryimage\"},\"thumbnailUrl\":\"https:\/\/www.fiemg.com.br\/associativismo\/wp-content\/uploads\/sites\/29\/2023\/09\/feira-plastico-evento.jpeg\",\"datePublished\":\"2023-09-12T19:43:55+00:00\",\"dateModified\":\"2023-09-12T19:43:56+00:00\",\"description\":\"Com a promo\u00e7\u00e3o da FIEMG e do Simplast e apoio do Sebrae, evento vai apresentar novas tecnologias e lan\u00e7amentos do mercado\",\"breadcrumb\":{\"@id\":\"https:\/\/www.fiemg.com.br\/associativismo\/noticias\/belo-horizonte-vai-sediar-1a-expo-plastico\/#breadcrumb\"},\"inLanguage\":\"pt-BR\",\"potentialAction\":[{\"@type\":\"ReadAction\",\"target\":[\"https:\/\/www.fiemg.com.br\/associativismo\/noticias\/belo-horizonte-vai-sediar-1a-expo-plastico\/\"]}]},{\"@type\":\"ImageObject\",\"inLanguage\":\"pt-BR\",\"@id\":\"https:\/\/www.fiemg.com.br\/associativismo\/noticias\/belo-horizonte-vai-sediar-1a-expo-plastico\/#primaryimage\",\"url\":\"https:\/\/www.fiemg.com.br\/associativismo\/wp-content\/uploads\/sites\/29\/2023\/09\/feira-plastico-evento.jpeg\",\"contentUrl\":\"https:\/\/www.fiemg.com.br\/associativismo\/wp-content\/uploads\/sites\/29\/2023\/09\/feira-plastico-evento.jpeg\",\"width\":300,\"height\":200,\"caption\":\"Belo Horizonte vai sediar a 1\u00aa Expo Pl\u00e1stico\"},{\"@type\":\"BreadcrumbList\",\"@id\":\"https:\/\/www.fiemg.com.br\/associativismo\/noticias\/belo-horizonte-vai-sediar-1a-expo-plastico\/#breadcrumb\",\"itemListElement\":[{\"@type\":\"ListItem\",\"position\":1,\"name\":\"In\u00edcio\",\"item\":\"https:\/\/www.fiemg.com.br\/associativismo\/\"},{\"@type\":\"ListItem\",\"position\":2,\"name\":\"Belo Horizonte vai sediar 1\u00aa Expo Pl\u00e1stico\"}]},{\"@type\":\"WebSite\",\"@id\":\"https:\/\/www.fiemg.com.br\/associativismo\/#website\",\"url\":\"https:\/\/www.fiemg.com.br\/associativismo\/\",\"name\":\"Associativismo\",\"description\":\"Federa\u00e7\u00e3o das Ind\u00fastrias do Estado de Minas Gerais\",\"publisher\":{\"@id\":\"https:\/\/www.fiemg.com.br\/associativismo\/#organization\"},\"potentialAction\":[{\"@type\":\"SearchAction\",\"target\":{\"@type\":\"EntryPoint\",\"urlTemplate\":\"https:\/\/www.fiemg.com.br\/associativismo\/?s={search_term_string}\"},\"query-input\":{\"@type\":\"PropertyValueSpecification\",\"valueRequired\":true,\"valueName\":\"search_term_string\"}}],\"inLanguage\":\"pt-BR\"},{\"@type\":\"Organization\",\"@id\":\"https:\/\/www.fiemg.com.br\/associativismo\/#organization\",\"name\":\"Associativismo\",\"url\":\"https:\/\/www.fiemg.com.br\/associativismo\/\",\"logo\":{\"@type\":\"ImageObject\",\"inLanguage\":\"pt-BR\",\"@id\":\"https:\/\/www.fiemg.com.br\/associativismo\/#\/schema\/logo\/image\/\",\"url\":\"https:\/\/www.fiemg.com.br\/associativismo\/wp-content\/uploads\/sites\/29\/2023\/02\/fiemg_branco.svg\",\"contentUrl\":\"https:\/\/www.fiemg.com.br\/associativismo\/wp-content\/uploads\/sites\/29\/2023\/02\/fiemg_branco.svg\",\"width\":561,\"height\":147,\"caption\":\"Associativismo\"},\"image\":{\"@id\":\"https:\/\/www.fiemg.com.br\/associativismo\/#\/schema\/logo\/image\/\"}}]}<\/script>\n<!-- \/ Yoast SEO plugin. -->","yoast_head_json":{"title":"Belo Horizonte vai sediar 1\u00aa Expo Pl\u00e1stico - Associativismo","description":"Com a promo\u00e7\u00e3o da FIEMG e do Simplast e apoio do Sebrae, evento vai apresentar novas tecnologias e lan\u00e7amentos do mercado","robots":{"index":"index","follow":"follow","max-snippet":"max-snippet:-1","max-image-preview":"max-image-preview:large","max-video-preview":"max-video-preview:-1"},"canonical":"https:\/\/www.fiemg.com.br\/associativismo\/noticias\/belo-horizonte-vai-sediar-1a-expo-plastico\/","og_locale":"pt_BR","og_type":"article","og_title":"Belo Horizonte vai sediar 1\u00aa Expo Pl\u00e1stico - Associativismo","og_description":"Com a promo\u00e7\u00e3o da FIEMG e do Simplast e apoio do Sebrae, evento vai apresentar novas tecnologias e lan\u00e7amentos do mercado","og_url":"https:\/\/www.fiemg.com.br\/associativismo\/noticias\/belo-horizonte-vai-sediar-1a-expo-plastico\/","og_site_name":"Associativismo","article_modified_time":"2023-09-12T19:43:56+00:00","og_image":[{"width":300,"height":200,"url":"https:\/\/www.fiemg.com.br\/associativismo\/wp-content\/uploads\/sites\/29\/2023\/09\/feira-plastico-evento.jpeg","type":"image\/jpeg"}],"twitter_card":"summary_large_image","twitter_misc":{"Est. tempo de leitura":"1 minuto"},"schema":{"@context":"https:\/\/schema.org","@graph":[{"@type":"WebPage","@id":"https:\/\/www.fiemg.com.br\/associativismo\/noticias\/belo-horizonte-vai-sediar-1a-expo-plastico\/","url":"https:\/\/www.fiemg.com.br\/associativismo\/noticias\/belo-horizonte-vai-sediar-1a-expo-plastico\/","name":"Belo Horizonte vai sediar 1\u00aa Expo Pl\u00e1stico - Associativismo","isPartOf":{"@id":"https:\/\/www.fiemg.com.br\/associativismo\/#website"},"primaryImageOfPage":{"@id":"https:\/\/www.fiemg.com.br\/associativismo\/noticias\/belo-horizonte-vai-sediar-1a-expo-plastico\/#primaryimage"},"image":{"@id":"https:\/\/www.fiemg.com.br\/associativismo\/noticias\/belo-horizonte-vai-sediar-1a-expo-plastico\/#primaryimage"},"thumbnailUrl":"https:\/\/www.fiemg.com.br\/associativismo\/wp-content\/uploads\/sites\/29\/2023\/09\/feira-plastico-evento.jpeg","datePublished":"2023-09-12T19:43:55+00:00","dateModified":"2023-09-12T19:43:56+00:00","description":"Com a promo\u00e7\u00e3o da FIEMG e do Simplast e apoio do Sebrae, evento vai apresentar novas tecnologias e lan\u00e7amentos do mercado","breadcrumb":{"@id":"https:\/\/www.fiemg.com.br\/associativismo\/noticias\/belo-horizonte-vai-sediar-1a-expo-plastico\/#breadcrumb"},"inLanguage":"pt-BR","potentialAction":[{"@type":"ReadAction","target":["https:\/\/www.fiemg.com.br\/associativismo\/noticias\/belo-horizonte-vai-sediar-1a-expo-plastico\/"]}]},{"@type":"ImageObject","inLanguage":"pt-BR","@id":"https:\/\/www.fiemg.com.br\/associativismo\/noticias\/belo-horizonte-vai-sediar-1a-expo-plastico\/#primaryimage","url":"https:\/\/www.fiemg.com.br\/associativismo\/wp-content\/uploads\/sites\/29\/2023\/09\/feira-plastico-evento.jpeg","contentUrl":"https:\/\/www.fiemg.com.br\/associativismo\/wp-content\/uploads\/sites\/29\/2023\/09\/feira-plastico-evento.jpeg","width":300,"height":200,"caption":"Belo Horizonte vai sediar a 1\u00aa Expo Pl\u00e1stico"},{"@type":"BreadcrumbList","@id":"https:\/\/www.fiemg.com.br\/associativismo\/noticias\/belo-horizonte-vai-sediar-1a-expo-plastico\/#breadcrumb","itemListElement":[{"@type":"ListItem","position":1,"name":"In\u00edcio","item":"https:\/\/www.fiemg.com.br\/associativismo\/"},{"@type":"ListItem","position":2,"name":"Belo Horizonte vai sediar 1\u00aa Expo Pl\u00e1stico"}]},{"@type":"WebSite","@id":"https:\/\/www.fiemg.com.br\/associativismo\/#website","url":"https:\/\/www.fiemg.com.br\/associativismo\/","name":"Associativismo","description":"Federa\u00e7\u00e3o das Ind\u00fastrias do Estado de Minas Gerais","publisher":{"@id":"https:\/\/www.fiemg.com.br\/associativismo\/#organization"},"potentialAction":[{"@type":"SearchAction","target":{"@type":"EntryPoint","urlTemplate":"https:\/\/www.fiemg.com.br\/associativismo\/?s={search_term_string}"},"query-input":{"@type":"PropertyValueSpecification","valueRequired":true,"valueName":"search_term_string"}}],"inLanguage":"pt-BR"},{"@type":"Organization","@id":"https:\/\/www.fiemg.com.br\/associativismo\/#organization","name":"Associativismo","url":"https:\/\/www.fiemg.com.br\/associativismo\/","logo":{"@type":"ImageObject","inLanguage":"pt-BR","@id":"https:\/\/www.fiemg.com.br\/associativismo\/#\/schema\/logo\/image\/","url":"https:\/\/www.fiemg.com.br\/associativismo\/wp-content\/uploads\/sites\/29\/2023\/02\/fiemg_branco.svg","contentUrl":"https:\/\/www.fiemg.com.br\/associativismo\/wp-content\/uploads\/sites\/29\/2023\/02\/fiemg_branco.svg","width":561,"height":147,"caption":"Associativismo"},"image":{"@id":"https:\/\/www.fiemg.com.br\/associativismo\/#\/schema\/logo\/image\/"}}]}},"_links":{"self":[{"href":"https:\/\/www.fiemg.com.br\/associativismo\/wp-json\/wp\/v2\/noticias\/1566","targetHints":{"allow":["GET"]}}],"collection":[{"href":"https:\/\/www.fiemg.com.br\/associativismo\/wp-json\/wp\/v2\/noticias"}],"about":[{"href":"https:\/\/www.fiemg.com.br\/associativismo\/wp-json\/wp\/v2\/types\/noticias"}],"wp:featuredmedia":[{"embeddable":true,"href":"https:\/\/www.fiemg.com.br\/associativismo\/wp-json\/wp\/v2\/media\/1568"}],"wp:attachment":[{"href":"https:\/\/www.fiemg.com.br\/associativismo\/wp-json\/wp\/v2\/media?parent=1566"}],"wp:term":[{"taxonomy":"category","embeddable":true,"href":"https:\/\/www.fiemg.com.br\/associativismo\/wp-json\/wp\/v2\/categories?post=1566"},{"taxonomy":"post_tag","embeddable":true,"href":"https:\/\/www.fiemg.com.br\/associativismo\/wp-json\/wp\/v2\/tags?post=1566"}],"curies":[{"name":"wp","href":"https:\/\/api.w.org\/{rel}","templated":true}]}}