{"id":1569,"date":"2023-09-12T18:37:58","date_gmt":"2023-09-12T21:37:58","guid":{"rendered":"https:\/\/www.fiemg.com.br\/associativismo\/noticias\/fiemg-jovem-seleciona-novos-integrantes\/"},"modified":"2023-09-12T18:37:59","modified_gmt":"2023-09-12T21:37:59","slug":"fiemg-jovem-seleciona-novos-integrantes","status":"publish","type":"noticias","link":"https:\/\/www.fiemg.com.br\/associativismo\/noticias\/fiemg-jovem-seleciona-novos-integrantes\/","title":{"rendered":"FIEMG Jovem seleciona novos integrantes"},"content":{"rendered":"\n<p>O FIEMG Jovem, programa da Federa\u00e7\u00e3o voltado \u00e0 forma\u00e7\u00e3o de lideran\u00e7as com prop\u00f3sito, abre a partir de domingo (17\/9) o per\u00edodo de inscri\u00e7\u00e3o para selecionar novos integrantes para os seus quadros. Os interessados podem se inscrever at\u00e9 31 de outubro neste <a href=\"https:\/\/docs.google.com\/forms\/d\/1Oq_2m-SwMnb3yBC3hBUuIl1L9fm9xA_LHZNERyKmTRo\/viewform?edit_requested=true\"><strong>lin<\/strong><\/a><a href=\"https:\/\/docs.google.com\/forms\/d\/1Oq_2m-SwMnb3yBC3hBUuIl1L9fm9xA_LHZNERyKmTRo\/viewform?edit_requested=true\" target=\"_blank\" rel=\"noreferrer noopener\"><strong>k<\/strong><\/a> e conferir todas as informa\u00e7\u00f5es.<\/p>\n\n\n\n<p>O p\u00fablico-alvo do processo seletivo \u00e9 de empres\u00e1rios industriais, com idade entre 20 e 38 anos, que sejam sucessores ou executivos em posi\u00e7\u00e3o de decis\u00e3o. Al\u00e9m disso, \u00e9 necess\u00e1rio estar ligado ao ecossistema do setor produtivo de forma relevante, ter disponibilidade aproximada de quatro horas mensais para as atividades do programa e o CNAE deve estar vinculado \u00e0 atividade de um sindicato associado \u00e0 FIEMG.<\/p>\n\n\n\n<p>Presidente do FIEMG Jovem, Matheus Pedrosa, entende que a escolha dos novos membros representa mais um passo para a expans\u00e3o e consolida\u00e7\u00e3o do programa, que conta hoje com 135 pessoas ativas com perfis diversos e oriundas de diferentes segmentos econ\u00f4micos. A expectativa de Pedrosa \u00e9 de que esse n\u00famero passe de 220.<\/p>\n\n\n\n<p>\u201cL\u00edderes s\u00e3o um ativo escasso em todo mundo e o FIEMG Jovem tem um papel fundamental na garantia de um futuro para a ind\u00fastria mineira e para todo o empreendedorismo ao formar jovens l\u00edderes conscientes e repletos de prop\u00f3sito e engajamento\u201d, opina.<\/p>\n\n\n\n<p>Na vis\u00e3o do empres\u00e1rio, o programa pode contribuir com o crescimento pessoal e profissional dos novos integrantes em raz\u00e3o, sobretudo, da troca de experi\u00eancias e dos conte\u00fados abordados por profissionais renomados do mercado em cursos e palestras. &nbsp;\u201cTrabalhamos habilidades e comportamentos e, havendo necessidade, mergulhamos em alguns conte\u00fados t\u00e9cnicos. \u00c9 um ambiente repleto de conte\u00fado e network altamente qualificados para que esse resultado possa ser alcan\u00e7ado\u201d, explica.<\/p>\n\n\n\n<p>Por outro lado, Matheus Pedrosa espera engajamento, participa\u00e7\u00e3o e protagonismo dos futuros membros, elevando ainda mais o n\u00edvel do programa. \u201cO sucesso do FIEMG Jovem est\u00e1 ligado \u00e0 qualidade dos seus integrantes e, por isso, temos um criterioso processo seletivo para garantir que os diversos perfis de um l\u00edder estejam nos nossos quadros\u201d.<\/p>\n\n\n\n<p>Clique <a href=\"https:\/\/www.fiemg.com.br\/fiemg\/area-de-interesse\/fiemg-jovem\/\"><strong>aqu<\/strong><\/a><a href=\"https:\/\/www.fiemg.com.br\/fiemg\/area-de-interesse\/fiemg-jovem\/\" target=\"_blank\" rel=\"noreferrer noopener\"><strong>i<\/strong><\/a> e conhe\u00e7a o programa FIEMG Jovem<br><br><strong>Rafael Passos<br><\/strong><em>Imprensa FIEMG<\/em><\/p>\n","protected":false},"featured_media":1570,"template":"","categories":[15],"tags":[174,55,175,115,176,177],"class_list":["post-1569","noticias","type-noticias","status-publish","has-post-thumbnail","hentry","category-desenvolvimento-industrial","tag-fiemg-jovem","tag-industria","tag-jovens-industriais","tag-minas-gerais","tag-prazo-de-inscricao","tag-selecao"],"acf":[],"yoast_head":"<!-- This site is optimized with the Yoast SEO plugin v26.2 - https:\/\/yoast.com\/wordpress\/plugins\/seo\/ -->\n<title>FIEMG Jovem seleciona novos integrantes - Associativismo<\/title>\n<meta name=\"description\" content=\"Prazo para inscri\u00e7\u00f5es vai at\u00e9 31 de outubro; programa \u00e9 direcionado \u00e0 forma\u00e7\u00e3o de lideran\u00e7as com prop\u00f3sito\" \/>\n<meta name=\"robots\" content=\"index, follow, max-snippet:-1, max-image-preview:large, max-video-preview:-1\" \/>\n<link rel=\"canonical\" href=\"https:\/\/www.fiemg.com.br\/associativismo\/noticias\/fiemg-jovem-seleciona-novos-integrantes\/\" \/>\n<meta property=\"og:locale\" content=\"pt_BR\" \/>\n<meta property=\"og:type\" content=\"article\" \/>\n<meta property=\"og:title\" content=\"FIEMG Jovem seleciona novos integrantes - Associativismo\" \/>\n<meta property=\"og:description\" content=\"Prazo para inscri\u00e7\u00f5es vai at\u00e9 31 de outubro; programa \u00e9 direcionado \u00e0 forma\u00e7\u00e3o de lideran\u00e7as com prop\u00f3sito\" \/>\n<meta property=\"og:url\" content=\"https:\/\/www.fiemg.com.br\/associativismo\/noticias\/fiemg-jovem-seleciona-novos-integrantes\/\" \/>\n<meta property=\"og:site_name\" content=\"Associativismo\" \/>\n<meta property=\"article:modified_time\" content=\"2023-09-12T21:37:59+00:00\" \/>\n<meta property=\"og:image\" content=\"https:\/\/www.fiemg.com.br\/associativismo\/wp-content\/uploads\/sites\/29\/2023\/09\/selecao-fiemg-jovem.jpeg\" \/>\n\t<meta property=\"og:image:width\" content=\"300\" \/>\n\t<meta property=\"og:image:height\" content=\"200\" \/>\n\t<meta property=\"og:image:type\" content=\"image\/jpeg\" \/>\n<meta name=\"twitter:card\" content=\"summary_large_image\" \/>\n<meta name=\"twitter:label1\" content=\"Est. tempo de leitura\" \/>\n\t<meta name=\"twitter:data1\" content=\"2 minutos\" \/>\n<script type=\"application\/ld+json\" class=\"yoast-schema-graph\">{\"@context\":\"https:\/\/schema.org\",\"@graph\":[{\"@type\":\"WebPage\",\"@id\":\"https:\/\/www.fiemg.com.br\/associativismo\/noticias\/fiemg-jovem-seleciona-novos-integrantes\/\",\"url\":\"https:\/\/www.fiemg.com.br\/associativismo\/noticias\/fiemg-jovem-seleciona-novos-integrantes\/\",\"name\":\"FIEMG Jovem seleciona novos integrantes - Associativismo\",\"isPartOf\":{\"@id\":\"https:\/\/www.fiemg.com.br\/associativismo\/#website\"},\"primaryImageOfPage\":{\"@id\":\"https:\/\/www.fiemg.com.br\/associativismo\/noticias\/fiemg-jovem-seleciona-novos-integrantes\/#primaryimage\"},\"image\":{\"@id\":\"https:\/\/www.fiemg.com.br\/associativismo\/noticias\/fiemg-jovem-seleciona-novos-integrantes\/#primaryimage\"},\"thumbnailUrl\":\"https:\/\/www.fiemg.com.br\/associativismo\/wp-content\/uploads\/sites\/29\/2023\/09\/selecao-fiemg-jovem.jpeg\",\"datePublished\":\"2023-09-12T21:37:58+00:00\",\"dateModified\":\"2023-09-12T21:37:59+00:00\",\"description\":\"Prazo para inscri\u00e7\u00f5es vai at\u00e9 31 de outubro; programa \u00e9 direcionado \u00e0 forma\u00e7\u00e3o de lideran\u00e7as com prop\u00f3sito\",\"breadcrumb\":{\"@id\":\"https:\/\/www.fiemg.com.br\/associativismo\/noticias\/fiemg-jovem-seleciona-novos-integrantes\/#breadcrumb\"},\"inLanguage\":\"pt-BR\",\"potentialAction\":[{\"@type\":\"ReadAction\",\"target\":[\"https:\/\/www.fiemg.com.br\/associativismo\/noticias\/fiemg-jovem-seleciona-novos-integrantes\/\"]}]},{\"@type\":\"ImageObject\",\"inLanguage\":\"pt-BR\",\"@id\":\"https:\/\/www.fiemg.com.br\/associativismo\/noticias\/fiemg-jovem-seleciona-novos-integrantes\/#primaryimage\",\"url\":\"https:\/\/www.fiemg.com.br\/associativismo\/wp-content\/uploads\/sites\/29\/2023\/09\/selecao-fiemg-jovem.jpeg\",\"contentUrl\":\"https:\/\/www.fiemg.com.br\/associativismo\/wp-content\/uploads\/sites\/29\/2023\/09\/selecao-fiemg-jovem.jpeg\",\"width\":300,\"height\":200,\"caption\":\"FIEMG Jovem seleciona novos integrantes\"},{\"@type\":\"BreadcrumbList\",\"@id\":\"https:\/\/www.fiemg.com.br\/associativismo\/noticias\/fiemg-jovem-seleciona-novos-integrantes\/#breadcrumb\",\"itemListElement\":[{\"@type\":\"ListItem\",\"position\":1,\"name\":\"In\u00edcio\",\"item\":\"https:\/\/www.fiemg.com.br\/associativismo\/\"},{\"@type\":\"ListItem\",\"position\":2,\"name\":\"FIEMG Jovem seleciona novos integrantes\"}]},{\"@type\":\"WebSite\",\"@id\":\"https:\/\/www.fiemg.com.br\/associativismo\/#website\",\"url\":\"https:\/\/www.fiemg.com.br\/associativismo\/\",\"name\":\"Associativismo\",\"description\":\"Federa\u00e7\u00e3o das Ind\u00fastrias do Estado de Minas Gerais\",\"publisher\":{\"@id\":\"https:\/\/www.fiemg.com.br\/associativismo\/#organization\"},\"potentialAction\":[{\"@type\":\"SearchAction\",\"target\":{\"@type\":\"EntryPoint\",\"urlTemplate\":\"https:\/\/www.fiemg.com.br\/associativismo\/?s={search_term_string}\"},\"query-input\":{\"@type\":\"PropertyValueSpecification\",\"valueRequired\":true,\"valueName\":\"search_term_string\"}}],\"inLanguage\":\"pt-BR\"},{\"@type\":\"Organization\",\"@id\":\"https:\/\/www.fiemg.com.br\/associativismo\/#organization\",\"name\":\"Associativismo\",\"url\":\"https:\/\/www.fiemg.com.br\/associativismo\/\",\"logo\":{\"@type\":\"ImageObject\",\"inLanguage\":\"pt-BR\",\"@id\":\"https:\/\/www.fiemg.com.br\/associativismo\/#\/schema\/logo\/image\/\",\"url\":\"https:\/\/www.fiemg.com.br\/associativismo\/wp-content\/uploads\/sites\/29\/2023\/02\/fiemg_branco.svg\",\"contentUrl\":\"https:\/\/www.fiemg.com.br\/associativismo\/wp-content\/uploads\/sites\/29\/2023\/02\/fiemg_branco.svg\",\"width\":561,\"height\":147,\"caption\":\"Associativismo\"},\"image\":{\"@id\":\"https:\/\/www.fiemg.com.br\/associativismo\/#\/schema\/logo\/image\/\"}}]}<\/script>\n<!-- \/ Yoast SEO plugin. -->","yoast_head_json":{"title":"FIEMG Jovem seleciona novos integrantes - Associativismo","description":"Prazo para inscri\u00e7\u00f5es vai at\u00e9 31 de outubro; programa \u00e9 direcionado \u00e0 forma\u00e7\u00e3o de lideran\u00e7as com prop\u00f3sito","robots":{"index":"index","follow":"follow","max-snippet":"max-snippet:-1","max-image-preview":"max-image-preview:large","max-video-preview":"max-video-preview:-1"},"canonical":"https:\/\/www.fiemg.com.br\/associativismo\/noticias\/fiemg-jovem-seleciona-novos-integrantes\/","og_locale":"pt_BR","og_type":"article","og_title":"FIEMG Jovem seleciona novos integrantes - Associativismo","og_description":"Prazo para inscri\u00e7\u00f5es vai at\u00e9 31 de outubro; programa \u00e9 direcionado \u00e0 forma\u00e7\u00e3o de lideran\u00e7as com prop\u00f3sito","og_url":"https:\/\/www.fiemg.com.br\/associativismo\/noticias\/fiemg-jovem-seleciona-novos-integrantes\/","og_site_name":"Associativismo","article_modified_time":"2023-09-12T21:37:59+00:00","og_image":[{"width":300,"height":200,"url":"https:\/\/www.fiemg.com.br\/associativismo\/wp-content\/uploads\/sites\/29\/2023\/09\/selecao-fiemg-jovem.jpeg","type":"image\/jpeg"}],"twitter_card":"summary_large_image","twitter_misc":{"Est. tempo de leitura":"2 minutos"},"schema":{"@context":"https:\/\/schema.org","@graph":[{"@type":"WebPage","@id":"https:\/\/www.fiemg.com.br\/associativismo\/noticias\/fiemg-jovem-seleciona-novos-integrantes\/","url":"https:\/\/www.fiemg.com.br\/associativismo\/noticias\/fiemg-jovem-seleciona-novos-integrantes\/","name":"FIEMG Jovem seleciona novos integrantes - Associativismo","isPartOf":{"@id":"https:\/\/www.fiemg.com.br\/associativismo\/#website"},"primaryImageOfPage":{"@id":"https:\/\/www.fiemg.com.br\/associativismo\/noticias\/fiemg-jovem-seleciona-novos-integrantes\/#primaryimage"},"image":{"@id":"https:\/\/www.fiemg.com.br\/associativismo\/noticias\/fiemg-jovem-seleciona-novos-integrantes\/#primaryimage"},"thumbnailUrl":"https:\/\/www.fiemg.com.br\/associativismo\/wp-content\/uploads\/sites\/29\/2023\/09\/selecao-fiemg-jovem.jpeg","datePublished":"2023-09-12T21:37:58+00:00","dateModified":"2023-09-12T21:37:59+00:00","description":"Prazo para inscri\u00e7\u00f5es vai at\u00e9 31 de outubro; programa \u00e9 direcionado \u00e0 forma\u00e7\u00e3o de lideran\u00e7as com prop\u00f3sito","breadcrumb":{"@id":"https:\/\/www.fiemg.com.br\/associativismo\/noticias\/fiemg-jovem-seleciona-novos-integrantes\/#breadcrumb"},"inLanguage":"pt-BR","potentialAction":[{"@type":"ReadAction","target":["https:\/\/www.fiemg.com.br\/associativismo\/noticias\/fiemg-jovem-seleciona-novos-integrantes\/"]}]},{"@type":"ImageObject","inLanguage":"pt-BR","@id":"https:\/\/www.fiemg.com.br\/associativismo\/noticias\/fiemg-jovem-seleciona-novos-integrantes\/#primaryimage","url":"https:\/\/www.fiemg.com.br\/associativismo\/wp-content\/uploads\/sites\/29\/2023\/09\/selecao-fiemg-jovem.jpeg","contentUrl":"https:\/\/www.fiemg.com.br\/associativismo\/wp-content\/uploads\/sites\/29\/2023\/09\/selecao-fiemg-jovem.jpeg","width":300,"height":200,"caption":"FIEMG Jovem seleciona novos integrantes"},{"@type":"BreadcrumbList","@id":"https:\/\/www.fiemg.com.br\/associativismo\/noticias\/fiemg-jovem-seleciona-novos-integrantes\/#breadcrumb","itemListElement":[{"@type":"ListItem","position":1,"name":"In\u00edcio","item":"https:\/\/www.fiemg.com.br\/associativismo\/"},{"@type":"ListItem","position":2,"name":"FIEMG Jovem seleciona novos integrantes"}]},{"@type":"WebSite","@id":"https:\/\/www.fiemg.com.br\/associativismo\/#website","url":"https:\/\/www.fiemg.com.br\/associativismo\/","name":"Associativismo","description":"Federa\u00e7\u00e3o das Ind\u00fastrias do Estado de Minas Gerais","publisher":{"@id":"https:\/\/www.fiemg.com.br\/associativismo\/#organization"},"potentialAction":[{"@type":"SearchAction","target":{"@type":"EntryPoint","urlTemplate":"https:\/\/www.fiemg.com.br\/associativismo\/?s={search_term_string}"},"query-input":{"@type":"PropertyValueSpecification","valueRequired":true,"valueName":"search_term_string"}}],"inLanguage":"pt-BR"},{"@type":"Organization","@id":"https:\/\/www.fiemg.com.br\/associativismo\/#organization","name":"Associativismo","url":"https:\/\/www.fiemg.com.br\/associativismo\/","logo":{"@type":"ImageObject","inLanguage":"pt-BR","@id":"https:\/\/www.fiemg.com.br\/associativismo\/#\/schema\/logo\/image\/","url":"https:\/\/www.fiemg.com.br\/associativismo\/wp-content\/uploads\/sites\/29\/2023\/02\/fiemg_branco.svg","contentUrl":"https:\/\/www.fiemg.com.br\/associativismo\/wp-content\/uploads\/sites\/29\/2023\/02\/fiemg_branco.svg","width":561,"height":147,"caption":"Associativismo"},"image":{"@id":"https:\/\/www.fiemg.com.br\/associativismo\/#\/schema\/logo\/image\/"}}]}},"_links":{"self":[{"href":"https:\/\/www.fiemg.com.br\/associativismo\/wp-json\/wp\/v2\/noticias\/1569","targetHints":{"allow":["GET"]}}],"collection":[{"href":"https:\/\/www.fiemg.com.br\/associativismo\/wp-json\/wp\/v2\/noticias"}],"about":[{"href":"https:\/\/www.fiemg.com.br\/associativismo\/wp-json\/wp\/v2\/types\/noticias"}],"wp:featuredmedia":[{"embeddable":true,"href":"https:\/\/www.fiemg.com.br\/associativismo\/wp-json\/wp\/v2\/media\/1570"}],"wp:attachment":[{"href":"https:\/\/www.fiemg.com.br\/associativismo\/wp-json\/wp\/v2\/media?parent=1569"}],"wp:term":[{"taxonomy":"category","embeddable":true,"href":"https:\/\/www.fiemg.com.br\/associativismo\/wp-json\/wp\/v2\/categories?post=1569"},{"taxonomy":"post_tag","embeddable":true,"href":"https:\/\/www.fiemg.com.br\/associativismo\/wp-json\/wp\/v2\/tags?post=1569"}],"curies":[{"name":"wp","href":"https:\/\/api.w.org\/{rel}","templated":true}]}}