{"id":1575,"date":"2023-09-13T12:08:34","date_gmt":"2023-09-13T15:08:34","guid":{"rendered":"https:\/\/www.fiemg.com.br\/associativismo\/noticias\/feirao-da-caixa-no-minascon-mais-facil-ter-casa-propria\/"},"modified":"2023-09-13T12:08:37","modified_gmt":"2023-09-13T15:08:37","slug":"feirao-da-caixa-no-minascon-mais-facil-ter-casa-propria","status":"publish","type":"noticias","link":"https:\/\/www.fiemg.com.br\/associativismo\/noticias\/feirao-da-caixa-no-minascon-mais-facil-ter-casa-propria\/","title":{"rendered":"Feir\u00e3o da CAIXA no Minascon: mais f\u00e1cil ter casa pr\u00f3pria"},"content":{"rendered":"\n<p>Entre os dias 14 e 17 de setembro, o Parque de Exposi\u00e7\u00f5es Jo\u00e3o Alencar de Athayde, em Montes Claros, se tornar\u00e1 o ponto de encontro para quem deseja realizar o sonho da casa pr\u00f3pria. O Feir\u00e3o da CAIXA, que acontece no contexto do <a href=\"https:\/\/www.minascon.com.br\/\">Minascon 2023<\/a>, traz oportunidades imperd\u00edveis para aqueles que buscam concretizar o investimento em um im\u00f3vel.<\/p>\n\n\n\n<p>O Minascon \u00e9 uma realiza\u00e7\u00e3o da Federa\u00e7\u00e3o das Ind\u00fastrias de Minas Gerais (FIEMG), por meio da C\u00e2mara da Ind\u00fastria da Constru\u00e7\u00e3o e dos Sindicatos da Ind\u00fastria da Constru\u00e7\u00e3o Civil (Sinduscon-MG) do Norte de Minas. A feira tamb\u00e9m conta com o apadrinhamento do SEBRAE, e patroc\u00ednios da Totvs, CREA-MG, Codemge e Governo do Estado de Minas Gerais.<\/p>\n\n\n\n<p><strong>Leia mais:<\/strong><\/p>\n\n\n\n<p><a href=\"https:\/\/www.fiemg.com.br\/noticias\/minascon-2023-programacao\/\"><strong>Minascon 2023: programa\u00e7\u00e3o repleta de conhecimento e inova\u00e7\u00e3o<\/strong><\/a><\/p>\n\n\n\n<p><a href=\"https:\/\/www.fiemg.com.br\/noticias\/minascon-2023-chega-com-novas-ideias-para-novos-negocios\/\"><strong>Minascon 2023 chega com Novas Ideias para Novos Neg\u00f3cios<\/strong><\/a><\/p>\n\n\n\n<p><strong><a href=\"https:\/\/www.fiemg.com.br\/noticias\/construcao-civil-o-pilar-do-desenvolvimento-no-norte-de-minas\/\">Constru\u00e7\u00e3o civil: o pilar do desenvolvimento no Norte de Minas<\/a><\/strong><\/p>\n\n\n\n<p>O evento se distingue tamb\u00e9m pelo apoio master da <a href=\"https:\/\/www.caixa.gov.br\/voce\/habitacao\/Paginas\/default.aspx\">CAIXA<\/a>, institui\u00e7\u00e3o financeira reconhecida como o principal banco de habita\u00e7\u00e3o do pa\u00eds, sendo respons\u00e1vel pelo financiamento de seis em cada dez im\u00f3veis no territ\u00f3rio nacional. A participa\u00e7\u00e3o da CAIXA no Minascon n\u00e3o apenas reitera seu compromisso com o fomento \u00e0 habita\u00e7\u00e3o, mas tamb\u00e9m promete facilitar significativamente o caminho dos futuros propriet\u00e1rios at\u00e9 a t\u00e3o sonhada casa pr\u00f3pria.<\/p>\n\n\n\n<p>Segundo a institui\u00e7\u00e3o, o Feir\u00e3o da CAIXA constitui uma oportunidade sem precedentes, ao reunir, em um \u00fanico local, uma multiplicidade de ofertas de im\u00f3veis. Ap\u00f3s a escolha do im\u00f3vel desejado junto \u00e0s incorporadoras presentes no evento, os clientes poder\u00e3o dar sequ\u00eancia ao financiamento diretamente com a CAIXA, tendo a possibilidade de concluir todas as etapas do processo contratual no decorrer do evento.<\/p>\n\n\n\n<p>Al\u00e9m disso, a CAIXA se disp\u00f5e a apresentar ao p\u00fablico o novo \u201cMinha Casa, Minha Vida\u201d. Durante a feira, ser\u00e3o esclarecidas todas as inova\u00e7\u00f5es recentemente incorporadas ao programa, incluindo novas regulamenta\u00e7\u00f5es que visam expandir o acesso ao financiamento e aos descontos subsidiados pelos recursos do FGTS.<\/p>\n\n\n\n<p>Fica o convite para que os interessados marquem na agenda e aproveitem essa chance \u00fanica de encontrar, no mesmo espa\u00e7o, variedade, seguran\u00e7a e as melhores condi\u00e7\u00f5es de financiamento para conquistar a casa pr\u00f3pria.<\/p>\n\n\n\n<h2 class=\"wp-block-heading\"><strong>Minascon 2023:<\/strong><\/h2>\n\n\n\n<p><strong>Data<\/strong>: 14 a 17 de setembro<\/p>\n\n\n\n<p><strong>Local<\/strong>: Parque de Exposi\u00e7\u00f5es Jo\u00e3o Alencar Athayde \u2013 Montes Claros \/ MG<\/p>\n\n\n\n<p><strong>Hor\u00e1rio<\/strong>: das 9h \u00e0s 17h \u2013 palestras e semin\u00e1rios \u2013 das 18h \u00e0s 22h \u2013 sal\u00e3o de neg\u00f3cios<\/p>\n\n\n\n<p><strong>Informa\u00e7\u00f5es<\/strong>:\u00a0<a href=\"mailto:minascon@fiemg.com.br\">minascon@fiemg.com.br<\/a><\/p>\n\n\n\n<p><em>Ana Paula Motta<\/em><br><strong>Imprensa FIEMG<\/strong><\/p>\n","protected":false},"featured_media":1576,"template":"","categories":[15],"tags":[182,59,183,184],"class_list":["post-1575","noticias","type-noticias","status-publish","has-post-thumbnail","hentry","category-desenvolvimento-industrial","tag-casa-propria","tag-construcao-civil","tag-feirao-caixa","tag-minascon"],"acf":[],"yoast_head":"<!-- This site is optimized with the Yoast SEO plugin v26.2 - https:\/\/yoast.com\/wordpress\/plugins\/seo\/ -->\n<title>Feir\u00e3o da CAIXA no Minascon: mais f\u00e1cil ter casa pr\u00f3pria - Associativismo<\/title>\n<meta name=\"description\" content=\"Participantes ter\u00e3o acesso a diversas ofertas de im\u00f3veis e poder\u00e3o realizar todas as etapas da contrata\u00e7\u00e3o durante o evento\" \/>\n<meta name=\"robots\" content=\"index, follow, max-snippet:-1, max-image-preview:large, max-video-preview:-1\" \/>\n<link rel=\"canonical\" href=\"https:\/\/www.fiemg.com.br\/associativismo\/noticias\/feirao-da-caixa-no-minascon-mais-facil-ter-casa-propria\/\" \/>\n<meta property=\"og:locale\" content=\"pt_BR\" \/>\n<meta property=\"og:type\" content=\"article\" \/>\n<meta property=\"og:title\" content=\"Feir\u00e3o da CAIXA no Minascon: mais f\u00e1cil ter casa pr\u00f3pria - Associativismo\" \/>\n<meta property=\"og:description\" content=\"Participantes ter\u00e3o acesso a diversas ofertas de im\u00f3veis e poder\u00e3o realizar todas as etapas da contrata\u00e7\u00e3o durante o evento\" \/>\n<meta property=\"og:url\" content=\"https:\/\/www.fiemg.com.br\/associativismo\/noticias\/feirao-da-caixa-no-minascon-mais-facil-ter-casa-propria\/\" \/>\n<meta property=\"og:site_name\" content=\"Associativismo\" \/>\n<meta property=\"article:modified_time\" content=\"2023-09-13T15:08:37+00:00\" \/>\n<meta property=\"og:image\" content=\"https:\/\/www.fiemg.com.br\/associativismo\/wp-content\/uploads\/sites\/29\/2023\/09\/minascon-feirao-caixa-casa-propria.jpg\" \/>\n\t<meta property=\"og:image:width\" content=\"300\" \/>\n\t<meta property=\"og:image:height\" content=\"200\" \/>\n\t<meta property=\"og:image:type\" content=\"image\/jpeg\" \/>\n<meta name=\"twitter:card\" content=\"summary_large_image\" \/>\n<meta name=\"twitter:label1\" content=\"Est. tempo de leitura\" \/>\n\t<meta name=\"twitter:data1\" content=\"3 minutos\" \/>\n<script type=\"application\/ld+json\" class=\"yoast-schema-graph\">{\"@context\":\"https:\/\/schema.org\",\"@graph\":[{\"@type\":\"WebPage\",\"@id\":\"https:\/\/www.fiemg.com.br\/associativismo\/noticias\/feirao-da-caixa-no-minascon-mais-facil-ter-casa-propria\/\",\"url\":\"https:\/\/www.fiemg.com.br\/associativismo\/noticias\/feirao-da-caixa-no-minascon-mais-facil-ter-casa-propria\/\",\"name\":\"Feir\u00e3o da CAIXA no Minascon: mais f\u00e1cil ter casa pr\u00f3pria - Associativismo\",\"isPartOf\":{\"@id\":\"https:\/\/www.fiemg.com.br\/associativismo\/#website\"},\"primaryImageOfPage\":{\"@id\":\"https:\/\/www.fiemg.com.br\/associativismo\/noticias\/feirao-da-caixa-no-minascon-mais-facil-ter-casa-propria\/#primaryimage\"},\"image\":{\"@id\":\"https:\/\/www.fiemg.com.br\/associativismo\/noticias\/feirao-da-caixa-no-minascon-mais-facil-ter-casa-propria\/#primaryimage\"},\"thumbnailUrl\":\"https:\/\/www.fiemg.com.br\/associativismo\/wp-content\/uploads\/sites\/29\/2023\/09\/minascon-feirao-caixa-casa-propria.jpg\",\"datePublished\":\"2023-09-13T15:08:34+00:00\",\"dateModified\":\"2023-09-13T15:08:37+00:00\",\"description\":\"Participantes ter\u00e3o acesso a diversas ofertas de im\u00f3veis e poder\u00e3o realizar todas as etapas da contrata\u00e7\u00e3o durante o evento\",\"breadcrumb\":{\"@id\":\"https:\/\/www.fiemg.com.br\/associativismo\/noticias\/feirao-da-caixa-no-minascon-mais-facil-ter-casa-propria\/#breadcrumb\"},\"inLanguage\":\"pt-BR\",\"potentialAction\":[{\"@type\":\"ReadAction\",\"target\":[\"https:\/\/www.fiemg.com.br\/associativismo\/noticias\/feirao-da-caixa-no-minascon-mais-facil-ter-casa-propria\/\"]}]},{\"@type\":\"ImageObject\",\"inLanguage\":\"pt-BR\",\"@id\":\"https:\/\/www.fiemg.com.br\/associativismo\/noticias\/feirao-da-caixa-no-minascon-mais-facil-ter-casa-propria\/#primaryimage\",\"url\":\"https:\/\/www.fiemg.com.br\/associativismo\/wp-content\/uploads\/sites\/29\/2023\/09\/minascon-feirao-caixa-casa-propria.jpg\",\"contentUrl\":\"https:\/\/www.fiemg.com.br\/associativismo\/wp-content\/uploads\/sites\/29\/2023\/09\/minascon-feirao-caixa-casa-propria.jpg\",\"width\":300,\"height\":200,\"caption\":\"Feir\u00e3o da CAIXA no Minascon promete facilitar o caminho at\u00e9 a casa pr\u00f3pria\"},{\"@type\":\"BreadcrumbList\",\"@id\":\"https:\/\/www.fiemg.com.br\/associativismo\/noticias\/feirao-da-caixa-no-minascon-mais-facil-ter-casa-propria\/#breadcrumb\",\"itemListElement\":[{\"@type\":\"ListItem\",\"position\":1,\"name\":\"In\u00edcio\",\"item\":\"https:\/\/www.fiemg.com.br\/associativismo\/\"},{\"@type\":\"ListItem\",\"position\":2,\"name\":\"Feir\u00e3o da CAIXA no Minascon: mais f\u00e1cil ter casa pr\u00f3pria\"}]},{\"@type\":\"WebSite\",\"@id\":\"https:\/\/www.fiemg.com.br\/associativismo\/#website\",\"url\":\"https:\/\/www.fiemg.com.br\/associativismo\/\",\"name\":\"Associativismo\",\"description\":\"Federa\u00e7\u00e3o das Ind\u00fastrias do Estado de Minas Gerais\",\"publisher\":{\"@id\":\"https:\/\/www.fiemg.com.br\/associativismo\/#organization\"},\"potentialAction\":[{\"@type\":\"SearchAction\",\"target\":{\"@type\":\"EntryPoint\",\"urlTemplate\":\"https:\/\/www.fiemg.com.br\/associativismo\/?s={search_term_string}\"},\"query-input\":{\"@type\":\"PropertyValueSpecification\",\"valueRequired\":true,\"valueName\":\"search_term_string\"}}],\"inLanguage\":\"pt-BR\"},{\"@type\":\"Organization\",\"@id\":\"https:\/\/www.fiemg.com.br\/associativismo\/#organization\",\"name\":\"Associativismo\",\"url\":\"https:\/\/www.fiemg.com.br\/associativismo\/\",\"logo\":{\"@type\":\"ImageObject\",\"inLanguage\":\"pt-BR\",\"@id\":\"https:\/\/www.fiemg.com.br\/associativismo\/#\/schema\/logo\/image\/\",\"url\":\"https:\/\/www.fiemg.com.br\/associativismo\/wp-content\/uploads\/sites\/29\/2023\/02\/fiemg_branco.svg\",\"contentUrl\":\"https:\/\/www.fiemg.com.br\/associativismo\/wp-content\/uploads\/sites\/29\/2023\/02\/fiemg_branco.svg\",\"width\":561,\"height\":147,\"caption\":\"Associativismo\"},\"image\":{\"@id\":\"https:\/\/www.fiemg.com.br\/associativismo\/#\/schema\/logo\/image\/\"}}]}<\/script>\n<!-- \/ Yoast SEO plugin. -->","yoast_head_json":{"title":"Feir\u00e3o da CAIXA no Minascon: mais f\u00e1cil ter casa pr\u00f3pria - Associativismo","description":"Participantes ter\u00e3o acesso a diversas ofertas de im\u00f3veis e poder\u00e3o realizar todas as etapas da contrata\u00e7\u00e3o durante o evento","robots":{"index":"index","follow":"follow","max-snippet":"max-snippet:-1","max-image-preview":"max-image-preview:large","max-video-preview":"max-video-preview:-1"},"canonical":"https:\/\/www.fiemg.com.br\/associativismo\/noticias\/feirao-da-caixa-no-minascon-mais-facil-ter-casa-propria\/","og_locale":"pt_BR","og_type":"article","og_title":"Feir\u00e3o da CAIXA no Minascon: mais f\u00e1cil ter casa pr\u00f3pria - Associativismo","og_description":"Participantes ter\u00e3o acesso a diversas ofertas de im\u00f3veis e poder\u00e3o realizar todas as etapas da contrata\u00e7\u00e3o durante o evento","og_url":"https:\/\/www.fiemg.com.br\/associativismo\/noticias\/feirao-da-caixa-no-minascon-mais-facil-ter-casa-propria\/","og_site_name":"Associativismo","article_modified_time":"2023-09-13T15:08:37+00:00","og_image":[{"width":300,"height":200,"url":"https:\/\/www.fiemg.com.br\/associativismo\/wp-content\/uploads\/sites\/29\/2023\/09\/minascon-feirao-caixa-casa-propria.jpg","type":"image\/jpeg"}],"twitter_card":"summary_large_image","twitter_misc":{"Est. tempo de leitura":"3 minutos"},"schema":{"@context":"https:\/\/schema.org","@graph":[{"@type":"WebPage","@id":"https:\/\/www.fiemg.com.br\/associativismo\/noticias\/feirao-da-caixa-no-minascon-mais-facil-ter-casa-propria\/","url":"https:\/\/www.fiemg.com.br\/associativismo\/noticias\/feirao-da-caixa-no-minascon-mais-facil-ter-casa-propria\/","name":"Feir\u00e3o da CAIXA no Minascon: mais f\u00e1cil ter casa pr\u00f3pria - Associativismo","isPartOf":{"@id":"https:\/\/www.fiemg.com.br\/associativismo\/#website"},"primaryImageOfPage":{"@id":"https:\/\/www.fiemg.com.br\/associativismo\/noticias\/feirao-da-caixa-no-minascon-mais-facil-ter-casa-propria\/#primaryimage"},"image":{"@id":"https:\/\/www.fiemg.com.br\/associativismo\/noticias\/feirao-da-caixa-no-minascon-mais-facil-ter-casa-propria\/#primaryimage"},"thumbnailUrl":"https:\/\/www.fiemg.com.br\/associativismo\/wp-content\/uploads\/sites\/29\/2023\/09\/minascon-feirao-caixa-casa-propria.jpg","datePublished":"2023-09-13T15:08:34+00:00","dateModified":"2023-09-13T15:08:37+00:00","description":"Participantes ter\u00e3o acesso a diversas ofertas de im\u00f3veis e poder\u00e3o realizar todas as etapas da contrata\u00e7\u00e3o durante o evento","breadcrumb":{"@id":"https:\/\/www.fiemg.com.br\/associativismo\/noticias\/feirao-da-caixa-no-minascon-mais-facil-ter-casa-propria\/#breadcrumb"},"inLanguage":"pt-BR","potentialAction":[{"@type":"ReadAction","target":["https:\/\/www.fiemg.com.br\/associativismo\/noticias\/feirao-da-caixa-no-minascon-mais-facil-ter-casa-propria\/"]}]},{"@type":"ImageObject","inLanguage":"pt-BR","@id":"https:\/\/www.fiemg.com.br\/associativismo\/noticias\/feirao-da-caixa-no-minascon-mais-facil-ter-casa-propria\/#primaryimage","url":"https:\/\/www.fiemg.com.br\/associativismo\/wp-content\/uploads\/sites\/29\/2023\/09\/minascon-feirao-caixa-casa-propria.jpg","contentUrl":"https:\/\/www.fiemg.com.br\/associativismo\/wp-content\/uploads\/sites\/29\/2023\/09\/minascon-feirao-caixa-casa-propria.jpg","width":300,"height":200,"caption":"Feir\u00e3o da CAIXA no Minascon promete facilitar o caminho at\u00e9 a casa pr\u00f3pria"},{"@type":"BreadcrumbList","@id":"https:\/\/www.fiemg.com.br\/associativismo\/noticias\/feirao-da-caixa-no-minascon-mais-facil-ter-casa-propria\/#breadcrumb","itemListElement":[{"@type":"ListItem","position":1,"name":"In\u00edcio","item":"https:\/\/www.fiemg.com.br\/associativismo\/"},{"@type":"ListItem","position":2,"name":"Feir\u00e3o da CAIXA no Minascon: mais f\u00e1cil ter casa pr\u00f3pria"}]},{"@type":"WebSite","@id":"https:\/\/www.fiemg.com.br\/associativismo\/#website","url":"https:\/\/www.fiemg.com.br\/associativismo\/","name":"Associativismo","description":"Federa\u00e7\u00e3o das Ind\u00fastrias do Estado de Minas Gerais","publisher":{"@id":"https:\/\/www.fiemg.com.br\/associativismo\/#organization"},"potentialAction":[{"@type":"SearchAction","target":{"@type":"EntryPoint","urlTemplate":"https:\/\/www.fiemg.com.br\/associativismo\/?s={search_term_string}"},"query-input":{"@type":"PropertyValueSpecification","valueRequired":true,"valueName":"search_term_string"}}],"inLanguage":"pt-BR"},{"@type":"Organization","@id":"https:\/\/www.fiemg.com.br\/associativismo\/#organization","name":"Associativismo","url":"https:\/\/www.fiemg.com.br\/associativismo\/","logo":{"@type":"ImageObject","inLanguage":"pt-BR","@id":"https:\/\/www.fiemg.com.br\/associativismo\/#\/schema\/logo\/image\/","url":"https:\/\/www.fiemg.com.br\/associativismo\/wp-content\/uploads\/sites\/29\/2023\/02\/fiemg_branco.svg","contentUrl":"https:\/\/www.fiemg.com.br\/associativismo\/wp-content\/uploads\/sites\/29\/2023\/02\/fiemg_branco.svg","width":561,"height":147,"caption":"Associativismo"},"image":{"@id":"https:\/\/www.fiemg.com.br\/associativismo\/#\/schema\/logo\/image\/"}}]}},"_links":{"self":[{"href":"https:\/\/www.fiemg.com.br\/associativismo\/wp-json\/wp\/v2\/noticias\/1575","targetHints":{"allow":["GET"]}}],"collection":[{"href":"https:\/\/www.fiemg.com.br\/associativismo\/wp-json\/wp\/v2\/noticias"}],"about":[{"href":"https:\/\/www.fiemg.com.br\/associativismo\/wp-json\/wp\/v2\/types\/noticias"}],"wp:featuredmedia":[{"embeddable":true,"href":"https:\/\/www.fiemg.com.br\/associativismo\/wp-json\/wp\/v2\/media\/1576"}],"wp:attachment":[{"href":"https:\/\/www.fiemg.com.br\/associativismo\/wp-json\/wp\/v2\/media?parent=1575"}],"wp:term":[{"taxonomy":"category","embeddable":true,"href":"https:\/\/www.fiemg.com.br\/associativismo\/wp-json\/wp\/v2\/categories?post=1575"},{"taxonomy":"post_tag","embeddable":true,"href":"https:\/\/www.fiemg.com.br\/associativismo\/wp-json\/wp\/v2\/tags?post=1575"}],"curies":[{"name":"wp","href":"https:\/\/api.w.org\/{rel}","templated":true}]}}