{"id":1639,"date":"2023-09-20T11:56:07","date_gmt":"2023-09-20T14:56:07","guid":{"rendered":"https:\/\/www.fiemg.com.br\/associativismo\/noticias\/incoterms-e-tema-de-capacitacao-do-cin\/"},"modified":"2023-09-20T12:03:46","modified_gmt":"2023-09-20T15:03:46","slug":"incoterms-e-tema-de-capacitacao-do-cin","status":"publish","type":"noticias","link":"https:\/\/www.fiemg.com.br\/associativismo\/noticias\/incoterms-e-tema-de-capacitacao-do-cin\/","title":{"rendered":"Incoterms \u00e9 tema de capacita\u00e7\u00e3o do CIN"},"content":{"rendered":"\n<p>A FIEMG, por interm\u00e9dio do Centro Internacional de Neg\u00f3cios, com outras 17 Federa\u00e7\u00f5es, promove nos dias 28 e 29 de setembro, das 9h \u00e0s 12h, um curso essencial para profissionais que atuam no campo do com\u00e9rcio internacional: uma capacita\u00e7\u00e3o aprofundada sobre Incoterms. Realizado no formato online via Microsoft Teams, o curso tem como principal objetivo preparar e capacitar os participantes na correta utiliza\u00e7\u00e3o dos termos de com\u00e9rcio internacional (Incoterms) em processos de importa\u00e7\u00e3o e exporta\u00e7\u00e3o.<\/p>\n\n\n\n<p><strong>Desenvolvimento Profissional<\/strong><\/p>\n\n\n\n<p>Os Inconterms, regulamentos reconhecidos mundialmente, s\u00e3o instrumentos potentes que, quando bem utilizados, podem evitar conflitos comerciais e garantir que as transa\u00e7\u00f5es internacionais ocorram de maneira fluida e segura. Por meio deste curso, os profissionais ter\u00e3o a oportunidade de aprimorar seus conhecimentos e garantir uma atua\u00e7\u00e3o mais assertiva e eficiente no mercado global.<\/p>\n\n\n\n<p>O treinamento acontecer\u00e1 durante duas manh\u00e3s consecutivas, sendo uma oportunidade valiosa tanto para quem est\u00e1 iniciando na \u00e1rea quanto para os que buscam uma atualiza\u00e7\u00e3o consistente e atual no tema.<\/p>\n\n\n\n<p><strong>Investimento e Inscri\u00e7\u00f5es<\/strong><\/p>\n\n\n\n<p>Para participar, o investimento \u00e9 de <strong>R$ 240,00<\/strong>. Empresas que inscreverem mais de tr\u00eas funcion\u00e1rios e institui\u00e7\u00f5es de ensino que inscreverem tr\u00eas ou mais estudantes ter\u00e3o direito a um desconto especial, tornando essa uma oportunidade ainda mais acess\u00edvel para equipes e grupos de estudantes.<\/p>\n\n\n\n<p>As inscri\u00e7\u00f5es podem ser realizadas atrav\u00e9s do link: <a href=\"https:\/\/forms.gle\/BExaxoVggpzeQzQu8\"><strong>Inscri\u00e7\u00f5es aqui<\/strong><\/a>. D\u00favidas e informa\u00e7\u00f5es adicionais podem ser esclarecidas atrav\u00e9s do telefone <strong>(31) 2118-4198<\/strong> ou pelo e-mail <strong>consultoriacin@fiemg.com.br<\/strong>.<\/p>\n\n\n\n<p>N\u00e3o perca essa oportunidade de ampliar seus conhecimentos e habilidades no setor do com\u00e9rcio internacional com a ajuda do CIN, da FIEMG e de especialistas altamente qualificados no mercado. Garanta j\u00e1 sua inscri\u00e7\u00e3o e d\u00ea um upgrade em sua carreira profissional.<\/p>\n\n\n\n<p><strong>Servi\u00e7o:<\/strong><\/p>\n\n\n\n<p><strong>Capacita\u00e7\u00e3o do CIN: Incoterms<\/strong><\/p>\n\n\n\n<p><strong>Data<\/strong>: 28 e 29 de setembro<br><strong>Hor\u00e1rio<\/strong>: 9h \u00e0s 12h<br><strong>Onde<\/strong>: Microsoft Teams<br><strong>Informa\u00e7\u00f5es<\/strong>: (31) 2118-4198 ou consultoriacin@fiemg.com.br<br><strong>Inscri\u00e7\u00f5es<\/strong>: R$240 &#8211; podem ser realizadas <a href=\"https:\/\/forms.gle\/BExaxoVggpzeQzQu8\" target=\"_blank\" rel=\"noreferrer noopener\">neste link<\/a><\/p>\n\n\n\n<p><em>Ana Paula Motta<\/em><br><strong>Imprensa FIEMG<\/strong><\/p>\n","protected":false},"featured_media":1641,"template":"","categories":[22],"tags":[231,232],"class_list":["post-1639","noticias","type-noticias","status-publish","has-post-thumbnail","hentry","category-negocios-internacionais","tag-centro-internacional-de-negocios","tag-termos-de-comercio-internacional"],"acf":[],"yoast_head":"<!-- This site is optimized with the Yoast SEO plugin v26.2 - https:\/\/yoast.com\/wordpress\/plugins\/seo\/ -->\n<title>Incoterms \u00e9 tema de capacita\u00e7\u00e3o do CIN - Associativismo<\/title>\n<meta name=\"description\" content=\"A FIEMG, por meio do CIN, oferece capacita\u00e7\u00e3o sobre termos de com\u00e9rcio internacional visando preparar profissionais para o mercado global\" \/>\n<meta name=\"robots\" content=\"index, follow, max-snippet:-1, max-image-preview:large, max-video-preview:-1\" \/>\n<link rel=\"canonical\" href=\"https:\/\/www.fiemg.com.br\/associativismo\/noticias\/incoterms-e-tema-de-capacitacao-do-cin\/\" \/>\n<meta property=\"og:locale\" content=\"pt_BR\" \/>\n<meta property=\"og:type\" content=\"article\" \/>\n<meta property=\"og:title\" content=\"Incoterms \u00e9 tema de capacita\u00e7\u00e3o do CIN - Associativismo\" \/>\n<meta property=\"og:description\" content=\"A FIEMG, por meio do CIN, oferece capacita\u00e7\u00e3o sobre termos de com\u00e9rcio internacional visando preparar profissionais para o mercado global\" \/>\n<meta property=\"og:url\" content=\"https:\/\/www.fiemg.com.br\/associativismo\/noticias\/incoterms-e-tema-de-capacitacao-do-cin\/\" \/>\n<meta property=\"og:site_name\" content=\"Associativismo\" \/>\n<meta property=\"article:modified_time\" content=\"2023-09-20T15:03:46+00:00\" \/>\n<meta property=\"og:image\" content=\"https:\/\/www.fiemg.com.br\/associativismo\/wp-content\/uploads\/sites\/29\/2023\/09\/Thumb-FIEMG.jpg\" \/>\n\t<meta property=\"og:image:width\" content=\"300\" \/>\n\t<meta property=\"og:image:height\" content=\"200\" \/>\n\t<meta property=\"og:image:type\" content=\"image\/jpeg\" \/>\n<meta name=\"twitter:card\" content=\"summary_large_image\" \/>\n<meta name=\"twitter:label1\" content=\"Est. tempo de leitura\" \/>\n\t<meta name=\"twitter:data1\" content=\"2 minutos\" \/>\n<script type=\"application\/ld+json\" class=\"yoast-schema-graph\">{\"@context\":\"https:\/\/schema.org\",\"@graph\":[{\"@type\":\"WebPage\",\"@id\":\"https:\/\/www.fiemg.com.br\/associativismo\/noticias\/incoterms-e-tema-de-capacitacao-do-cin\/\",\"url\":\"https:\/\/www.fiemg.com.br\/associativismo\/noticias\/incoterms-e-tema-de-capacitacao-do-cin\/\",\"name\":\"Incoterms \u00e9 tema de capacita\u00e7\u00e3o do CIN - Associativismo\",\"isPartOf\":{\"@id\":\"https:\/\/www.fiemg.com.br\/associativismo\/#website\"},\"primaryImageOfPage\":{\"@id\":\"https:\/\/www.fiemg.com.br\/associativismo\/noticias\/incoterms-e-tema-de-capacitacao-do-cin\/#primaryimage\"},\"image\":{\"@id\":\"https:\/\/www.fiemg.com.br\/associativismo\/noticias\/incoterms-e-tema-de-capacitacao-do-cin\/#primaryimage\"},\"thumbnailUrl\":\"https:\/\/www.fiemg.com.br\/associativismo\/wp-content\/uploads\/sites\/29\/2023\/09\/Thumb-FIEMG.jpg\",\"datePublished\":\"2023-09-20T14:56:07+00:00\",\"dateModified\":\"2023-09-20T15:03:46+00:00\",\"description\":\"A FIEMG, por meio do CIN, oferece capacita\u00e7\u00e3o sobre termos de com\u00e9rcio internacional visando preparar profissionais para o mercado global\",\"breadcrumb\":{\"@id\":\"https:\/\/www.fiemg.com.br\/associativismo\/noticias\/incoterms-e-tema-de-capacitacao-do-cin\/#breadcrumb\"},\"inLanguage\":\"pt-BR\",\"potentialAction\":[{\"@type\":\"ReadAction\",\"target\":[\"https:\/\/www.fiemg.com.br\/associativismo\/noticias\/incoterms-e-tema-de-capacitacao-do-cin\/\"]}]},{\"@type\":\"ImageObject\",\"inLanguage\":\"pt-BR\",\"@id\":\"https:\/\/www.fiemg.com.br\/associativismo\/noticias\/incoterms-e-tema-de-capacitacao-do-cin\/#primaryimage\",\"url\":\"https:\/\/www.fiemg.com.br\/associativismo\/wp-content\/uploads\/sites\/29\/2023\/09\/Thumb-FIEMG.jpg\",\"contentUrl\":\"https:\/\/www.fiemg.com.br\/associativismo\/wp-content\/uploads\/sites\/29\/2023\/09\/Thumb-FIEMG.jpg\",\"width\":300,\"height\":200,\"caption\":\"Incoterms \u00e9 tema de capacita\u00e7\u00e3o do CIN\"},{\"@type\":\"BreadcrumbList\",\"@id\":\"https:\/\/www.fiemg.com.br\/associativismo\/noticias\/incoterms-e-tema-de-capacitacao-do-cin\/#breadcrumb\",\"itemListElement\":[{\"@type\":\"ListItem\",\"position\":1,\"name\":\"In\u00edcio\",\"item\":\"https:\/\/www.fiemg.com.br\/associativismo\/\"},{\"@type\":\"ListItem\",\"position\":2,\"name\":\"Incoterms \u00e9 tema de capacita\u00e7\u00e3o do CIN\"}]},{\"@type\":\"WebSite\",\"@id\":\"https:\/\/www.fiemg.com.br\/associativismo\/#website\",\"url\":\"https:\/\/www.fiemg.com.br\/associativismo\/\",\"name\":\"Associativismo\",\"description\":\"Federa\u00e7\u00e3o das Ind\u00fastrias do Estado de Minas Gerais\",\"publisher\":{\"@id\":\"https:\/\/www.fiemg.com.br\/associativismo\/#organization\"},\"potentialAction\":[{\"@type\":\"SearchAction\",\"target\":{\"@type\":\"EntryPoint\",\"urlTemplate\":\"https:\/\/www.fiemg.com.br\/associativismo\/?s={search_term_string}\"},\"query-input\":{\"@type\":\"PropertyValueSpecification\",\"valueRequired\":true,\"valueName\":\"search_term_string\"}}],\"inLanguage\":\"pt-BR\"},{\"@type\":\"Organization\",\"@id\":\"https:\/\/www.fiemg.com.br\/associativismo\/#organization\",\"name\":\"Associativismo\",\"url\":\"https:\/\/www.fiemg.com.br\/associativismo\/\",\"logo\":{\"@type\":\"ImageObject\",\"inLanguage\":\"pt-BR\",\"@id\":\"https:\/\/www.fiemg.com.br\/associativismo\/#\/schema\/logo\/image\/\",\"url\":\"https:\/\/www.fiemg.com.br\/associativismo\/wp-content\/uploads\/sites\/29\/2023\/02\/fiemg_branco.svg\",\"contentUrl\":\"https:\/\/www.fiemg.com.br\/associativismo\/wp-content\/uploads\/sites\/29\/2023\/02\/fiemg_branco.svg\",\"width\":561,\"height\":147,\"caption\":\"Associativismo\"},\"image\":{\"@id\":\"https:\/\/www.fiemg.com.br\/associativismo\/#\/schema\/logo\/image\/\"}}]}<\/script>\n<!-- \/ Yoast SEO plugin. -->","yoast_head_json":{"title":"Incoterms \u00e9 tema de capacita\u00e7\u00e3o do CIN - Associativismo","description":"A FIEMG, por meio do CIN, oferece capacita\u00e7\u00e3o sobre termos de com\u00e9rcio internacional visando preparar profissionais para o mercado global","robots":{"index":"index","follow":"follow","max-snippet":"max-snippet:-1","max-image-preview":"max-image-preview:large","max-video-preview":"max-video-preview:-1"},"canonical":"https:\/\/www.fiemg.com.br\/associativismo\/noticias\/incoterms-e-tema-de-capacitacao-do-cin\/","og_locale":"pt_BR","og_type":"article","og_title":"Incoterms \u00e9 tema de capacita\u00e7\u00e3o do CIN - Associativismo","og_description":"A FIEMG, por meio do CIN, oferece capacita\u00e7\u00e3o sobre termos de com\u00e9rcio internacional visando preparar profissionais para o mercado global","og_url":"https:\/\/www.fiemg.com.br\/associativismo\/noticias\/incoterms-e-tema-de-capacitacao-do-cin\/","og_site_name":"Associativismo","article_modified_time":"2023-09-20T15:03:46+00:00","og_image":[{"width":300,"height":200,"url":"https:\/\/www.fiemg.com.br\/associativismo\/wp-content\/uploads\/sites\/29\/2023\/09\/Thumb-FIEMG.jpg","type":"image\/jpeg"}],"twitter_card":"summary_large_image","twitter_misc":{"Est. tempo de leitura":"2 minutos"},"schema":{"@context":"https:\/\/schema.org","@graph":[{"@type":"WebPage","@id":"https:\/\/www.fiemg.com.br\/associativismo\/noticias\/incoterms-e-tema-de-capacitacao-do-cin\/","url":"https:\/\/www.fiemg.com.br\/associativismo\/noticias\/incoterms-e-tema-de-capacitacao-do-cin\/","name":"Incoterms \u00e9 tema de capacita\u00e7\u00e3o do CIN - Associativismo","isPartOf":{"@id":"https:\/\/www.fiemg.com.br\/associativismo\/#website"},"primaryImageOfPage":{"@id":"https:\/\/www.fiemg.com.br\/associativismo\/noticias\/incoterms-e-tema-de-capacitacao-do-cin\/#primaryimage"},"image":{"@id":"https:\/\/www.fiemg.com.br\/associativismo\/noticias\/incoterms-e-tema-de-capacitacao-do-cin\/#primaryimage"},"thumbnailUrl":"https:\/\/www.fiemg.com.br\/associativismo\/wp-content\/uploads\/sites\/29\/2023\/09\/Thumb-FIEMG.jpg","datePublished":"2023-09-20T14:56:07+00:00","dateModified":"2023-09-20T15:03:46+00:00","description":"A FIEMG, por meio do CIN, oferece capacita\u00e7\u00e3o sobre termos de com\u00e9rcio internacional visando preparar profissionais para o mercado global","breadcrumb":{"@id":"https:\/\/www.fiemg.com.br\/associativismo\/noticias\/incoterms-e-tema-de-capacitacao-do-cin\/#breadcrumb"},"inLanguage":"pt-BR","potentialAction":[{"@type":"ReadAction","target":["https:\/\/www.fiemg.com.br\/associativismo\/noticias\/incoterms-e-tema-de-capacitacao-do-cin\/"]}]},{"@type":"ImageObject","inLanguage":"pt-BR","@id":"https:\/\/www.fiemg.com.br\/associativismo\/noticias\/incoterms-e-tema-de-capacitacao-do-cin\/#primaryimage","url":"https:\/\/www.fiemg.com.br\/associativismo\/wp-content\/uploads\/sites\/29\/2023\/09\/Thumb-FIEMG.jpg","contentUrl":"https:\/\/www.fiemg.com.br\/associativismo\/wp-content\/uploads\/sites\/29\/2023\/09\/Thumb-FIEMG.jpg","width":300,"height":200,"caption":"Incoterms \u00e9 tema de capacita\u00e7\u00e3o do CIN"},{"@type":"BreadcrumbList","@id":"https:\/\/www.fiemg.com.br\/associativismo\/noticias\/incoterms-e-tema-de-capacitacao-do-cin\/#breadcrumb","itemListElement":[{"@type":"ListItem","position":1,"name":"In\u00edcio","item":"https:\/\/www.fiemg.com.br\/associativismo\/"},{"@type":"ListItem","position":2,"name":"Incoterms \u00e9 tema de capacita\u00e7\u00e3o do CIN"}]},{"@type":"WebSite","@id":"https:\/\/www.fiemg.com.br\/associativismo\/#website","url":"https:\/\/www.fiemg.com.br\/associativismo\/","name":"Associativismo","description":"Federa\u00e7\u00e3o das Ind\u00fastrias do Estado de Minas Gerais","publisher":{"@id":"https:\/\/www.fiemg.com.br\/associativismo\/#organization"},"potentialAction":[{"@type":"SearchAction","target":{"@type":"EntryPoint","urlTemplate":"https:\/\/www.fiemg.com.br\/associativismo\/?s={search_term_string}"},"query-input":{"@type":"PropertyValueSpecification","valueRequired":true,"valueName":"search_term_string"}}],"inLanguage":"pt-BR"},{"@type":"Organization","@id":"https:\/\/www.fiemg.com.br\/associativismo\/#organization","name":"Associativismo","url":"https:\/\/www.fiemg.com.br\/associativismo\/","logo":{"@type":"ImageObject","inLanguage":"pt-BR","@id":"https:\/\/www.fiemg.com.br\/associativismo\/#\/schema\/logo\/image\/","url":"https:\/\/www.fiemg.com.br\/associativismo\/wp-content\/uploads\/sites\/29\/2023\/02\/fiemg_branco.svg","contentUrl":"https:\/\/www.fiemg.com.br\/associativismo\/wp-content\/uploads\/sites\/29\/2023\/02\/fiemg_branco.svg","width":561,"height":147,"caption":"Associativismo"},"image":{"@id":"https:\/\/www.fiemg.com.br\/associativismo\/#\/schema\/logo\/image\/"}}]}},"_links":{"self":[{"href":"https:\/\/www.fiemg.com.br\/associativismo\/wp-json\/wp\/v2\/noticias\/1639","targetHints":{"allow":["GET"]}}],"collection":[{"href":"https:\/\/www.fiemg.com.br\/associativismo\/wp-json\/wp\/v2\/noticias"}],"about":[{"href":"https:\/\/www.fiemg.com.br\/associativismo\/wp-json\/wp\/v2\/types\/noticias"}],"wp:featuredmedia":[{"embeddable":true,"href":"https:\/\/www.fiemg.com.br\/associativismo\/wp-json\/wp\/v2\/media\/1641"}],"wp:attachment":[{"href":"https:\/\/www.fiemg.com.br\/associativismo\/wp-json\/wp\/v2\/media?parent=1639"}],"wp:term":[{"taxonomy":"category","embeddable":true,"href":"https:\/\/www.fiemg.com.br\/associativismo\/wp-json\/wp\/v2\/categories?post=1639"},{"taxonomy":"post_tag","embeddable":true,"href":"https:\/\/www.fiemg.com.br\/associativismo\/wp-json\/wp\/v2\/tags?post=1639"}],"curies":[{"name":"wp","href":"https:\/\/api.w.org\/{rel}","templated":true}]}}