{"id":1663,"date":"2023-09-22T10:40:17","date_gmt":"2023-09-22T13:40:17","guid":{"rendered":"https:\/\/www.fiemg.com.br\/associativismo\/noticias\/seminario-nacional-aborda-corrosao-em-bh\/"},"modified":"2023-09-22T10:43:40","modified_gmt":"2023-09-22T13:43:40","slug":"seminario-nacional-aborda-corrosao-em-bh","status":"publish","type":"noticias","link":"https:\/\/www.fiemg.com.br\/associativismo\/noticias\/seminario-nacional-aborda-corrosao-em-bh\/","title":{"rendered":"Semin\u00e1rio nacional aborda corros\u00e3o em BH"},"content":{"rendered":"\n<p>Na \u00faltima quinta-feira (21\/9), o Centro de Inova\u00e7\u00e3o e Tecnologia (CIT) promoveu um evento de grande relev\u00e2ncia para a \u00e1rea de engenharia e tecnologia: o Semin\u00e1rio Nacional de Corros\u00e3o, Integridade e Prote\u00e7\u00e3o Anticorrosiva (SENIPA). Organizado pelo Centro de Treinamento e Qualifica\u00e7\u00e3o Fernando Fragata (CTQFF) em parceria com o CIT e o Instituto SENAI de Inova\u00e7\u00e3o em Engenharia de Superf\u00edcies, o semin\u00e1rio atraiu um p\u00fablico recorde, com audit\u00f3rio completamente preenchido.<\/p>\n\n\n\n<p>Durante a abertura do semin\u00e1rio, o fundador do CTQFF, Thomas Georg Fink, exaltou a relev\u00e2ncia do evento e agradeceu a todos os envolvidos na organiza\u00e7\u00e3o. \u201cO SENIPA foi criado para viajar pelo Brasil. Nasceu em Maca\u00e9, no estado do Rio de Janeiro, e agora chega em Belo Horizonte com esse grande p\u00fablico. Estou com boas expectativas para expandir para outras cidades do nosso pa\u00eds\u201d, afirma o anfitri\u00e3o.<\/p>\n\n\n\n<h2 class=\"wp-block-heading\"><strong>Integra\u00e7\u00e3o e Solu\u00e7\u00f5es<\/strong><\/h2>\n\n\n\n<p>O evento contou com a participa\u00e7\u00e3o de destacados especialistas, pesquisadores e demais interessados em temas ligados \u00e0 corros\u00e3o e prote\u00e7\u00e3o anticorrosiva. Com o objetivo de apresentar solu\u00e7\u00f5es pr\u00e1ticas para os desafios enfrentados por essa \u00e1rea da engenharia, o SENIPA serviu tamb\u00e9m como um espa\u00e7o para promover a integra\u00e7\u00e3o entre empresas. As discuss\u00f5es promovidas foram de alto n\u00edvel, voltadas para a mitiga\u00e7\u00e3o dos processos corrosivos, uma quest\u00e3o de grande impacto econ\u00f4mico e estrutural em v\u00e1rias ind\u00fastrias.<\/p>\n\n\n\n<p>O s\u00f3cio fundador do CTQFF, Em\u00edlio Castro, que \u00e9 tamb\u00e9m presidente da TecnoFink, explica que o SENIPA foi criado a partir do sucesso do congresso internacional que fala sobre o tema, mas que, apesar disso, n\u00e3o supria uma car\u00eancia regional. \u201cOs grandes eventos nacionais acontecem no Rio e S\u00e3o Paulo. Ent\u00e3o, o semin\u00e1rio veio para divulgar regionalmente, que \u00e9 um semin\u00e1rio itinerante. Cada momento ele vai acontecer em uma parte do Brasil e trazer o conhecimento da \u00e1rea de corros\u00e3o\u201d, falou Castro.<\/p>\n\n\n\n<p>Segundo o pr\u00f3prio Fernando Fragata, que hoje \u00e9 consultor e refer\u00eancia para o segmento, especialmente para o CTQFF, Belo Horizonte merece receber um evento como esse. Fragata, que \u00e9 engenheiro qu\u00edmico com uma longa trajet\u00f3ria na \u00e1rea de prote\u00e7\u00e3o anticorrosiva, revela que sempre existiu nele uma grande preocupa\u00e7\u00e3o em disseminar conhecimento e, por esse motivo, sempre se envolve nesses eventos. \u201cO SENIPA em BH j\u00e1 superou o de Maca\u00e9 em n\u00famero de p\u00fablico, gra\u00e7as ao grande apoio do SENAI. Agora, queremos fazer em outros estados para disseminar o conhecimento em regi\u00f5es que s\u00e3o muito carentes nesse sentido\u201d, diz o consultor e destaca tamb\u00e9m que \u201c\u00e9 importante salientar que 80% do p\u00fablico no CIT \u00e9 mineiro, o que \u00e9 interessante para a proposta do semin\u00e1rio de levar conhecimento para as regi\u00f5es\u201d, finaliza.<\/p>\n\n\n\n<h2 class=\"wp-block-heading\"><strong>Um Ponto de Encontro de Inova\u00e7\u00f5es<\/strong><\/h2>\n\n\n\n<p>Mais do que um mero evento de apresenta\u00e7\u00e3o de solu\u00e7\u00f5es, o semin\u00e1rio funcionou como um verdadeiro ponto de encontro para a troca de experi\u00eancias e estabelecimento de parcerias. Ao reunir os maiores nomes e entusiastas da \u00e1rea, o SENIPA mostrou que \u00e9 poss\u00edvel, atrav\u00e9s da coopera\u00e7\u00e3o e inova\u00e7\u00e3o, enfrentar e superar os desafios relacionados \u00e0 corros\u00e3o e prote\u00e7\u00e3o de superf\u00edcies.<\/p>\n\n\n\n<p>Carlos Bork, assessor da superintend\u00eancia regional do SESI\/SENAI Minas, recebeu os convidados no CIT com grande satisfa\u00e7\u00e3o. \u201cNada melhor do que fazer um evento dessa modalidade no lugar que tem o Instituto SENAI de Inova\u00e7\u00e3o Engenharia de Superf\u00edcies e com o audit\u00f3rio lotado de representantes de empresas importantes. Essa \u00e9 uma oportunidade para fazer networking e conversar com futuros parceiros, para compartilhar solu\u00e7\u00f5es inovadoras que possam fomentar seus neg\u00f3cios\u201d, completa Bork.<\/p>\n\n\n\n<p>Em\u00edlio Castro finaliza dizendo que embora Minas Gerais, n\u00e3o tenha um mercado offshore, ele acredita que o semin\u00e1rio ser\u00e1 enriquecedor pois o ataque qu\u00edmico corrosivo existe em todo o territ\u00f3rio nacional em diversas \u00e1reas. \u201cAcreditamos que com essa divulga\u00e7\u00e3o regional vai melhorar o acesso, o acesso \u00e0s novas tecnologias, aos novos produtos, \u00e0s novas formas de preparo de superf\u00edcie, enfim, de um modo geral contribuir para a melhoria em outras \u00e1reas e n\u00e3o s\u00f3 o offshore\u201d, pontua.<\/p>\n\n\n\n<p>Veja as fotos do SENIPA abaixo:<\/p>\n\n\n\n<figure class=\"wp-block-embed is-type-rich is-provider-flickr wp-block-embed-flickr\"><div class=\"wp-block-embed__wrapper\">\n<a data-flickr-embed='true' href='https:\/\/www.flickr.com\/photos\/sistemafiemg\/albums\/72177720311366400' title='210923 - Semin\u00e1rio Nacional de Corros\u00e3o, Integridade e Prote\u00e7\u00e3o Anticorrosiva em Belo Horizonte - CIT \/ SENAI by FIEMGoficial, on Flickr'><img src='https:\/\/live.staticflickr.com\/65535\/53203324742_8cba9d65a4_c.jpg' width='800' height='600' alt='image00002'><\/a><script async src='https:\/\/embedr.flickr.com\/assets\/client-code.js' charset='utf-8'><\/script>\n<\/div><\/figure>\n\n\n\n<p>A realiza\u00e7\u00e3o de eventos como o SENIPA demonstra a crescente import\u00e2ncia de se discutir e investir em inova\u00e7\u00f5es tecnol\u00f3gicas para garantir a integridade e longevidade das infraestruturas e equipamentos, beneficiando diretamente diversos setores da economia nacional.<\/p>\n\n\n\n<p><em>Ana Paula Motta<\/em><br><strong>Imprensa FIEMG<\/strong><\/p>\n","protected":false},"featured_media":1664,"template":"","categories":[15],"tags":[251,252,164,165],"class_list":["post-1663","noticias","type-noticias","status-publish","has-post-thumbnail","hentry","category-desenvolvimento-industrial","tag-centro-de-inovacao-e-tecnologia","tag-cit-senai","tag-protecao-anticorrosiva","tag-seminario-nacional-de-corrosao"],"acf":[],"yoast_head":"<!-- This site is optimized with the Yoast SEO plugin v26.2 - https:\/\/yoast.com\/wordpress\/plugins\/seo\/ -->\n<title>Semin\u00e1rio nacional aborda corros\u00e3o em BH - Associativismo<\/title>\n<meta name=\"description\" content=\"SENIPA re\u00fane especialistas no CIT para discutir solu\u00e7\u00f5es e integra\u00e7\u00e3o no campo da corros\u00e3o e prote\u00e7\u00e3o anticorrosiva\" \/>\n<meta name=\"robots\" content=\"index, follow, max-snippet:-1, max-image-preview:large, max-video-preview:-1\" \/>\n<link rel=\"canonical\" href=\"https:\/\/www.fiemg.com.br\/associativismo\/noticias\/seminario-nacional-aborda-corrosao-em-bh\/\" \/>\n<meta property=\"og:locale\" content=\"pt_BR\" \/>\n<meta property=\"og:type\" content=\"article\" \/>\n<meta property=\"og:title\" content=\"Semin\u00e1rio nacional aborda corros\u00e3o em BH - Associativismo\" \/>\n<meta property=\"og:description\" content=\"SENIPA re\u00fane especialistas no CIT para discutir solu\u00e7\u00f5es e integra\u00e7\u00e3o no campo da corros\u00e3o e prote\u00e7\u00e3o anticorrosiva\" \/>\n<meta property=\"og:url\" content=\"https:\/\/www.fiemg.com.br\/associativismo\/noticias\/seminario-nacional-aborda-corrosao-em-bh\/\" \/>\n<meta property=\"og:site_name\" content=\"Associativismo\" \/>\n<meta property=\"article:modified_time\" content=\"2023-09-22T13:43:40+00:00\" \/>\n<meta property=\"og:image\" content=\"https:\/\/www.fiemg.com.br\/associativismo\/wp-content\/uploads\/sites\/29\/2023\/09\/senipa-cit-senai-bh.jpg\" \/>\n\t<meta property=\"og:image:width\" content=\"300\" \/>\n\t<meta property=\"og:image:height\" content=\"200\" \/>\n\t<meta property=\"og:image:type\" content=\"image\/jpeg\" \/>\n<meta name=\"twitter:card\" content=\"summary_large_image\" \/>\n<meta name=\"twitter:label1\" content=\"Est. tempo de leitura\" \/>\n\t<meta name=\"twitter:data1\" content=\"4 minutos\" \/>\n<script type=\"application\/ld+json\" class=\"yoast-schema-graph\">{\"@context\":\"https:\/\/schema.org\",\"@graph\":[{\"@type\":\"WebPage\",\"@id\":\"https:\/\/www.fiemg.com.br\/associativismo\/noticias\/seminario-nacional-aborda-corrosao-em-bh\/\",\"url\":\"https:\/\/www.fiemg.com.br\/associativismo\/noticias\/seminario-nacional-aborda-corrosao-em-bh\/\",\"name\":\"Semin\u00e1rio nacional aborda corros\u00e3o em BH - Associativismo\",\"isPartOf\":{\"@id\":\"https:\/\/www.fiemg.com.br\/associativismo\/#website\"},\"primaryImageOfPage\":{\"@id\":\"https:\/\/www.fiemg.com.br\/associativismo\/noticias\/seminario-nacional-aborda-corrosao-em-bh\/#primaryimage\"},\"image\":{\"@id\":\"https:\/\/www.fiemg.com.br\/associativismo\/noticias\/seminario-nacional-aborda-corrosao-em-bh\/#primaryimage\"},\"thumbnailUrl\":\"https:\/\/www.fiemg.com.br\/associativismo\/wp-content\/uploads\/sites\/29\/2023\/09\/senipa-cit-senai-bh.jpg\",\"datePublished\":\"2023-09-22T13:40:17+00:00\",\"dateModified\":\"2023-09-22T13:43:40+00:00\",\"description\":\"SENIPA re\u00fane especialistas no CIT para discutir solu\u00e7\u00f5es e integra\u00e7\u00e3o no campo da corros\u00e3o e prote\u00e7\u00e3o anticorrosiva\",\"breadcrumb\":{\"@id\":\"https:\/\/www.fiemg.com.br\/associativismo\/noticias\/seminario-nacional-aborda-corrosao-em-bh\/#breadcrumb\"},\"inLanguage\":\"pt-BR\",\"potentialAction\":[{\"@type\":\"ReadAction\",\"target\":[\"https:\/\/www.fiemg.com.br\/associativismo\/noticias\/seminario-nacional-aborda-corrosao-em-bh\/\"]}]},{\"@type\":\"ImageObject\",\"inLanguage\":\"pt-BR\",\"@id\":\"https:\/\/www.fiemg.com.br\/associativismo\/noticias\/seminario-nacional-aborda-corrosao-em-bh\/#primaryimage\",\"url\":\"https:\/\/www.fiemg.com.br\/associativismo\/wp-content\/uploads\/sites\/29\/2023\/09\/senipa-cit-senai-bh.jpg\",\"contentUrl\":\"https:\/\/www.fiemg.com.br\/associativismo\/wp-content\/uploads\/sites\/29\/2023\/09\/senipa-cit-senai-bh.jpg\",\"width\":300,\"height\":200,\"caption\":\"Semin\u00e1rio nacional aborda corros\u00e3o em BH\"},{\"@type\":\"BreadcrumbList\",\"@id\":\"https:\/\/www.fiemg.com.br\/associativismo\/noticias\/seminario-nacional-aborda-corrosao-em-bh\/#breadcrumb\",\"itemListElement\":[{\"@type\":\"ListItem\",\"position\":1,\"name\":\"In\u00edcio\",\"item\":\"https:\/\/www.fiemg.com.br\/associativismo\/\"},{\"@type\":\"ListItem\",\"position\":2,\"name\":\"Semin\u00e1rio nacional aborda corros\u00e3o em BH\"}]},{\"@type\":\"WebSite\",\"@id\":\"https:\/\/www.fiemg.com.br\/associativismo\/#website\",\"url\":\"https:\/\/www.fiemg.com.br\/associativismo\/\",\"name\":\"Associativismo\",\"description\":\"Federa\u00e7\u00e3o das Ind\u00fastrias do Estado de Minas Gerais\",\"publisher\":{\"@id\":\"https:\/\/www.fiemg.com.br\/associativismo\/#organization\"},\"potentialAction\":[{\"@type\":\"SearchAction\",\"target\":{\"@type\":\"EntryPoint\",\"urlTemplate\":\"https:\/\/www.fiemg.com.br\/associativismo\/?s={search_term_string}\"},\"query-input\":{\"@type\":\"PropertyValueSpecification\",\"valueRequired\":true,\"valueName\":\"search_term_string\"}}],\"inLanguage\":\"pt-BR\"},{\"@type\":\"Organization\",\"@id\":\"https:\/\/www.fiemg.com.br\/associativismo\/#organization\",\"name\":\"Associativismo\",\"url\":\"https:\/\/www.fiemg.com.br\/associativismo\/\",\"logo\":{\"@type\":\"ImageObject\",\"inLanguage\":\"pt-BR\",\"@id\":\"https:\/\/www.fiemg.com.br\/associativismo\/#\/schema\/logo\/image\/\",\"url\":\"https:\/\/www.fiemg.com.br\/associativismo\/wp-content\/uploads\/sites\/29\/2023\/02\/fiemg_branco.svg\",\"contentUrl\":\"https:\/\/www.fiemg.com.br\/associativismo\/wp-content\/uploads\/sites\/29\/2023\/02\/fiemg_branco.svg\",\"width\":561,\"height\":147,\"caption\":\"Associativismo\"},\"image\":{\"@id\":\"https:\/\/www.fiemg.com.br\/associativismo\/#\/schema\/logo\/image\/\"}}]}<\/script>\n<!-- \/ Yoast SEO plugin. -->","yoast_head_json":{"title":"Semin\u00e1rio nacional aborda corros\u00e3o em BH - Associativismo","description":"SENIPA re\u00fane especialistas no CIT para discutir solu\u00e7\u00f5es e integra\u00e7\u00e3o no campo da corros\u00e3o e prote\u00e7\u00e3o anticorrosiva","robots":{"index":"index","follow":"follow","max-snippet":"max-snippet:-1","max-image-preview":"max-image-preview:large","max-video-preview":"max-video-preview:-1"},"canonical":"https:\/\/www.fiemg.com.br\/associativismo\/noticias\/seminario-nacional-aborda-corrosao-em-bh\/","og_locale":"pt_BR","og_type":"article","og_title":"Semin\u00e1rio nacional aborda corros\u00e3o em BH - Associativismo","og_description":"SENIPA re\u00fane especialistas no CIT para discutir solu\u00e7\u00f5es e integra\u00e7\u00e3o no campo da corros\u00e3o e prote\u00e7\u00e3o anticorrosiva","og_url":"https:\/\/www.fiemg.com.br\/associativismo\/noticias\/seminario-nacional-aborda-corrosao-em-bh\/","og_site_name":"Associativismo","article_modified_time":"2023-09-22T13:43:40+00:00","og_image":[{"width":300,"height":200,"url":"https:\/\/www.fiemg.com.br\/associativismo\/wp-content\/uploads\/sites\/29\/2023\/09\/senipa-cit-senai-bh.jpg","type":"image\/jpeg"}],"twitter_card":"summary_large_image","twitter_misc":{"Est. tempo de leitura":"4 minutos"},"schema":{"@context":"https:\/\/schema.org","@graph":[{"@type":"WebPage","@id":"https:\/\/www.fiemg.com.br\/associativismo\/noticias\/seminario-nacional-aborda-corrosao-em-bh\/","url":"https:\/\/www.fiemg.com.br\/associativismo\/noticias\/seminario-nacional-aborda-corrosao-em-bh\/","name":"Semin\u00e1rio nacional aborda corros\u00e3o em BH - Associativismo","isPartOf":{"@id":"https:\/\/www.fiemg.com.br\/associativismo\/#website"},"primaryImageOfPage":{"@id":"https:\/\/www.fiemg.com.br\/associativismo\/noticias\/seminario-nacional-aborda-corrosao-em-bh\/#primaryimage"},"image":{"@id":"https:\/\/www.fiemg.com.br\/associativismo\/noticias\/seminario-nacional-aborda-corrosao-em-bh\/#primaryimage"},"thumbnailUrl":"https:\/\/www.fiemg.com.br\/associativismo\/wp-content\/uploads\/sites\/29\/2023\/09\/senipa-cit-senai-bh.jpg","datePublished":"2023-09-22T13:40:17+00:00","dateModified":"2023-09-22T13:43:40+00:00","description":"SENIPA re\u00fane especialistas no CIT para discutir solu\u00e7\u00f5es e integra\u00e7\u00e3o no campo da corros\u00e3o e prote\u00e7\u00e3o anticorrosiva","breadcrumb":{"@id":"https:\/\/www.fiemg.com.br\/associativismo\/noticias\/seminario-nacional-aborda-corrosao-em-bh\/#breadcrumb"},"inLanguage":"pt-BR","potentialAction":[{"@type":"ReadAction","target":["https:\/\/www.fiemg.com.br\/associativismo\/noticias\/seminario-nacional-aborda-corrosao-em-bh\/"]}]},{"@type":"ImageObject","inLanguage":"pt-BR","@id":"https:\/\/www.fiemg.com.br\/associativismo\/noticias\/seminario-nacional-aborda-corrosao-em-bh\/#primaryimage","url":"https:\/\/www.fiemg.com.br\/associativismo\/wp-content\/uploads\/sites\/29\/2023\/09\/senipa-cit-senai-bh.jpg","contentUrl":"https:\/\/www.fiemg.com.br\/associativismo\/wp-content\/uploads\/sites\/29\/2023\/09\/senipa-cit-senai-bh.jpg","width":300,"height":200,"caption":"Semin\u00e1rio nacional aborda corros\u00e3o em BH"},{"@type":"BreadcrumbList","@id":"https:\/\/www.fiemg.com.br\/associativismo\/noticias\/seminario-nacional-aborda-corrosao-em-bh\/#breadcrumb","itemListElement":[{"@type":"ListItem","position":1,"name":"In\u00edcio","item":"https:\/\/www.fiemg.com.br\/associativismo\/"},{"@type":"ListItem","position":2,"name":"Semin\u00e1rio nacional aborda corros\u00e3o em BH"}]},{"@type":"WebSite","@id":"https:\/\/www.fiemg.com.br\/associativismo\/#website","url":"https:\/\/www.fiemg.com.br\/associativismo\/","name":"Associativismo","description":"Federa\u00e7\u00e3o das Ind\u00fastrias do Estado de Minas Gerais","publisher":{"@id":"https:\/\/www.fiemg.com.br\/associativismo\/#organization"},"potentialAction":[{"@type":"SearchAction","target":{"@type":"EntryPoint","urlTemplate":"https:\/\/www.fiemg.com.br\/associativismo\/?s={search_term_string}"},"query-input":{"@type":"PropertyValueSpecification","valueRequired":true,"valueName":"search_term_string"}}],"inLanguage":"pt-BR"},{"@type":"Organization","@id":"https:\/\/www.fiemg.com.br\/associativismo\/#organization","name":"Associativismo","url":"https:\/\/www.fiemg.com.br\/associativismo\/","logo":{"@type":"ImageObject","inLanguage":"pt-BR","@id":"https:\/\/www.fiemg.com.br\/associativismo\/#\/schema\/logo\/image\/","url":"https:\/\/www.fiemg.com.br\/associativismo\/wp-content\/uploads\/sites\/29\/2023\/02\/fiemg_branco.svg","contentUrl":"https:\/\/www.fiemg.com.br\/associativismo\/wp-content\/uploads\/sites\/29\/2023\/02\/fiemg_branco.svg","width":561,"height":147,"caption":"Associativismo"},"image":{"@id":"https:\/\/www.fiemg.com.br\/associativismo\/#\/schema\/logo\/image\/"}}]}},"_links":{"self":[{"href":"https:\/\/www.fiemg.com.br\/associativismo\/wp-json\/wp\/v2\/noticias\/1663","targetHints":{"allow":["GET"]}}],"collection":[{"href":"https:\/\/www.fiemg.com.br\/associativismo\/wp-json\/wp\/v2\/noticias"}],"about":[{"href":"https:\/\/www.fiemg.com.br\/associativismo\/wp-json\/wp\/v2\/types\/noticias"}],"wp:featuredmedia":[{"embeddable":true,"href":"https:\/\/www.fiemg.com.br\/associativismo\/wp-json\/wp\/v2\/media\/1664"}],"wp:attachment":[{"href":"https:\/\/www.fiemg.com.br\/associativismo\/wp-json\/wp\/v2\/media?parent=1663"}],"wp:term":[{"taxonomy":"category","embeddable":true,"href":"https:\/\/www.fiemg.com.br\/associativismo\/wp-json\/wp\/v2\/categories?post=1663"},{"taxonomy":"post_tag","embeddable":true,"href":"https:\/\/www.fiemg.com.br\/associativismo\/wp-json\/wp\/v2\/tags?post=1663"}],"curies":[{"name":"wp","href":"https:\/\/api.w.org\/{rel}","templated":true}]}}