{"id":1696,"date":"2023-09-27T15:55:54","date_gmt":"2023-09-27T18:55:54","guid":{"rendered":"https:\/\/www.fiemg.com.br\/associativismo\/noticias\/projeto-de-alerta-de-crise-epileptica-desenvolvido-pelo-sesi-sao-joao-del-rei-e-premiado-na-24a-ufmg-jovem\/"},"modified":"2023-09-27T17:11:12","modified_gmt":"2023-09-27T20:11:12","slug":"projeto-de-alerta-de-crise-epileptica-desenvolvido-pelo-sesi-sao-joao-del-rei-e-premiado-na-24a-ufmg-jovem","status":"publish","type":"noticias","link":"https:\/\/www.fiemg.com.br\/associativismo\/noticias\/projeto-de-alerta-de-crise-epileptica-desenvolvido-pelo-sesi-sao-joao-del-rei-e-premiado-na-24a-ufmg-jovem\/","title":{"rendered":"Projeto de Alerta de Crise Epil\u00e9ptica desenvolvido pelo SESI SJDR \u00e9 premiado na 24\u00aa UFMG Jovem"},"content":{"rendered":"\n<p>Alunos do SESI S\u00e3o Jo\u00e3o del-Rei foram premiados na 24\u00aa UFMG Jovem com o projeto &#8220;Projeto DEdA &#8211; Dispositivo Eletr\u00f4nico de Alerta de Crise Epil\u00e9ptica&#8221;. A ideia inovadora teve in\u00edcio em 2022 e obteve o 3\u00b0 lugar geral na categoria de projetos de Ensino M\u00e9dio, al\u00e9m de conquistar o 1\u00b0 lugar na categoria de Ci\u00eancias Biol\u00f3gicas e Sa\u00fade.<\/p>\n\n\n\n<p><\/p>\n\n\n\n<h2 class=\"wp-block-heading\"><strong>Uma Ideia que Come\u00e7ou na Sala de Aula:<\/strong><\/h2>\n\n\n\n<p><\/p>\n\n\n\n<p>O Projeto DEdA nasceu da inspira\u00e7\u00e3o do professor de Ci\u00eancias Biol\u00f3gicas Vandeir Geraldo, que compartilhou com seus alunos do 9\u00b0 ano sua experi\u00eancia em feiras de Ci\u00eancias. Um grupo de estudantes, formado pelos alunos Mariana Campos, Jo\u00e3o Ibrahim El-Corab e Rafael Macedo, procurou o professor com o desejo de desenvolver um projeto para o SESIVERSO 2022 que fosse relevante para a comunidade.<\/p>\n\n\n\n<p>A inspira\u00e7\u00e3o veio de uma hist\u00f3ria pessoal de um dos alunos, que perdeu um ente querido devido a crises epil\u00e9pticas, uma condi\u00e7\u00e3o que afeta milh\u00f5es de pessoas em todo o mundo e que n\u00e3o possui cura. Os estudantes viram a pesquisa como uma maneira de contribuir para a sociedade. A ideia central do projeto era criar um dispositivo eletr\u00f4nico capaz de alertar pessoas pr\u00f3ximas e canais de emerg\u00eancia quando uma crise epil\u00e9ptica se manifestasse.<\/p>\n\n\n\n<p><\/p>\n\n\n\n<h2 class=\"wp-block-heading\"><strong>Colabora\u00e7\u00e3o e Apoio Essenciais:<\/strong><\/h2>\n\n\n\n<p><\/p>\n\n\n\n<p>Para transformar essa vis\u00e3o em realidade, os alunos buscaram suporte na Universidade Federal de S\u00e3o Jo\u00e3o del-Rei (UFSJ), na equipe docente do SENAI SJDR e at\u00e9 mesmo em um ex-aluno da escola SESI SJDR, que fazia parte de uma equipe de Rob\u00f3tica. Eles conduziram pesquisas bibliogr\u00e1ficas aprofundadas sobre a epilepsia e, com base nesses estudos, desenvolveram um prot\u00f3tipo de dispositivo que monitora os sintomas da doen\u00e7a e emite alertas por meio de um aplicativo instalado em um celular.<\/p>\n\n\n\n<p><\/p>\n\n\n\n<h2 class=\"wp-block-heading\"><strong>Desafios e Conquistas:<\/strong><\/h2>\n\n\n\n<p><\/p>\n\n\n\n<p>Com o relat\u00f3rio da pesquisa e prot\u00f3tipo prontos, o professor Vandeir Geraldo apresentou a proposta \u00e0s equipes pedag\u00f3gica e gestora da escola SESI SJDR, solicitando apoio para a submiss\u00e3o do projeto na&nbsp;24\u00aa&nbsp;UFMG&nbsp;Jovem, que aconteceu em Belo Horizonte nos dias 14 e 15 de setembro. A participa\u00e7\u00e3o dos alunos envolveu a produ\u00e7\u00e3o de materiais gr\u00e1ficos, como banners e panfletos, al\u00e9m dos custos com deslocamento, hospedagem e alimenta\u00e7\u00e3o para o professor e os tr\u00eas estudantes da 1\u00aa s\u00e9rie\/NEM.<\/p>\n\n\n\n<p>Apesar dos desafios financeiros, a comunidade escolar se mobilizou para viabilizar a participa\u00e7\u00e3o. Durante o evento, o grupo montou um estande e apresentou seu projeto a avaliadores e ao p\u00fablico visitante. A Feira contou com a participa\u00e7\u00e3o de 163 escolas de 25 munic\u00edpios, sendo o SESI S\u00e3o Jo\u00e3o del-Rei a \u00fanica unidade presente representando a rede SESI\/MG, o que torna a conquista ainda mais significativa.<\/p>\n\n\n\n<p><\/p>\n\n\n\n<h2 class=\"wp-block-heading\"><strong>Reconhecimento e Novos Horizontes:<\/strong><\/h2>\n\n\n\n<p><\/p>\n\n\n\n<p>Ap\u00f3s intensas avalia\u00e7\u00f5es, o Projeto DEdA foi agraciado com o 3\u00b0 lugar geral na categoria de projetos de Ensino M\u00e9dio e o 1\u00b0 lugar na categoria de Ci\u00eancias Biol\u00f3gicas e Sa\u00fade. Al\u00e9m das premia\u00e7\u00f5es, os alunos receberam blusas do evento, materiais de refer\u00eancia, assinaturas da revista Ci\u00eancias Hoje e Bolsas de Inicia\u00e7\u00e3o Cient\u00edfica J\u00fanior. O sucesso na 24\u00aa UFMG Jovem abriu novas portas para o projeto, com convite para participa\u00e7\u00e3o na 11\u00aa FEBRAT (Feira Brasileira dos Col\u00e9gios de Aplica\u00e7\u00e3o e Escolas T\u00e9cnicas), que ser\u00e1 realizada de 23 a 25 de outubro, em Belo Horizonte.<\/p>\n\n\n\n<p>Representando o SESI S\u00e3o Jo\u00e3o del-Rei, a diretora Fernanda Teixeira e a pedagoga Genekelly de Oliveira, est\u00e3o muito satisfeitas com o reconhecimento obtido pelo projeto e dispostas a continuar apoiando os esfor\u00e7os de seus alunos e professores na busca por solu\u00e7\u00f5es inovadoras para a sociedade. \u201cEsta foi uma conquista realmente relevante, nossos alunos obtiveram um resultado muito bom e eles v\u00e3o para a&nbsp;Etapa Nacional, j\u00e1 estamos programando\u201d, disse. J\u00e1 Genekelly agradece a todos os envolvidos que tornaram poss\u00edvel essa jornada de descobertas e conquistas. \u201cEstamos muito felizes em pode disseminar ainda mais o projeto, que torna evidente que&nbsp;o futuro s\u00e3o nossos pr\u00f3prios alunos que fazem\u201d, declara.<\/p>\n\n\n\n<p><\/p>\n\n\n\n<p><em>Graciele Vianna<\/em><\/p>\n\n\n\n<p><strong>Imprensa FIEMG<\/strong><\/p>\n","protected":false},"featured_media":1697,"template":"","categories":[16,270],"tags":[],"class_list":["post-1696","noticias","type-noticias","status-publish","has-post-thumbnail","hentry","category-educacao","category-sesi"],"acf":[],"yoast_head":"<!-- This site is optimized with the Yoast SEO plugin v26.2 - https:\/\/yoast.com\/wordpress\/plugins\/seo\/ -->\n<title>Projeto de Alerta de Crise Epil\u00e9ptica desenvolvido pelo SESI SJDR \u00e9 premiado na 24\u00aa UFMG Jovem - Associativismo<\/title>\n<meta name=\"robots\" content=\"index, follow, max-snippet:-1, max-image-preview:large, max-video-preview:-1\" \/>\n<link rel=\"canonical\" href=\"https:\/\/www.fiemg.com.br\/associativismo\/noticias\/projeto-de-alerta-de-crise-epileptica-desenvolvido-pelo-sesi-sao-joao-del-rei-e-premiado-na-24a-ufmg-jovem\/\" \/>\n<meta property=\"og:locale\" content=\"pt_BR\" \/>\n<meta property=\"og:type\" content=\"article\" \/>\n<meta property=\"og:title\" content=\"Projeto de Alerta de Crise Epil\u00e9ptica desenvolvido pelo SESI SJDR \u00e9 premiado na 24\u00aa UFMG Jovem - Associativismo\" \/>\n<meta property=\"og:description\" content=\"Alunos do SESI S\u00e3o Jo\u00e3o del-Rei foram premiados na 24\u00aa UFMG Jovem com o projeto &#8220;Projeto DEdA &#8211; Dispositivo Eletr\u00f4nico de Alerta de Crise Epil\u00e9ptica&#8221;. A ideia inovadora teve in\u00edcio em 2022 e obteve o 3\u00b0 lugar geral na categoria de projetos de Ensino M\u00e9dio, al\u00e9m de conquistar o 1\u00b0 lugar na categoria de Ci\u00eancias [&hellip;]\" \/>\n<meta property=\"og:url\" content=\"https:\/\/www.fiemg.com.br\/associativismo\/noticias\/projeto-de-alerta-de-crise-epileptica-desenvolvido-pelo-sesi-sao-joao-del-rei-e-premiado-na-24a-ufmg-jovem\/\" \/>\n<meta property=\"og:site_name\" content=\"Associativismo\" \/>\n<meta property=\"article:modified_time\" content=\"2023-09-27T20:11:12+00:00\" \/>\n<meta property=\"og:image\" content=\"https:\/\/www.fiemg.com.br\/associativismo\/wp-content\/uploads\/sites\/29\/2023\/09\/premio-projeto-sesi-sjdr-grupo-1-e1695840918450.jpg\" \/>\n\t<meta property=\"og:image:width\" content=\"475\" \/>\n\t<meta property=\"og:image:height\" content=\"365\" \/>\n\t<meta property=\"og:image:type\" content=\"image\/jpeg\" \/>\n<meta name=\"twitter:card\" content=\"summary_large_image\" \/>\n<meta name=\"twitter:label1\" content=\"Est. tempo de leitura\" \/>\n\t<meta name=\"twitter:data1\" content=\"4 minutos\" \/>\n<script type=\"application\/ld+json\" class=\"yoast-schema-graph\">{\"@context\":\"https:\/\/schema.org\",\"@graph\":[{\"@type\":\"WebPage\",\"@id\":\"https:\/\/www.fiemg.com.br\/associativismo\/noticias\/projeto-de-alerta-de-crise-epileptica-desenvolvido-pelo-sesi-sao-joao-del-rei-e-premiado-na-24a-ufmg-jovem\/\",\"url\":\"https:\/\/www.fiemg.com.br\/associativismo\/noticias\/projeto-de-alerta-de-crise-epileptica-desenvolvido-pelo-sesi-sao-joao-del-rei-e-premiado-na-24a-ufmg-jovem\/\",\"name\":\"Projeto de Alerta de Crise Epil\u00e9ptica desenvolvido pelo SESI SJDR \u00e9 premiado na 24\u00aa UFMG Jovem - Associativismo\",\"isPartOf\":{\"@id\":\"https:\/\/www.fiemg.com.br\/associativismo\/#website\"},\"primaryImageOfPage\":{\"@id\":\"https:\/\/www.fiemg.com.br\/associativismo\/noticias\/projeto-de-alerta-de-crise-epileptica-desenvolvido-pelo-sesi-sao-joao-del-rei-e-premiado-na-24a-ufmg-jovem\/#primaryimage\"},\"image\":{\"@id\":\"https:\/\/www.fiemg.com.br\/associativismo\/noticias\/projeto-de-alerta-de-crise-epileptica-desenvolvido-pelo-sesi-sao-joao-del-rei-e-premiado-na-24a-ufmg-jovem\/#primaryimage\"},\"thumbnailUrl\":\"https:\/\/www.fiemg.com.br\/associativismo\/wp-content\/uploads\/sites\/29\/2023\/09\/premio-projeto-sesi-sjdr-grupo-1-e1695840918450.jpg\",\"datePublished\":\"2023-09-27T18:55:54+00:00\",\"dateModified\":\"2023-09-27T20:11:12+00:00\",\"breadcrumb\":{\"@id\":\"https:\/\/www.fiemg.com.br\/associativismo\/noticias\/projeto-de-alerta-de-crise-epileptica-desenvolvido-pelo-sesi-sao-joao-del-rei-e-premiado-na-24a-ufmg-jovem\/#breadcrumb\"},\"inLanguage\":\"pt-BR\",\"potentialAction\":[{\"@type\":\"ReadAction\",\"target\":[\"https:\/\/www.fiemg.com.br\/associativismo\/noticias\/projeto-de-alerta-de-crise-epileptica-desenvolvido-pelo-sesi-sao-joao-del-rei-e-premiado-na-24a-ufmg-jovem\/\"]}]},{\"@type\":\"ImageObject\",\"inLanguage\":\"pt-BR\",\"@id\":\"https:\/\/www.fiemg.com.br\/associativismo\/noticias\/projeto-de-alerta-de-crise-epileptica-desenvolvido-pelo-sesi-sao-joao-del-rei-e-premiado-na-24a-ufmg-jovem\/#primaryimage\",\"url\":\"https:\/\/www.fiemg.com.br\/associativismo\/wp-content\/uploads\/sites\/29\/2023\/09\/premio-projeto-sesi-sjdr-grupo-1-e1695840918450.jpg\",\"contentUrl\":\"https:\/\/www.fiemg.com.br\/associativismo\/wp-content\/uploads\/sites\/29\/2023\/09\/premio-projeto-sesi-sjdr-grupo-1-e1695840918450.jpg\",\"width\":475,\"height\":365,\"caption\":\"Projeto de Alerta de Crise Epil\u00e9ptica Desenvolvido pelo SESI S\u00e3o Jo\u00e3o del-Rei \u00e9 Premiado na 24\u00aa UFMG Jovem\"},{\"@type\":\"BreadcrumbList\",\"@id\":\"https:\/\/www.fiemg.com.br\/associativismo\/noticias\/projeto-de-alerta-de-crise-epileptica-desenvolvido-pelo-sesi-sao-joao-del-rei-e-premiado-na-24a-ufmg-jovem\/#breadcrumb\",\"itemListElement\":[{\"@type\":\"ListItem\",\"position\":1,\"name\":\"In\u00edcio\",\"item\":\"https:\/\/www.fiemg.com.br\/associativismo\/\"},{\"@type\":\"ListItem\",\"position\":2,\"name\":\"Projeto de Alerta de Crise Epil\u00e9ptica desenvolvido pelo SESI SJDR \u00e9 premiado na 24\u00aa UFMG Jovem\"}]},{\"@type\":\"WebSite\",\"@id\":\"https:\/\/www.fiemg.com.br\/associativismo\/#website\",\"url\":\"https:\/\/www.fiemg.com.br\/associativismo\/\",\"name\":\"Associativismo\",\"description\":\"Federa\u00e7\u00e3o das Ind\u00fastrias do Estado de Minas Gerais\",\"publisher\":{\"@id\":\"https:\/\/www.fiemg.com.br\/associativismo\/#organization\"},\"potentialAction\":[{\"@type\":\"SearchAction\",\"target\":{\"@type\":\"EntryPoint\",\"urlTemplate\":\"https:\/\/www.fiemg.com.br\/associativismo\/?s={search_term_string}\"},\"query-input\":{\"@type\":\"PropertyValueSpecification\",\"valueRequired\":true,\"valueName\":\"search_term_string\"}}],\"inLanguage\":\"pt-BR\"},{\"@type\":\"Organization\",\"@id\":\"https:\/\/www.fiemg.com.br\/associativismo\/#organization\",\"name\":\"Associativismo\",\"url\":\"https:\/\/www.fiemg.com.br\/associativismo\/\",\"logo\":{\"@type\":\"ImageObject\",\"inLanguage\":\"pt-BR\",\"@id\":\"https:\/\/www.fiemg.com.br\/associativismo\/#\/schema\/logo\/image\/\",\"url\":\"https:\/\/www.fiemg.com.br\/associativismo\/wp-content\/uploads\/sites\/29\/2023\/02\/fiemg_branco.svg\",\"contentUrl\":\"https:\/\/www.fiemg.com.br\/associativismo\/wp-content\/uploads\/sites\/29\/2023\/02\/fiemg_branco.svg\",\"width\":561,\"height\":147,\"caption\":\"Associativismo\"},\"image\":{\"@id\":\"https:\/\/www.fiemg.com.br\/associativismo\/#\/schema\/logo\/image\/\"}}]}<\/script>\n<!-- \/ Yoast SEO plugin. -->","yoast_head_json":{"title":"Projeto de Alerta de Crise Epil\u00e9ptica desenvolvido pelo SESI SJDR \u00e9 premiado na 24\u00aa UFMG Jovem - Associativismo","robots":{"index":"index","follow":"follow","max-snippet":"max-snippet:-1","max-image-preview":"max-image-preview:large","max-video-preview":"max-video-preview:-1"},"canonical":"https:\/\/www.fiemg.com.br\/associativismo\/noticias\/projeto-de-alerta-de-crise-epileptica-desenvolvido-pelo-sesi-sao-joao-del-rei-e-premiado-na-24a-ufmg-jovem\/","og_locale":"pt_BR","og_type":"article","og_title":"Projeto de Alerta de Crise Epil\u00e9ptica desenvolvido pelo SESI SJDR \u00e9 premiado na 24\u00aa UFMG Jovem - Associativismo","og_description":"Alunos do SESI S\u00e3o Jo\u00e3o del-Rei foram premiados na 24\u00aa UFMG Jovem com o projeto &#8220;Projeto DEdA &#8211; Dispositivo Eletr\u00f4nico de Alerta de Crise Epil\u00e9ptica&#8221;. A ideia inovadora teve in\u00edcio em 2022 e obteve o 3\u00b0 lugar geral na categoria de projetos de Ensino M\u00e9dio, al\u00e9m de conquistar o 1\u00b0 lugar na categoria de Ci\u00eancias [&hellip;]","og_url":"https:\/\/www.fiemg.com.br\/associativismo\/noticias\/projeto-de-alerta-de-crise-epileptica-desenvolvido-pelo-sesi-sao-joao-del-rei-e-premiado-na-24a-ufmg-jovem\/","og_site_name":"Associativismo","article_modified_time":"2023-09-27T20:11:12+00:00","og_image":[{"width":475,"height":365,"url":"https:\/\/www.fiemg.com.br\/associativismo\/wp-content\/uploads\/sites\/29\/2023\/09\/premio-projeto-sesi-sjdr-grupo-1-e1695840918450.jpg","type":"image\/jpeg"}],"twitter_card":"summary_large_image","twitter_misc":{"Est. tempo de leitura":"4 minutos"},"schema":{"@context":"https:\/\/schema.org","@graph":[{"@type":"WebPage","@id":"https:\/\/www.fiemg.com.br\/associativismo\/noticias\/projeto-de-alerta-de-crise-epileptica-desenvolvido-pelo-sesi-sao-joao-del-rei-e-premiado-na-24a-ufmg-jovem\/","url":"https:\/\/www.fiemg.com.br\/associativismo\/noticias\/projeto-de-alerta-de-crise-epileptica-desenvolvido-pelo-sesi-sao-joao-del-rei-e-premiado-na-24a-ufmg-jovem\/","name":"Projeto de Alerta de Crise Epil\u00e9ptica desenvolvido pelo SESI SJDR \u00e9 premiado na 24\u00aa UFMG Jovem - Associativismo","isPartOf":{"@id":"https:\/\/www.fiemg.com.br\/associativismo\/#website"},"primaryImageOfPage":{"@id":"https:\/\/www.fiemg.com.br\/associativismo\/noticias\/projeto-de-alerta-de-crise-epileptica-desenvolvido-pelo-sesi-sao-joao-del-rei-e-premiado-na-24a-ufmg-jovem\/#primaryimage"},"image":{"@id":"https:\/\/www.fiemg.com.br\/associativismo\/noticias\/projeto-de-alerta-de-crise-epileptica-desenvolvido-pelo-sesi-sao-joao-del-rei-e-premiado-na-24a-ufmg-jovem\/#primaryimage"},"thumbnailUrl":"https:\/\/www.fiemg.com.br\/associativismo\/wp-content\/uploads\/sites\/29\/2023\/09\/premio-projeto-sesi-sjdr-grupo-1-e1695840918450.jpg","datePublished":"2023-09-27T18:55:54+00:00","dateModified":"2023-09-27T20:11:12+00:00","breadcrumb":{"@id":"https:\/\/www.fiemg.com.br\/associativismo\/noticias\/projeto-de-alerta-de-crise-epileptica-desenvolvido-pelo-sesi-sao-joao-del-rei-e-premiado-na-24a-ufmg-jovem\/#breadcrumb"},"inLanguage":"pt-BR","potentialAction":[{"@type":"ReadAction","target":["https:\/\/www.fiemg.com.br\/associativismo\/noticias\/projeto-de-alerta-de-crise-epileptica-desenvolvido-pelo-sesi-sao-joao-del-rei-e-premiado-na-24a-ufmg-jovem\/"]}]},{"@type":"ImageObject","inLanguage":"pt-BR","@id":"https:\/\/www.fiemg.com.br\/associativismo\/noticias\/projeto-de-alerta-de-crise-epileptica-desenvolvido-pelo-sesi-sao-joao-del-rei-e-premiado-na-24a-ufmg-jovem\/#primaryimage","url":"https:\/\/www.fiemg.com.br\/associativismo\/wp-content\/uploads\/sites\/29\/2023\/09\/premio-projeto-sesi-sjdr-grupo-1-e1695840918450.jpg","contentUrl":"https:\/\/www.fiemg.com.br\/associativismo\/wp-content\/uploads\/sites\/29\/2023\/09\/premio-projeto-sesi-sjdr-grupo-1-e1695840918450.jpg","width":475,"height":365,"caption":"Projeto de Alerta de Crise Epil\u00e9ptica Desenvolvido pelo SESI S\u00e3o Jo\u00e3o del-Rei \u00e9 Premiado na 24\u00aa UFMG Jovem"},{"@type":"BreadcrumbList","@id":"https:\/\/www.fiemg.com.br\/associativismo\/noticias\/projeto-de-alerta-de-crise-epileptica-desenvolvido-pelo-sesi-sao-joao-del-rei-e-premiado-na-24a-ufmg-jovem\/#breadcrumb","itemListElement":[{"@type":"ListItem","position":1,"name":"In\u00edcio","item":"https:\/\/www.fiemg.com.br\/associativismo\/"},{"@type":"ListItem","position":2,"name":"Projeto de Alerta de Crise Epil\u00e9ptica desenvolvido pelo SESI SJDR \u00e9 premiado na 24\u00aa UFMG Jovem"}]},{"@type":"WebSite","@id":"https:\/\/www.fiemg.com.br\/associativismo\/#website","url":"https:\/\/www.fiemg.com.br\/associativismo\/","name":"Associativismo","description":"Federa\u00e7\u00e3o das Ind\u00fastrias do Estado de Minas Gerais","publisher":{"@id":"https:\/\/www.fiemg.com.br\/associativismo\/#organization"},"potentialAction":[{"@type":"SearchAction","target":{"@type":"EntryPoint","urlTemplate":"https:\/\/www.fiemg.com.br\/associativismo\/?s={search_term_string}"},"query-input":{"@type":"PropertyValueSpecification","valueRequired":true,"valueName":"search_term_string"}}],"inLanguage":"pt-BR"},{"@type":"Organization","@id":"https:\/\/www.fiemg.com.br\/associativismo\/#organization","name":"Associativismo","url":"https:\/\/www.fiemg.com.br\/associativismo\/","logo":{"@type":"ImageObject","inLanguage":"pt-BR","@id":"https:\/\/www.fiemg.com.br\/associativismo\/#\/schema\/logo\/image\/","url":"https:\/\/www.fiemg.com.br\/associativismo\/wp-content\/uploads\/sites\/29\/2023\/02\/fiemg_branco.svg","contentUrl":"https:\/\/www.fiemg.com.br\/associativismo\/wp-content\/uploads\/sites\/29\/2023\/02\/fiemg_branco.svg","width":561,"height":147,"caption":"Associativismo"},"image":{"@id":"https:\/\/www.fiemg.com.br\/associativismo\/#\/schema\/logo\/image\/"}}]}},"_links":{"self":[{"href":"https:\/\/www.fiemg.com.br\/associativismo\/wp-json\/wp\/v2\/noticias\/1696","targetHints":{"allow":["GET"]}}],"collection":[{"href":"https:\/\/www.fiemg.com.br\/associativismo\/wp-json\/wp\/v2\/noticias"}],"about":[{"href":"https:\/\/www.fiemg.com.br\/associativismo\/wp-json\/wp\/v2\/types\/noticias"}],"wp:featuredmedia":[{"embeddable":true,"href":"https:\/\/www.fiemg.com.br\/associativismo\/wp-json\/wp\/v2\/media\/1697"}],"wp:attachment":[{"href":"https:\/\/www.fiemg.com.br\/associativismo\/wp-json\/wp\/v2\/media?parent=1696"}],"wp:term":[{"taxonomy":"category","embeddable":true,"href":"https:\/\/www.fiemg.com.br\/associativismo\/wp-json\/wp\/v2\/categories?post=1696"},{"taxonomy":"post_tag","embeddable":true,"href":"https:\/\/www.fiemg.com.br\/associativismo\/wp-json\/wp\/v2\/tags?post=1696"}],"curies":[{"name":"wp","href":"https:\/\/api.w.org\/{rel}","templated":true}]}}