{"id":1716,"date":"2023-09-29T09:13:38","date_gmt":"2023-09-29T12:13:38","guid":{"rendered":"https:\/\/www.fiemg.com.br\/associativismo\/noticias\/sindipan-jf-comemora-25-anos-de-seu-encontro-de-panificadores-e-fornecedores\/"},"modified":"2023-09-29T12:13:00","modified_gmt":"2023-09-29T15:13:00","slug":"sindipan-jf-comemora-25-anos-de-seu-encontro-de-panificadores-e-fornecedores","status":"publish","type":"noticias","link":"https:\/\/www.fiemg.com.br\/associativismo\/noticias\/sindipan-jf-comemora-25-anos-de-seu-encontro-de-panificadores-e-fornecedores\/","title":{"rendered":"Sindipan-JF comemora 25 anos de seu Encontro de Panificadores e Fornecedores"},"content":{"rendered":"\n<p>O Sindicato Intermunicipal das Ind\u00fastrias de Panifica\u00e7\u00e3o e Confeitaria de Juiz de Fora e Regi\u00e3o (Sindipan-JF) realizou, no dia 23 de setembro, seu 25\u00ba Encontro de Panificadores e Fornecedores.&nbsp;O evento chegou \u00e0 marca hist\u00f3rica de 25 edi\u00e7\u00f5es reunindo lideran\u00e7as empresariais e institucionais, autoridades pol\u00edticas e empres\u00e1rios. Mais uma vez o encontro foi realizado na Esta\u00e7\u00e3o S\u00e3o Pedro, em Juiz de Fora, e contou com a presen\u00e7a de cerca de 800 pessoas.&nbsp;As tradicionais homenagens foram entregues pela diretoria do sindicato \u00e0s empresas e personalidades que mais contribu\u00edram para o engrandecimento do setor.&nbsp;<\/p>\n\n\n\n<p><\/p>\n\n\n\n<h2 class=\"wp-block-heading\">Homenagens<\/h2>\n\n\n\n<p><\/p>\n\n\n\n<p>A \u201cMulher Panificadora do Ano\u201d foi Luciana Marques Cabral, da Padaria Amor e P\u00e3o. O pr\u00eamio de &#8220;Express\u00e3o Jovem do ano&#8221; ficou para Caio Cesar Lopes Vasconcelos, da Padaria \u00c1gua na Boca. Para receber o pr\u00eamio de \u201cEmpresa Fornecedora do Ano\u201d a Lesfri Ind\u00fastria e Com\u00e9rcio de Refrigera\u00e7\u00e3o levou seu s\u00f3cio Cil\u00e9sio Pinheiro Pessam\u00edlio. A Padaria Central, representada por Sheyla Carvalho, foi escolhida como \u201cEmpresa Panificadora do ano\u201d, e o empres\u00e1rio Nelmo Amaral Fortes recebeu uma homenagem especial.<\/p>\n\n\n\n<p><\/p>\n\n\n\n<h2 class=\"wp-block-heading\">Inova\u00e7\u00e3o como lema do Sindicato<\/h2>\n\n\n\n<p><\/p>\n\n\n\n<p>O presidente do Sindipan-JF e da FIEMG Regional Zona da Mata, Heveraldo Lima de Castro, enfatizou em seu discurso o lema do setor: a inova\u00e7\u00e3o. &#8220;Em um mundo em constante evolu\u00e7\u00e3o, n\u00e3o podemos nos apegar apenas \u00e0 tradi\u00e7\u00e3o. Precisamos abra\u00e7ar a inova\u00e7\u00e3o, a criatividade e a busca incessante pela melhoria. A inova\u00e7\u00e3o \u00e9 o combust\u00edvel que nos levar\u00e1 a novos patamares de excel\u00eancia em nossos produtos e servi\u00e7os&#8221;, defendeu.<\/p>\n\n\n\n<p><\/p>\n\n\n\n<h2 class=\"wp-block-heading\">Sabores que marcaram gera\u00e7\u00f5es<\/h2>\n\n\n\n<p>Neste ano, o encontro ganhou uma dimens\u00e3o ainda mais especial com o tema &#8220;Sabores que marcaram gera\u00e7\u00f5es&#8221;, que refletiu a ess\u00eancia da Panifica\u00e7\u00e3o. &#8220;N\u00e3o apenas produzimos p\u00e3es e produtos de qualidade, mas tamb\u00e9m criamos experi\u00eancias memor\u00e1veis para as pessoas, momentos e sentimentos que atravessam gera\u00e7\u00f5es. Uma magia de aromas e sabores capazes de despertar lembran\u00e7as e emo\u00e7\u00f5es&#8221;, explicou Heveraldo.&nbsp;<\/p>\n\n\n\n<p>Na entrada do evento os presentes puderam acompanhar uma exposi\u00e7\u00e3o que contou a hist\u00f3ria da Panifica\u00e7\u00e3o em Juiz de Fora e regi\u00e3o. Uma homenagem \u00e0queles guerreiros que, ao longo do tempo, moldaram e aprimoraram o setor, compartilhando tradi\u00e7\u00e3o e inova\u00e7\u00e3o.&nbsp;<\/p>\n\n\n\n<p>Ap\u00f3s a entrega das homenagens, os convidados puderam se divertir ao som da banda F\u00f3rmula 7 e da dupla Diego &amp; Felipe.<\/p>\n\n\n\n<p>Confira as fotos&nbsp;<a href=\"https:\/\/sindipanjf.com.br\/eventos\"><strong>aqui<\/strong><\/a><\/p>\n\n\n\n<p><\/p>\n\n\n\n<p><\/p>\n\n\n\n<p><strong>Graciele Vianna<\/strong><\/p>\n\n\n\n<p><strong>Imprensa FIEMG<\/strong><\/p>\n\n\n\n<p><em>Colabora\u00e7\u00e3o: Trip\u00e9 Comunica\u00e7\u00e3o \/ Sindipan-JF<\/em><\/p>\n","protected":false},"featured_media":1726,"template":"","categories":[282],"tags":[],"class_list":["post-1716","noticias","type-noticias","status-publish","has-post-thumbnail","hentry","category-associativismo"],"acf":[],"yoast_head":"<!-- This site is optimized with the Yoast SEO plugin v26.2 - https:\/\/yoast.com\/wordpress\/plugins\/seo\/ -->\n<title>Sindipan-JF comemora 25 anos de seu Encontro de Panificadores e Fornecedores - Associativismo<\/title>\n<meta name=\"robots\" content=\"index, follow, max-snippet:-1, max-image-preview:large, max-video-preview:-1\" \/>\n<link rel=\"canonical\" href=\"https:\/\/www.fiemg.com.br\/associativismo\/noticias\/sindipan-jf-comemora-25-anos-de-seu-encontro-de-panificadores-e-fornecedores\/\" \/>\n<meta property=\"og:locale\" content=\"pt_BR\" \/>\n<meta property=\"og:type\" content=\"article\" \/>\n<meta property=\"og:title\" content=\"Sindipan-JF comemora 25 anos de seu Encontro de Panificadores e Fornecedores - Associativismo\" \/>\n<meta property=\"og:description\" content=\"O Sindicato Intermunicipal das Ind\u00fastrias de Panifica\u00e7\u00e3o e Confeitaria de Juiz de Fora e Regi\u00e3o (Sindipan-JF) realizou, no dia 23 de setembro, seu 25\u00ba Encontro de Panificadores e Fornecedores.&nbsp;O evento chegou \u00e0 marca hist\u00f3rica de 25 edi\u00e7\u00f5es reunindo lideran\u00e7as empresariais e institucionais, autoridades pol\u00edticas e empres\u00e1rios. Mais uma vez o encontro foi realizado na Esta\u00e7\u00e3o [&hellip;]\" \/>\n<meta property=\"og:url\" content=\"https:\/\/www.fiemg.com.br\/associativismo\/noticias\/sindipan-jf-comemora-25-anos-de-seu-encontro-de-panificadores-e-fornecedores\/\" \/>\n<meta property=\"og:site_name\" content=\"Associativismo\" \/>\n<meta property=\"article:modified_time\" content=\"2023-09-29T15:13:00+00:00\" \/>\n<meta property=\"og:image\" content=\"https:\/\/www.fiemg.com.br\/associativismo\/wp-content\/uploads\/sites\/29\/2023\/09\/festa-sindipan-2023-1-e1695989540494.jpg\" \/>\n\t<meta property=\"og:image:width\" content=\"1024\" \/>\n\t<meta property=\"og:image:height\" content=\"418\" \/>\n\t<meta property=\"og:image:type\" content=\"image\/jpeg\" \/>\n<meta name=\"twitter:card\" content=\"summary_large_image\" \/>\n<meta name=\"twitter:label1\" content=\"Est. tempo de leitura\" \/>\n\t<meta name=\"twitter:data1\" content=\"3 minutos\" \/>\n<script type=\"application\/ld+json\" class=\"yoast-schema-graph\">{\"@context\":\"https:\/\/schema.org\",\"@graph\":[{\"@type\":\"WebPage\",\"@id\":\"https:\/\/www.fiemg.com.br\/associativismo\/noticias\/sindipan-jf-comemora-25-anos-de-seu-encontro-de-panificadores-e-fornecedores\/\",\"url\":\"https:\/\/www.fiemg.com.br\/associativismo\/noticias\/sindipan-jf-comemora-25-anos-de-seu-encontro-de-panificadores-e-fornecedores\/\",\"name\":\"Sindipan-JF comemora 25 anos de seu Encontro de Panificadores e Fornecedores - Associativismo\",\"isPartOf\":{\"@id\":\"https:\/\/www.fiemg.com.br\/associativismo\/#website\"},\"primaryImageOfPage\":{\"@id\":\"https:\/\/www.fiemg.com.br\/associativismo\/noticias\/sindipan-jf-comemora-25-anos-de-seu-encontro-de-panificadores-e-fornecedores\/#primaryimage\"},\"image\":{\"@id\":\"https:\/\/www.fiemg.com.br\/associativismo\/noticias\/sindipan-jf-comemora-25-anos-de-seu-encontro-de-panificadores-e-fornecedores\/#primaryimage\"},\"thumbnailUrl\":\"https:\/\/www.fiemg.com.br\/associativismo\/wp-content\/uploads\/sites\/29\/2023\/09\/festa-sindipan-2023-1-e1695989540494.jpg\",\"datePublished\":\"2023-09-29T12:13:38+00:00\",\"dateModified\":\"2023-09-29T15:13:00+00:00\",\"breadcrumb\":{\"@id\":\"https:\/\/www.fiemg.com.br\/associativismo\/noticias\/sindipan-jf-comemora-25-anos-de-seu-encontro-de-panificadores-e-fornecedores\/#breadcrumb\"},\"inLanguage\":\"pt-BR\",\"potentialAction\":[{\"@type\":\"ReadAction\",\"target\":[\"https:\/\/www.fiemg.com.br\/associativismo\/noticias\/sindipan-jf-comemora-25-anos-de-seu-encontro-de-panificadores-e-fornecedores\/\"]}]},{\"@type\":\"ImageObject\",\"inLanguage\":\"pt-BR\",\"@id\":\"https:\/\/www.fiemg.com.br\/associativismo\/noticias\/sindipan-jf-comemora-25-anos-de-seu-encontro-de-panificadores-e-fornecedores\/#primaryimage\",\"url\":\"https:\/\/www.fiemg.com.br\/associativismo\/wp-content\/uploads\/sites\/29\/2023\/09\/festa-sindipan-2023-1-e1695989540494.jpg\",\"contentUrl\":\"https:\/\/www.fiemg.com.br\/associativismo\/wp-content\/uploads\/sites\/29\/2023\/09\/festa-sindipan-2023-1-e1695989540494.jpg\",\"width\":1024,\"height\":418,\"caption\":\"SINDIPAN-JF COMEMORA 25 ANOS DE DE SEU ENCONTRO DE PANIFICADORES E FORNECEDORES\"},{\"@type\":\"BreadcrumbList\",\"@id\":\"https:\/\/www.fiemg.com.br\/associativismo\/noticias\/sindipan-jf-comemora-25-anos-de-seu-encontro-de-panificadores-e-fornecedores\/#breadcrumb\",\"itemListElement\":[{\"@type\":\"ListItem\",\"position\":1,\"name\":\"In\u00edcio\",\"item\":\"https:\/\/www.fiemg.com.br\/associativismo\/\"},{\"@type\":\"ListItem\",\"position\":2,\"name\":\"Sindipan-JF comemora 25 anos de seu Encontro de Panificadores e Fornecedores\"}]},{\"@type\":\"WebSite\",\"@id\":\"https:\/\/www.fiemg.com.br\/associativismo\/#website\",\"url\":\"https:\/\/www.fiemg.com.br\/associativismo\/\",\"name\":\"Associativismo\",\"description\":\"Federa\u00e7\u00e3o das Ind\u00fastrias do Estado de Minas Gerais\",\"publisher\":{\"@id\":\"https:\/\/www.fiemg.com.br\/associativismo\/#organization\"},\"potentialAction\":[{\"@type\":\"SearchAction\",\"target\":{\"@type\":\"EntryPoint\",\"urlTemplate\":\"https:\/\/www.fiemg.com.br\/associativismo\/?s={search_term_string}\"},\"query-input\":{\"@type\":\"PropertyValueSpecification\",\"valueRequired\":true,\"valueName\":\"search_term_string\"}}],\"inLanguage\":\"pt-BR\"},{\"@type\":\"Organization\",\"@id\":\"https:\/\/www.fiemg.com.br\/associativismo\/#organization\",\"name\":\"Associativismo\",\"url\":\"https:\/\/www.fiemg.com.br\/associativismo\/\",\"logo\":{\"@type\":\"ImageObject\",\"inLanguage\":\"pt-BR\",\"@id\":\"https:\/\/www.fiemg.com.br\/associativismo\/#\/schema\/logo\/image\/\",\"url\":\"https:\/\/www.fiemg.com.br\/associativismo\/wp-content\/uploads\/sites\/29\/2023\/02\/fiemg_branco.svg\",\"contentUrl\":\"https:\/\/www.fiemg.com.br\/associativismo\/wp-content\/uploads\/sites\/29\/2023\/02\/fiemg_branco.svg\",\"width\":561,\"height\":147,\"caption\":\"Associativismo\"},\"image\":{\"@id\":\"https:\/\/www.fiemg.com.br\/associativismo\/#\/schema\/logo\/image\/\"}}]}<\/script>\n<!-- \/ Yoast SEO plugin. -->","yoast_head_json":{"title":"Sindipan-JF comemora 25 anos de seu Encontro de Panificadores e Fornecedores - Associativismo","robots":{"index":"index","follow":"follow","max-snippet":"max-snippet:-1","max-image-preview":"max-image-preview:large","max-video-preview":"max-video-preview:-1"},"canonical":"https:\/\/www.fiemg.com.br\/associativismo\/noticias\/sindipan-jf-comemora-25-anos-de-seu-encontro-de-panificadores-e-fornecedores\/","og_locale":"pt_BR","og_type":"article","og_title":"Sindipan-JF comemora 25 anos de seu Encontro de Panificadores e Fornecedores - Associativismo","og_description":"O Sindicato Intermunicipal das Ind\u00fastrias de Panifica\u00e7\u00e3o e Confeitaria de Juiz de Fora e Regi\u00e3o (Sindipan-JF) realizou, no dia 23 de setembro, seu 25\u00ba Encontro de Panificadores e Fornecedores.&nbsp;O evento chegou \u00e0 marca hist\u00f3rica de 25 edi\u00e7\u00f5es reunindo lideran\u00e7as empresariais e institucionais, autoridades pol\u00edticas e empres\u00e1rios. Mais uma vez o encontro foi realizado na Esta\u00e7\u00e3o [&hellip;]","og_url":"https:\/\/www.fiemg.com.br\/associativismo\/noticias\/sindipan-jf-comemora-25-anos-de-seu-encontro-de-panificadores-e-fornecedores\/","og_site_name":"Associativismo","article_modified_time":"2023-09-29T15:13:00+00:00","og_image":[{"width":1024,"height":418,"url":"https:\/\/www.fiemg.com.br\/associativismo\/wp-content\/uploads\/sites\/29\/2023\/09\/festa-sindipan-2023-1-e1695989540494.jpg","type":"image\/jpeg"}],"twitter_card":"summary_large_image","twitter_misc":{"Est. tempo de leitura":"3 minutos"},"schema":{"@context":"https:\/\/schema.org","@graph":[{"@type":"WebPage","@id":"https:\/\/www.fiemg.com.br\/associativismo\/noticias\/sindipan-jf-comemora-25-anos-de-seu-encontro-de-panificadores-e-fornecedores\/","url":"https:\/\/www.fiemg.com.br\/associativismo\/noticias\/sindipan-jf-comemora-25-anos-de-seu-encontro-de-panificadores-e-fornecedores\/","name":"Sindipan-JF comemora 25 anos de seu Encontro de Panificadores e Fornecedores - Associativismo","isPartOf":{"@id":"https:\/\/www.fiemg.com.br\/associativismo\/#website"},"primaryImageOfPage":{"@id":"https:\/\/www.fiemg.com.br\/associativismo\/noticias\/sindipan-jf-comemora-25-anos-de-seu-encontro-de-panificadores-e-fornecedores\/#primaryimage"},"image":{"@id":"https:\/\/www.fiemg.com.br\/associativismo\/noticias\/sindipan-jf-comemora-25-anos-de-seu-encontro-de-panificadores-e-fornecedores\/#primaryimage"},"thumbnailUrl":"https:\/\/www.fiemg.com.br\/associativismo\/wp-content\/uploads\/sites\/29\/2023\/09\/festa-sindipan-2023-1-e1695989540494.jpg","datePublished":"2023-09-29T12:13:38+00:00","dateModified":"2023-09-29T15:13:00+00:00","breadcrumb":{"@id":"https:\/\/www.fiemg.com.br\/associativismo\/noticias\/sindipan-jf-comemora-25-anos-de-seu-encontro-de-panificadores-e-fornecedores\/#breadcrumb"},"inLanguage":"pt-BR","potentialAction":[{"@type":"ReadAction","target":["https:\/\/www.fiemg.com.br\/associativismo\/noticias\/sindipan-jf-comemora-25-anos-de-seu-encontro-de-panificadores-e-fornecedores\/"]}]},{"@type":"ImageObject","inLanguage":"pt-BR","@id":"https:\/\/www.fiemg.com.br\/associativismo\/noticias\/sindipan-jf-comemora-25-anos-de-seu-encontro-de-panificadores-e-fornecedores\/#primaryimage","url":"https:\/\/www.fiemg.com.br\/associativismo\/wp-content\/uploads\/sites\/29\/2023\/09\/festa-sindipan-2023-1-e1695989540494.jpg","contentUrl":"https:\/\/www.fiemg.com.br\/associativismo\/wp-content\/uploads\/sites\/29\/2023\/09\/festa-sindipan-2023-1-e1695989540494.jpg","width":1024,"height":418,"caption":"SINDIPAN-JF COMEMORA 25 ANOS DE DE SEU ENCONTRO DE PANIFICADORES E FORNECEDORES"},{"@type":"BreadcrumbList","@id":"https:\/\/www.fiemg.com.br\/associativismo\/noticias\/sindipan-jf-comemora-25-anos-de-seu-encontro-de-panificadores-e-fornecedores\/#breadcrumb","itemListElement":[{"@type":"ListItem","position":1,"name":"In\u00edcio","item":"https:\/\/www.fiemg.com.br\/associativismo\/"},{"@type":"ListItem","position":2,"name":"Sindipan-JF comemora 25 anos de seu Encontro de Panificadores e Fornecedores"}]},{"@type":"WebSite","@id":"https:\/\/www.fiemg.com.br\/associativismo\/#website","url":"https:\/\/www.fiemg.com.br\/associativismo\/","name":"Associativismo","description":"Federa\u00e7\u00e3o das Ind\u00fastrias do Estado de Minas Gerais","publisher":{"@id":"https:\/\/www.fiemg.com.br\/associativismo\/#organization"},"potentialAction":[{"@type":"SearchAction","target":{"@type":"EntryPoint","urlTemplate":"https:\/\/www.fiemg.com.br\/associativismo\/?s={search_term_string}"},"query-input":{"@type":"PropertyValueSpecification","valueRequired":true,"valueName":"search_term_string"}}],"inLanguage":"pt-BR"},{"@type":"Organization","@id":"https:\/\/www.fiemg.com.br\/associativismo\/#organization","name":"Associativismo","url":"https:\/\/www.fiemg.com.br\/associativismo\/","logo":{"@type":"ImageObject","inLanguage":"pt-BR","@id":"https:\/\/www.fiemg.com.br\/associativismo\/#\/schema\/logo\/image\/","url":"https:\/\/www.fiemg.com.br\/associativismo\/wp-content\/uploads\/sites\/29\/2023\/02\/fiemg_branco.svg","contentUrl":"https:\/\/www.fiemg.com.br\/associativismo\/wp-content\/uploads\/sites\/29\/2023\/02\/fiemg_branco.svg","width":561,"height":147,"caption":"Associativismo"},"image":{"@id":"https:\/\/www.fiemg.com.br\/associativismo\/#\/schema\/logo\/image\/"}}]}},"_links":{"self":[{"href":"https:\/\/www.fiemg.com.br\/associativismo\/wp-json\/wp\/v2\/noticias\/1716","targetHints":{"allow":["GET"]}}],"collection":[{"href":"https:\/\/www.fiemg.com.br\/associativismo\/wp-json\/wp\/v2\/noticias"}],"about":[{"href":"https:\/\/www.fiemg.com.br\/associativismo\/wp-json\/wp\/v2\/types\/noticias"}],"wp:featuredmedia":[{"embeddable":true,"href":"https:\/\/www.fiemg.com.br\/associativismo\/wp-json\/wp\/v2\/media\/1726"}],"wp:attachment":[{"href":"https:\/\/www.fiemg.com.br\/associativismo\/wp-json\/wp\/v2\/media?parent=1716"}],"wp:term":[{"taxonomy":"category","embeddable":true,"href":"https:\/\/www.fiemg.com.br\/associativismo\/wp-json\/wp\/v2\/categories?post=1716"},{"taxonomy":"post_tag","embeddable":true,"href":"https:\/\/www.fiemg.com.br\/associativismo\/wp-json\/wp\/v2\/tags?post=1716"}],"curies":[{"name":"wp","href":"https:\/\/api.w.org\/{rel}","templated":true}]}}