{"id":1792,"date":"2023-10-05T12:18:16","date_gmt":"2023-10-05T15:18:16","guid":{"rendered":"https:\/\/www.fiemg.com.br\/associativismo\/noticias\/moda-e-tecnologia-impulsionam-a-programacao-do-minas-trend\/"},"modified":"2023-10-18T09:56:47","modified_gmt":"2023-10-18T12:56:47","slug":"moda-e-tecnologia-impulsionam-a-programacao-do-minas-trend","status":"publish","type":"noticias","link":"https:\/\/www.fiemg.com.br\/associativismo\/noticias\/moda-e-tecnologia-impulsionam-a-programacao-do-minas-trend\/","title":{"rendered":"Moda e tecnologia impulsionam a programa\u00e7\u00e3o do Minas Trend"},"content":{"rendered":"\n<p>De 24 a 27 de outubro, Belo Horizonte resgata sua voca\u00e7\u00e3o de unir moda e neg\u00f3cios, durante a 30\u00aa edi\u00e7\u00e3o do Minas Trend, evento promovido pela FIEMG &#8211; Federa\u00e7\u00e3o das Ind\u00fastrias do Estado de Minas Gerais. A temporada outono-inverno 2024 desponta com uma vasta programa\u00e7\u00e3o voltada para compradores e p\u00fablico em geral no Minascentro e em outros locais da capital: Autom\u00f3vel Clube, Museu da Moda de Belo Horizonte (Mumo), Pal\u00e1cio das Artes, P7 Criativo e em equipamentos do Circuito Liberdade: Centro Cultural Banco do Brasil (CCBB-BH), Escola de Design (UEMG) e Memorial Minas Gerais Vale.<\/p>\n\n\n\n<p>Com o objetivo de promover o interc\u00e2mbio de conhecimento e a integra\u00e7\u00e3o entre profissionais, o leque de atividades engloba quatro desfiles &#8211; Passarela da Liberdade, Outono-inverno 2024 da M.Rodarte, 4 Fashion Show e Minas Trend Kids \u2013 Baby e Teens, palestras, talks, workshops, lives, al\u00e9m de uma exposi\u00e7\u00e3o do SENAI, que revisita as tem\u00e1ticas marcantes de edi\u00e7\u00f5es anteriores. Todas as iniciativas foram pensadas para estimular o crescimento e a organiza\u00e7\u00e3o do setor.<\/p>\n\n\n\n<p>A programa\u00e7\u00e3o de palestras, workshops e talks do Minas Trend possibilita ao participante visitar e conhecer locais representativos e hist\u00f3ricos da cidade. \u201c\u00c9 interessante ressaltar que as inscri\u00e7\u00f5es nos eventos tamb\u00e9m propiciam ao p\u00fablico a oportunidade de se sentir parte do evento, uma vez que a entrada no sal\u00e3o de neg\u00f3cios \u00e9 permitida somente para lojistas com CNPJ\u201d, acrescenta Francielly Martins, gestora do evento.<\/p>\n\n\n\n<figure class=\"wp-block-image aligncenter size-full\"><img fetchpriority=\"high\" decoding=\"async\" width=\"1000\" height=\"666\" src=\"https:\/\/www.fiemg.com.br\/associativismo\/wp-content\/uploads\/sites\/29\/2023\/10\/minas-trend-30-edicao-vestuario.jpeg\" alt=\"\" class=\"wp-image-1794\" srcset=\"https:\/\/www.fiemg.com.br\/associativismo\/wp-content\/uploads\/sites\/29\/2023\/10\/minas-trend-30-edicao-vestuario.jpeg 1000w, https:\/\/www.fiemg.com.br\/associativismo\/wp-content\/uploads\/sites\/29\/2023\/10\/minas-trend-30-edicao-vestuario-300x200.jpeg 300w, https:\/\/www.fiemg.com.br\/associativismo\/wp-content\/uploads\/sites\/29\/2023\/10\/minas-trend-30-edicao-vestuario-768x511.jpeg 768w\" sizes=\"(max-width: 1000px) 100vw, 1000px\" \/><\/figure>\n\n\n\n<p>A Semana de Moda de Minas Gerais acontece de 22 a 27 de outubro e a abertura est\u00e1 marcada para domingo, dia 22, \u00e0s 20 horas, no foyer do Pal\u00e1cio das Artes, com o desfile de \u201cModa e arte no Pal\u00e1cio\u201d para convidados. O projeto \u00e9 da Associa\u00e7\u00e3o dos Criadores e Estilistas de Minas Gerais (A.Criem), a partir da Lei Estadual de Incentivo da Cultura, via edital Cemig e apoio da FIEMG e SECULT \u2013 Secretaria da Cultura do Estado de Minas Gerais, e apresenta o trabalho de 50 estilistas, sendo 40 veteranos e 10 novatos.\u00a0 \u201cEssa \u00e9 a terceira vez que a Secretaria Estadual de Cultura (Secult-MG) estabelece parceria com o Minas Trend, promovendo esse importante encontro entre moda e cultura e integrando uma programa\u00e7\u00e3o diversificada do Circuito Liberdade durante o evento\u201d, afirma a diretora-executiva do Circuito Liberdade, Natalie Oliffson.<\/p>\n\n\n\n<p>Na segunda-feira, dia 23, \u00e0s 20h, acontece o desfile da M.Rodarte, que este ano celebra 40 anos. &nbsp;O desfile para convidados no Autom\u00f3vel Clube, apresenta a cole\u00e7\u00e3o do outono-inverno 2024 da marca. &nbsp;<\/p>\n\n\n\n<p>Na ter\u00e7a-feira, dia 24, \u00e0s 10 horas, o sal\u00e3o de neg\u00f3cios da 30\u00aa edi\u00e7\u00e3o \u00e9 aberto oficialmente, no Minascentro, com o tema \u201cAs novas conex\u00f5es de moda\u201d.&nbsp; \u00c0s 11 horas, o presidente da FIEMG (Federa\u00e7\u00e3o das Ind\u00fastrias de Minas Gerais), Fl\u00e1vio Roscoe, dar\u00e1 coletiva de imprensa. Na sequ\u00eancia, palestras, talks e lives entram na agenda do dia, que se encerra, \u00e0s 20 horas, com o desfile 4 Fashion Show, no Grande Teatro do Minascentro, promovido pelo Sindijoias-MG e Sindivest-MG.<\/p>\n\n\n\n<figure class=\"wp-block-image aligncenter size-full\"><img decoding=\"async\" width=\"1000\" height=\"666\" src=\"https:\/\/www.fiemg.com.br\/associativismo\/wp-content\/uploads\/sites\/29\/2023\/10\/minas-trend-30-edicao-negocios.jpeg\" alt=\"\" class=\"wp-image-1793\" srcset=\"https:\/\/www.fiemg.com.br\/associativismo\/wp-content\/uploads\/sites\/29\/2023\/10\/minas-trend-30-edicao-negocios.jpeg 1000w, https:\/\/www.fiemg.com.br\/associativismo\/wp-content\/uploads\/sites\/29\/2023\/10\/minas-trend-30-edicao-negocios-300x200.jpeg 300w, https:\/\/www.fiemg.com.br\/associativismo\/wp-content\/uploads\/sites\/29\/2023\/10\/minas-trend-30-edicao-negocios-768x511.jpeg 768w\" sizes=\"(max-width: 1000px) 100vw, 1000px\" \/><\/figure>\n\n\n\n<p>\u201cAcreditamos que todos os conte\u00fados s\u00e3o importantes, uma vez que trazem novidades para o setor. As palestras, principalmente, v\u00e3o abordar temas que dialogam diretamente com o lojista, falam do seu dia a dia e de como diversos detalhes que passam despercebidos podem impactar nas vendas para o consumidor final. Selecionamos assuntos que s\u00e3o de interesse das pessoas que integram a cadeia produtiva de moda. Na programa\u00e7\u00e3o, h\u00e1 abordagens de pautas que v\u00e3o desde como melhorar uma vitrine para vender mais a ilustra\u00e7\u00e3o de moda para estilistas e conte\u00fados sobre a tecnologia na ind\u00fastria da moda\u201d, pontua Francielly.<\/p>\n\n\n\n<p>A moda infantojuvenil (de zero a 16 anos) pede passagem, no dia 25, quarta-feira, \u00e0s 18 horas, no Minascentro, estreando a inclus\u00e3o do segmento no evento a partir do desfile Minas Trend Kids \u2013 Baby e Teens, que re\u00fane 40 marcas. A a\u00e7\u00e3o \u00e9 uma iniciativa da C\u00e2mara da Ind\u00fastria do Vestu\u00e1rio e Acess\u00f3rios da FIEMG, com o apoio do Sindivest-MG, patroc\u00ednio da Prefeitura de Belo Horizonte, por meio da Belotur, e produ\u00e7\u00e3o executiva da Top Agency.<\/p>\n\n\n\n<p>A programa\u00e7\u00e3o do dia 26, quinta-feira, ser\u00e1 aberta, \u00e0s 11 horas, no P7 Criativo, com um talk sobre \u201cMacrotend\u00eancias e as novas tem\u00e1ticas do mercado\u201d. A iniciativa contar\u00e1 com a participa\u00e7\u00e3o da palestrante Mariana Santiloni, gerente da Client Services WGSN e media\u00e7\u00e3o da analista de Tecnologia do SENAI, a designer de moda Hellen Formaginni.<\/p>\n\n\n\n<p>A iniciativa tem como objetivo discutir as tend\u00eancias globais, como cultura jovem, tecnologia TikTok e novos h\u00e1bitos de consumo. Mudan\u00e7as estrat\u00e9gicas que varejistas devem acompanhar, no pr\u00f3ximo ano, para entenderem a nova estrutura de marketing que vai guiar as marcas no futuro. A plataforma WGSN \u00e9 refer\u00eancia em previs\u00e3o de tend\u00eancias de consumo, estilo de vida e design de produtos, al\u00e9m de ferramenta de trabalho dos profissionais do SENAI Modatec.<\/p>\n\n\n\n<p>De acordo com a gestora do P7 Criativo e gerente de economia criativa da FIEMG, M\u00e1rcia Azevedo, a parceria entre Minas Trend e P7 j\u00e1 acontece h\u00e1 algumas edi\u00e7\u00f5es e proporciona mais um espa\u00e7o para conte\u00fados, debates e conex\u00f5es. \u201cAo se unir ao Minas Trend, o P7 amplia sua visibilidade, alcan\u00e7ando um p\u00fablico mais diversificado. Esperamos que essa colabora\u00e7\u00e3o continue fomentando o desenvolvimento econ\u00f4mico da ind\u00fastria da moda e gerando oportunidades para designers, marcas e empreendedores.\u201d<\/p>\n\n\n\n<figure class=\"wp-block-image aligncenter size-full\"><img decoding=\"async\" width=\"1000\" height=\"666\" src=\"https:\/\/www.fiemg.com.br\/associativismo\/wp-content\/uploads\/sites\/29\/2023\/10\/minas-trend-30-edicao-moda-mineira.jpeg\" alt=\"\" class=\"wp-image-1795\" srcset=\"https:\/\/www.fiemg.com.br\/associativismo\/wp-content\/uploads\/sites\/29\/2023\/10\/minas-trend-30-edicao-moda-mineira.jpeg 1000w, https:\/\/www.fiemg.com.br\/associativismo\/wp-content\/uploads\/sites\/29\/2023\/10\/minas-trend-30-edicao-moda-mineira-300x200.jpeg 300w, https:\/\/www.fiemg.com.br\/associativismo\/wp-content\/uploads\/sites\/29\/2023\/10\/minas-trend-30-edicao-moda-mineira-768x511.jpeg 768w\" sizes=\"(max-width: 1000px) 100vw, 1000px\" \/><\/figure>\n\n\n\n<p>No \u00faltimo dia da Semana de Moda, 27, sexta-feira, das 14 \u00e0s 17 horas, a designer de moda Hellen Formaginni ministra a palestra seguida de workshop \u201cDescobrir, criar e identificar: o universo dos tecidos\u201d. Vai orientar os participantes sobre aspectos que devem ser levados em conta na hora da compra de tecidos planos, sustent\u00e1veis e malhas. Na ocasi\u00e3o, vai levar amostras para apresentar ao p\u00fablico. \u201cCompreender as caracter\u00edsticas dos tecidos e as recentes inova\u00e7\u00f5es tecnol\u00f3gicas do mercado, principalmente as relacionadas a tecidos sustent\u00e1veis, s\u00e3o pontos essenciais no desenvolvimento das cole\u00e7\u00f5es\u201d, destaca.<\/p>\n\n\n\n<p>O credenciamento para cobertura da imprensa do MW j\u00e1 est\u00e1 dispon\u00edvel no site: www.minastrend.com.br\/credenciamento.<\/p>\n\n\n\n<p>Esta edi\u00e7\u00e3o do Minas Trend \u00e9 uma realiza\u00e7\u00e3o do SESI, SENAI e FIEMG, com apoio master do Sebrae-MG e patroc\u00ednio da C\u00e2mara de Dirigentes Lojistas de Belo Horizonte (CDL-BH) e Bling e conta com apoio do Governo de Minas, por meio da Secretaria de Estado de Cultura e Turismo de Minas Gerais, da Secretaria de Estado de Desenvolvimento Econ\u00f4mico, da Secretaria de Estado de Desenvolvimento Social e da Secretaria de Estado de Meio Ambiente, Prefeitura de Belo Horizonte e P7 Criativo.<\/p>\n\n\n\n<p><strong>PROGRAMA\u00c7\u00c3O COMPLETA <\/strong>(<a href=\"https:\/\/www.minastrend.com.br\/programacao\/\" target=\"_blank\" rel=\"noreferrer noopener\"><strong>ACESSE AQUI<\/strong><\/a>)<\/p>\n\n\n\n<p>\u25a0 MUSEU DA MODA &#8211; SENAI<\/p>\n\n\n\n<p>\u25ba Oficina de Moulage<\/p>\n\n\n\n<p>Data: 24 de outubro<\/p>\n\n\n\n<p>Hor\u00e1rio: 10 \u00e0s 12 horas<\/p>\n\n\n\n<p>\u25a0 P7 CRIATIVO &#8211; AICI<\/p>\n\n\n\n<p>\u25ba Palestra &#8211; Styling &#8211; edi\u00e7\u00e3o de pe\u00e7as para composi\u00e7\u00e3o de looks na loja<\/p>\n\n\n\n<p>Data: 24 de outubro<\/p>\n\n\n\n<p>Hor\u00e1rio: 14h30<\/p>\n\n\n\n<p>\u25a0 ONLINE &#8211; M.RODARTE<\/p>\n\n\n\n<p>\u25ba Live &#8211; Tend\u00eancia vestu\u00e1rio inverno 2024<\/p>\n\n\n\n<p>Data: 24 de outubro<\/p>\n\n\n\n<p>Hor\u00e1rio: 15 horas<\/p>\n\n\n\n<p>\u25a0 MINASCENTRO &#8211; Lounge 2\u00ba piso &#8211; SEBRAE<\/p>\n\n\n\n<p>\u25ba Talk &#8211; Alexandre Herchcovitch apresenta o trabalho Sebrae RN<\/p>\n\n\n\n<p>Data: 24 de outubro<\/p>\n\n\n\n<p>Hor\u00e1rio: 15h30 \u00e0s 16h30<\/p>\n\n\n\n<p>\u25a0 P7 CRIATIVO&nbsp;<\/p>\n\n\n\n<p>\u25ba Palestra &#8211; Marketing de moda nas redes sociais &#8211; Jana\u00edna de Andrade<\/p>\n\n\n\n<p>Data: 24 de outubro<\/p>\n\n\n\n<p>Hor\u00e1rio: 16 horas<\/p>\n\n\n\n<p>\u25a0 ONLINE &#8211; A DEFINIR<\/p>\n\n\n\n<p>\u25ba Live &#8211; Tend\u00eancia em acess\u00f3rios para o inverno 2024<\/p>\n\n\n\n<p>Data: 24 de outubro<\/p>\n\n\n\n<p>Hor\u00e1rio: 16h30<\/p>\n\n\n\n<p>\u25a0 P7 CRIATIVO &#8211; AICI<\/p>\n\n\n\n<p>\u25ba Palestra &#8211; Inova\u00e7\u00e3o e tecnologia na moda<\/p>\n\n\n\n<p>Data: 24 de outubro<\/p>\n\n\n\n<p>Hor\u00e1rio: 17h30<\/p>\n\n\n\n<p>\u25a0 MINASCENTRO&nbsp;<\/p>\n\n\n\n<p>\u25ba Talk &#8211; Talk Fashion Hub de Inova\u00e7\u00e3o<\/p>\n\n\n\n<p>Data: 24 de outubro<\/p>\n\n\n\n<p>Hor\u00e1rio: 18h \u00e0s 19h30<\/p>\n\n\n\n<p>\u25a0 MUSEU DA MODA &#8211; SENAI<\/p>\n\n\n\n<p>\u25ba Workshop \u2013 Oficina de moulage<\/p>\n\n\n\n<p>Data: 25 de outubro<\/p>\n\n\n\n<p>Hor\u00e1rio: 10 \u00e0s 12 horas<\/p>\n\n\n\n<p>\u25a0 P7 CRIATIVO&nbsp;<\/p>\n\n\n\n<p>\u25ba Palestra \u2013 Como garantir vendas o ano todo de forma planejada e lucrativa &#8211; Jana\u00edna de Andrade<\/p>\n\n\n\n<p>Data: 25 de outubro<\/p>\n\n\n\n<p>Hor\u00e1rio: 11 horas<\/p>\n\n\n\n<p>\u25a0 P7 CRIATIVO&nbsp;<\/p>\n\n\n\n<p>\u25ba Palestra \u2013 Como garantir vendas o ano todo de forma planejada e lucrativa &#8211; Jana\u00edna de Andrade<\/p>\n\n\n\n<p>Data: 25 de outubro<\/p>\n\n\n\n<p>Hor\u00e1rio: 11 horas<\/p>\n\n\n\n<p>\u25a0 MINASCENTRO &#8211; Lounge 2\u00ba piso<\/p>\n\n\n\n<p>\u25ba Talk \u2013 Moda e Sustentabilidade &#8211; Apresenta\u00e7\u00e3o do Gira Sustent\u00e1vel Fashion Revolution, Thais Mol e Viviane Rocha (FIEMG Competitiva)<\/p>\n\n\n\n<p>Data: 25 de outubro<\/p>\n\n\n\n<p>Hor\u00e1rio: 15h \u00e0s 16h30<\/p>\n\n\n\n<p>\u25a0 P7 CRIATIVO&nbsp;<\/p>\n\n\n\n<p>\u25ba Palestra \u2013 Brand Experience: o novo olhar para o posicionamento de marca &#8211; Francine Pacheco<\/p>\n\n\n\n<p>Data: 25 de outubro<\/p>\n\n\n\n<p>Hor\u00e1rio: 14h30<\/p>\n\n\n\n<p>\u25a0 ONLINE<\/p>\n\n\n\n<p>\u25ba Live &#8211; Tend\u00eancia nos cal\u00e7ados e bolsas para o inverno 2024 &#8211; Francine Pacheco<\/p>\n\n\n\n<p>Data: 25 de outubro<\/p>\n\n\n\n<p>Hor\u00e1rio: 16 horas<\/p>\n\n\n\n<p>\u25a0 P7 CRIATIVO &#8211; AICI<\/p>\n\n\n\n<p>\u25ba Palestra \u2013 A propor\u00e7\u00e3o corporal como apoio na cria\u00e7\u00e3o e nas vendas<\/p>\n\n\n\n<p>Data: 25 de outubro<\/p>\n\n\n\n<p>Hor\u00e1rio: 17h30<\/p>\n\n\n\n<p>\u25a0 P7 CRIATIVO<\/p>\n\n\n\n<p>\u25ba Talk &#8211; Macrotend\u00eancias e as novas tem\u00e1ticas do mercado WGSN e Hellen Formaginni<\/p>\n\n\n\n<p>Data: 26 de outubro<\/p>\n\n\n\n<p>Hor\u00e1rio: 11 horas<\/p>\n\n\n\n<p>\u25a0 MINASCENTRO &#8211; Audit\u00f3rio C<\/p>\n\n\n\n<p>\u25ba Palestra &#8211; Plano Estrat\u00e9gico para uma cole\u00e7\u00e3o Lucrativa Alzira Vasconcellos<\/p>\n\n\n\n<p>Data: 26 de outubro<\/p>\n\n\n\n<p>Hor\u00e1rio: 14 horas<\/p>\n\n\n\n<p>\u25a0 MUSEU DA MODA &#8211; SENAI<\/p>\n\n\n\n<p>\u25ba Workshop \u2013 Oficina de moulage<\/p>\n\n\n\n<p>Data: 26 de outubro<\/p>\n\n\n\n<p>Hor\u00e1rio: 14 \u00e0s 16 horas<\/p>\n\n\n\n<p>\u25a0 ESCOLA DE DESIGN UEMG \u2013 CIRCUITO LIBERDADE<\/p>\n\n\n\n<p>\u25ba Palestra \u2013 Alinhando a Ess\u00eancia da Marca: Padroniza\u00e7\u00e3o como Ferramenta de Identidade SENAI CETIQT<\/p>\n\n\n\n<p>Data: 26 de outubro<\/p>\n\n\n\n<p>Hor\u00e1rio: 17 horas<\/p>\n\n\n\n<p>\u25a0 MUSEU DA MODA&nbsp;<\/p>\n\n\n\n<p>\u25ba Palestra \u2013 Mem\u00f3rias &#8211; O bordado como identidade hist\u00f3rica e cultural<\/p>\n\n\n\n<p>Data: 26 de outubro<\/p>\n\n\n\n<p>Hor\u00e1rio: 18h30<\/p>\n\n\n\n<p>\u25a0 SENAI HORTO &#8211; MODATEC&nbsp;<\/p>\n\n\n\n<p>\u25baWorkshop sobre acabamento<\/p>\n\n\n\n<p>Data: 27 de outubro<\/p>\n\n\n\n<p>Hor\u00e1rio: 10 horas<\/p>\n\n\n\n<p>\u25a0 CCBB \u2013 CIRCUITO LIBERDADE<\/p>\n\n\n\n<p>\u25ba Palestra \u2013 O DNA da Criatividade: Desconstruindo Refer\u00eancias em Busca de Novos Padr\u00f5es SENAI CETIQT<\/p>\n\n\n\n<p>Data: 27 de outubro<\/p>\n\n\n\n<p>Hor\u00e1rio: 11 horas<\/p>\n\n\n\n<p>\u25a0 MUSEU DA MODA&nbsp;<\/p>\n\n\n\n<p>\u25ba Workshop Ilustra\u00e7\u00e3o de Moda &#8211; Carol Xavier<\/p>\n\n\n\n<p>Data: 27 de outubro<\/p>\n\n\n\n<p>Hor\u00e1rio: 14 \u00e0s 16 horas<\/p>\n\n\n\n<p>\u25a0 MEMORIAL VALE \u2013 CIRCUITO LIBERDADE<\/p>\n\n\n\n<p>\u25baPalestra + workshop Descobrir, criar e identificar: O universo dos tecidos &#8211; Hellen Formaginni<\/p>\n\n\n\n<p>Data: 27 de outubro<\/p>\n\n\n\n<p>Hor\u00e1rio: 14 \u00e0s 17 horas<\/p>\n","protected":false},"featured_media":1796,"template":"","categories":[15],"tags":[299,300,322,323],"class_list":["post-1792","noticias","type-noticias","status-publish","has-post-thumbnail","hentry","category-desenvolvimento-industrial","tag-minas-trend-kids","tag-minas-trend-outono-inverno","tag-moda-mineira","tag-salao-de-negocios-da-moda"],"acf":[],"yoast_head":"<!-- This site is optimized with the Yoast SEO plugin v26.2 - https:\/\/yoast.com\/wordpress\/plugins\/seo\/ -->\n<title>Moda e tecnologia impulsionam a programa\u00e7\u00e3o do Minas Trend - Associativismo<\/title>\n<meta name=\"description\" content=\"Sal\u00e3o de neg\u00f3cios, desfiles, palestras, talks e workshops v\u00e3o acontecer no Minascentro e em espa\u00e7os ic\u00f4nicos de Belo Horizonte\" \/>\n<meta name=\"robots\" content=\"index, follow, max-snippet:-1, max-image-preview:large, max-video-preview:-1\" \/>\n<link rel=\"canonical\" href=\"https:\/\/www.fiemg.com.br\/associativismo\/noticias\/moda-e-tecnologia-impulsionam-a-programacao-do-minas-trend\/\" \/>\n<meta property=\"og:locale\" content=\"pt_BR\" \/>\n<meta property=\"og:type\" content=\"article\" \/>\n<meta property=\"og:title\" content=\"Moda e tecnologia impulsionam a programa\u00e7\u00e3o do Minas Trend - Associativismo\" \/>\n<meta property=\"og:description\" content=\"Sal\u00e3o de neg\u00f3cios, desfiles, palestras, talks e workshops v\u00e3o acontecer no Minascentro e em espa\u00e7os ic\u00f4nicos de Belo Horizonte\" \/>\n<meta property=\"og:url\" content=\"https:\/\/www.fiemg.com.br\/associativismo\/noticias\/moda-e-tecnologia-impulsionam-a-programacao-do-minas-trend\/\" \/>\n<meta property=\"og:site_name\" content=\"Associativismo\" \/>\n<meta property=\"article:modified_time\" content=\"2023-10-18T12:56:47+00:00\" \/>\n<meta property=\"og:image\" content=\"https:\/\/www.fiemg.com.br\/associativismo\/wp-content\/uploads\/sites\/29\/2023\/10\/minas-trend-programacao-30-edicao.jpg\" \/>\n\t<meta property=\"og:image:width\" content=\"300\" \/>\n\t<meta property=\"og:image:height\" content=\"200\" \/>\n\t<meta property=\"og:image:type\" content=\"image\/jpeg\" \/>\n<meta name=\"twitter:card\" content=\"summary_large_image\" \/>\n<meta name=\"twitter:label1\" content=\"Est. tempo de leitura\" \/>\n\t<meta name=\"twitter:data1\" content=\"10 minutos\" \/>\n<script type=\"application\/ld+json\" class=\"yoast-schema-graph\">{\"@context\":\"https:\/\/schema.org\",\"@graph\":[{\"@type\":\"WebPage\",\"@id\":\"https:\/\/www.fiemg.com.br\/associativismo\/noticias\/moda-e-tecnologia-impulsionam-a-programacao-do-minas-trend\/\",\"url\":\"https:\/\/www.fiemg.com.br\/associativismo\/noticias\/moda-e-tecnologia-impulsionam-a-programacao-do-minas-trend\/\",\"name\":\"Moda e tecnologia impulsionam a programa\u00e7\u00e3o do Minas Trend - Associativismo\",\"isPartOf\":{\"@id\":\"https:\/\/www.fiemg.com.br\/associativismo\/#website\"},\"primaryImageOfPage\":{\"@id\":\"https:\/\/www.fiemg.com.br\/associativismo\/noticias\/moda-e-tecnologia-impulsionam-a-programacao-do-minas-trend\/#primaryimage\"},\"image\":{\"@id\":\"https:\/\/www.fiemg.com.br\/associativismo\/noticias\/moda-e-tecnologia-impulsionam-a-programacao-do-minas-trend\/#primaryimage\"},\"thumbnailUrl\":\"https:\/\/www.fiemg.com.br\/associativismo\/wp-content\/uploads\/sites\/29\/2023\/10\/minas-trend-programacao-30-edicao.jpg\",\"datePublished\":\"2023-10-05T15:18:16+00:00\",\"dateModified\":\"2023-10-18T12:56:47+00:00\",\"description\":\"Sal\u00e3o de neg\u00f3cios, desfiles, palestras, talks e workshops v\u00e3o acontecer no Minascentro e em espa\u00e7os ic\u00f4nicos de Belo Horizonte\",\"breadcrumb\":{\"@id\":\"https:\/\/www.fiemg.com.br\/associativismo\/noticias\/moda-e-tecnologia-impulsionam-a-programacao-do-minas-trend\/#breadcrumb\"},\"inLanguage\":\"pt-BR\",\"potentialAction\":[{\"@type\":\"ReadAction\",\"target\":[\"https:\/\/www.fiemg.com.br\/associativismo\/noticias\/moda-e-tecnologia-impulsionam-a-programacao-do-minas-trend\/\"]}]},{\"@type\":\"ImageObject\",\"inLanguage\":\"pt-BR\",\"@id\":\"https:\/\/www.fiemg.com.br\/associativismo\/noticias\/moda-e-tecnologia-impulsionam-a-programacao-do-minas-trend\/#primaryimage\",\"url\":\"https:\/\/www.fiemg.com.br\/associativismo\/wp-content\/uploads\/sites\/29\/2023\/10\/minas-trend-programacao-30-edicao.jpg\",\"contentUrl\":\"https:\/\/www.fiemg.com.br\/associativismo\/wp-content\/uploads\/sites\/29\/2023\/10\/minas-trend-programacao-30-edicao.jpg\",\"width\":300,\"height\":200,\"caption\":\"Sal\u00e3o de neg\u00f3cios, desfiles, palestras, talks e workshops, que v\u00e3o acontecer no Minascentro e em espa\u00e7os ic\u00f4nicos de Belo Horizonte, integram a edi\u00e7\u00e3o outono-inverno 2024\"},{\"@type\":\"BreadcrumbList\",\"@id\":\"https:\/\/www.fiemg.com.br\/associativismo\/noticias\/moda-e-tecnologia-impulsionam-a-programacao-do-minas-trend\/#breadcrumb\",\"itemListElement\":[{\"@type\":\"ListItem\",\"position\":1,\"name\":\"In\u00edcio\",\"item\":\"https:\/\/www.fiemg.com.br\/associativismo\/\"},{\"@type\":\"ListItem\",\"position\":2,\"name\":\"Moda e tecnologia impulsionam a programa\u00e7\u00e3o do Minas Trend\"}]},{\"@type\":\"WebSite\",\"@id\":\"https:\/\/www.fiemg.com.br\/associativismo\/#website\",\"url\":\"https:\/\/www.fiemg.com.br\/associativismo\/\",\"name\":\"Associativismo\",\"description\":\"Federa\u00e7\u00e3o das Ind\u00fastrias do Estado de Minas Gerais\",\"publisher\":{\"@id\":\"https:\/\/www.fiemg.com.br\/associativismo\/#organization\"},\"potentialAction\":[{\"@type\":\"SearchAction\",\"target\":{\"@type\":\"EntryPoint\",\"urlTemplate\":\"https:\/\/www.fiemg.com.br\/associativismo\/?s={search_term_string}\"},\"query-input\":{\"@type\":\"PropertyValueSpecification\",\"valueRequired\":true,\"valueName\":\"search_term_string\"}}],\"inLanguage\":\"pt-BR\"},{\"@type\":\"Organization\",\"@id\":\"https:\/\/www.fiemg.com.br\/associativismo\/#organization\",\"name\":\"Associativismo\",\"url\":\"https:\/\/www.fiemg.com.br\/associativismo\/\",\"logo\":{\"@type\":\"ImageObject\",\"inLanguage\":\"pt-BR\",\"@id\":\"https:\/\/www.fiemg.com.br\/associativismo\/#\/schema\/logo\/image\/\",\"url\":\"https:\/\/www.fiemg.com.br\/associativismo\/wp-content\/uploads\/sites\/29\/2023\/02\/fiemg_branco.svg\",\"contentUrl\":\"https:\/\/www.fiemg.com.br\/associativismo\/wp-content\/uploads\/sites\/29\/2023\/02\/fiemg_branco.svg\",\"width\":561,\"height\":147,\"caption\":\"Associativismo\"},\"image\":{\"@id\":\"https:\/\/www.fiemg.com.br\/associativismo\/#\/schema\/logo\/image\/\"}}]}<\/script>\n<!-- \/ Yoast SEO plugin. -->","yoast_head_json":{"title":"Moda e tecnologia impulsionam a programa\u00e7\u00e3o do Minas Trend - Associativismo","description":"Sal\u00e3o de neg\u00f3cios, desfiles, palestras, talks e workshops v\u00e3o acontecer no Minascentro e em espa\u00e7os ic\u00f4nicos de Belo Horizonte","robots":{"index":"index","follow":"follow","max-snippet":"max-snippet:-1","max-image-preview":"max-image-preview:large","max-video-preview":"max-video-preview:-1"},"canonical":"https:\/\/www.fiemg.com.br\/associativismo\/noticias\/moda-e-tecnologia-impulsionam-a-programacao-do-minas-trend\/","og_locale":"pt_BR","og_type":"article","og_title":"Moda e tecnologia impulsionam a programa\u00e7\u00e3o do Minas Trend - Associativismo","og_description":"Sal\u00e3o de neg\u00f3cios, desfiles, palestras, talks e workshops v\u00e3o acontecer no Minascentro e em espa\u00e7os ic\u00f4nicos de Belo Horizonte","og_url":"https:\/\/www.fiemg.com.br\/associativismo\/noticias\/moda-e-tecnologia-impulsionam-a-programacao-do-minas-trend\/","og_site_name":"Associativismo","article_modified_time":"2023-10-18T12:56:47+00:00","og_image":[{"width":300,"height":200,"url":"https:\/\/www.fiemg.com.br\/associativismo\/wp-content\/uploads\/sites\/29\/2023\/10\/minas-trend-programacao-30-edicao.jpg","type":"image\/jpeg"}],"twitter_card":"summary_large_image","twitter_misc":{"Est. tempo de leitura":"10 minutos"},"schema":{"@context":"https:\/\/schema.org","@graph":[{"@type":"WebPage","@id":"https:\/\/www.fiemg.com.br\/associativismo\/noticias\/moda-e-tecnologia-impulsionam-a-programacao-do-minas-trend\/","url":"https:\/\/www.fiemg.com.br\/associativismo\/noticias\/moda-e-tecnologia-impulsionam-a-programacao-do-minas-trend\/","name":"Moda e tecnologia impulsionam a programa\u00e7\u00e3o do Minas Trend - Associativismo","isPartOf":{"@id":"https:\/\/www.fiemg.com.br\/associativismo\/#website"},"primaryImageOfPage":{"@id":"https:\/\/www.fiemg.com.br\/associativismo\/noticias\/moda-e-tecnologia-impulsionam-a-programacao-do-minas-trend\/#primaryimage"},"image":{"@id":"https:\/\/www.fiemg.com.br\/associativismo\/noticias\/moda-e-tecnologia-impulsionam-a-programacao-do-minas-trend\/#primaryimage"},"thumbnailUrl":"https:\/\/www.fiemg.com.br\/associativismo\/wp-content\/uploads\/sites\/29\/2023\/10\/minas-trend-programacao-30-edicao.jpg","datePublished":"2023-10-05T15:18:16+00:00","dateModified":"2023-10-18T12:56:47+00:00","description":"Sal\u00e3o de neg\u00f3cios, desfiles, palestras, talks e workshops v\u00e3o acontecer no Minascentro e em espa\u00e7os ic\u00f4nicos de Belo Horizonte","breadcrumb":{"@id":"https:\/\/www.fiemg.com.br\/associativismo\/noticias\/moda-e-tecnologia-impulsionam-a-programacao-do-minas-trend\/#breadcrumb"},"inLanguage":"pt-BR","potentialAction":[{"@type":"ReadAction","target":["https:\/\/www.fiemg.com.br\/associativismo\/noticias\/moda-e-tecnologia-impulsionam-a-programacao-do-minas-trend\/"]}]},{"@type":"ImageObject","inLanguage":"pt-BR","@id":"https:\/\/www.fiemg.com.br\/associativismo\/noticias\/moda-e-tecnologia-impulsionam-a-programacao-do-minas-trend\/#primaryimage","url":"https:\/\/www.fiemg.com.br\/associativismo\/wp-content\/uploads\/sites\/29\/2023\/10\/minas-trend-programacao-30-edicao.jpg","contentUrl":"https:\/\/www.fiemg.com.br\/associativismo\/wp-content\/uploads\/sites\/29\/2023\/10\/minas-trend-programacao-30-edicao.jpg","width":300,"height":200,"caption":"Sal\u00e3o de neg\u00f3cios, desfiles, palestras, talks e workshops, que v\u00e3o acontecer no Minascentro e em espa\u00e7os ic\u00f4nicos de Belo Horizonte, integram a edi\u00e7\u00e3o outono-inverno 2024"},{"@type":"BreadcrumbList","@id":"https:\/\/www.fiemg.com.br\/associativismo\/noticias\/moda-e-tecnologia-impulsionam-a-programacao-do-minas-trend\/#breadcrumb","itemListElement":[{"@type":"ListItem","position":1,"name":"In\u00edcio","item":"https:\/\/www.fiemg.com.br\/associativismo\/"},{"@type":"ListItem","position":2,"name":"Moda e tecnologia impulsionam a programa\u00e7\u00e3o do Minas Trend"}]},{"@type":"WebSite","@id":"https:\/\/www.fiemg.com.br\/associativismo\/#website","url":"https:\/\/www.fiemg.com.br\/associativismo\/","name":"Associativismo","description":"Federa\u00e7\u00e3o das Ind\u00fastrias do Estado de Minas Gerais","publisher":{"@id":"https:\/\/www.fiemg.com.br\/associativismo\/#organization"},"potentialAction":[{"@type":"SearchAction","target":{"@type":"EntryPoint","urlTemplate":"https:\/\/www.fiemg.com.br\/associativismo\/?s={search_term_string}"},"query-input":{"@type":"PropertyValueSpecification","valueRequired":true,"valueName":"search_term_string"}}],"inLanguage":"pt-BR"},{"@type":"Organization","@id":"https:\/\/www.fiemg.com.br\/associativismo\/#organization","name":"Associativismo","url":"https:\/\/www.fiemg.com.br\/associativismo\/","logo":{"@type":"ImageObject","inLanguage":"pt-BR","@id":"https:\/\/www.fiemg.com.br\/associativismo\/#\/schema\/logo\/image\/","url":"https:\/\/www.fiemg.com.br\/associativismo\/wp-content\/uploads\/sites\/29\/2023\/02\/fiemg_branco.svg","contentUrl":"https:\/\/www.fiemg.com.br\/associativismo\/wp-content\/uploads\/sites\/29\/2023\/02\/fiemg_branco.svg","width":561,"height":147,"caption":"Associativismo"},"image":{"@id":"https:\/\/www.fiemg.com.br\/associativismo\/#\/schema\/logo\/image\/"}}]}},"_links":{"self":[{"href":"https:\/\/www.fiemg.com.br\/associativismo\/wp-json\/wp\/v2\/noticias\/1792","targetHints":{"allow":["GET"]}}],"collection":[{"href":"https:\/\/www.fiemg.com.br\/associativismo\/wp-json\/wp\/v2\/noticias"}],"about":[{"href":"https:\/\/www.fiemg.com.br\/associativismo\/wp-json\/wp\/v2\/types\/noticias"}],"wp:featuredmedia":[{"embeddable":true,"href":"https:\/\/www.fiemg.com.br\/associativismo\/wp-json\/wp\/v2\/media\/1796"}],"wp:attachment":[{"href":"https:\/\/www.fiemg.com.br\/associativismo\/wp-json\/wp\/v2\/media?parent=1792"}],"wp:term":[{"taxonomy":"category","embeddable":true,"href":"https:\/\/www.fiemg.com.br\/associativismo\/wp-json\/wp\/v2\/categories?post=1792"},{"taxonomy":"post_tag","embeddable":true,"href":"https:\/\/www.fiemg.com.br\/associativismo\/wp-json\/wp\/v2\/tags?post=1792"}],"curies":[{"name":"wp","href":"https:\/\/api.w.org\/{rel}","templated":true}]}}