{"id":1832,"date":"2023-10-16T15:01:12","date_gmt":"2023-10-16T18:01:12","guid":{"rendered":"https:\/\/www.fiemg.com.br\/associativismo\/noticias\/segmento-infantojuvenil-e-nova-aposta-do-minas-trend\/"},"modified":"2023-10-18T09:51:58","modified_gmt":"2023-10-18T12:51:58","slug":"segmento-infantojuvenil-e-nova-aposta-do-minas-trend","status":"publish","type":"noticias","link":"https:\/\/www.fiemg.com.br\/associativismo\/noticias\/segmento-infantojuvenil-e-nova-aposta-do-minas-trend\/","title":{"rendered":"Segmento infantojuvenil \u00e9 nova aposta do Minas Trend"},"content":{"rendered":"\n<p><\/p>\n\n\n\n<p>O mercado infantojuvenil, um dos segmentos mais lucrativos da moda, de acordo com relat\u00f3rio da Mordor Intelligence, empresa indiana de an\u00e1lise e consultoria, faz seu <em>d\u00e9but<\/em> na passarela da 30\u00aa edi\u00e7\u00e3o do Minas Trend, de 24 a 26 de outubro, no Minascentro, reunindo 40 marcas do setor durante desfile de lan\u00e7amento do projeto Minas Trend Kids, no dia 25, \u00e0s 18 horas.<\/p>\n\n\n\n<p>O Minas Trend Kids \u2013 Baby e Teens, &nbsp;a\u00e7\u00e3o da C\u00e2mara da Ind\u00fastria do Vestu\u00e1rio e Acess\u00f3rios da FIEMG e do Sindivest-MG, com o apoio da C\u00e2mara de Dirigentes Lojistas de Belo Horizonte (CDL\/BH), patroc\u00ednio da Prefeitura de Belo Horizonte, por meio da Belotur, e produ\u00e7\u00e3o executiva da Top Agency, \u00e9 o primeiro passo para a inclus\u00e3o definitiva do segmento no sal\u00e3o de neg\u00f3cios, que se efetivar\u00e1 na temporada primavera-ver\u00e3o 2024, durante a 31\u00aa edi\u00e7\u00e3o do evento, em abril de 2024, de acordo com a presidente da C\u00e2mara da Ind\u00fastria do Vestu\u00e1rio e Acess\u00f3rios da FIEMG, Mari\u00e2ngela Marcon.<\/p>\n\n\n\n<p>Para se ter ideia da margem de ganhos do mercado infantojuvenil (que inclui vestu\u00e1rio, cal\u00e7ados e outros tipos de produtos), ela cita o relat\u00f3rio da Mordor Intelligence, que aponta crescimento estimado em US$ 258,35 milh\u00f5es em 2023 e US$ 335,26 milh\u00f5es at\u00e9 2028, expandindo a 5,35%, de acordo com o indicativo da taxa de crescimento anual, Compound Annual Growth Rate (CAGR).<\/p>\n\n\n\n<p><strong>Mercado em potencial<\/strong><\/p>\n\n\n\n<p>Para a gestora da C\u00e2mara da Ind\u00fastria do Vestu\u00e1rio e Acess\u00f3rios da FIEMG, n\u00e3o h\u00e1 d\u00favidas de que esse nicho \u00e9 promissor. \u201cO mercado de moda infantojuvenil trabalha com uma margem de lucro de 30%, e isso facilita sobremaneira investimentos em inova\u00e7\u00e3o. Al\u00e9m disso, esse segmento \u00e9 altamente competitivo\u201d, reitera Mari\u00e2ngela. No Brasil, a moda infantil cresce em m\u00e9dia 6% ao ano e representa 16% do setor t\u00eaxtil, segundo dados da Associa\u00e7\u00e3o Brasileira de Ind\u00fastria T\u00eaxtil e de Confec\u00e7\u00e3o (Abit). Vale lembrar que o pa\u00eds desponta como o quinto produtor t\u00eaxtil do mundo e que 90% do setor do vestu\u00e1rio nacional \u00e9 representado por micro e pequenas empresas.<\/p>\n\n\n\n<p><strong>Diagn\u00f3stico de mercado<\/strong><\/p>\n\n\n\n<p>\u201cA FIEMG acompanha os desdobramentos do mercado e v\u00e1rios fatores nos despertaram para a urg\u00eancia da inser\u00e7\u00e3o da moda infantojuvenil no Minas Trend. O primeiro deles \u00e9 que existe uma demanda constante de um consumidor em idade de crescimento que faz desse segmento um mercado importante a ser explorado\u201d, pontua Mari\u00e2ngela. Para corroborar essa realidade, dados do censo 2022 do Instituto Brasileiro de Geografia e Estat\u00edstica (IBGE) mostram que 58,6 % da popula\u00e7\u00e3o do Brasil possui idade de zero a 14 anos, o que representa um potencial de compra bastante elevado para ser desprezado pelas empresas do ramo varejista, segundo Mari\u00e2ngela.<\/p>\n\n\n\n<p><strong>Passarela outono-inverno 2024<\/strong><\/p>\n\n\n\n<p>Marcas como a Precoce, de vestu\u00e1rio, e a Maria Lua Cal\u00e7ados apostam nesse fil\u00e3o e estar\u00e3o na passarela da temporada outono-inverno 2024 do Minas Trend, al\u00e9m de integrar o sal\u00e3o de neg\u00f3cios do pr\u00f3ximo ano. \u201cVamos apresentar na passarela seis looks da nossa cole\u00e7\u00e3o outono-inverno 2004, que se chama \u201cO Incr\u00edvel Mundo dos Porqu\u00eas\u201d. O diferencial da Precoce s\u00e3o as estampas exclusivas e coloridas, que levam em conta temas l\u00fadicos e de interesse da crian\u00e7a e do adolescente, al\u00e9m da utiliza\u00e7\u00e3o de algod\u00e3o certificado com selo da Embrapa\u201d, afirma a diretora da marca, Maria Thereza Gontijo.<\/p>\n\n\n\n<p><strong>Atua\u00e7\u00e3o promissora<\/strong><\/p>\n\n\n\n<p>Com 37 anos de mercado e foco na produ\u00e7\u00e3o de roupas para beb\u00eas, crian\u00e7as e adolescentes, a Precoce \u00e9 uma empresa familiar. A produ\u00e7\u00e3o, com f\u00e1brica em Governador Valadares, no Vale do Rio Doce, contabiliza 20 mil pe\u00e7as por m\u00eas e gera 80 empregos diretos e outros 200 indiretos, por meio da contrata\u00e7\u00e3o de costureiras que trabalham em cidades vizinhas. Para Maria Thereza, a pandemia obrigou as marcas a investirem em vendas on-line, demanda concretizada pela Precoce. A grife mant\u00e9m um site e um canal no Instagram (@precoceoficial) que serve como cart\u00e3o de visita da marca, ao mesmo tempo em que continua a apostar alto nas vendas por pedido, mantendo 25 representantes com escrit\u00f3rios em praticamente todos os estados brasileiros.<\/p>\n\n\n\n<p>\u201cO sucesso da marca em parte \u00e9 atribu\u00eddo ao desenvolvimento de tr\u00eas cole\u00e7\u00f5es por ano, mantendo o fluxo de produ\u00e7\u00e3o sempre constante na f\u00e1brica. Como o sal\u00e3o de neg\u00f3cios do Minas Trend acompanha o calend\u00e1rio de lan\u00e7amentos, acredito que a participa\u00e7\u00e3o no evento ser\u00e1 importante para o crescimento da Precoce, que tem a inten\u00e7\u00e3o de expandir suas vendas para o exterior.\u201d&nbsp;<\/p>\n\n\n\n<p><strong>Protagonismo feminino<\/strong><\/p>\n\n\n\n<p>Fundada h\u00e1 14 anos apenas por mulheres, a Maria Lua Cal\u00e7ados, da matriarca Jandira Gon\u00e7alves Farias e suas filhas Tayse e Morgana, \u00e9 uma empresa familiar com f\u00e1brica em S\u00e3o Jo\u00e3o Batista, Santa Catarina, onde produz cal\u00e7ados infantis do tamanho 20 a 37. A Maria Lua mant\u00e9m 20 empregados na f\u00e1brica e outros 50 prestadores de servi\u00e7os que trabalham em ateli\u00eas da regi\u00e3o, produzindo um total de 7 mil pares por m\u00eas para a temporada de ver\u00e3o. Os cal\u00e7ados da marca s\u00e3o artesanais, feitos \u00e0 m\u00e3o, e essa produ\u00e7\u00e3o diferenciada \u00e9 fruto de m\u00e3o de obra especializada, segundo Tayse, estilista da marca.<\/p>\n\n\n\n<p>Para o lan\u00e7amento do Projeto Minas Trend Kids \u2013 Baby e Teens, a Maria Lua aposta na delicadeza dos cal\u00e7ados Mary Jane, cl\u00e1ssico da moda e forte tend\u00eancia para a temporada do inverno 2024, al\u00e9m das botas texanas, com estilo mais boho, e dos cal\u00e7ados em jeans e ornamentados com flores e la\u00e7os, detalhes trabalhados pela marca. \u201cBasicamente, lan\u00e7amos duas cole\u00e7\u00f5es por ano, al\u00e9m das c\u00e1psulas que s\u00e3o cole\u00e7\u00f5es de refor\u00e7o. Como o inverno 2024 \u00e9 mais elaborado, a expectativa \u00e9 produzir cerca de 6 mil pares por m\u00eas\u201d, acrescenta Tayse.<\/p>\n\n\n\n<p>A expectativa de participa\u00e7\u00e3o no sal\u00e3o de neg\u00f3cios do Minas Trend \u00e9 a melhor poss\u00edvel, segundo ela. \u201cAbra\u00e7amos a ideia porque no nosso ramo h\u00e1 muita dificuldade de chegar aos clientes certos, e o Minas Trend ser\u00e1 uma importante plataforma para a consolida\u00e7\u00e3o dos nossos neg\u00f3cios, uma vez que o evento mant\u00e9m elevado padr\u00e3o de lojistas e empreendedores no mercado da moda\u201d, acredita.<\/p>\n\n\n\n<p>A seguir, o link para a compra dos ingressos para assistir ao desfile do Minas Trend Kids, dia 25\/10, \u00e0s 18h, no Minascentro. O primeiro lote, com ingressos a R$ 30, foi encerrado. Os ingressos do segundo lote custam R$ 40. <\/p>\n\n\n\n<div style=\"height:30px\" aria-hidden=\"true\" class=\"wp-block-spacer\"><\/div>\n\n\n\n<div class=\"wp-block-buttons has-custom-font-size has-medium-font-size is-horizontal is-content-justification-center is-layout-flex wp-container-core-buttons-is-layout-03627597 wp-block-buttons-is-layout-flex\">\n<div class=\"wp-block-button is-style-fill\"><a class=\"wp-block-button__link has-white-color has-text-color wp-element-button\" href=\"https:\/\/www.sympla.com.br\/evento\/lancamento-minas-trend-kids\/2171437?\" target=\"_blank\" rel=\"noreferrer noopener\">COMPRE AQUI<\/a><\/div>\n<\/div>\n\n\n\n<div style=\"height:30px\" aria-hidden=\"true\" class=\"wp-block-spacer\"><\/div>\n\n\n\n<p>O Minas Trend Kids \u2013 Baby e Teens \u00e9 uma realiza\u00e7\u00e3o da C\u00e2mara da Ind\u00fastria do Vestu\u00e1rio e Acess\u00f3rios da FIEMG e do Sindivest-MG, com o apoio da C\u00e2mara de Dirigentes Lojistas de Belo Horizonte (CDL\/BH), patroc\u00ednio da Prefeitura de Belo Horizonte, por meio da Belotur, e produ\u00e7\u00e3o executiva da Top Agency.<\/p>\n","protected":false},"featured_media":1757,"template":"","categories":[15],"tags":[280,299,342,343],"class_list":["post-1832","noticias","type-noticias","status-publish","has-post-thumbnail","hentry","category-desenvolvimento-industrial","tag-minas-trend","tag-minas-trend-kids","tag-moda-infantojuvenil","tag-semana-da-moda-mineira"],"acf":[],"yoast_head":"<!-- This site is optimized with the Yoast SEO plugin v26.2 - https:\/\/yoast.com\/wordpress\/plugins\/seo\/ -->\n<title>Segmento infantojuvenil \u00e9 nova aposta do Minas Trend - Associativismo<\/title>\n<meta name=\"description\" content=\"Ap\u00f3s lan\u00e7amento do projeto MinasTrend Kids, evento passa a contar com estandes de marcas do setor nas novas temporadas de moda\" \/>\n<meta name=\"robots\" content=\"index, follow, max-snippet:-1, max-image-preview:large, max-video-preview:-1\" \/>\n<link rel=\"canonical\" href=\"https:\/\/www.fiemg.com.br\/associativismo\/noticias\/segmento-infantojuvenil-e-nova-aposta-do-minas-trend\/\" \/>\n<meta property=\"og:locale\" content=\"pt_BR\" \/>\n<meta property=\"og:type\" content=\"article\" \/>\n<meta property=\"og:title\" content=\"Segmento infantojuvenil \u00e9 nova aposta do Minas Trend - Associativismo\" \/>\n<meta property=\"og:description\" content=\"Ap\u00f3s lan\u00e7amento do projeto MinasTrend Kids, evento passa a contar com estandes de marcas do setor nas novas temporadas de moda\" \/>\n<meta property=\"og:url\" content=\"https:\/\/www.fiemg.com.br\/associativismo\/noticias\/segmento-infantojuvenil-e-nova-aposta-do-minas-trend\/\" \/>\n<meta property=\"og:site_name\" content=\"Associativismo\" \/>\n<meta property=\"article:modified_time\" content=\"2023-10-18T12:51:58+00:00\" \/>\n<meta property=\"og:image\" content=\"https:\/\/www.fiemg.com.br\/associativismo\/wp-content\/uploads\/sites\/29\/2023\/10\/minas-trend-kids-baby-teens.jpg\" \/>\n\t<meta property=\"og:image:width\" content=\"300\" \/>\n\t<meta property=\"og:image:height\" content=\"200\" \/>\n\t<meta property=\"og:image:type\" content=\"image\/jpeg\" \/>\n<meta name=\"twitter:card\" content=\"summary_large_image\" \/>\n<meta name=\"twitter:label1\" content=\"Est. tempo de leitura\" \/>\n\t<meta name=\"twitter:data1\" content=\"6 minutos\" \/>\n<script type=\"application\/ld+json\" class=\"yoast-schema-graph\">{\"@context\":\"https:\/\/schema.org\",\"@graph\":[{\"@type\":\"WebPage\",\"@id\":\"https:\/\/www.fiemg.com.br\/associativismo\/noticias\/segmento-infantojuvenil-e-nova-aposta-do-minas-trend\/\",\"url\":\"https:\/\/www.fiemg.com.br\/associativismo\/noticias\/segmento-infantojuvenil-e-nova-aposta-do-minas-trend\/\",\"name\":\"Segmento infantojuvenil \u00e9 nova aposta do Minas Trend - Associativismo\",\"isPartOf\":{\"@id\":\"https:\/\/www.fiemg.com.br\/associativismo\/#website\"},\"primaryImageOfPage\":{\"@id\":\"https:\/\/www.fiemg.com.br\/associativismo\/noticias\/segmento-infantojuvenil-e-nova-aposta-do-minas-trend\/#primaryimage\"},\"image\":{\"@id\":\"https:\/\/www.fiemg.com.br\/associativismo\/noticias\/segmento-infantojuvenil-e-nova-aposta-do-minas-trend\/#primaryimage\"},\"thumbnailUrl\":\"https:\/\/www.fiemg.com.br\/associativismo\/wp-content\/uploads\/sites\/29\/2023\/10\/minas-trend-kids-baby-teens.jpg\",\"datePublished\":\"2023-10-16T18:01:12+00:00\",\"dateModified\":\"2023-10-18T12:51:58+00:00\",\"description\":\"Ap\u00f3s lan\u00e7amento do projeto MinasTrend Kids, evento passa a contar com estandes de marcas do setor nas novas temporadas de moda\",\"breadcrumb\":{\"@id\":\"https:\/\/www.fiemg.com.br\/associativismo\/noticias\/segmento-infantojuvenil-e-nova-aposta-do-minas-trend\/#breadcrumb\"},\"inLanguage\":\"pt-BR\",\"potentialAction\":[{\"@type\":\"ReadAction\",\"target\":[\"https:\/\/www.fiemg.com.br\/associativismo\/noticias\/segmento-infantojuvenil-e-nova-aposta-do-minas-trend\/\"]}]},{\"@type\":\"ImageObject\",\"inLanguage\":\"pt-BR\",\"@id\":\"https:\/\/www.fiemg.com.br\/associativismo\/noticias\/segmento-infantojuvenil-e-nova-aposta-do-minas-trend\/#primaryimage\",\"url\":\"https:\/\/www.fiemg.com.br\/associativismo\/wp-content\/uploads\/sites\/29\/2023\/10\/minas-trend-kids-baby-teens.jpg\",\"contentUrl\":\"https:\/\/www.fiemg.com.br\/associativismo\/wp-content\/uploads\/sites\/29\/2023\/10\/minas-trend-kids-baby-teens.jpg\",\"width\":300,\"height\":200,\"caption\":\"Projeto Minas Trend Kids \u2013 Baby e Teens \u00e9 lan\u00e7ado durante a 30\u00aa edi\u00e7\u00e3o da semana de moda mineira\"},{\"@type\":\"BreadcrumbList\",\"@id\":\"https:\/\/www.fiemg.com.br\/associativismo\/noticias\/segmento-infantojuvenil-e-nova-aposta-do-minas-trend\/#breadcrumb\",\"itemListElement\":[{\"@type\":\"ListItem\",\"position\":1,\"name\":\"In\u00edcio\",\"item\":\"https:\/\/www.fiemg.com.br\/associativismo\/\"},{\"@type\":\"ListItem\",\"position\":2,\"name\":\"Segmento infantojuvenil \u00e9 nova aposta do Minas Trend\"}]},{\"@type\":\"WebSite\",\"@id\":\"https:\/\/www.fiemg.com.br\/associativismo\/#website\",\"url\":\"https:\/\/www.fiemg.com.br\/associativismo\/\",\"name\":\"Associativismo\",\"description\":\"Federa\u00e7\u00e3o das Ind\u00fastrias do Estado de Minas Gerais\",\"publisher\":{\"@id\":\"https:\/\/www.fiemg.com.br\/associativismo\/#organization\"},\"potentialAction\":[{\"@type\":\"SearchAction\",\"target\":{\"@type\":\"EntryPoint\",\"urlTemplate\":\"https:\/\/www.fiemg.com.br\/associativismo\/?s={search_term_string}\"},\"query-input\":{\"@type\":\"PropertyValueSpecification\",\"valueRequired\":true,\"valueName\":\"search_term_string\"}}],\"inLanguage\":\"pt-BR\"},{\"@type\":\"Organization\",\"@id\":\"https:\/\/www.fiemg.com.br\/associativismo\/#organization\",\"name\":\"Associativismo\",\"url\":\"https:\/\/www.fiemg.com.br\/associativismo\/\",\"logo\":{\"@type\":\"ImageObject\",\"inLanguage\":\"pt-BR\",\"@id\":\"https:\/\/www.fiemg.com.br\/associativismo\/#\/schema\/logo\/image\/\",\"url\":\"https:\/\/www.fiemg.com.br\/associativismo\/wp-content\/uploads\/sites\/29\/2023\/02\/fiemg_branco.svg\",\"contentUrl\":\"https:\/\/www.fiemg.com.br\/associativismo\/wp-content\/uploads\/sites\/29\/2023\/02\/fiemg_branco.svg\",\"width\":561,\"height\":147,\"caption\":\"Associativismo\"},\"image\":{\"@id\":\"https:\/\/www.fiemg.com.br\/associativismo\/#\/schema\/logo\/image\/\"}}]}<\/script>\n<!-- \/ Yoast SEO plugin. -->","yoast_head_json":{"title":"Segmento infantojuvenil \u00e9 nova aposta do Minas Trend - Associativismo","description":"Ap\u00f3s lan\u00e7amento do projeto MinasTrend Kids, evento passa a contar com estandes de marcas do setor nas novas temporadas de moda","robots":{"index":"index","follow":"follow","max-snippet":"max-snippet:-1","max-image-preview":"max-image-preview:large","max-video-preview":"max-video-preview:-1"},"canonical":"https:\/\/www.fiemg.com.br\/associativismo\/noticias\/segmento-infantojuvenil-e-nova-aposta-do-minas-trend\/","og_locale":"pt_BR","og_type":"article","og_title":"Segmento infantojuvenil \u00e9 nova aposta do Minas Trend - Associativismo","og_description":"Ap\u00f3s lan\u00e7amento do projeto MinasTrend Kids, evento passa a contar com estandes de marcas do setor nas novas temporadas de moda","og_url":"https:\/\/www.fiemg.com.br\/associativismo\/noticias\/segmento-infantojuvenil-e-nova-aposta-do-minas-trend\/","og_site_name":"Associativismo","article_modified_time":"2023-10-18T12:51:58+00:00","og_image":[{"width":300,"height":200,"url":"https:\/\/www.fiemg.com.br\/associativismo\/wp-content\/uploads\/sites\/29\/2023\/10\/minas-trend-kids-baby-teens.jpg","type":"image\/jpeg"}],"twitter_card":"summary_large_image","twitter_misc":{"Est. tempo de leitura":"6 minutos"},"schema":{"@context":"https:\/\/schema.org","@graph":[{"@type":"WebPage","@id":"https:\/\/www.fiemg.com.br\/associativismo\/noticias\/segmento-infantojuvenil-e-nova-aposta-do-minas-trend\/","url":"https:\/\/www.fiemg.com.br\/associativismo\/noticias\/segmento-infantojuvenil-e-nova-aposta-do-minas-trend\/","name":"Segmento infantojuvenil \u00e9 nova aposta do Minas Trend - Associativismo","isPartOf":{"@id":"https:\/\/www.fiemg.com.br\/associativismo\/#website"},"primaryImageOfPage":{"@id":"https:\/\/www.fiemg.com.br\/associativismo\/noticias\/segmento-infantojuvenil-e-nova-aposta-do-minas-trend\/#primaryimage"},"image":{"@id":"https:\/\/www.fiemg.com.br\/associativismo\/noticias\/segmento-infantojuvenil-e-nova-aposta-do-minas-trend\/#primaryimage"},"thumbnailUrl":"https:\/\/www.fiemg.com.br\/associativismo\/wp-content\/uploads\/sites\/29\/2023\/10\/minas-trend-kids-baby-teens.jpg","datePublished":"2023-10-16T18:01:12+00:00","dateModified":"2023-10-18T12:51:58+00:00","description":"Ap\u00f3s lan\u00e7amento do projeto MinasTrend Kids, evento passa a contar com estandes de marcas do setor nas novas temporadas de moda","breadcrumb":{"@id":"https:\/\/www.fiemg.com.br\/associativismo\/noticias\/segmento-infantojuvenil-e-nova-aposta-do-minas-trend\/#breadcrumb"},"inLanguage":"pt-BR","potentialAction":[{"@type":"ReadAction","target":["https:\/\/www.fiemg.com.br\/associativismo\/noticias\/segmento-infantojuvenil-e-nova-aposta-do-minas-trend\/"]}]},{"@type":"ImageObject","inLanguage":"pt-BR","@id":"https:\/\/www.fiemg.com.br\/associativismo\/noticias\/segmento-infantojuvenil-e-nova-aposta-do-minas-trend\/#primaryimage","url":"https:\/\/www.fiemg.com.br\/associativismo\/wp-content\/uploads\/sites\/29\/2023\/10\/minas-trend-kids-baby-teens.jpg","contentUrl":"https:\/\/www.fiemg.com.br\/associativismo\/wp-content\/uploads\/sites\/29\/2023\/10\/minas-trend-kids-baby-teens.jpg","width":300,"height":200,"caption":"Projeto Minas Trend Kids \u2013 Baby e Teens \u00e9 lan\u00e7ado durante a 30\u00aa edi\u00e7\u00e3o da semana de moda mineira"},{"@type":"BreadcrumbList","@id":"https:\/\/www.fiemg.com.br\/associativismo\/noticias\/segmento-infantojuvenil-e-nova-aposta-do-minas-trend\/#breadcrumb","itemListElement":[{"@type":"ListItem","position":1,"name":"In\u00edcio","item":"https:\/\/www.fiemg.com.br\/associativismo\/"},{"@type":"ListItem","position":2,"name":"Segmento infantojuvenil \u00e9 nova aposta do Minas Trend"}]},{"@type":"WebSite","@id":"https:\/\/www.fiemg.com.br\/associativismo\/#website","url":"https:\/\/www.fiemg.com.br\/associativismo\/","name":"Associativismo","description":"Federa\u00e7\u00e3o das Ind\u00fastrias do Estado de Minas Gerais","publisher":{"@id":"https:\/\/www.fiemg.com.br\/associativismo\/#organization"},"potentialAction":[{"@type":"SearchAction","target":{"@type":"EntryPoint","urlTemplate":"https:\/\/www.fiemg.com.br\/associativismo\/?s={search_term_string}"},"query-input":{"@type":"PropertyValueSpecification","valueRequired":true,"valueName":"search_term_string"}}],"inLanguage":"pt-BR"},{"@type":"Organization","@id":"https:\/\/www.fiemg.com.br\/associativismo\/#organization","name":"Associativismo","url":"https:\/\/www.fiemg.com.br\/associativismo\/","logo":{"@type":"ImageObject","inLanguage":"pt-BR","@id":"https:\/\/www.fiemg.com.br\/associativismo\/#\/schema\/logo\/image\/","url":"https:\/\/www.fiemg.com.br\/associativismo\/wp-content\/uploads\/sites\/29\/2023\/02\/fiemg_branco.svg","contentUrl":"https:\/\/www.fiemg.com.br\/associativismo\/wp-content\/uploads\/sites\/29\/2023\/02\/fiemg_branco.svg","width":561,"height":147,"caption":"Associativismo"},"image":{"@id":"https:\/\/www.fiemg.com.br\/associativismo\/#\/schema\/logo\/image\/"}}]}},"_links":{"self":[{"href":"https:\/\/www.fiemg.com.br\/associativismo\/wp-json\/wp\/v2\/noticias\/1832","targetHints":{"allow":["GET"]}}],"collection":[{"href":"https:\/\/www.fiemg.com.br\/associativismo\/wp-json\/wp\/v2\/noticias"}],"about":[{"href":"https:\/\/www.fiemg.com.br\/associativismo\/wp-json\/wp\/v2\/types\/noticias"}],"wp:featuredmedia":[{"embeddable":true,"href":"https:\/\/www.fiemg.com.br\/associativismo\/wp-json\/wp\/v2\/media\/1757"}],"wp:attachment":[{"href":"https:\/\/www.fiemg.com.br\/associativismo\/wp-json\/wp\/v2\/media?parent=1832"}],"wp:term":[{"taxonomy":"category","embeddable":true,"href":"https:\/\/www.fiemg.com.br\/associativismo\/wp-json\/wp\/v2\/categories?post=1832"},{"taxonomy":"post_tag","embeddable":true,"href":"https:\/\/www.fiemg.com.br\/associativismo\/wp-json\/wp\/v2\/tags?post=1832"}],"curies":[{"name":"wp","href":"https:\/\/api.w.org\/{rel}","templated":true}]}}