{"id":1881,"date":"2023-10-23T20:27:21","date_gmt":"2023-10-23T23:27:21","guid":{"rendered":"https:\/\/www.fiemg.com.br\/associativismo\/noticias\/9201\/"},"modified":"2023-10-24T18:06:51","modified_gmt":"2023-10-24T21:06:51","slug":"9201","status":"publish","type":"noticias","link":"https:\/\/www.fiemg.com.br\/associativismo\/noticias\/9201\/","title":{"rendered":"FIEMG d\u00e1 in\u00edcio \u00e0 segunda edi\u00e7\u00e3o do Imers\u00e3o Ind\u00fastria de 2023"},"content":{"rendered":"\n<p>Compartilhar conhecimento, gerar conex\u00f5es, oportunidades de neg\u00f3cios e parcerias. Esses s\u00e3o alguns dos objetivos da edi\u00e7\u00e3o do Imers\u00e3o Ind\u00fastria de 2023, que come\u00e7ou nesta segunda-feira (23\/10), no Minascentro, em Belo Horizonte. A solenidade abertura do evento mais relevante da ind\u00fastria mineira teve participa\u00e7\u00e3o do presidente da FIEMG, Fl\u00e1vio Roscoe, do presidente da ArcelorMittal Brasil, Jefferson de Paula, e do prefeito de Belo Horizonte, Fuad Noman, entre outras autoridades. Com uma ampla programa\u00e7\u00e3o, o Imers\u00e3o acontece at\u00e9 quinta-feira. Clique <a href=\"https:\/\/www.fiemg.com.br\/imersao-industria\/?utm_source=portal&amp;utm_medium=giga.banner&amp;utm_campaign=fiemg&amp;utm_content=\"><strong>aqui <\/strong><\/a>e saiba mais.<\/p>\n\n\n\n<p>Roscoe, em seu discurso, disse que o \u201cImers\u00e3o vem consolidando como um dos principais eventos do setor produtivo no pa\u00eds em decorr\u00eancia, sobretudo, da diversidade e da complexidade dos temas que ser\u00e3o debatidos\u201d. O l\u00edder empresarial agradeceu aos empres\u00e1rios, presidentes de sindicatos e representantes do poderes Executivo, Legislativo e Judici\u00e1rio pela presen\u00e7a abertura do encontro.<\/p>\n\n\n\n<p>O vice-governador de Minas Gerais, Mateus Sim\u00f5es, que esteve no primeiro dia do evento, destacou o papel do setor produtivo para o crescimento da economia do estado e, dessa maneira, ele v\u00ea no Imers\u00e3o uma oportunidade para \u201cdebater o futuro da ind\u00fastria para que ela continue sendo de vanguarda\u201d.<br><br>O primeiro dia do Imers\u00e3o foi marcado tamb\u00e9m pelos pain\u00e9is da Gerdau e ArcelorMittal, envolvendo atletas e ex-atletas de auto rendimento, al\u00e9m de uma palestra sobre intelig\u00eancia artificial nas empresas. Quem falou sobre o tema foi Sandor Tucakov, do PicPay.<\/p>\n\n\n\n<p>Em 2023, as tem\u00e1ticas sustentabilidade, competitividade e gest\u00e3o trouxeram meio ambiente, energia e ESG como itens principais que ser\u00e3o debatidos por empres\u00e1rios, empreendedores, especialistas, pesquisadores, jornalistas e representantes do poder p\u00fablico. Em quatro dias de evento, est\u00e3o previstos pain\u00e9is e palestras simult\u00e2neos sobre gest\u00e3o e lideran\u00e7a, negocia\u00e7\u00e3o coletiva, impactos tribut\u00e1rios, economia voltada para neg\u00f3cios, micro e pequenas empresas, ESG, intelig\u00eancia artificial, entre outros.<\/p>\n\n\n\n<p>O Imers\u00e3o Ind\u00fastria \u00e9 realizado pela FIEMG, com o patroc\u00ednio master da Gerdau, Herculano Minera\u00e7\u00e3o, ArcelorMittal, Matrix Energia e Cedro Minera\u00e7\u00e3o. Usiminas, Sicoob Credifiemg, Sicoob Crediminas, Gasmig, Vale e Copasa s\u00e3o os patrocinadores ouro. BAT, Cemig, BEMISA, Shell, os patrocinadores prata. O apoio \u00e9 da Unimed-BH, (Re) Energisa, J Mendes Minera\u00e7\u00e3o, CMU Energia, Rede 98, Itatiaia, Rede Minas, R\u00e1dio Inconfid\u00eancia, UNA e Sebrae.<\/p>\n\n\n\n<p>Clique <a href=\"https:\/\/www.flickr.com\/photos\/sistemafiemg\/albums\/72177720312170834\/with\/53280830661\/\" target=\"_blank\" rel=\"noreferrer noopener\">a<\/a><a href=\"https:\/\/www.flickr.com\/photos\/sistemafiemg\/albums\/72177720312170834\/with\/53280830661\/\">qui <\/a>e veja mais fotos da solenidade de abertura<\/p>\n","protected":false},"featured_media":1882,"template":"","categories":[15],"tags":[364,365,46,93,366,367],"class_list":["post-1881","noticias","type-noticias","status-publish","has-post-thumbnail","hentry","category-desenvolvimento-industrial","tag-abertura","tag-bh","tag-fiemg","tag-imersao-industria","tag-minas","tag-minascentro"],"acf":[],"yoast_head":"<!-- This site is optimized with the Yoast SEO plugin v26.2 - https:\/\/yoast.com\/wordpress\/plugins\/seo\/ -->\n<title>FIEMG d\u00e1 in\u00edcio \u00e0 segunda edi\u00e7\u00e3o do Imers\u00e3o Ind\u00fastria de 2023 - Associativismo<\/title>\n<meta name=\"description\" content=\"At\u00e9 quinta-feira (26\/10), evento re\u00fane grandes profissionais para debater temas relevantes da atualidade do mundo corporativo\" \/>\n<meta name=\"robots\" content=\"index, follow, max-snippet:-1, max-image-preview:large, max-video-preview:-1\" \/>\n<link rel=\"canonical\" href=\"https:\/\/www.fiemg.com.br\/associativismo\/noticias\/9201\/\" \/>\n<meta property=\"og:locale\" content=\"pt_BR\" \/>\n<meta property=\"og:type\" content=\"article\" \/>\n<meta property=\"og:title\" content=\"FIEMG d\u00e1 in\u00edcio \u00e0 segunda edi\u00e7\u00e3o do Imers\u00e3o Ind\u00fastria de 2023 - Associativismo\" \/>\n<meta property=\"og:description\" content=\"At\u00e9 quinta-feira (26\/10), evento re\u00fane grandes profissionais para debater temas relevantes da atualidade do mundo corporativo\" \/>\n<meta property=\"og:url\" content=\"https:\/\/www.fiemg.com.br\/associativismo\/noticias\/9201\/\" \/>\n<meta property=\"og:site_name\" content=\"Associativismo\" \/>\n<meta property=\"article:modified_time\" content=\"2023-10-24T21:06:51+00:00\" \/>\n<meta property=\"og:image\" content=\"https:\/\/www.fiemg.com.br\/associativismo\/wp-content\/uploads\/sites\/29\/2023\/10\/flavio-thumb.jpeg\" \/>\n\t<meta property=\"og:image:width\" content=\"300\" \/>\n\t<meta property=\"og:image:height\" content=\"200\" \/>\n\t<meta property=\"og:image:type\" content=\"image\/jpeg\" \/>\n<meta name=\"twitter:card\" content=\"summary_large_image\" \/>\n<meta name=\"twitter:label1\" content=\"Est. tempo de leitura\" \/>\n\t<meta name=\"twitter:data1\" content=\"2 minutos\" \/>\n<script type=\"application\/ld+json\" class=\"yoast-schema-graph\">{\"@context\":\"https:\/\/schema.org\",\"@graph\":[{\"@type\":\"WebPage\",\"@id\":\"https:\/\/www.fiemg.com.br\/associativismo\/noticias\/9201\/\",\"url\":\"https:\/\/www.fiemg.com.br\/associativismo\/noticias\/9201\/\",\"name\":\"FIEMG d\u00e1 in\u00edcio \u00e0 segunda edi\u00e7\u00e3o do Imers\u00e3o Ind\u00fastria de 2023 - Associativismo\",\"isPartOf\":{\"@id\":\"https:\/\/www.fiemg.com.br\/associativismo\/#website\"},\"primaryImageOfPage\":{\"@id\":\"https:\/\/www.fiemg.com.br\/associativismo\/noticias\/9201\/#primaryimage\"},\"image\":{\"@id\":\"https:\/\/www.fiemg.com.br\/associativismo\/noticias\/9201\/#primaryimage\"},\"thumbnailUrl\":\"https:\/\/www.fiemg.com.br\/associativismo\/wp-content\/uploads\/sites\/29\/2023\/10\/flavio-thumb.jpeg\",\"datePublished\":\"2023-10-23T23:27:21+00:00\",\"dateModified\":\"2023-10-24T21:06:51+00:00\",\"description\":\"At\u00e9 quinta-feira (26\/10), evento re\u00fane grandes profissionais para debater temas relevantes da atualidade do mundo corporativo\",\"breadcrumb\":{\"@id\":\"https:\/\/www.fiemg.com.br\/associativismo\/noticias\/9201\/#breadcrumb\"},\"inLanguage\":\"pt-BR\",\"potentialAction\":[{\"@type\":\"ReadAction\",\"target\":[\"https:\/\/www.fiemg.com.br\/associativismo\/noticias\/9201\/\"]}]},{\"@type\":\"ImageObject\",\"inLanguage\":\"pt-BR\",\"@id\":\"https:\/\/www.fiemg.com.br\/associativismo\/noticias\/9201\/#primaryimage\",\"url\":\"https:\/\/www.fiemg.com.br\/associativismo\/wp-content\/uploads\/sites\/29\/2023\/10\/flavio-thumb.jpeg\",\"contentUrl\":\"https:\/\/www.fiemg.com.br\/associativismo\/wp-content\/uploads\/sites\/29\/2023\/10\/flavio-thumb.jpeg\",\"width\":300,\"height\":200,\"caption\":\"Fl\u00e1vio Roscoe discursa na abertura do Imers\u00e3o Ind\u00fastria\"},{\"@type\":\"BreadcrumbList\",\"@id\":\"https:\/\/www.fiemg.com.br\/associativismo\/noticias\/9201\/#breadcrumb\",\"itemListElement\":[{\"@type\":\"ListItem\",\"position\":1,\"name\":\"In\u00edcio\",\"item\":\"https:\/\/www.fiemg.com.br\/associativismo\/\"},{\"@type\":\"ListItem\",\"position\":2,\"name\":\"FIEMG d\u00e1 in\u00edcio \u00e0 segunda edi\u00e7\u00e3o do Imers\u00e3o Ind\u00fastria de 2023\"}]},{\"@type\":\"WebSite\",\"@id\":\"https:\/\/www.fiemg.com.br\/associativismo\/#website\",\"url\":\"https:\/\/www.fiemg.com.br\/associativismo\/\",\"name\":\"Associativismo\",\"description\":\"Federa\u00e7\u00e3o das Ind\u00fastrias do Estado de Minas Gerais\",\"publisher\":{\"@id\":\"https:\/\/www.fiemg.com.br\/associativismo\/#organization\"},\"potentialAction\":[{\"@type\":\"SearchAction\",\"target\":{\"@type\":\"EntryPoint\",\"urlTemplate\":\"https:\/\/www.fiemg.com.br\/associativismo\/?s={search_term_string}\"},\"query-input\":{\"@type\":\"PropertyValueSpecification\",\"valueRequired\":true,\"valueName\":\"search_term_string\"}}],\"inLanguage\":\"pt-BR\"},{\"@type\":\"Organization\",\"@id\":\"https:\/\/www.fiemg.com.br\/associativismo\/#organization\",\"name\":\"Associativismo\",\"url\":\"https:\/\/www.fiemg.com.br\/associativismo\/\",\"logo\":{\"@type\":\"ImageObject\",\"inLanguage\":\"pt-BR\",\"@id\":\"https:\/\/www.fiemg.com.br\/associativismo\/#\/schema\/logo\/image\/\",\"url\":\"https:\/\/www.fiemg.com.br\/associativismo\/wp-content\/uploads\/sites\/29\/2023\/02\/fiemg_branco.svg\",\"contentUrl\":\"https:\/\/www.fiemg.com.br\/associativismo\/wp-content\/uploads\/sites\/29\/2023\/02\/fiemg_branco.svg\",\"width\":561,\"height\":147,\"caption\":\"Associativismo\"},\"image\":{\"@id\":\"https:\/\/www.fiemg.com.br\/associativismo\/#\/schema\/logo\/image\/\"}}]}<\/script>\n<!-- \/ Yoast SEO plugin. -->","yoast_head_json":{"title":"FIEMG d\u00e1 in\u00edcio \u00e0 segunda edi\u00e7\u00e3o do Imers\u00e3o Ind\u00fastria de 2023 - Associativismo","description":"At\u00e9 quinta-feira (26\/10), evento re\u00fane grandes profissionais para debater temas relevantes da atualidade do mundo corporativo","robots":{"index":"index","follow":"follow","max-snippet":"max-snippet:-1","max-image-preview":"max-image-preview:large","max-video-preview":"max-video-preview:-1"},"canonical":"https:\/\/www.fiemg.com.br\/associativismo\/noticias\/9201\/","og_locale":"pt_BR","og_type":"article","og_title":"FIEMG d\u00e1 in\u00edcio \u00e0 segunda edi\u00e7\u00e3o do Imers\u00e3o Ind\u00fastria de 2023 - Associativismo","og_description":"At\u00e9 quinta-feira (26\/10), evento re\u00fane grandes profissionais para debater temas relevantes da atualidade do mundo corporativo","og_url":"https:\/\/www.fiemg.com.br\/associativismo\/noticias\/9201\/","og_site_name":"Associativismo","article_modified_time":"2023-10-24T21:06:51+00:00","og_image":[{"width":300,"height":200,"url":"https:\/\/www.fiemg.com.br\/associativismo\/wp-content\/uploads\/sites\/29\/2023\/10\/flavio-thumb.jpeg","type":"image\/jpeg"}],"twitter_card":"summary_large_image","twitter_misc":{"Est. tempo de leitura":"2 minutos"},"schema":{"@context":"https:\/\/schema.org","@graph":[{"@type":"WebPage","@id":"https:\/\/www.fiemg.com.br\/associativismo\/noticias\/9201\/","url":"https:\/\/www.fiemg.com.br\/associativismo\/noticias\/9201\/","name":"FIEMG d\u00e1 in\u00edcio \u00e0 segunda edi\u00e7\u00e3o do Imers\u00e3o Ind\u00fastria de 2023 - Associativismo","isPartOf":{"@id":"https:\/\/www.fiemg.com.br\/associativismo\/#website"},"primaryImageOfPage":{"@id":"https:\/\/www.fiemg.com.br\/associativismo\/noticias\/9201\/#primaryimage"},"image":{"@id":"https:\/\/www.fiemg.com.br\/associativismo\/noticias\/9201\/#primaryimage"},"thumbnailUrl":"https:\/\/www.fiemg.com.br\/associativismo\/wp-content\/uploads\/sites\/29\/2023\/10\/flavio-thumb.jpeg","datePublished":"2023-10-23T23:27:21+00:00","dateModified":"2023-10-24T21:06:51+00:00","description":"At\u00e9 quinta-feira (26\/10), evento re\u00fane grandes profissionais para debater temas relevantes da atualidade do mundo corporativo","breadcrumb":{"@id":"https:\/\/www.fiemg.com.br\/associativismo\/noticias\/9201\/#breadcrumb"},"inLanguage":"pt-BR","potentialAction":[{"@type":"ReadAction","target":["https:\/\/www.fiemg.com.br\/associativismo\/noticias\/9201\/"]}]},{"@type":"ImageObject","inLanguage":"pt-BR","@id":"https:\/\/www.fiemg.com.br\/associativismo\/noticias\/9201\/#primaryimage","url":"https:\/\/www.fiemg.com.br\/associativismo\/wp-content\/uploads\/sites\/29\/2023\/10\/flavio-thumb.jpeg","contentUrl":"https:\/\/www.fiemg.com.br\/associativismo\/wp-content\/uploads\/sites\/29\/2023\/10\/flavio-thumb.jpeg","width":300,"height":200,"caption":"Fl\u00e1vio Roscoe discursa na abertura do Imers\u00e3o Ind\u00fastria"},{"@type":"BreadcrumbList","@id":"https:\/\/www.fiemg.com.br\/associativismo\/noticias\/9201\/#breadcrumb","itemListElement":[{"@type":"ListItem","position":1,"name":"In\u00edcio","item":"https:\/\/www.fiemg.com.br\/associativismo\/"},{"@type":"ListItem","position":2,"name":"FIEMG d\u00e1 in\u00edcio \u00e0 segunda edi\u00e7\u00e3o do Imers\u00e3o Ind\u00fastria de 2023"}]},{"@type":"WebSite","@id":"https:\/\/www.fiemg.com.br\/associativismo\/#website","url":"https:\/\/www.fiemg.com.br\/associativismo\/","name":"Associativismo","description":"Federa\u00e7\u00e3o das Ind\u00fastrias do Estado de Minas Gerais","publisher":{"@id":"https:\/\/www.fiemg.com.br\/associativismo\/#organization"},"potentialAction":[{"@type":"SearchAction","target":{"@type":"EntryPoint","urlTemplate":"https:\/\/www.fiemg.com.br\/associativismo\/?s={search_term_string}"},"query-input":{"@type":"PropertyValueSpecification","valueRequired":true,"valueName":"search_term_string"}}],"inLanguage":"pt-BR"},{"@type":"Organization","@id":"https:\/\/www.fiemg.com.br\/associativismo\/#organization","name":"Associativismo","url":"https:\/\/www.fiemg.com.br\/associativismo\/","logo":{"@type":"ImageObject","inLanguage":"pt-BR","@id":"https:\/\/www.fiemg.com.br\/associativismo\/#\/schema\/logo\/image\/","url":"https:\/\/www.fiemg.com.br\/associativismo\/wp-content\/uploads\/sites\/29\/2023\/02\/fiemg_branco.svg","contentUrl":"https:\/\/www.fiemg.com.br\/associativismo\/wp-content\/uploads\/sites\/29\/2023\/02\/fiemg_branco.svg","width":561,"height":147,"caption":"Associativismo"},"image":{"@id":"https:\/\/www.fiemg.com.br\/associativismo\/#\/schema\/logo\/image\/"}}]}},"_links":{"self":[{"href":"https:\/\/www.fiemg.com.br\/associativismo\/wp-json\/wp\/v2\/noticias\/1881","targetHints":{"allow":["GET"]}}],"collection":[{"href":"https:\/\/www.fiemg.com.br\/associativismo\/wp-json\/wp\/v2\/noticias"}],"about":[{"href":"https:\/\/www.fiemg.com.br\/associativismo\/wp-json\/wp\/v2\/types\/noticias"}],"wp:featuredmedia":[{"embeddable":true,"href":"https:\/\/www.fiemg.com.br\/associativismo\/wp-json\/wp\/v2\/media\/1882"}],"wp:attachment":[{"href":"https:\/\/www.fiemg.com.br\/associativismo\/wp-json\/wp\/v2\/media?parent=1881"}],"wp:term":[{"taxonomy":"category","embeddable":true,"href":"https:\/\/www.fiemg.com.br\/associativismo\/wp-json\/wp\/v2\/categories?post=1881"},{"taxonomy":"post_tag","embeddable":true,"href":"https:\/\/www.fiemg.com.br\/associativismo\/wp-json\/wp\/v2\/tags?post=1881"}],"curies":[{"name":"wp","href":"https:\/\/api.w.org\/{rel}","templated":true}]}}