{"id":2068,"date":"2023-11-30T16:06:30","date_gmt":"2023-11-30T19:06:30","guid":{"rendered":"https:\/\/www.fiemg.com.br\/associativismo\/noticias\/workshop-de-corporate-venture-capital-impulsiona-inovacao-industrial\/"},"modified":"2023-11-30T17:08:40","modified_gmt":"2023-11-30T20:08:40","slug":"workshop-de-corporate-venture-capital-impulsiona-inovacao-industrial","status":"publish","type":"noticias","link":"https:\/\/www.fiemg.com.br\/associativismo\/noticias\/workshop-de-corporate-venture-capital-impulsiona-inovacao-industrial\/","title":{"rendered":"Workshop de Corporate Venture Capital impulsiona inova\u00e7\u00e3o industrial"},"content":{"rendered":"\n<p>O workshop &#8220;Fundo Startup Ind\u00fastria: a excel\u00eancia dos Fundos de Venture Capital Corporativo&#8221; realizado nesta quarta-feira (29\/11), no P7 Criativo, em Belo Horizonte, reuniu renomados l\u00edderes e especialistas no campo do Corporate Venture Capital (CVC) para discutir estrat\u00e9gias e tend\u00eancias que impulsionar\u00e3o a inova\u00e7\u00e3o na ind\u00fastria.<\/p>\n\n\n\n<p>O evento, promovido pelo Sindicato da Ind\u00fastria de Software e da Tecnologia da Informa\u00e7\u00e3o do Estado de Minas Gerais (Sindinfor) e pela Federa\u00e7\u00e3o das Ind\u00fastrias de Minas Gerais (FIEMG), teve como prop\u00f3sito orquestrar a pr\u00f3xima onda de progresso industrial e transformar o cen\u00e1rio de inova\u00e7\u00e3o no Estado.<\/p>\n\n\n\n<p>Dentre os palestrantes, destacaram-se nomes como C\u00e1ssio Spina, fundador e presidente da Anjos do Brasil; Rafael Ribeiro, co-founder na startup DealList; Guilherme Santos, l\u00edder de Corporate Venture Capital na Embraer &#8211; a Embraer Ventures; Rodrigo Carazolli, gestor de Inova\u00e7\u00e3o Aberta e do Fundo de Investimento em Startups da ArcelorMittal; Geraldo Santos, diretor de Canais e Novos Neg\u00f3cios da FCJ Venture Builder; e Helder Fonseca, s\u00f3cio da Guimar\u00e3es &amp; Vieira de Mello Advogados.<\/p>\n\n\n\n<p>Os temas em debate inclu\u00edram estrat\u00e9gias para promover uma nova cultura operacional e estrat\u00e9gica, a forma como os fundos de CVC podem impulsionar a ind\u00fastria em sinergia com a corrida tecnol\u00f3gica e as principais tend\u00eancias de investimento na ind\u00fastria nos pr\u00f3ximos anos. Cada palestrante ilustrou suas apresenta\u00e7\u00f5es com casos de sucesso, destacando a import\u00e2ncia de encontrar startups com valor estrat\u00e9gico, potencial financeiro e lideran\u00e7a s\u00f3lida.<\/p>\n\n\n\n<p>O presidente do Sindinfor e do Conselho de Tecnologia e Inova\u00e7\u00e3o da FIEMG, F\u00e1bio Veras, diz que o workshop trouxe as melhores mentes do Brasil no endosso da tese da cria\u00e7\u00e3o de Fundos de Corporate Venture Capital. &#8220;Reunimos empresas top de linha, num debate de alto n\u00edvel com o ecossistema de desenvolvimento de startups para entender que a FIEMG caminha nessa dire\u00e7\u00e3o com muita qualidade e com requinte&#8221;, diz.<\/p>\n\n\n\n<p>O anfitri\u00e3o tamb\u00e9m expressou sua satisfa\u00e7\u00e3o com o sucesso do workshop, que reuniu as melhores mentes do Brasil para impulsionar a tese da cria\u00e7\u00e3o de Fundos de Corporate Venture Capital e promover a inova\u00e7\u00e3o industrial.<\/p>\n\n\n\n<p>Gustavo Macena, superintendente do IEL e presidente do P7 Criativo, participou do evento e pronunciou a import\u00e2ncia de se desenvolver o Fundo Venture Capital Corporativo, que ser\u00e1 lan\u00e7ado oficialmente num futuro pr\u00f3ximo pela FIEMG, junto das ind\u00fastrias que participam do projeto. &#8220;Essa \u00e9 uma iniciativa revolucion\u00e1ria e hist\u00f3rica para a Federa\u00e7\u00e3o&#8221;, diz Macena.<\/p>\n\n\n\n<p>O evento deixou claro que o investimento estrat\u00e9gico em startups \u00e9 fundamental para o futuro da ind\u00fastria, impulsionando a transforma\u00e7\u00e3o e a excel\u00eancia operacional nas empresas.<\/p>\n\n\n\n<p>Confira as imagens do workshop &#8220;Fundo Startup Ind\u00fastria: a excel\u00eancia dos Fundos de Venture Capital Corporativo&#8221; no \u00e1lbum abaixo:<\/p>\n\n\n\n<figure class=\"wp-block-embed is-type-rich is-provider-flickr wp-block-embed-flickr\"><div class=\"wp-block-embed__wrapper\">\n<a data-flickr-embed='true' href='https:\/\/www.flickr.com\/photos\/sistemafiemg\/albums\/72177720313047988' title='291123 DESBLOQUEANDO O FUTURO DA INOVA\u00c7\u00c3O.O papel de Fundos de Corporate Venture Capital no Desenvolvimento Empresarial by FIEMGoficial, on Flickr'><img src='https:\/\/live.staticflickr.com\/65535\/53365943926_6e9264df5e_c.jpg' width='800' height='600' alt='SJJ_0621'><\/a><script async src='https:\/\/embedr.flickr.com\/assets\/client-code.js' charset='utf-8'><\/script>\n<\/div><figcaption class=\"wp-element-caption\">Ana Paula Motta<br><strong>Imprensa FIEMG<\/strong><\/figcaption><\/figure>\n","protected":false},"featured_media":2072,"template":"","categories":[15],"tags":[],"class_list":["post-2068","noticias","type-noticias","status-publish","has-post-thumbnail","hentry","category-desenvolvimento-industrial"],"acf":[],"yoast_head":"<!-- This site is optimized with the Yoast SEO plugin v26.2 - https:\/\/yoast.com\/wordpress\/plugins\/seo\/ -->\n<title>Workshop de Corporate Venture Capital impulsiona inova\u00e7\u00e3o industrial - Associativismo<\/title>\n<meta name=\"description\" content=\"Evento promovido pelo Sindinfor e FIEMG re\u00fane l\u00edderes e cases de sucesso para debater o futuro da ind\u00fastria atrav\u00e9s do investimento em startups\" \/>\n<meta name=\"robots\" content=\"index, follow, max-snippet:-1, max-image-preview:large, max-video-preview:-1\" \/>\n<link rel=\"canonical\" href=\"https:\/\/www.fiemg.com.br\/associativismo\/noticias\/workshop-de-corporate-venture-capital-impulsiona-inovacao-industrial\/\" \/>\n<meta property=\"og:locale\" content=\"pt_BR\" \/>\n<meta property=\"og:type\" content=\"article\" \/>\n<meta property=\"og:title\" content=\"Workshop de Corporate Venture Capital impulsiona inova\u00e7\u00e3o industrial - Associativismo\" \/>\n<meta property=\"og:description\" content=\"Evento promovido pelo Sindinfor e FIEMG re\u00fane l\u00edderes e cases de sucesso para debater o futuro da ind\u00fastria atrav\u00e9s do investimento em startups\" \/>\n<meta property=\"og:url\" content=\"https:\/\/www.fiemg.com.br\/associativismo\/noticias\/workshop-de-corporate-venture-capital-impulsiona-inovacao-industrial\/\" \/>\n<meta property=\"og:site_name\" content=\"Associativismo\" \/>\n<meta property=\"article:modified_time\" content=\"2023-11-30T20:08:40+00:00\" \/>\n<meta property=\"og:image\" content=\"https:\/\/www.fiemg.com.br\/associativismo\/wp-content\/uploads\/sites\/29\/2023\/11\/fundo-startup-industria-venture-capital.jpg\" \/>\n\t<meta property=\"og:image:width\" content=\"300\" \/>\n\t<meta property=\"og:image:height\" content=\"200\" \/>\n\t<meta property=\"og:image:type\" content=\"image\/jpeg\" \/>\n<meta name=\"twitter:card\" content=\"summary_large_image\" \/>\n<meta name=\"twitter:label1\" content=\"Est. tempo de leitura\" \/>\n\t<meta name=\"twitter:data1\" content=\"3 minutos\" \/>\n<script type=\"application\/ld+json\" class=\"yoast-schema-graph\">{\"@context\":\"https:\/\/schema.org\",\"@graph\":[{\"@type\":\"WebPage\",\"@id\":\"https:\/\/www.fiemg.com.br\/associativismo\/noticias\/workshop-de-corporate-venture-capital-impulsiona-inovacao-industrial\/\",\"url\":\"https:\/\/www.fiemg.com.br\/associativismo\/noticias\/workshop-de-corporate-venture-capital-impulsiona-inovacao-industrial\/\",\"name\":\"Workshop de Corporate Venture Capital impulsiona inova\u00e7\u00e3o industrial - Associativismo\",\"isPartOf\":{\"@id\":\"https:\/\/www.fiemg.com.br\/associativismo\/#website\"},\"primaryImageOfPage\":{\"@id\":\"https:\/\/www.fiemg.com.br\/associativismo\/noticias\/workshop-de-corporate-venture-capital-impulsiona-inovacao-industrial\/#primaryimage\"},\"image\":{\"@id\":\"https:\/\/www.fiemg.com.br\/associativismo\/noticias\/workshop-de-corporate-venture-capital-impulsiona-inovacao-industrial\/#primaryimage\"},\"thumbnailUrl\":\"https:\/\/www.fiemg.com.br\/associativismo\/wp-content\/uploads\/sites\/29\/2023\/11\/fundo-startup-industria-venture-capital.jpg\",\"datePublished\":\"2023-11-30T19:06:30+00:00\",\"dateModified\":\"2023-11-30T20:08:40+00:00\",\"description\":\"Evento promovido pelo Sindinfor e FIEMG re\u00fane l\u00edderes e cases de sucesso para debater o futuro da ind\u00fastria atrav\u00e9s do investimento em startups\",\"breadcrumb\":{\"@id\":\"https:\/\/www.fiemg.com.br\/associativismo\/noticias\/workshop-de-corporate-venture-capital-impulsiona-inovacao-industrial\/#breadcrumb\"},\"inLanguage\":\"pt-BR\",\"potentialAction\":[{\"@type\":\"ReadAction\",\"target\":[\"https:\/\/www.fiemg.com.br\/associativismo\/noticias\/workshop-de-corporate-venture-capital-impulsiona-inovacao-industrial\/\"]}]},{\"@type\":\"ImageObject\",\"inLanguage\":\"pt-BR\",\"@id\":\"https:\/\/www.fiemg.com.br\/associativismo\/noticias\/workshop-de-corporate-venture-capital-impulsiona-inovacao-industrial\/#primaryimage\",\"url\":\"https:\/\/www.fiemg.com.br\/associativismo\/wp-content\/uploads\/sites\/29\/2023\/11\/fundo-startup-industria-venture-capital.jpg\",\"contentUrl\":\"https:\/\/www.fiemg.com.br\/associativismo\/wp-content\/uploads\/sites\/29\/2023\/11\/fundo-startup-industria-venture-capital.jpg\",\"width\":300,\"height\":200},{\"@type\":\"BreadcrumbList\",\"@id\":\"https:\/\/www.fiemg.com.br\/associativismo\/noticias\/workshop-de-corporate-venture-capital-impulsiona-inovacao-industrial\/#breadcrumb\",\"itemListElement\":[{\"@type\":\"ListItem\",\"position\":1,\"name\":\"In\u00edcio\",\"item\":\"https:\/\/www.fiemg.com.br\/associativismo\/\"},{\"@type\":\"ListItem\",\"position\":2,\"name\":\"Workshop de Corporate Venture Capital Impulsiona Inova\u00e7\u00e3o Industrial\"}]},{\"@type\":\"WebSite\",\"@id\":\"https:\/\/www.fiemg.com.br\/associativismo\/#website\",\"url\":\"https:\/\/www.fiemg.com.br\/associativismo\/\",\"name\":\"Associativismo\",\"description\":\"Federa\u00e7\u00e3o das Ind\u00fastrias do Estado de Minas Gerais\",\"publisher\":{\"@id\":\"https:\/\/www.fiemg.com.br\/associativismo\/#organization\"},\"potentialAction\":[{\"@type\":\"SearchAction\",\"target\":{\"@type\":\"EntryPoint\",\"urlTemplate\":\"https:\/\/www.fiemg.com.br\/associativismo\/?s={search_term_string}\"},\"query-input\":{\"@type\":\"PropertyValueSpecification\",\"valueRequired\":true,\"valueName\":\"search_term_string\"}}],\"inLanguage\":\"pt-BR\"},{\"@type\":\"Organization\",\"@id\":\"https:\/\/www.fiemg.com.br\/associativismo\/#organization\",\"name\":\"Associativismo\",\"url\":\"https:\/\/www.fiemg.com.br\/associativismo\/\",\"logo\":{\"@type\":\"ImageObject\",\"inLanguage\":\"pt-BR\",\"@id\":\"https:\/\/www.fiemg.com.br\/associativismo\/#\/schema\/logo\/image\/\",\"url\":\"https:\/\/www.fiemg.com.br\/associativismo\/wp-content\/uploads\/sites\/29\/2023\/02\/fiemg_branco.svg\",\"contentUrl\":\"https:\/\/www.fiemg.com.br\/associativismo\/wp-content\/uploads\/sites\/29\/2023\/02\/fiemg_branco.svg\",\"width\":561,\"height\":147,\"caption\":\"Associativismo\"},\"image\":{\"@id\":\"https:\/\/www.fiemg.com.br\/associativismo\/#\/schema\/logo\/image\/\"}}]}<\/script>\n<!-- \/ Yoast SEO plugin. -->","yoast_head_json":{"title":"Workshop de Corporate Venture Capital impulsiona inova\u00e7\u00e3o industrial - Associativismo","description":"Evento promovido pelo Sindinfor e FIEMG re\u00fane l\u00edderes e cases de sucesso para debater o futuro da ind\u00fastria atrav\u00e9s do investimento em startups","robots":{"index":"index","follow":"follow","max-snippet":"max-snippet:-1","max-image-preview":"max-image-preview:large","max-video-preview":"max-video-preview:-1"},"canonical":"https:\/\/www.fiemg.com.br\/associativismo\/noticias\/workshop-de-corporate-venture-capital-impulsiona-inovacao-industrial\/","og_locale":"pt_BR","og_type":"article","og_title":"Workshop de Corporate Venture Capital impulsiona inova\u00e7\u00e3o industrial - Associativismo","og_description":"Evento promovido pelo Sindinfor e FIEMG re\u00fane l\u00edderes e cases de sucesso para debater o futuro da ind\u00fastria atrav\u00e9s do investimento em startups","og_url":"https:\/\/www.fiemg.com.br\/associativismo\/noticias\/workshop-de-corporate-venture-capital-impulsiona-inovacao-industrial\/","og_site_name":"Associativismo","article_modified_time":"2023-11-30T20:08:40+00:00","og_image":[{"width":300,"height":200,"url":"https:\/\/www.fiemg.com.br\/associativismo\/wp-content\/uploads\/sites\/29\/2023\/11\/fundo-startup-industria-venture-capital.jpg","type":"image\/jpeg"}],"twitter_card":"summary_large_image","twitter_misc":{"Est. tempo de leitura":"3 minutos"},"schema":{"@context":"https:\/\/schema.org","@graph":[{"@type":"WebPage","@id":"https:\/\/www.fiemg.com.br\/associativismo\/noticias\/workshop-de-corporate-venture-capital-impulsiona-inovacao-industrial\/","url":"https:\/\/www.fiemg.com.br\/associativismo\/noticias\/workshop-de-corporate-venture-capital-impulsiona-inovacao-industrial\/","name":"Workshop de Corporate Venture Capital impulsiona inova\u00e7\u00e3o industrial - Associativismo","isPartOf":{"@id":"https:\/\/www.fiemg.com.br\/associativismo\/#website"},"primaryImageOfPage":{"@id":"https:\/\/www.fiemg.com.br\/associativismo\/noticias\/workshop-de-corporate-venture-capital-impulsiona-inovacao-industrial\/#primaryimage"},"image":{"@id":"https:\/\/www.fiemg.com.br\/associativismo\/noticias\/workshop-de-corporate-venture-capital-impulsiona-inovacao-industrial\/#primaryimage"},"thumbnailUrl":"https:\/\/www.fiemg.com.br\/associativismo\/wp-content\/uploads\/sites\/29\/2023\/11\/fundo-startup-industria-venture-capital.jpg","datePublished":"2023-11-30T19:06:30+00:00","dateModified":"2023-11-30T20:08:40+00:00","description":"Evento promovido pelo Sindinfor e FIEMG re\u00fane l\u00edderes e cases de sucesso para debater o futuro da ind\u00fastria atrav\u00e9s do investimento em startups","breadcrumb":{"@id":"https:\/\/www.fiemg.com.br\/associativismo\/noticias\/workshop-de-corporate-venture-capital-impulsiona-inovacao-industrial\/#breadcrumb"},"inLanguage":"pt-BR","potentialAction":[{"@type":"ReadAction","target":["https:\/\/www.fiemg.com.br\/associativismo\/noticias\/workshop-de-corporate-venture-capital-impulsiona-inovacao-industrial\/"]}]},{"@type":"ImageObject","inLanguage":"pt-BR","@id":"https:\/\/www.fiemg.com.br\/associativismo\/noticias\/workshop-de-corporate-venture-capital-impulsiona-inovacao-industrial\/#primaryimage","url":"https:\/\/www.fiemg.com.br\/associativismo\/wp-content\/uploads\/sites\/29\/2023\/11\/fundo-startup-industria-venture-capital.jpg","contentUrl":"https:\/\/www.fiemg.com.br\/associativismo\/wp-content\/uploads\/sites\/29\/2023\/11\/fundo-startup-industria-venture-capital.jpg","width":300,"height":200},{"@type":"BreadcrumbList","@id":"https:\/\/www.fiemg.com.br\/associativismo\/noticias\/workshop-de-corporate-venture-capital-impulsiona-inovacao-industrial\/#breadcrumb","itemListElement":[{"@type":"ListItem","position":1,"name":"In\u00edcio","item":"https:\/\/www.fiemg.com.br\/associativismo\/"},{"@type":"ListItem","position":2,"name":"Workshop de Corporate Venture Capital Impulsiona Inova\u00e7\u00e3o Industrial"}]},{"@type":"WebSite","@id":"https:\/\/www.fiemg.com.br\/associativismo\/#website","url":"https:\/\/www.fiemg.com.br\/associativismo\/","name":"Associativismo","description":"Federa\u00e7\u00e3o das Ind\u00fastrias do Estado de Minas Gerais","publisher":{"@id":"https:\/\/www.fiemg.com.br\/associativismo\/#organization"},"potentialAction":[{"@type":"SearchAction","target":{"@type":"EntryPoint","urlTemplate":"https:\/\/www.fiemg.com.br\/associativismo\/?s={search_term_string}"},"query-input":{"@type":"PropertyValueSpecification","valueRequired":true,"valueName":"search_term_string"}}],"inLanguage":"pt-BR"},{"@type":"Organization","@id":"https:\/\/www.fiemg.com.br\/associativismo\/#organization","name":"Associativismo","url":"https:\/\/www.fiemg.com.br\/associativismo\/","logo":{"@type":"ImageObject","inLanguage":"pt-BR","@id":"https:\/\/www.fiemg.com.br\/associativismo\/#\/schema\/logo\/image\/","url":"https:\/\/www.fiemg.com.br\/associativismo\/wp-content\/uploads\/sites\/29\/2023\/02\/fiemg_branco.svg","contentUrl":"https:\/\/www.fiemg.com.br\/associativismo\/wp-content\/uploads\/sites\/29\/2023\/02\/fiemg_branco.svg","width":561,"height":147,"caption":"Associativismo"},"image":{"@id":"https:\/\/www.fiemg.com.br\/associativismo\/#\/schema\/logo\/image\/"}}]}},"_links":{"self":[{"href":"https:\/\/www.fiemg.com.br\/associativismo\/wp-json\/wp\/v2\/noticias\/2068","targetHints":{"allow":["GET"]}}],"collection":[{"href":"https:\/\/www.fiemg.com.br\/associativismo\/wp-json\/wp\/v2\/noticias"}],"about":[{"href":"https:\/\/www.fiemg.com.br\/associativismo\/wp-json\/wp\/v2\/types\/noticias"}],"wp:featuredmedia":[{"embeddable":true,"href":"https:\/\/www.fiemg.com.br\/associativismo\/wp-json\/wp\/v2\/media\/2072"}],"wp:attachment":[{"href":"https:\/\/www.fiemg.com.br\/associativismo\/wp-json\/wp\/v2\/media?parent=2068"}],"wp:term":[{"taxonomy":"category","embeddable":true,"href":"https:\/\/www.fiemg.com.br\/associativismo\/wp-json\/wp\/v2\/categories?post=2068"},{"taxonomy":"post_tag","embeddable":true,"href":"https:\/\/www.fiemg.com.br\/associativismo\/wp-json\/wp\/v2\/tags?post=2068"}],"curies":[{"name":"wp","href":"https:\/\/api.w.org\/{rel}","templated":true}]}}