{"id":2086,"date":"2023-12-07T18:17:46","date_gmt":"2023-12-07T21:17:46","guid":{"rendered":"https:\/\/www.fiemg.com.br\/associativismo\/noticias\/imersao-mbi-automotiva-4-0-capacita-profissionais-para-a-industria-do-futuro\/"},"modified":"2023-12-07T18:17:48","modified_gmt":"2023-12-07T21:17:48","slug":"imersao-mbi-automotiva-4-0-capacita-profissionais-para-a-industria-do-futuro","status":"publish","type":"noticias","link":"https:\/\/www.fiemg.com.br\/associativismo\/noticias\/imersao-mbi-automotiva-4-0-capacita-profissionais-para-a-industria-do-futuro\/","title":{"rendered":"Imers\u00e3o MBI Automotiva 4.0 Capacita Profissionais para a Ind\u00fastria do Futuro"},"content":{"rendered":"\n<p>O Centro de Inova\u00e7\u00e3o e Tecnologia (CIT SENAI) e o Centro de Desenvolvimento da Ind\u00fastria 4.0 (Centro 4.0) foram palco da Imers\u00e3o P\u00f3s-gradua\u00e7\u00e3o EaD MBI Automotiva 4.0, realizada nos dias 1 e 2 de dezembro. O evento, que faz parte do curso de MBI em Automotiva 4.0, teve como objetivo capacitar profissionais para atuarem na ind\u00fastria do futuro.<\/p>\n\n\n\n<p>O curso de MBI em Automotiva 4.0 adota uma abordagem pedag\u00f3gica que combina ensino \u00e0 dist\u00e2ncia, aulas online, suporte t\u00e9cnico e ambiente virtual de aprendizagem personalizado. Al\u00e9m disso, o programa inclui imers\u00f5es presenciais, como a realizada nesses dois dias, para proporcionar experi\u00eancias pr\u00e1ticas e enriquecedoras aos participantes.<\/p>\n\n\n\n<p>As imers\u00f5es presenciais se concentraram em tr\u00eas tipos de atividades pr\u00e1ticas:<\/p>\n\n\n\n<p>Pr\u00e1ticas hands on: Os participantes puderam aplicar os conceitos e habilidades aprendidos no curso por meio de exerc\u00edcios, experimentos e projetos relacionados ao setor automotivo.<\/p>\n\n\n\n<p>Atividades em grupo: Com o objetivo de fomentar o aprendizado coletivo, essas atividades envolveram discuss\u00f5es em grupo, estudos de caso e projetos em equipe. Elas visam estimular a colabora\u00e7\u00e3o, lideran\u00e7a e o compartilhamento de conhecimento entre os participantes.<\/p>\n\n\n\n<p>Desafios: Os desafios propostos durante a imers\u00e3o t\u00eam o intuito de estimular o pensamento cr\u00edtico, a criatividade e a capacidade de adapta\u00e7\u00e3o dos alunos diante de situa\u00e7\u00f5es reais e desafiadoras. Eles podem incluir a resolu\u00e7\u00e3o de problemas complexos, a aplica\u00e7\u00e3o de tecnologias inovadoras e a tomada de decis\u00f5es estrat\u00e9gicas relacionadas ao contexto automotivo 4.0.<\/p>\n\n\n\n<p>Thales Calmon, especialista do Departamento Nacional do SENAI, ressaltou a contribui\u00e7\u00e3o da imers\u00e3o para fomentar a inova\u00e7\u00e3o como parte do plano estrat\u00e9gico das empresas. \u201c\u00c9 muito bacana a gente conseguir trazer a experi\u00eancia da Rede SENAI de Inova\u00e7\u00e3o para conseguir contribuir para essas empresas, que est\u00e3o sempre t\u00e3o focadas em produ\u00e7\u00e3o\u201d, disse.<\/p>\n\n\n\n<p>J\u00e1 o analista respons\u00e1vel pela Opera\u00e7\u00e3o do MBA Automotivo, Kalvin Fischgold, destacou a experi\u00eancia \u00fanica de networking proporcionada pela Imers\u00e3o, que conecta pessoas de diferentes empresas e entidades do Sistema S, fortalecendo as rela\u00e7\u00f5es e o compartilhamento de conhecimento.<\/p>\n\n\n\n<p>\u201cEles saem daqui realizados, motivados e com muita for\u00e7a e energia para poder criar, elaboras, pensar e desenvolver projetos inovadores, que v\u00e3o mudar n\u00e3o apenas suas empresas, mas todas as outras que comp\u00f5e esses grupos de projetos aplicados\u201d, analisou Fischgold.<\/p>\n\n\n\n<p>Para Marcos Vinicius do Esp\u00edrito Santo, pesquisador em Tecnologia no CIT SENAI, enfatizou as compet\u00eancias do CIT SENAI para desenvolver projetos alinhados com as novas legisla\u00e7\u00f5es e tend\u00eancias do mercado automotivo. \u201cDentro da infraestrutura existente e dos investimentos que est\u00e3o sendo feitos, n\u00f3s temos compet\u00eancias para desenvolver projetos que est\u00e3o alinhados com as novas legisla\u00e7\u00f5es voltadas para emiss\u00f5es veiculares, que j\u00e1 est\u00e3o v\u00e1lidas e entram em vigor em breve, assim como as novas tend\u00eancias do mercado\u201d, concluiu o pesquisador.<\/p>\n\n\n\n<p>A Imers\u00e3o MBI Automotiva 4.0 representa um passo importante na capacita\u00e7\u00e3o de profissionais para a ind\u00fastria do futuro, preparando-os para os desafios e oportunidades que a automa\u00e7\u00e3o e a tecnologia 4.0 oferecem.<\/p>\n\n\n\n<p><em>Ana Paula Motta<\/em><br><strong>Imprensa FIEMG<\/strong><\/p>\n","protected":false},"featured_media":2087,"template":"","categories":[15],"tags":[],"class_list":["post-2086","noticias","type-noticias","status-publish","has-post-thumbnail","hentry","category-desenvolvimento-industrial"],"acf":[],"yoast_head":"<!-- This site is optimized with the Yoast SEO plugin v26.2 - https:\/\/yoast.com\/wordpress\/plugins\/seo\/ -->\n<title>Imers\u00e3o MBI Automotiva 4.0 Capacita Profissionais para a Ind\u00fastria do Futuro - Associativismo<\/title>\n<meta name=\"description\" content=\"Evento proporciona aprendizado pr\u00e1tico e networking estrat\u00e9gico no Centro de Inova\u00e7\u00e3o e Tecnologia do SENAI\" \/>\n<meta name=\"robots\" content=\"index, follow, max-snippet:-1, max-image-preview:large, max-video-preview:-1\" \/>\n<link rel=\"canonical\" href=\"https:\/\/www.fiemg.com.br\/associativismo\/noticias\/imersao-mbi-automotiva-4-0-capacita-profissionais-para-a-industria-do-futuro\/\" \/>\n<meta property=\"og:locale\" content=\"pt_BR\" \/>\n<meta property=\"og:type\" content=\"article\" \/>\n<meta property=\"og:title\" content=\"Imers\u00e3o MBI Automotiva 4.0 Capacita Profissionais para a Ind\u00fastria do Futuro - Associativismo\" \/>\n<meta property=\"og:description\" content=\"Evento proporciona aprendizado pr\u00e1tico e networking estrat\u00e9gico no Centro de Inova\u00e7\u00e3o e Tecnologia do SENAI\" \/>\n<meta property=\"og:url\" content=\"https:\/\/www.fiemg.com.br\/associativismo\/noticias\/imersao-mbi-automotiva-4-0-capacita-profissionais-para-a-industria-do-futuro\/\" \/>\n<meta property=\"og:site_name\" content=\"Associativismo\" \/>\n<meta property=\"article:modified_time\" content=\"2023-12-07T21:17:48+00:00\" \/>\n<meta property=\"og:image\" content=\"https:\/\/www.fiemg.com.br\/associativismo\/wp-content\/uploads\/sites\/29\/2023\/12\/mbi-pos-cit-4-0.jpg\" \/>\n\t<meta property=\"og:image:width\" content=\"300\" \/>\n\t<meta property=\"og:image:height\" content=\"200\" \/>\n\t<meta property=\"og:image:type\" content=\"image\/jpeg\" \/>\n<meta name=\"twitter:card\" content=\"summary_large_image\" \/>\n<meta name=\"twitter:label1\" content=\"Est. tempo de leitura\" \/>\n\t<meta name=\"twitter:data1\" content=\"3 minutos\" \/>\n<script type=\"application\/ld+json\" class=\"yoast-schema-graph\">{\"@context\":\"https:\/\/schema.org\",\"@graph\":[{\"@type\":\"WebPage\",\"@id\":\"https:\/\/www.fiemg.com.br\/associativismo\/noticias\/imersao-mbi-automotiva-4-0-capacita-profissionais-para-a-industria-do-futuro\/\",\"url\":\"https:\/\/www.fiemg.com.br\/associativismo\/noticias\/imersao-mbi-automotiva-4-0-capacita-profissionais-para-a-industria-do-futuro\/\",\"name\":\"Imers\u00e3o MBI Automotiva 4.0 Capacita Profissionais para a Ind\u00fastria do Futuro - Associativismo\",\"isPartOf\":{\"@id\":\"https:\/\/www.fiemg.com.br\/associativismo\/#website\"},\"primaryImageOfPage\":{\"@id\":\"https:\/\/www.fiemg.com.br\/associativismo\/noticias\/imersao-mbi-automotiva-4-0-capacita-profissionais-para-a-industria-do-futuro\/#primaryimage\"},\"image\":{\"@id\":\"https:\/\/www.fiemg.com.br\/associativismo\/noticias\/imersao-mbi-automotiva-4-0-capacita-profissionais-para-a-industria-do-futuro\/#primaryimage\"},\"thumbnailUrl\":\"https:\/\/www.fiemg.com.br\/associativismo\/wp-content\/uploads\/sites\/29\/2023\/12\/mbi-pos-cit-4-0.jpg\",\"datePublished\":\"2023-12-07T21:17:46+00:00\",\"dateModified\":\"2023-12-07T21:17:48+00:00\",\"description\":\"Evento proporciona aprendizado pr\u00e1tico e networking estrat\u00e9gico no Centro de Inova\u00e7\u00e3o e Tecnologia do SENAI\",\"breadcrumb\":{\"@id\":\"https:\/\/www.fiemg.com.br\/associativismo\/noticias\/imersao-mbi-automotiva-4-0-capacita-profissionais-para-a-industria-do-futuro\/#breadcrumb\"},\"inLanguage\":\"pt-BR\",\"potentialAction\":[{\"@type\":\"ReadAction\",\"target\":[\"https:\/\/www.fiemg.com.br\/associativismo\/noticias\/imersao-mbi-automotiva-4-0-capacita-profissionais-para-a-industria-do-futuro\/\"]}]},{\"@type\":\"ImageObject\",\"inLanguage\":\"pt-BR\",\"@id\":\"https:\/\/www.fiemg.com.br\/associativismo\/noticias\/imersao-mbi-automotiva-4-0-capacita-profissionais-para-a-industria-do-futuro\/#primaryimage\",\"url\":\"https:\/\/www.fiemg.com.br\/associativismo\/wp-content\/uploads\/sites\/29\/2023\/12\/mbi-pos-cit-4-0.jpg\",\"contentUrl\":\"https:\/\/www.fiemg.com.br\/associativismo\/wp-content\/uploads\/sites\/29\/2023\/12\/mbi-pos-cit-4-0.jpg\",\"width\":300,\"height\":200},{\"@type\":\"BreadcrumbList\",\"@id\":\"https:\/\/www.fiemg.com.br\/associativismo\/noticias\/imersao-mbi-automotiva-4-0-capacita-profissionais-para-a-industria-do-futuro\/#breadcrumb\",\"itemListElement\":[{\"@type\":\"ListItem\",\"position\":1,\"name\":\"In\u00edcio\",\"item\":\"https:\/\/www.fiemg.com.br\/associativismo\/\"},{\"@type\":\"ListItem\",\"position\":2,\"name\":\"Imers\u00e3o MBI Automotiva 4.0 Capacita Profissionais para a Ind\u00fastria do Futuro\"}]},{\"@type\":\"WebSite\",\"@id\":\"https:\/\/www.fiemg.com.br\/associativismo\/#website\",\"url\":\"https:\/\/www.fiemg.com.br\/associativismo\/\",\"name\":\"Associativismo\",\"description\":\"Federa\u00e7\u00e3o das Ind\u00fastrias do Estado de Minas Gerais\",\"publisher\":{\"@id\":\"https:\/\/www.fiemg.com.br\/associativismo\/#organization\"},\"potentialAction\":[{\"@type\":\"SearchAction\",\"target\":{\"@type\":\"EntryPoint\",\"urlTemplate\":\"https:\/\/www.fiemg.com.br\/associativismo\/?s={search_term_string}\"},\"query-input\":{\"@type\":\"PropertyValueSpecification\",\"valueRequired\":true,\"valueName\":\"search_term_string\"}}],\"inLanguage\":\"pt-BR\"},{\"@type\":\"Organization\",\"@id\":\"https:\/\/www.fiemg.com.br\/associativismo\/#organization\",\"name\":\"Associativismo\",\"url\":\"https:\/\/www.fiemg.com.br\/associativismo\/\",\"logo\":{\"@type\":\"ImageObject\",\"inLanguage\":\"pt-BR\",\"@id\":\"https:\/\/www.fiemg.com.br\/associativismo\/#\/schema\/logo\/image\/\",\"url\":\"https:\/\/www.fiemg.com.br\/associativismo\/wp-content\/uploads\/sites\/29\/2023\/02\/fiemg_branco.svg\",\"contentUrl\":\"https:\/\/www.fiemg.com.br\/associativismo\/wp-content\/uploads\/sites\/29\/2023\/02\/fiemg_branco.svg\",\"width\":561,\"height\":147,\"caption\":\"Associativismo\"},\"image\":{\"@id\":\"https:\/\/www.fiemg.com.br\/associativismo\/#\/schema\/logo\/image\/\"}}]}<\/script>\n<!-- \/ Yoast SEO plugin. -->","yoast_head_json":{"title":"Imers\u00e3o MBI Automotiva 4.0 Capacita Profissionais para a Ind\u00fastria do Futuro - Associativismo","description":"Evento proporciona aprendizado pr\u00e1tico e networking estrat\u00e9gico no Centro de Inova\u00e7\u00e3o e Tecnologia do SENAI","robots":{"index":"index","follow":"follow","max-snippet":"max-snippet:-1","max-image-preview":"max-image-preview:large","max-video-preview":"max-video-preview:-1"},"canonical":"https:\/\/www.fiemg.com.br\/associativismo\/noticias\/imersao-mbi-automotiva-4-0-capacita-profissionais-para-a-industria-do-futuro\/","og_locale":"pt_BR","og_type":"article","og_title":"Imers\u00e3o MBI Automotiva 4.0 Capacita Profissionais para a Ind\u00fastria do Futuro - Associativismo","og_description":"Evento proporciona aprendizado pr\u00e1tico e networking estrat\u00e9gico no Centro de Inova\u00e7\u00e3o e Tecnologia do SENAI","og_url":"https:\/\/www.fiemg.com.br\/associativismo\/noticias\/imersao-mbi-automotiva-4-0-capacita-profissionais-para-a-industria-do-futuro\/","og_site_name":"Associativismo","article_modified_time":"2023-12-07T21:17:48+00:00","og_image":[{"width":300,"height":200,"url":"https:\/\/www.fiemg.com.br\/associativismo\/wp-content\/uploads\/sites\/29\/2023\/12\/mbi-pos-cit-4-0.jpg","type":"image\/jpeg"}],"twitter_card":"summary_large_image","twitter_misc":{"Est. tempo de leitura":"3 minutos"},"schema":{"@context":"https:\/\/schema.org","@graph":[{"@type":"WebPage","@id":"https:\/\/www.fiemg.com.br\/associativismo\/noticias\/imersao-mbi-automotiva-4-0-capacita-profissionais-para-a-industria-do-futuro\/","url":"https:\/\/www.fiemg.com.br\/associativismo\/noticias\/imersao-mbi-automotiva-4-0-capacita-profissionais-para-a-industria-do-futuro\/","name":"Imers\u00e3o MBI Automotiva 4.0 Capacita Profissionais para a Ind\u00fastria do Futuro - Associativismo","isPartOf":{"@id":"https:\/\/www.fiemg.com.br\/associativismo\/#website"},"primaryImageOfPage":{"@id":"https:\/\/www.fiemg.com.br\/associativismo\/noticias\/imersao-mbi-automotiva-4-0-capacita-profissionais-para-a-industria-do-futuro\/#primaryimage"},"image":{"@id":"https:\/\/www.fiemg.com.br\/associativismo\/noticias\/imersao-mbi-automotiva-4-0-capacita-profissionais-para-a-industria-do-futuro\/#primaryimage"},"thumbnailUrl":"https:\/\/www.fiemg.com.br\/associativismo\/wp-content\/uploads\/sites\/29\/2023\/12\/mbi-pos-cit-4-0.jpg","datePublished":"2023-12-07T21:17:46+00:00","dateModified":"2023-12-07T21:17:48+00:00","description":"Evento proporciona aprendizado pr\u00e1tico e networking estrat\u00e9gico no Centro de Inova\u00e7\u00e3o e Tecnologia do SENAI","breadcrumb":{"@id":"https:\/\/www.fiemg.com.br\/associativismo\/noticias\/imersao-mbi-automotiva-4-0-capacita-profissionais-para-a-industria-do-futuro\/#breadcrumb"},"inLanguage":"pt-BR","potentialAction":[{"@type":"ReadAction","target":["https:\/\/www.fiemg.com.br\/associativismo\/noticias\/imersao-mbi-automotiva-4-0-capacita-profissionais-para-a-industria-do-futuro\/"]}]},{"@type":"ImageObject","inLanguage":"pt-BR","@id":"https:\/\/www.fiemg.com.br\/associativismo\/noticias\/imersao-mbi-automotiva-4-0-capacita-profissionais-para-a-industria-do-futuro\/#primaryimage","url":"https:\/\/www.fiemg.com.br\/associativismo\/wp-content\/uploads\/sites\/29\/2023\/12\/mbi-pos-cit-4-0.jpg","contentUrl":"https:\/\/www.fiemg.com.br\/associativismo\/wp-content\/uploads\/sites\/29\/2023\/12\/mbi-pos-cit-4-0.jpg","width":300,"height":200},{"@type":"BreadcrumbList","@id":"https:\/\/www.fiemg.com.br\/associativismo\/noticias\/imersao-mbi-automotiva-4-0-capacita-profissionais-para-a-industria-do-futuro\/#breadcrumb","itemListElement":[{"@type":"ListItem","position":1,"name":"In\u00edcio","item":"https:\/\/www.fiemg.com.br\/associativismo\/"},{"@type":"ListItem","position":2,"name":"Imers\u00e3o MBI Automotiva 4.0 Capacita Profissionais para a Ind\u00fastria do Futuro"}]},{"@type":"WebSite","@id":"https:\/\/www.fiemg.com.br\/associativismo\/#website","url":"https:\/\/www.fiemg.com.br\/associativismo\/","name":"Associativismo","description":"Federa\u00e7\u00e3o das Ind\u00fastrias do Estado de Minas Gerais","publisher":{"@id":"https:\/\/www.fiemg.com.br\/associativismo\/#organization"},"potentialAction":[{"@type":"SearchAction","target":{"@type":"EntryPoint","urlTemplate":"https:\/\/www.fiemg.com.br\/associativismo\/?s={search_term_string}"},"query-input":{"@type":"PropertyValueSpecification","valueRequired":true,"valueName":"search_term_string"}}],"inLanguage":"pt-BR"},{"@type":"Organization","@id":"https:\/\/www.fiemg.com.br\/associativismo\/#organization","name":"Associativismo","url":"https:\/\/www.fiemg.com.br\/associativismo\/","logo":{"@type":"ImageObject","inLanguage":"pt-BR","@id":"https:\/\/www.fiemg.com.br\/associativismo\/#\/schema\/logo\/image\/","url":"https:\/\/www.fiemg.com.br\/associativismo\/wp-content\/uploads\/sites\/29\/2023\/02\/fiemg_branco.svg","contentUrl":"https:\/\/www.fiemg.com.br\/associativismo\/wp-content\/uploads\/sites\/29\/2023\/02\/fiemg_branco.svg","width":561,"height":147,"caption":"Associativismo"},"image":{"@id":"https:\/\/www.fiemg.com.br\/associativismo\/#\/schema\/logo\/image\/"}}]}},"_links":{"self":[{"href":"https:\/\/www.fiemg.com.br\/associativismo\/wp-json\/wp\/v2\/noticias\/2086","targetHints":{"allow":["GET"]}}],"collection":[{"href":"https:\/\/www.fiemg.com.br\/associativismo\/wp-json\/wp\/v2\/noticias"}],"about":[{"href":"https:\/\/www.fiemg.com.br\/associativismo\/wp-json\/wp\/v2\/types\/noticias"}],"wp:featuredmedia":[{"embeddable":true,"href":"https:\/\/www.fiemg.com.br\/associativismo\/wp-json\/wp\/v2\/media\/2087"}],"wp:attachment":[{"href":"https:\/\/www.fiemg.com.br\/associativismo\/wp-json\/wp\/v2\/media?parent=2086"}],"wp:term":[{"taxonomy":"category","embeddable":true,"href":"https:\/\/www.fiemg.com.br\/associativismo\/wp-json\/wp\/v2\/categories?post=2086"},{"taxonomy":"post_tag","embeddable":true,"href":"https:\/\/www.fiemg.com.br\/associativismo\/wp-json\/wp\/v2\/tags?post=2086"}],"curies":[{"name":"wp","href":"https:\/\/api.w.org\/{rel}","templated":true}]}}