{"id":2115,"date":"2023-12-20T18:09:22","date_gmt":"2023-12-20T21:09:22","guid":{"rendered":"https:\/\/www.fiemg.com.br\/associativismo\/noticias\/reforma-tributaria-e-um-importante-passo-mas-ainda-nao-e-a-ideal-diz-fiemg\/"},"modified":"2023-12-20T18:09:26","modified_gmt":"2023-12-20T21:09:26","slug":"reforma-tributaria-e-um-importante-passo-mas-ainda-nao-e-a-ideal-diz-fiemg","status":"publish","type":"noticias","link":"https:\/\/www.fiemg.com.br\/associativismo\/noticias\/reforma-tributaria-e-um-importante-passo-mas-ainda-nao-e-a-ideal-diz-fiemg\/","title":{"rendered":"Reforma tribut\u00e1ria \u00e9 um importante passo, mas ainda n\u00e3o \u00e9 a ideal, diz FIEMG"},"content":{"rendered":"\n<p>O presidente da Federa\u00e7\u00e3o das Ind\u00fastrias do Estado de Minas Gerais (FIEMG), Fl\u00e1vio Roscoe, afirmou que a reforma tribut\u00e1ria promulgada nesta quarta-feira (20) \u00e9 um importante passo, traz ganhos, mas ainda n\u00e3o \u00e9 a ideal. \u201cComo boa parte dos detalhes relevantes ser\u00e3o decididos por lei complementar, nossa atua\u00e7\u00e3o no Congresso est\u00e1 apenas come\u00e7ando\u201d, disse.<\/p>\n\n\n\n<p>Para Roscoe, alguns pontos merecem aten\u00e7\u00e3o, como o mecanismo de trava das al\u00edquotas, que a FIEMG sempre defendeu. Com esse mecanismo, quando a carga tribut\u00e1ria extrapolar a atual, a al\u00edquota ter\u00e1 de ser revisada de maneira subsequente para recalibr\u00e1-las. \u201cIndependentemente das al\u00edquotas fixadas, a carga tribut\u00e1ria vai permanecer a mesma\u201d, ressalta.<\/p>\n\n\n\n<p>O presidente da FIEMG tamb\u00e9m mostrou preocupa\u00e7\u00e3o com o imposto seletivo, para que ele n\u00e3o incida sobre insumos e mat\u00e9rias primas. \u201cEstaremos muito diligentes nesse ponto. A simplifica\u00e7\u00e3o \u00e9 fundamental, lembrando que essa reforma s\u00f3 entra em vigor a partir de 2026. Mesmo que parcialmente, durante um bom tempo iremos conviver com os dois sistemas\u201d.<\/p>\n\n\n\n<p>Fl\u00e1vio Roscoe lamentou que o imposto sobre a folha de pagamentos n\u00e3o tenha entrado na reforma, mas aguarda, conforme promessa do Governo, uma nova discuss\u00e3o sobre o assunto. \u201cEsperamos esse momento para completar o processo da reforma tribut\u00e1ria, e poder aumentar a competitividade\u00a0do\u00a0Brasil\u201d<br><br>Clique <a href=\"https:\/\/www.fiemg.com.br\/wp-content\/uploads\/2023\/08\/IE-49-Promulgacao-da-reforma-tributaria.pdf\" target=\"_blank\" rel=\"noreferrer noopener\"><strong>aqui<\/strong> <\/a>e confira os principais pontos da reforma tribut\u00e1ria <\/p>\n","protected":false},"featured_media":2116,"template":"","categories":[15],"tags":[46,47,55,38],"class_list":["post-2115","noticias","type-noticias","status-publish","has-post-thumbnail","hentry","category-desenvolvimento-industrial","tag-fiemg","tag-flavio-roscoe","tag-industria","tag-reforma-tributaria"],"acf":[],"yoast_head":"<!-- This site is optimized with the Yoast SEO plugin v26.2 - https:\/\/yoast.com\/wordpress\/plugins\/seo\/ -->\n<title>Reforma tribut\u00e1ria \u00e9 um importante passo, mas ainda n\u00e3o \u00e9 a ideal, diz FIEMG - Associativismo<\/title>\n<meta name=\"description\" content=\"Fl\u00e1vio Roscoe entende que alguns pontos do texto precisam ser debatidos j\u00e1 em 2024, por meio de lei complementar\" \/>\n<meta name=\"robots\" content=\"index, follow, max-snippet:-1, max-image-preview:large, max-video-preview:-1\" \/>\n<link rel=\"canonical\" href=\"https:\/\/www.fiemg.com.br\/associativismo\/noticias\/reforma-tributaria-e-um-importante-passo-mas-ainda-nao-e-a-ideal-diz-fiemg\/\" \/>\n<meta property=\"og:locale\" content=\"pt_BR\" \/>\n<meta property=\"og:type\" content=\"article\" \/>\n<meta property=\"og:title\" content=\"Reforma tribut\u00e1ria \u00e9 um importante passo, mas ainda n\u00e3o \u00e9 a ideal, diz FIEMG - Associativismo\" \/>\n<meta property=\"og:description\" content=\"Fl\u00e1vio Roscoe entende que alguns pontos do texto precisam ser debatidos j\u00e1 em 2024, por meio de lei complementar\" \/>\n<meta property=\"og:url\" content=\"https:\/\/www.fiemg.com.br\/associativismo\/noticias\/reforma-tributaria-e-um-importante-passo-mas-ainda-nao-e-a-ideal-diz-fiemg\/\" \/>\n<meta property=\"og:site_name\" content=\"Associativismo\" \/>\n<meta property=\"article:modified_time\" content=\"2023-12-20T21:09:26+00:00\" \/>\n<meta property=\"og:image\" content=\"https:\/\/www.fiemg.com.br\/associativismo\/wp-content\/uploads\/sites\/29\/2023\/12\/roscoe_thumb-1.jpeg\" \/>\n\t<meta property=\"og:image:width\" content=\"300\" \/>\n\t<meta property=\"og:image:height\" content=\"200\" \/>\n\t<meta property=\"og:image:type\" content=\"image\/jpeg\" \/>\n<meta name=\"twitter:card\" content=\"summary_large_image\" \/>\n<meta name=\"twitter:label1\" content=\"Est. tempo de leitura\" \/>\n\t<meta name=\"twitter:data1\" content=\"2 minutos\" \/>\n<script type=\"application\/ld+json\" class=\"yoast-schema-graph\">{\"@context\":\"https:\/\/schema.org\",\"@graph\":[{\"@type\":\"WebPage\",\"@id\":\"https:\/\/www.fiemg.com.br\/associativismo\/noticias\/reforma-tributaria-e-um-importante-passo-mas-ainda-nao-e-a-ideal-diz-fiemg\/\",\"url\":\"https:\/\/www.fiemg.com.br\/associativismo\/noticias\/reforma-tributaria-e-um-importante-passo-mas-ainda-nao-e-a-ideal-diz-fiemg\/\",\"name\":\"Reforma tribut\u00e1ria \u00e9 um importante passo, mas ainda n\u00e3o \u00e9 a ideal, diz FIEMG - Associativismo\",\"isPartOf\":{\"@id\":\"https:\/\/www.fiemg.com.br\/associativismo\/#website\"},\"primaryImageOfPage\":{\"@id\":\"https:\/\/www.fiemg.com.br\/associativismo\/noticias\/reforma-tributaria-e-um-importante-passo-mas-ainda-nao-e-a-ideal-diz-fiemg\/#primaryimage\"},\"image\":{\"@id\":\"https:\/\/www.fiemg.com.br\/associativismo\/noticias\/reforma-tributaria-e-um-importante-passo-mas-ainda-nao-e-a-ideal-diz-fiemg\/#primaryimage\"},\"thumbnailUrl\":\"https:\/\/www.fiemg.com.br\/associativismo\/wp-content\/uploads\/sites\/29\/2023\/12\/roscoe_thumb-1.jpeg\",\"datePublished\":\"2023-12-20T21:09:22+00:00\",\"dateModified\":\"2023-12-20T21:09:26+00:00\",\"description\":\"Fl\u00e1vio Roscoe entende que alguns pontos do texto precisam ser debatidos j\u00e1 em 2024, por meio de lei complementar\",\"breadcrumb\":{\"@id\":\"https:\/\/www.fiemg.com.br\/associativismo\/noticias\/reforma-tributaria-e-um-importante-passo-mas-ainda-nao-e-a-ideal-diz-fiemg\/#breadcrumb\"},\"inLanguage\":\"pt-BR\",\"potentialAction\":[{\"@type\":\"ReadAction\",\"target\":[\"https:\/\/www.fiemg.com.br\/associativismo\/noticias\/reforma-tributaria-e-um-importante-passo-mas-ainda-nao-e-a-ideal-diz-fiemg\/\"]}]},{\"@type\":\"ImageObject\",\"inLanguage\":\"pt-BR\",\"@id\":\"https:\/\/www.fiemg.com.br\/associativismo\/noticias\/reforma-tributaria-e-um-importante-passo-mas-ainda-nao-e-a-ideal-diz-fiemg\/#primaryimage\",\"url\":\"https:\/\/www.fiemg.com.br\/associativismo\/wp-content\/uploads\/sites\/29\/2023\/12\/roscoe_thumb-1.jpeg\",\"contentUrl\":\"https:\/\/www.fiemg.com.br\/associativismo\/wp-content\/uploads\/sites\/29\/2023\/12\/roscoe_thumb-1.jpeg\",\"width\":300,\"height\":200,\"caption\":\"Reforma tribut\u00e1ria \u00e9 um importante passo, mas ainda n\u00e3o \u00e9 a ideal, diz FIEMG\"},{\"@type\":\"BreadcrumbList\",\"@id\":\"https:\/\/www.fiemg.com.br\/associativismo\/noticias\/reforma-tributaria-e-um-importante-passo-mas-ainda-nao-e-a-ideal-diz-fiemg\/#breadcrumb\",\"itemListElement\":[{\"@type\":\"ListItem\",\"position\":1,\"name\":\"In\u00edcio\",\"item\":\"https:\/\/www.fiemg.com.br\/associativismo\/\"},{\"@type\":\"ListItem\",\"position\":2,\"name\":\"Reforma tribut\u00e1ria \u00e9 um importante passo, mas ainda n\u00e3o \u00e9 a ideal, diz FIEMG\"}]},{\"@type\":\"WebSite\",\"@id\":\"https:\/\/www.fiemg.com.br\/associativismo\/#website\",\"url\":\"https:\/\/www.fiemg.com.br\/associativismo\/\",\"name\":\"Associativismo\",\"description\":\"Federa\u00e7\u00e3o das Ind\u00fastrias do Estado de Minas Gerais\",\"publisher\":{\"@id\":\"https:\/\/www.fiemg.com.br\/associativismo\/#organization\"},\"potentialAction\":[{\"@type\":\"SearchAction\",\"target\":{\"@type\":\"EntryPoint\",\"urlTemplate\":\"https:\/\/www.fiemg.com.br\/associativismo\/?s={search_term_string}\"},\"query-input\":{\"@type\":\"PropertyValueSpecification\",\"valueRequired\":true,\"valueName\":\"search_term_string\"}}],\"inLanguage\":\"pt-BR\"},{\"@type\":\"Organization\",\"@id\":\"https:\/\/www.fiemg.com.br\/associativismo\/#organization\",\"name\":\"Associativismo\",\"url\":\"https:\/\/www.fiemg.com.br\/associativismo\/\",\"logo\":{\"@type\":\"ImageObject\",\"inLanguage\":\"pt-BR\",\"@id\":\"https:\/\/www.fiemg.com.br\/associativismo\/#\/schema\/logo\/image\/\",\"url\":\"https:\/\/www.fiemg.com.br\/associativismo\/wp-content\/uploads\/sites\/29\/2023\/02\/fiemg_branco.svg\",\"contentUrl\":\"https:\/\/www.fiemg.com.br\/associativismo\/wp-content\/uploads\/sites\/29\/2023\/02\/fiemg_branco.svg\",\"width\":561,\"height\":147,\"caption\":\"Associativismo\"},\"image\":{\"@id\":\"https:\/\/www.fiemg.com.br\/associativismo\/#\/schema\/logo\/image\/\"}}]}<\/script>\n<!-- \/ Yoast SEO plugin. -->","yoast_head_json":{"title":"Reforma tribut\u00e1ria \u00e9 um importante passo, mas ainda n\u00e3o \u00e9 a ideal, diz FIEMG - Associativismo","description":"Fl\u00e1vio Roscoe entende que alguns pontos do texto precisam ser debatidos j\u00e1 em 2024, por meio de lei complementar","robots":{"index":"index","follow":"follow","max-snippet":"max-snippet:-1","max-image-preview":"max-image-preview:large","max-video-preview":"max-video-preview:-1"},"canonical":"https:\/\/www.fiemg.com.br\/associativismo\/noticias\/reforma-tributaria-e-um-importante-passo-mas-ainda-nao-e-a-ideal-diz-fiemg\/","og_locale":"pt_BR","og_type":"article","og_title":"Reforma tribut\u00e1ria \u00e9 um importante passo, mas ainda n\u00e3o \u00e9 a ideal, diz FIEMG - Associativismo","og_description":"Fl\u00e1vio Roscoe entende que alguns pontos do texto precisam ser debatidos j\u00e1 em 2024, por meio de lei complementar","og_url":"https:\/\/www.fiemg.com.br\/associativismo\/noticias\/reforma-tributaria-e-um-importante-passo-mas-ainda-nao-e-a-ideal-diz-fiemg\/","og_site_name":"Associativismo","article_modified_time":"2023-12-20T21:09:26+00:00","og_image":[{"width":300,"height":200,"url":"https:\/\/www.fiemg.com.br\/associativismo\/wp-content\/uploads\/sites\/29\/2023\/12\/roscoe_thumb-1.jpeg","type":"image\/jpeg"}],"twitter_card":"summary_large_image","twitter_misc":{"Est. tempo de leitura":"2 minutos"},"schema":{"@context":"https:\/\/schema.org","@graph":[{"@type":"WebPage","@id":"https:\/\/www.fiemg.com.br\/associativismo\/noticias\/reforma-tributaria-e-um-importante-passo-mas-ainda-nao-e-a-ideal-diz-fiemg\/","url":"https:\/\/www.fiemg.com.br\/associativismo\/noticias\/reforma-tributaria-e-um-importante-passo-mas-ainda-nao-e-a-ideal-diz-fiemg\/","name":"Reforma tribut\u00e1ria \u00e9 um importante passo, mas ainda n\u00e3o \u00e9 a ideal, diz FIEMG - Associativismo","isPartOf":{"@id":"https:\/\/www.fiemg.com.br\/associativismo\/#website"},"primaryImageOfPage":{"@id":"https:\/\/www.fiemg.com.br\/associativismo\/noticias\/reforma-tributaria-e-um-importante-passo-mas-ainda-nao-e-a-ideal-diz-fiemg\/#primaryimage"},"image":{"@id":"https:\/\/www.fiemg.com.br\/associativismo\/noticias\/reforma-tributaria-e-um-importante-passo-mas-ainda-nao-e-a-ideal-diz-fiemg\/#primaryimage"},"thumbnailUrl":"https:\/\/www.fiemg.com.br\/associativismo\/wp-content\/uploads\/sites\/29\/2023\/12\/roscoe_thumb-1.jpeg","datePublished":"2023-12-20T21:09:22+00:00","dateModified":"2023-12-20T21:09:26+00:00","description":"Fl\u00e1vio Roscoe entende que alguns pontos do texto precisam ser debatidos j\u00e1 em 2024, por meio de lei complementar","breadcrumb":{"@id":"https:\/\/www.fiemg.com.br\/associativismo\/noticias\/reforma-tributaria-e-um-importante-passo-mas-ainda-nao-e-a-ideal-diz-fiemg\/#breadcrumb"},"inLanguage":"pt-BR","potentialAction":[{"@type":"ReadAction","target":["https:\/\/www.fiemg.com.br\/associativismo\/noticias\/reforma-tributaria-e-um-importante-passo-mas-ainda-nao-e-a-ideal-diz-fiemg\/"]}]},{"@type":"ImageObject","inLanguage":"pt-BR","@id":"https:\/\/www.fiemg.com.br\/associativismo\/noticias\/reforma-tributaria-e-um-importante-passo-mas-ainda-nao-e-a-ideal-diz-fiemg\/#primaryimage","url":"https:\/\/www.fiemg.com.br\/associativismo\/wp-content\/uploads\/sites\/29\/2023\/12\/roscoe_thumb-1.jpeg","contentUrl":"https:\/\/www.fiemg.com.br\/associativismo\/wp-content\/uploads\/sites\/29\/2023\/12\/roscoe_thumb-1.jpeg","width":300,"height":200,"caption":"Reforma tribut\u00e1ria \u00e9 um importante passo, mas ainda n\u00e3o \u00e9 a ideal, diz FIEMG"},{"@type":"BreadcrumbList","@id":"https:\/\/www.fiemg.com.br\/associativismo\/noticias\/reforma-tributaria-e-um-importante-passo-mas-ainda-nao-e-a-ideal-diz-fiemg\/#breadcrumb","itemListElement":[{"@type":"ListItem","position":1,"name":"In\u00edcio","item":"https:\/\/www.fiemg.com.br\/associativismo\/"},{"@type":"ListItem","position":2,"name":"Reforma tribut\u00e1ria \u00e9 um importante passo, mas ainda n\u00e3o \u00e9 a ideal, diz FIEMG"}]},{"@type":"WebSite","@id":"https:\/\/www.fiemg.com.br\/associativismo\/#website","url":"https:\/\/www.fiemg.com.br\/associativismo\/","name":"Associativismo","description":"Federa\u00e7\u00e3o das Ind\u00fastrias do Estado de Minas Gerais","publisher":{"@id":"https:\/\/www.fiemg.com.br\/associativismo\/#organization"},"potentialAction":[{"@type":"SearchAction","target":{"@type":"EntryPoint","urlTemplate":"https:\/\/www.fiemg.com.br\/associativismo\/?s={search_term_string}"},"query-input":{"@type":"PropertyValueSpecification","valueRequired":true,"valueName":"search_term_string"}}],"inLanguage":"pt-BR"},{"@type":"Organization","@id":"https:\/\/www.fiemg.com.br\/associativismo\/#organization","name":"Associativismo","url":"https:\/\/www.fiemg.com.br\/associativismo\/","logo":{"@type":"ImageObject","inLanguage":"pt-BR","@id":"https:\/\/www.fiemg.com.br\/associativismo\/#\/schema\/logo\/image\/","url":"https:\/\/www.fiemg.com.br\/associativismo\/wp-content\/uploads\/sites\/29\/2023\/02\/fiemg_branco.svg","contentUrl":"https:\/\/www.fiemg.com.br\/associativismo\/wp-content\/uploads\/sites\/29\/2023\/02\/fiemg_branco.svg","width":561,"height":147,"caption":"Associativismo"},"image":{"@id":"https:\/\/www.fiemg.com.br\/associativismo\/#\/schema\/logo\/image\/"}}]}},"_links":{"self":[{"href":"https:\/\/www.fiemg.com.br\/associativismo\/wp-json\/wp\/v2\/noticias\/2115","targetHints":{"allow":["GET"]}}],"collection":[{"href":"https:\/\/www.fiemg.com.br\/associativismo\/wp-json\/wp\/v2\/noticias"}],"about":[{"href":"https:\/\/www.fiemg.com.br\/associativismo\/wp-json\/wp\/v2\/types\/noticias"}],"wp:featuredmedia":[{"embeddable":true,"href":"https:\/\/www.fiemg.com.br\/associativismo\/wp-json\/wp\/v2\/media\/2116"}],"wp:attachment":[{"href":"https:\/\/www.fiemg.com.br\/associativismo\/wp-json\/wp\/v2\/media?parent=2115"}],"wp:term":[{"taxonomy":"category","embeddable":true,"href":"https:\/\/www.fiemg.com.br\/associativismo\/wp-json\/wp\/v2\/categories?post=2115"},{"taxonomy":"post_tag","embeddable":true,"href":"https:\/\/www.fiemg.com.br\/associativismo\/wp-json\/wp\/v2\/tags?post=2115"}],"curies":[{"name":"wp","href":"https:\/\/api.w.org\/{rel}","templated":true}]}}