{"id":2134,"date":"2024-01-12T14:59:33","date_gmt":"2024-01-12T17:59:33","guid":{"rendered":"https:\/\/www.fiemg.com.br\/associativismo\/noticias\/gerdau-challenge-fiemg-lab-tem-inscricoes-abertas-ate-31-de-janeiro\/"},"modified":"2024-01-12T17:05:13","modified_gmt":"2024-01-12T20:05:13","slug":"gerdau-challenge-fiemg-lab-tem-inscricoes-abertas-ate-31-de-janeiro","status":"publish","type":"noticias","link":"https:\/\/www.fiemg.com.br\/associativismo\/noticias\/gerdau-challenge-fiemg-lab-tem-inscricoes-abertas-ate-31-de-janeiro\/","title":{"rendered":"Gerdau Challenge FIEMG Lab tem inscri\u00e7\u00f5es abertas at\u00e9 31 de janeiro"},"content":{"rendered":"\n<p>Est\u00e3o abertas at\u00e9 31 de janeiro as inscri\u00e7\u00f5es para o Gerdau Challenge FIEMG Lab, programa de inova\u00e7\u00e3o aberta criado pelo FIEMG Lab, com o objetivo de identificar e testar tecnologias que possam solucionar desafios propostos pela ind\u00fastria. A Gerdau, maior empresa brasileira produtora de a\u00e7o, \u00e9 uma das chamadas \u201cInd\u00fastrias do Futuro\u201d do FIEMG Lab. Clique <a href=\"https:\/\/fiemglab.com.br\/challenge\/gerdau-2024\" target=\"_blank\" rel=\"noreferrer noopener\"><strong>aqui<\/strong><\/a> e inscreva-se.<\/p>\n\n\n\n<p>\u201cEstamos muito animados com a execu\u00e7\u00e3o de mais um ciclo de parceria com a Gerdau. J\u00e1 realizamos mais de 15 projetos de inova\u00e7\u00e3o aberta via Gerdau Challenge FIEMG Lab que trouxeram diversos resultados e aprendizados e agora n\u00e3o ser\u00e1 diferente\u201d, destaca a coordenadora do FIEMG Lab, Bruna Silva.<\/p>\n\n\n\n<p>O programa oferece diversos benef\u00edcios para as startups e spin-offs participantes. Entre eles, est\u00e3o oportunidades de neg\u00f3cios, realiza\u00e7\u00e3o de provas de conceito remuneradas, oportunidade de expans\u00e3o da solu\u00e7\u00e3o ap\u00f3s a valida\u00e7\u00e3o do teste, colabora\u00e7\u00e3o e aprendizado entre FIEMG Lab e a equipe de especialistas da Gerdau, al\u00e9m de apresentar a solu\u00e7\u00e3o da startup para diversas \u00e1reas da ind\u00fastria.<\/p>\n\n\n\n<p>A prova de conceito para o Gerdau Challenge FIEMG Lab contempla testes pr\u00e1ticos, executados em ambiente controlado e em um curto espa\u00e7o de tempo de conceitos, tecnologias ou funcionalidades essenciais de uma solu\u00e7\u00e3o. \u201cO intuito \u00e9 verificar a viabilidade para utiliza\u00e7\u00e3o no dia a dia do cliente e seu potencial de gera\u00e7\u00e3o de resultados positivos\u201d, acrescenta Bruna Silva.<\/p>\n\n\n\n<p>O respons\u00e1vel pelo Programa na Gerdau, Kaio Andriani, explica que a inova\u00e7\u00e3o faz parte da estrat\u00e9gia de neg\u00f3cio da ind\u00fastria e a parceria com o FIEMG Lab, iniciada h\u00e1 cinco anos, \u00e9 uma oportunidade de conhecer e construir produtos com avan\u00e7os tecnol\u00f3gicos pautados nas reais necessidades das ind\u00fastrias. \u201cA Gerdau acredita na rela\u00e7\u00e3o de impacto entre startup e ind\u00fastria para a constru\u00e7\u00e3o de solu\u00e7\u00f5es inovadoras e competitivas. A inova\u00e7\u00e3o est\u00e1 no DNA da companhia e, por meio do Gerdau Challenge FIEMG Lab, teremos a oportunidade de atuar na solu\u00e7\u00e3o dos desafios propostos\u201d, enfatiza.<\/p>\n\n\n\n<p>O programa busca por startups ou spin-offs que possam solucionar os seguintes desafios: Contagem e identifica\u00e7\u00e3o de pragas ex\u00f3ticas de eucalipto e Eliminar a exposi\u00e7\u00e3o do operador no carregamento de chapas grossas. Para mais detalhes, acesse o <a href=\"https:\/\/fiemglab.com.br\/challenge\/gerdau-2024\"><strong>site<\/strong><\/a> do programa.<\/p>\n\n\n\n<p>Em 22 de janeiro, \u00e0s 14h, o FIEMG Lab e a Gerdau v\u00e3o realizar um Webinar on-line para detalhar os desafios desta edi\u00e7\u00e3o e responder \u00e0s perguntas dos interessados em participar do programa. As inscri\u00e7\u00f5es devem ser feitas <a href=\"https:\/\/www.sympla.com.br\/gerdau-challenge-fiemg-lab-webinar__2266441\"><strong>neste <\/strong><\/a><a href=\"https:\/\/www.sympla.com.br\/gerdau-challenge-fiemg-lab-webinar__2266441\" target=\"_blank\" rel=\"noreferrer noopener\"><strong>link<\/strong><\/a>.<br><br><em>Rafael Passos<br><\/em><strong>Imprensa FIEMG<\/strong><\/p>\n","protected":false},"featured_media":2135,"template":"","categories":[15],"tags":[483,46,484,485,55,272,88],"class_list":["post-2134","noticias","type-noticias","status-publish","has-post-thumbnail","hentry","category-desenvolvimento-industrial","tag-ecossistema-de-inovacao","tag-fiemg","tag-gerdau","tag-gerdau-challenge-fiemg-lab","tag-industria","tag-inovacao","tag-startup"],"acf":[],"yoast_head":"<!-- This site is optimized with the Yoast SEO plugin v26.2 - https:\/\/yoast.com\/wordpress\/plugins\/seo\/ -->\n<title>Gerdau Challenge FIEMG Lab tem inscri\u00e7\u00f5es abertas at\u00e9 31 de janeiro - Associativismo<\/title>\n<meta name=\"description\" content=\"Programa de desafios de inova\u00e7\u00e3o aberta chega \u00e0 5\u00aa edi\u00e7\u00e3o e apresenta oportunidades para startups e spin-offs\" \/>\n<meta name=\"robots\" content=\"index, follow, max-snippet:-1, max-image-preview:large, max-video-preview:-1\" \/>\n<link rel=\"canonical\" href=\"https:\/\/www.fiemg.com.br\/associativismo\/noticias\/gerdau-challenge-fiemg-lab-tem-inscricoes-abertas-ate-31-de-janeiro\/\" \/>\n<meta property=\"og:locale\" content=\"pt_BR\" \/>\n<meta property=\"og:type\" content=\"article\" \/>\n<meta property=\"og:title\" content=\"Gerdau Challenge FIEMG Lab tem inscri\u00e7\u00f5es abertas at\u00e9 31 de janeiro - Associativismo\" \/>\n<meta property=\"og:description\" content=\"Programa de desafios de inova\u00e7\u00e3o aberta chega \u00e0 5\u00aa edi\u00e7\u00e3o e apresenta oportunidades para startups e spin-offs\" \/>\n<meta property=\"og:url\" content=\"https:\/\/www.fiemg.com.br\/associativismo\/noticias\/gerdau-challenge-fiemg-lab-tem-inscricoes-abertas-ate-31-de-janeiro\/\" \/>\n<meta property=\"og:site_name\" content=\"Associativismo\" \/>\n<meta property=\"article:modified_time\" content=\"2024-01-12T20:05:13+00:00\" \/>\n<meta property=\"og:image\" content=\"https:\/\/www.fiemg.com.br\/associativismo\/wp-content\/uploads\/sites\/29\/2024\/01\/fiemg-lab_interna.jpeg\" \/>\n\t<meta property=\"og:image:width\" content=\"300\" \/>\n\t<meta property=\"og:image:height\" content=\"200\" \/>\n\t<meta property=\"og:image:type\" content=\"image\/jpeg\" \/>\n<meta name=\"twitter:card\" content=\"summary_large_image\" \/>\n<meta name=\"twitter:label1\" content=\"Est. tempo de leitura\" \/>\n\t<meta name=\"twitter:data1\" content=\"3 minutos\" \/>\n<script type=\"application\/ld+json\" class=\"yoast-schema-graph\">{\"@context\":\"https:\/\/schema.org\",\"@graph\":[{\"@type\":\"WebPage\",\"@id\":\"https:\/\/www.fiemg.com.br\/associativismo\/noticias\/gerdau-challenge-fiemg-lab-tem-inscricoes-abertas-ate-31-de-janeiro\/\",\"url\":\"https:\/\/www.fiemg.com.br\/associativismo\/noticias\/gerdau-challenge-fiemg-lab-tem-inscricoes-abertas-ate-31-de-janeiro\/\",\"name\":\"Gerdau Challenge FIEMG Lab tem inscri\u00e7\u00f5es abertas at\u00e9 31 de janeiro - Associativismo\",\"isPartOf\":{\"@id\":\"https:\/\/www.fiemg.com.br\/associativismo\/#website\"},\"primaryImageOfPage\":{\"@id\":\"https:\/\/www.fiemg.com.br\/associativismo\/noticias\/gerdau-challenge-fiemg-lab-tem-inscricoes-abertas-ate-31-de-janeiro\/#primaryimage\"},\"image\":{\"@id\":\"https:\/\/www.fiemg.com.br\/associativismo\/noticias\/gerdau-challenge-fiemg-lab-tem-inscricoes-abertas-ate-31-de-janeiro\/#primaryimage\"},\"thumbnailUrl\":\"https:\/\/www.fiemg.com.br\/associativismo\/wp-content\/uploads\/sites\/29\/2024\/01\/fiemg-lab_interna.jpeg\",\"datePublished\":\"2024-01-12T17:59:33+00:00\",\"dateModified\":\"2024-01-12T20:05:13+00:00\",\"description\":\"Programa de desafios de inova\u00e7\u00e3o aberta chega \u00e0 5\u00aa edi\u00e7\u00e3o e apresenta oportunidades para startups e spin-offs\",\"breadcrumb\":{\"@id\":\"https:\/\/www.fiemg.com.br\/associativismo\/noticias\/gerdau-challenge-fiemg-lab-tem-inscricoes-abertas-ate-31-de-janeiro\/#breadcrumb\"},\"inLanguage\":\"pt-BR\",\"potentialAction\":[{\"@type\":\"ReadAction\",\"target\":[\"https:\/\/www.fiemg.com.br\/associativismo\/noticias\/gerdau-challenge-fiemg-lab-tem-inscricoes-abertas-ate-31-de-janeiro\/\"]}]},{\"@type\":\"ImageObject\",\"inLanguage\":\"pt-BR\",\"@id\":\"https:\/\/www.fiemg.com.br\/associativismo\/noticias\/gerdau-challenge-fiemg-lab-tem-inscricoes-abertas-ate-31-de-janeiro\/#primaryimage\",\"url\":\"https:\/\/www.fiemg.com.br\/associativismo\/wp-content\/uploads\/sites\/29\/2024\/01\/fiemg-lab_interna.jpeg\",\"contentUrl\":\"https:\/\/www.fiemg.com.br\/associativismo\/wp-content\/uploads\/sites\/29\/2024\/01\/fiemg-lab_interna.jpeg\",\"width\":300,\"height\":200,\"caption\":\"Gerdau Challenge FIEMG Lab\"},{\"@type\":\"BreadcrumbList\",\"@id\":\"https:\/\/www.fiemg.com.br\/associativismo\/noticias\/gerdau-challenge-fiemg-lab-tem-inscricoes-abertas-ate-31-de-janeiro\/#breadcrumb\",\"itemListElement\":[{\"@type\":\"ListItem\",\"position\":1,\"name\":\"In\u00edcio\",\"item\":\"https:\/\/www.fiemg.com.br\/associativismo\/\"},{\"@type\":\"ListItem\",\"position\":2,\"name\":\"Gerdau Challenge FIEMG Lab tem inscri\u00e7\u00f5es abertas at\u00e9 31 de janeiro\"}]},{\"@type\":\"WebSite\",\"@id\":\"https:\/\/www.fiemg.com.br\/associativismo\/#website\",\"url\":\"https:\/\/www.fiemg.com.br\/associativismo\/\",\"name\":\"Associativismo\",\"description\":\"Federa\u00e7\u00e3o das Ind\u00fastrias do Estado de Minas Gerais\",\"publisher\":{\"@id\":\"https:\/\/www.fiemg.com.br\/associativismo\/#organization\"},\"potentialAction\":[{\"@type\":\"SearchAction\",\"target\":{\"@type\":\"EntryPoint\",\"urlTemplate\":\"https:\/\/www.fiemg.com.br\/associativismo\/?s={search_term_string}\"},\"query-input\":{\"@type\":\"PropertyValueSpecification\",\"valueRequired\":true,\"valueName\":\"search_term_string\"}}],\"inLanguage\":\"pt-BR\"},{\"@type\":\"Organization\",\"@id\":\"https:\/\/www.fiemg.com.br\/associativismo\/#organization\",\"name\":\"Associativismo\",\"url\":\"https:\/\/www.fiemg.com.br\/associativismo\/\",\"logo\":{\"@type\":\"ImageObject\",\"inLanguage\":\"pt-BR\",\"@id\":\"https:\/\/www.fiemg.com.br\/associativismo\/#\/schema\/logo\/image\/\",\"url\":\"https:\/\/www.fiemg.com.br\/associativismo\/wp-content\/uploads\/sites\/29\/2023\/02\/fiemg_branco.svg\",\"contentUrl\":\"https:\/\/www.fiemg.com.br\/associativismo\/wp-content\/uploads\/sites\/29\/2023\/02\/fiemg_branco.svg\",\"width\":561,\"height\":147,\"caption\":\"Associativismo\"},\"image\":{\"@id\":\"https:\/\/www.fiemg.com.br\/associativismo\/#\/schema\/logo\/image\/\"}}]}<\/script>\n<!-- \/ Yoast SEO plugin. -->","yoast_head_json":{"title":"Gerdau Challenge FIEMG Lab tem inscri\u00e7\u00f5es abertas at\u00e9 31 de janeiro - Associativismo","description":"Programa de desafios de inova\u00e7\u00e3o aberta chega \u00e0 5\u00aa edi\u00e7\u00e3o e apresenta oportunidades para startups e spin-offs","robots":{"index":"index","follow":"follow","max-snippet":"max-snippet:-1","max-image-preview":"max-image-preview:large","max-video-preview":"max-video-preview:-1"},"canonical":"https:\/\/www.fiemg.com.br\/associativismo\/noticias\/gerdau-challenge-fiemg-lab-tem-inscricoes-abertas-ate-31-de-janeiro\/","og_locale":"pt_BR","og_type":"article","og_title":"Gerdau Challenge FIEMG Lab tem inscri\u00e7\u00f5es abertas at\u00e9 31 de janeiro - Associativismo","og_description":"Programa de desafios de inova\u00e7\u00e3o aberta chega \u00e0 5\u00aa edi\u00e7\u00e3o e apresenta oportunidades para startups e spin-offs","og_url":"https:\/\/www.fiemg.com.br\/associativismo\/noticias\/gerdau-challenge-fiemg-lab-tem-inscricoes-abertas-ate-31-de-janeiro\/","og_site_name":"Associativismo","article_modified_time":"2024-01-12T20:05:13+00:00","og_image":[{"width":300,"height":200,"url":"https:\/\/www.fiemg.com.br\/associativismo\/wp-content\/uploads\/sites\/29\/2024\/01\/fiemg-lab_interna.jpeg","type":"image\/jpeg"}],"twitter_card":"summary_large_image","twitter_misc":{"Est. tempo de leitura":"3 minutos"},"schema":{"@context":"https:\/\/schema.org","@graph":[{"@type":"WebPage","@id":"https:\/\/www.fiemg.com.br\/associativismo\/noticias\/gerdau-challenge-fiemg-lab-tem-inscricoes-abertas-ate-31-de-janeiro\/","url":"https:\/\/www.fiemg.com.br\/associativismo\/noticias\/gerdau-challenge-fiemg-lab-tem-inscricoes-abertas-ate-31-de-janeiro\/","name":"Gerdau Challenge FIEMG Lab tem inscri\u00e7\u00f5es abertas at\u00e9 31 de janeiro - Associativismo","isPartOf":{"@id":"https:\/\/www.fiemg.com.br\/associativismo\/#website"},"primaryImageOfPage":{"@id":"https:\/\/www.fiemg.com.br\/associativismo\/noticias\/gerdau-challenge-fiemg-lab-tem-inscricoes-abertas-ate-31-de-janeiro\/#primaryimage"},"image":{"@id":"https:\/\/www.fiemg.com.br\/associativismo\/noticias\/gerdau-challenge-fiemg-lab-tem-inscricoes-abertas-ate-31-de-janeiro\/#primaryimage"},"thumbnailUrl":"https:\/\/www.fiemg.com.br\/associativismo\/wp-content\/uploads\/sites\/29\/2024\/01\/fiemg-lab_interna.jpeg","datePublished":"2024-01-12T17:59:33+00:00","dateModified":"2024-01-12T20:05:13+00:00","description":"Programa de desafios de inova\u00e7\u00e3o aberta chega \u00e0 5\u00aa edi\u00e7\u00e3o e apresenta oportunidades para startups e spin-offs","breadcrumb":{"@id":"https:\/\/www.fiemg.com.br\/associativismo\/noticias\/gerdau-challenge-fiemg-lab-tem-inscricoes-abertas-ate-31-de-janeiro\/#breadcrumb"},"inLanguage":"pt-BR","potentialAction":[{"@type":"ReadAction","target":["https:\/\/www.fiemg.com.br\/associativismo\/noticias\/gerdau-challenge-fiemg-lab-tem-inscricoes-abertas-ate-31-de-janeiro\/"]}]},{"@type":"ImageObject","inLanguage":"pt-BR","@id":"https:\/\/www.fiemg.com.br\/associativismo\/noticias\/gerdau-challenge-fiemg-lab-tem-inscricoes-abertas-ate-31-de-janeiro\/#primaryimage","url":"https:\/\/www.fiemg.com.br\/associativismo\/wp-content\/uploads\/sites\/29\/2024\/01\/fiemg-lab_interna.jpeg","contentUrl":"https:\/\/www.fiemg.com.br\/associativismo\/wp-content\/uploads\/sites\/29\/2024\/01\/fiemg-lab_interna.jpeg","width":300,"height":200,"caption":"Gerdau Challenge FIEMG Lab"},{"@type":"BreadcrumbList","@id":"https:\/\/www.fiemg.com.br\/associativismo\/noticias\/gerdau-challenge-fiemg-lab-tem-inscricoes-abertas-ate-31-de-janeiro\/#breadcrumb","itemListElement":[{"@type":"ListItem","position":1,"name":"In\u00edcio","item":"https:\/\/www.fiemg.com.br\/associativismo\/"},{"@type":"ListItem","position":2,"name":"Gerdau Challenge FIEMG Lab tem inscri\u00e7\u00f5es abertas at\u00e9 31 de janeiro"}]},{"@type":"WebSite","@id":"https:\/\/www.fiemg.com.br\/associativismo\/#website","url":"https:\/\/www.fiemg.com.br\/associativismo\/","name":"Associativismo","description":"Federa\u00e7\u00e3o das Ind\u00fastrias do Estado de Minas Gerais","publisher":{"@id":"https:\/\/www.fiemg.com.br\/associativismo\/#organization"},"potentialAction":[{"@type":"SearchAction","target":{"@type":"EntryPoint","urlTemplate":"https:\/\/www.fiemg.com.br\/associativismo\/?s={search_term_string}"},"query-input":{"@type":"PropertyValueSpecification","valueRequired":true,"valueName":"search_term_string"}}],"inLanguage":"pt-BR"},{"@type":"Organization","@id":"https:\/\/www.fiemg.com.br\/associativismo\/#organization","name":"Associativismo","url":"https:\/\/www.fiemg.com.br\/associativismo\/","logo":{"@type":"ImageObject","inLanguage":"pt-BR","@id":"https:\/\/www.fiemg.com.br\/associativismo\/#\/schema\/logo\/image\/","url":"https:\/\/www.fiemg.com.br\/associativismo\/wp-content\/uploads\/sites\/29\/2023\/02\/fiemg_branco.svg","contentUrl":"https:\/\/www.fiemg.com.br\/associativismo\/wp-content\/uploads\/sites\/29\/2023\/02\/fiemg_branco.svg","width":561,"height":147,"caption":"Associativismo"},"image":{"@id":"https:\/\/www.fiemg.com.br\/associativismo\/#\/schema\/logo\/image\/"}}]}},"_links":{"self":[{"href":"https:\/\/www.fiemg.com.br\/associativismo\/wp-json\/wp\/v2\/noticias\/2134","targetHints":{"allow":["GET"]}}],"collection":[{"href":"https:\/\/www.fiemg.com.br\/associativismo\/wp-json\/wp\/v2\/noticias"}],"about":[{"href":"https:\/\/www.fiemg.com.br\/associativismo\/wp-json\/wp\/v2\/types\/noticias"}],"wp:featuredmedia":[{"embeddable":true,"href":"https:\/\/www.fiemg.com.br\/associativismo\/wp-json\/wp\/v2\/media\/2135"}],"wp:attachment":[{"href":"https:\/\/www.fiemg.com.br\/associativismo\/wp-json\/wp\/v2\/media?parent=2134"}],"wp:term":[{"taxonomy":"category","embeddable":true,"href":"https:\/\/www.fiemg.com.br\/associativismo\/wp-json\/wp\/v2\/categories?post=2134"},{"taxonomy":"post_tag","embeddable":true,"href":"https:\/\/www.fiemg.com.br\/associativismo\/wp-json\/wp\/v2\/tags?post=2134"}],"curies":[{"name":"wp","href":"https:\/\/api.w.org\/{rel}","templated":true}]}}