{"id":2156,"date":"2024-01-25T14:46:37","date_gmt":"2024-01-25T17:46:37","guid":{"rendered":"https:\/\/www.fiemg.com.br\/associativismo\/noticias\/sindicatos-do-vestuario-e-malharia-de-juiz-de-fora-somam-forcas-pelo-desenvolvimento-do-setor\/"},"modified":"2024-01-25T15:29:50","modified_gmt":"2024-01-25T18:29:50","slug":"sindicatos-do-vestuario-e-malharia-de-juiz-de-fora-somam-forcas-pelo-desenvolvimento-do-setor","status":"publish","type":"noticias","link":"https:\/\/www.fiemg.com.br\/associativismo\/noticias\/sindicatos-do-vestuario-e-malharia-de-juiz-de-fora-somam-forcas-pelo-desenvolvimento-do-setor\/","title":{"rendered":"Sindicatos do vestu\u00e1rio e malharia somam for\u00e7as pelo desenvolvimento do setor"},"content":{"rendered":"\n<p>A data de 18 de janeiro foi marcante para o Sindicato das Ind\u00fastrias do Vestu\u00e1rio de Juiz de Fora e Governador Valadares (Sindivest JF-GV). Trabalhando em defesa dos interesses das empresas do setor, o Sindicato reuniu seus associados para uma assembleia geral, na FIEMG Regional Zona da Mata, na qual foi discutida e aprovada a incorpora\u00e7\u00e3o das empresas do Sindicato das Ind\u00fastrias de Malharias de Juiz de Fora (Sindimalhas-JF) \u00e0 base ao Sindivest JF-GV. Al\u00e9m dos empres\u00e1rios, estiveram presentes no encontro a presidente do Sindivest JF-GV e da C\u00e2mara da Ind\u00fastria do Vestu\u00e1rio e Acess\u00f3rios da FIEMG, Mari\u00e2ngela Miranda Marcon, o presidente do Sindimalhas-JF, Francisco Campolina; e a advogada da \u00e1rea de Desenvolvimento Sindical da FIEMG, Naiara Heloisa Silva Mendicino.<\/p>\n\n\n\n<p>Durante a reuni\u00e3o, foi iniciado o processo de fus\u00e3o entre os dois Sindicatos, que come\u00e7a com a aprova\u00e7\u00e3o em assembleia e depois segue alguns processos do Minist\u00e9rio do Trabalho, indo para a avalia\u00e7\u00e3o da Coordena\u00e7\u00e3o Geral de Registro Sindical (CGRS). Em 2022, o Sindivest-JF incorporou as ind\u00fastrias de Governador Valadares e agora realizar\u00e1 o processo com as malharias de Juiz de Fora. Segundo Mari\u00e2ngela Marcon, a import\u00e2ncia da fus\u00e3o das entidades vai al\u00e9m da quest\u00e3o de que \u201cjuntos somos mais fortes\u201d. A presidente destaca que as entidades possuem objetivos comuns e participam da mesma cadeia produtiva. \u201cIsso tudo nos leva a ampliar o nosso campo de vis\u00e3o quanto aos objetivos que perseguimos em rela\u00e7\u00e3o \u00e0 busca pelo crescimento do nosso setor\u201d, ressalta.<\/p>\n\n\n\n<p>\u201cJuiz de fora j\u00e1 foi, h\u00e1 tempos atr\u00e1s, refer\u00eancia nacional no ramo de malharias. Depois passou \u00e0 confec\u00e7\u00e3o e hoje \u00e9 bem robustecida com o Sindicato de Meias, sendo que dentro do Vestu\u00e1rio v\u00e1rias empresas trabalham a confec\u00e7\u00e3o, mas tamb\u00e9m produzem meias. E n\u00f3s conhecemos tudo o que \u00e9 necess\u00e1rio para desenvolver e fortalecer a nossa cadeia produtiva. Ent\u00e3o a partir do momento em que somamos for\u00e7as, conseguimos ampliar tamb\u00e9m a nossa vis\u00e3o de mercado e trabalhar de forma mais eficiente em busca de investimentos para a Zona da Mata\u201d, comenta Mari\u00e2ngela.<\/p>\n\n\n\n<p>Outra quest\u00e3o destacada pela presidente do Sindivest JF-GV \u00e9 o Arranjo Produtivo Local (APL) Farol da Mata Vestu\u00e1rio e Afins, uma certifica\u00e7\u00e3o concedida pelo Governo do Estado e de grande import\u00e2ncia para o desenvolvimento da regi\u00e3o. \u201cEstarmos unidos num sindicato \u00fanico nos possibilita buscar com mais \u00eanfase aquilo que podemos trazer para a nossa regi\u00e3o. O Sindicato de Malharias j\u00e1 foi h\u00e1 tempos atr\u00e1s o maior Sindicato da nossa regi\u00e3o e hoje, com a mudan\u00e7a na economia local, foi sendo enfraquecido. Ent\u00e3o estamos unindo nossos objetivos, interesses e nossa for\u00e7a pol\u00edtica para termos uma voz mais ativa perante os governos federal, estadual e municipal. Assim conseguiremos trazer mais benef\u00edcios para a Zona da Mata, seja em capacita\u00e7\u00e3o, em forma\u00e7\u00e3o profissional ou em qualifica\u00e7\u00e3o. Precisamos mostrar a import\u00e2ncia das atividades ligadas ao Vestu\u00e1rio para conseguirmos mais pessoas que desejem trabalhar neste setor t\u00e3o importante para a sociedade\u201d, declara.<\/p>\n\n\n\n<p>J\u00e1 o presidente Francisco Campolina disse que \u00e9 essencial ressaltar que a hist\u00f3ria da ind\u00fastria de Juiz de Fora remonta \u00e0 cria\u00e7\u00e3o do Sindicato das Ind\u00fastrias T\u00eaxteis, um dos primeiros a serem fundados na cidade, na d\u00e9cada de 30, reunindo toda a categoria t\u00eaxtil. No final da d\u00e9cada de 70, este sindicato dividiu-se por quest\u00f5es mercadol\u00f3gicas em tr\u00eas outros: T\u00eaxtil, Meias e Malharias. \u201cIsso porque o Brasil tinha uma infla\u00e7\u00e3o galopante e os valores salariais, que todos n\u00f3s negoci\u00e1vamos, n\u00e3o eram pass\u00edveis de serem comparados. A partir desse momento, passamos a ter tr\u00eas categorias patronais com tr\u00eas sal\u00e1rios diferentes\u201d, conta.<\/p>\n\n\n\n<p>Segundo Campolina, cerca de 20 anos depois da cria\u00e7\u00e3o do Sindicato T\u00eaxtil, surgiu o Sindivest-JF, que representava somente o setor de confec\u00e7\u00e3o das ind\u00fastrias. \u201cN\u00f3s t\u00ednhamos muitas fia\u00e7\u00f5es e tecelagens, muitas malharias, muitas tinturarias e deu-se, em decorr\u00eancia disso, a cria\u00e7\u00e3o de centenas de confec\u00e7\u00f5es. Nessa \u00e9poca, a categoria T\u00eaxtil de Juiz de Fora chegou a ter cerca de 28 mil trabalhadores da ind\u00fastria\u201d, disse.<\/p>\n\n\n\n<p>O presidente destaca que essa incorpora\u00e7\u00e3o do Sindimalhas-JF ao Sindivest JF-GV vai ser muito importante, visto que uma grande parte das empresas do Sindicato de Malhas j\u00e1 \u00e9 associada ao Sindivest JF-GV. \u201cCom isso, a fus\u00e3o vai fortalecer as empresas filiadas, fazendo com que as malharias e as confec\u00e7\u00f5es de Juiz de Fora estejam unidas no mesmo quesito no que se refere \u00e0s quest\u00f5es trabalhistas, n\u00e3o havendo mais uma dicotomia entre aqueles que s\u00e3o associados a cada um dos sindicatos. Desta forma, o que n\u00f3s estamos fazendo \u00e9 voltar \u00e0s origens, formando um grande sindicato do setor T\u00eaxtil e facilitando a troca de informa\u00e7\u00f5es gerenciais, administrativas e tecnol\u00f3gicas, al\u00e9m de fortalecer tamb\u00e9m o nosso APL. Por meio deste modelo de fus\u00e3o, incentivado pela FIEMG, visamos a multiplica\u00e7\u00e3o de ideias, a\u00e7\u00f5es, neg\u00f3cios e uma maior utiliza\u00e7\u00e3o do Sistema S\u201d, ressalta.<\/p>\n\n\n\n<p>\u201cCom isso, todos os filiados da nova estrutura do Sindivest JF-GV ganhar\u00e3o, os empres\u00e1rios sair\u00e3o fortalecidos e, com certeza absoluta, os trabalhadores tamb\u00e9m, visto que n\u00e3o haver\u00e1 mais uma diferen\u00e7a entre os sindicatos na quest\u00e3o do tratamento das folhas salariais. Isto vai fazer com que uma Juiz de Fora fique mais unida e mais forte no setor t\u00eaxtil e confeccionista\u201d, finaliza Francisco Campolina.<\/p>\n\n\n\n<p><em>Graciele Vianna<br><\/em><strong>Imprensa FIEMG<\/strong><\/p>\n","protected":false},"featured_media":2157,"template":"","categories":[15],"tags":[46,55,496,497,190],"class_list":["post-2156","noticias","type-noticias","status-publish","has-post-thumbnail","hentry","category-desenvolvimento-industrial","tag-fiemg","tag-industria","tag-juiz-de-fora","tag-malharia","tag-sindicato"],"acf":[],"yoast_head":"<!-- This site is optimized with the Yoast SEO plugin v26.2 - https:\/\/yoast.com\/wordpress\/plugins\/seo\/ -->\n<title>Sindicatos do vestu\u00e1rio e malharia somam for\u00e7as pelo desenvolvimento do setor - Associativismo<\/title>\n<meta name=\"robots\" content=\"index, follow, max-snippet:-1, max-image-preview:large, max-video-preview:-1\" \/>\n<link rel=\"canonical\" href=\"https:\/\/www.fiemg.com.br\/associativismo\/noticias\/sindicatos-do-vestuario-e-malharia-de-juiz-de-fora-somam-forcas-pelo-desenvolvimento-do-setor\/\" \/>\n<meta property=\"og:locale\" content=\"pt_BR\" \/>\n<meta property=\"og:type\" content=\"article\" \/>\n<meta property=\"og:title\" content=\"Sindicatos do vestu\u00e1rio e malharia somam for\u00e7as pelo desenvolvimento do setor - Associativismo\" \/>\n<meta property=\"og:description\" content=\"A data de 18 de janeiro foi marcante para o Sindicato das Ind\u00fastrias do Vestu\u00e1rio de Juiz de Fora e Governador Valadares (Sindivest JF-GV). Trabalhando em defesa dos interesses das empresas do setor, o Sindicato reuniu seus associados para uma assembleia geral, na FIEMG Regional Zona da Mata, na qual foi discutida e aprovada a [&hellip;]\" \/>\n<meta property=\"og:url\" content=\"https:\/\/www.fiemg.com.br\/associativismo\/noticias\/sindicatos-do-vestuario-e-malharia-de-juiz-de-fora-somam-forcas-pelo-desenvolvimento-do-setor\/\" \/>\n<meta property=\"og:site_name\" content=\"Associativismo\" \/>\n<meta property=\"article:modified_time\" content=\"2024-01-25T18:29:50+00:00\" \/>\n<meta property=\"og:image\" content=\"https:\/\/www.fiemg.com.br\/associativismo\/wp-content\/uploads\/sites\/29\/2024\/01\/reuniao-fusao-sindivest-sindimalhas1-1-e1706205115524.jpg\" \/>\n\t<meta property=\"og:image:width\" content=\"1266\" \/>\n\t<meta property=\"og:image:height\" content=\"720\" \/>\n\t<meta property=\"og:image:type\" content=\"image\/jpeg\" \/>\n<meta name=\"twitter:card\" content=\"summary_large_image\" \/>\n<meta name=\"twitter:label1\" content=\"Est. tempo de leitura\" \/>\n\t<meta name=\"twitter:data1\" content=\"5 minutos\" \/>\n<script type=\"application\/ld+json\" class=\"yoast-schema-graph\">{\"@context\":\"https:\/\/schema.org\",\"@graph\":[{\"@type\":\"WebPage\",\"@id\":\"https:\/\/www.fiemg.com.br\/associativismo\/noticias\/sindicatos-do-vestuario-e-malharia-de-juiz-de-fora-somam-forcas-pelo-desenvolvimento-do-setor\/\",\"url\":\"https:\/\/www.fiemg.com.br\/associativismo\/noticias\/sindicatos-do-vestuario-e-malharia-de-juiz-de-fora-somam-forcas-pelo-desenvolvimento-do-setor\/\",\"name\":\"Sindicatos do vestu\u00e1rio e malharia somam for\u00e7as pelo desenvolvimento do setor - Associativismo\",\"isPartOf\":{\"@id\":\"https:\/\/www.fiemg.com.br\/associativismo\/#website\"},\"primaryImageOfPage\":{\"@id\":\"https:\/\/www.fiemg.com.br\/associativismo\/noticias\/sindicatos-do-vestuario-e-malharia-de-juiz-de-fora-somam-forcas-pelo-desenvolvimento-do-setor\/#primaryimage\"},\"image\":{\"@id\":\"https:\/\/www.fiemg.com.br\/associativismo\/noticias\/sindicatos-do-vestuario-e-malharia-de-juiz-de-fora-somam-forcas-pelo-desenvolvimento-do-setor\/#primaryimage\"},\"thumbnailUrl\":\"https:\/\/www.fiemg.com.br\/associativismo\/wp-content\/uploads\/sites\/29\/2024\/01\/reuniao-fusao-sindivest-sindimalhas1-1-e1706205115524.jpg\",\"datePublished\":\"2024-01-25T17:46:37+00:00\",\"dateModified\":\"2024-01-25T18:29:50+00:00\",\"breadcrumb\":{\"@id\":\"https:\/\/www.fiemg.com.br\/associativismo\/noticias\/sindicatos-do-vestuario-e-malharia-de-juiz-de-fora-somam-forcas-pelo-desenvolvimento-do-setor\/#breadcrumb\"},\"inLanguage\":\"pt-BR\",\"potentialAction\":[{\"@type\":\"ReadAction\",\"target\":[\"https:\/\/www.fiemg.com.br\/associativismo\/noticias\/sindicatos-do-vestuario-e-malharia-de-juiz-de-fora-somam-forcas-pelo-desenvolvimento-do-setor\/\"]}]},{\"@type\":\"ImageObject\",\"inLanguage\":\"pt-BR\",\"@id\":\"https:\/\/www.fiemg.com.br\/associativismo\/noticias\/sindicatos-do-vestuario-e-malharia-de-juiz-de-fora-somam-forcas-pelo-desenvolvimento-do-setor\/#primaryimage\",\"url\":\"https:\/\/www.fiemg.com.br\/associativismo\/wp-content\/uploads\/sites\/29\/2024\/01\/reuniao-fusao-sindivest-sindimalhas1-1-e1706205115524.jpg\",\"contentUrl\":\"https:\/\/www.fiemg.com.br\/associativismo\/wp-content\/uploads\/sites\/29\/2024\/01\/reuniao-fusao-sindivest-sindimalhas1-1-e1706205115524.jpg\",\"width\":1266,\"height\":720},{\"@type\":\"BreadcrumbList\",\"@id\":\"https:\/\/www.fiemg.com.br\/associativismo\/noticias\/sindicatos-do-vestuario-e-malharia-de-juiz-de-fora-somam-forcas-pelo-desenvolvimento-do-setor\/#breadcrumb\",\"itemListElement\":[{\"@type\":\"ListItem\",\"position\":1,\"name\":\"In\u00edcio\",\"item\":\"https:\/\/www.fiemg.com.br\/associativismo\/\"},{\"@type\":\"ListItem\",\"position\":2,\"name\":\"Sindicatos do vestu\u00e1rio e malharia somam for\u00e7as pelo desenvolvimento do setor\"}]},{\"@type\":\"WebSite\",\"@id\":\"https:\/\/www.fiemg.com.br\/associativismo\/#website\",\"url\":\"https:\/\/www.fiemg.com.br\/associativismo\/\",\"name\":\"Associativismo\",\"description\":\"Federa\u00e7\u00e3o das Ind\u00fastrias do Estado de Minas Gerais\",\"publisher\":{\"@id\":\"https:\/\/www.fiemg.com.br\/associativismo\/#organization\"},\"potentialAction\":[{\"@type\":\"SearchAction\",\"target\":{\"@type\":\"EntryPoint\",\"urlTemplate\":\"https:\/\/www.fiemg.com.br\/associativismo\/?s={search_term_string}\"},\"query-input\":{\"@type\":\"PropertyValueSpecification\",\"valueRequired\":true,\"valueName\":\"search_term_string\"}}],\"inLanguage\":\"pt-BR\"},{\"@type\":\"Organization\",\"@id\":\"https:\/\/www.fiemg.com.br\/associativismo\/#organization\",\"name\":\"Associativismo\",\"url\":\"https:\/\/www.fiemg.com.br\/associativismo\/\",\"logo\":{\"@type\":\"ImageObject\",\"inLanguage\":\"pt-BR\",\"@id\":\"https:\/\/www.fiemg.com.br\/associativismo\/#\/schema\/logo\/image\/\",\"url\":\"https:\/\/www.fiemg.com.br\/associativismo\/wp-content\/uploads\/sites\/29\/2023\/02\/fiemg_branco.svg\",\"contentUrl\":\"https:\/\/www.fiemg.com.br\/associativismo\/wp-content\/uploads\/sites\/29\/2023\/02\/fiemg_branco.svg\",\"width\":561,\"height\":147,\"caption\":\"Associativismo\"},\"image\":{\"@id\":\"https:\/\/www.fiemg.com.br\/associativismo\/#\/schema\/logo\/image\/\"}}]}<\/script>\n<!-- \/ Yoast SEO plugin. -->","yoast_head_json":{"title":"Sindicatos do vestu\u00e1rio e malharia somam for\u00e7as pelo desenvolvimento do setor - Associativismo","robots":{"index":"index","follow":"follow","max-snippet":"max-snippet:-1","max-image-preview":"max-image-preview:large","max-video-preview":"max-video-preview:-1"},"canonical":"https:\/\/www.fiemg.com.br\/associativismo\/noticias\/sindicatos-do-vestuario-e-malharia-de-juiz-de-fora-somam-forcas-pelo-desenvolvimento-do-setor\/","og_locale":"pt_BR","og_type":"article","og_title":"Sindicatos do vestu\u00e1rio e malharia somam for\u00e7as pelo desenvolvimento do setor - Associativismo","og_description":"A data de 18 de janeiro foi marcante para o Sindicato das Ind\u00fastrias do Vestu\u00e1rio de Juiz de Fora e Governador Valadares (Sindivest JF-GV). Trabalhando em defesa dos interesses das empresas do setor, o Sindicato reuniu seus associados para uma assembleia geral, na FIEMG Regional Zona da Mata, na qual foi discutida e aprovada a [&hellip;]","og_url":"https:\/\/www.fiemg.com.br\/associativismo\/noticias\/sindicatos-do-vestuario-e-malharia-de-juiz-de-fora-somam-forcas-pelo-desenvolvimento-do-setor\/","og_site_name":"Associativismo","article_modified_time":"2024-01-25T18:29:50+00:00","og_image":[{"width":1266,"height":720,"url":"https:\/\/www.fiemg.com.br\/associativismo\/wp-content\/uploads\/sites\/29\/2024\/01\/reuniao-fusao-sindivest-sindimalhas1-1-e1706205115524.jpg","type":"image\/jpeg"}],"twitter_card":"summary_large_image","twitter_misc":{"Est. tempo de leitura":"5 minutos"},"schema":{"@context":"https:\/\/schema.org","@graph":[{"@type":"WebPage","@id":"https:\/\/www.fiemg.com.br\/associativismo\/noticias\/sindicatos-do-vestuario-e-malharia-de-juiz-de-fora-somam-forcas-pelo-desenvolvimento-do-setor\/","url":"https:\/\/www.fiemg.com.br\/associativismo\/noticias\/sindicatos-do-vestuario-e-malharia-de-juiz-de-fora-somam-forcas-pelo-desenvolvimento-do-setor\/","name":"Sindicatos do vestu\u00e1rio e malharia somam for\u00e7as pelo desenvolvimento do setor - Associativismo","isPartOf":{"@id":"https:\/\/www.fiemg.com.br\/associativismo\/#website"},"primaryImageOfPage":{"@id":"https:\/\/www.fiemg.com.br\/associativismo\/noticias\/sindicatos-do-vestuario-e-malharia-de-juiz-de-fora-somam-forcas-pelo-desenvolvimento-do-setor\/#primaryimage"},"image":{"@id":"https:\/\/www.fiemg.com.br\/associativismo\/noticias\/sindicatos-do-vestuario-e-malharia-de-juiz-de-fora-somam-forcas-pelo-desenvolvimento-do-setor\/#primaryimage"},"thumbnailUrl":"https:\/\/www.fiemg.com.br\/associativismo\/wp-content\/uploads\/sites\/29\/2024\/01\/reuniao-fusao-sindivest-sindimalhas1-1-e1706205115524.jpg","datePublished":"2024-01-25T17:46:37+00:00","dateModified":"2024-01-25T18:29:50+00:00","breadcrumb":{"@id":"https:\/\/www.fiemg.com.br\/associativismo\/noticias\/sindicatos-do-vestuario-e-malharia-de-juiz-de-fora-somam-forcas-pelo-desenvolvimento-do-setor\/#breadcrumb"},"inLanguage":"pt-BR","potentialAction":[{"@type":"ReadAction","target":["https:\/\/www.fiemg.com.br\/associativismo\/noticias\/sindicatos-do-vestuario-e-malharia-de-juiz-de-fora-somam-forcas-pelo-desenvolvimento-do-setor\/"]}]},{"@type":"ImageObject","inLanguage":"pt-BR","@id":"https:\/\/www.fiemg.com.br\/associativismo\/noticias\/sindicatos-do-vestuario-e-malharia-de-juiz-de-fora-somam-forcas-pelo-desenvolvimento-do-setor\/#primaryimage","url":"https:\/\/www.fiemg.com.br\/associativismo\/wp-content\/uploads\/sites\/29\/2024\/01\/reuniao-fusao-sindivest-sindimalhas1-1-e1706205115524.jpg","contentUrl":"https:\/\/www.fiemg.com.br\/associativismo\/wp-content\/uploads\/sites\/29\/2024\/01\/reuniao-fusao-sindivest-sindimalhas1-1-e1706205115524.jpg","width":1266,"height":720},{"@type":"BreadcrumbList","@id":"https:\/\/www.fiemg.com.br\/associativismo\/noticias\/sindicatos-do-vestuario-e-malharia-de-juiz-de-fora-somam-forcas-pelo-desenvolvimento-do-setor\/#breadcrumb","itemListElement":[{"@type":"ListItem","position":1,"name":"In\u00edcio","item":"https:\/\/www.fiemg.com.br\/associativismo\/"},{"@type":"ListItem","position":2,"name":"Sindicatos do vestu\u00e1rio e malharia somam for\u00e7as pelo desenvolvimento do setor"}]},{"@type":"WebSite","@id":"https:\/\/www.fiemg.com.br\/associativismo\/#website","url":"https:\/\/www.fiemg.com.br\/associativismo\/","name":"Associativismo","description":"Federa\u00e7\u00e3o das Ind\u00fastrias do Estado de Minas Gerais","publisher":{"@id":"https:\/\/www.fiemg.com.br\/associativismo\/#organization"},"potentialAction":[{"@type":"SearchAction","target":{"@type":"EntryPoint","urlTemplate":"https:\/\/www.fiemg.com.br\/associativismo\/?s={search_term_string}"},"query-input":{"@type":"PropertyValueSpecification","valueRequired":true,"valueName":"search_term_string"}}],"inLanguage":"pt-BR"},{"@type":"Organization","@id":"https:\/\/www.fiemg.com.br\/associativismo\/#organization","name":"Associativismo","url":"https:\/\/www.fiemg.com.br\/associativismo\/","logo":{"@type":"ImageObject","inLanguage":"pt-BR","@id":"https:\/\/www.fiemg.com.br\/associativismo\/#\/schema\/logo\/image\/","url":"https:\/\/www.fiemg.com.br\/associativismo\/wp-content\/uploads\/sites\/29\/2023\/02\/fiemg_branco.svg","contentUrl":"https:\/\/www.fiemg.com.br\/associativismo\/wp-content\/uploads\/sites\/29\/2023\/02\/fiemg_branco.svg","width":561,"height":147,"caption":"Associativismo"},"image":{"@id":"https:\/\/www.fiemg.com.br\/associativismo\/#\/schema\/logo\/image\/"}}]}},"_links":{"self":[{"href":"https:\/\/www.fiemg.com.br\/associativismo\/wp-json\/wp\/v2\/noticias\/2156","targetHints":{"allow":["GET"]}}],"collection":[{"href":"https:\/\/www.fiemg.com.br\/associativismo\/wp-json\/wp\/v2\/noticias"}],"about":[{"href":"https:\/\/www.fiemg.com.br\/associativismo\/wp-json\/wp\/v2\/types\/noticias"}],"wp:featuredmedia":[{"embeddable":true,"href":"https:\/\/www.fiemg.com.br\/associativismo\/wp-json\/wp\/v2\/media\/2157"}],"wp:attachment":[{"href":"https:\/\/www.fiemg.com.br\/associativismo\/wp-json\/wp\/v2\/media?parent=2156"}],"wp:term":[{"taxonomy":"category","embeddable":true,"href":"https:\/\/www.fiemg.com.br\/associativismo\/wp-json\/wp\/v2\/categories?post=2156"},{"taxonomy":"post_tag","embeddable":true,"href":"https:\/\/www.fiemg.com.br\/associativismo\/wp-json\/wp\/v2\/tags?post=2156"}],"curies":[{"name":"wp","href":"https:\/\/api.w.org\/{rel}","templated":true}]}}