{"id":2206,"date":"2024-02-15T12:28:42","date_gmt":"2024-02-15T15:28:42","guid":{"rendered":"https:\/\/www.fiemg.com.br\/associativismo\/noticias\/cin-promove-capacitacao-em-comercio-exterior\/"},"modified":"2024-02-15T12:28:45","modified_gmt":"2024-02-15T15:28:45","slug":"cin-promove-capacitacao-em-comercio-exterior","status":"publish","type":"noticias","link":"https:\/\/www.fiemg.com.br\/associativismo\/noticias\/cin-promove-capacitacao-em-comercio-exterior\/","title":{"rendered":"CIN promove capacita\u00e7\u00e3o em com\u00e9rcio exterior"},"content":{"rendered":"\n<p>O Centro Internacional de Neg\u00f3cios (CIN) da FIEMG oferece uma nova capacita\u00e7\u00e3o em \u201cOpera\u00e7\u00f5es e Conceitos do Com\u00e9rcio Exterior\u201d, nos dias 27 e 28 de fevereiro, de forma online e ao vivo, com a professora e consultora de neg\u00f3cios internacionais, T\u00e2nia Cristina Pryplotski. O curso \u00e9 direcionado a profissionais que buscam aprofundar seus conhecimentos nas complexidades do com\u00e9rcio internacional, abrangendo desde a estrutura e \u00f3rg\u00e3os do com\u00e9rcio exterior brasileiro at\u00e9 detalhes espec\u00edficos como os Termos Internacionais de Com\u00e9rcio (Incoterms), Classifica\u00e7\u00e3o Fiscal de Mercadorias (NCM), modalidades de pagamento, modais de transporte, uso de sistemas informatizados, tributa\u00e7\u00e3o, multas e a correta documenta\u00e7\u00e3o.<\/p>\n\n\n\n<p>As vagas s\u00e3o limitadas, portanto, recomenda-se realizar a inscri\u00e7\u00e3o o quanto antes para garantir a participa\u00e7\u00e3o. Para mais informa\u00e7\u00f5es e inscri\u00e7\u00f5es, acesse <a href=\"https:\/\/bit.ly\/comex2024\" target=\"_blank\" rel=\"noreferrer noopener\"><strong>aqui<\/strong><\/a>.<\/p>\n\n\n\n<p>Esta capacita\u00e7\u00e3o \u00e9 essencial para profissionais que desejam navegar com mais seguran\u00e7a e efici\u00eancia pelo cen\u00e1rio do com\u00e9rcio exterior, evitando infra\u00e7\u00f5es, compreendendo os requisitos documentais necess\u00e1rios e aproveitando ao m\u00e1ximo as oportunidades de neg\u00f3cios globais para suas organiza\u00e7\u00f5es. Os participantes poder\u00e3o interagir com o instrutor na plataforma, tirando suas d\u00favidas e contribuindo com o aprendizado.<\/p>\n\n\n\n<p><strong>Servi\u00e7o:<\/strong><\/p>\n\n\n\n<p><strong>Capacita\u00e7\u00e3o CIN: Opera\u00e7\u00f5es e Conceitos do Com\u00e9rcio Exterior<\/strong><br><strong>Data:<\/strong> 27 e 28 de fevereiro (ter\u00e7a e quarta-feira)<br><strong>Hor\u00e1rio:<\/strong> 14h \u00e0s 17h<br><strong>Formato:<\/strong> Online, transmiss\u00e3o ao vivo via Microsoft Teams<br><a href=\"https:\/\/bit.ly\/comex2024\"><strong>Fa\u00e7a aqui sua inscri\u00e7<\/strong><\/a><a href=\"https:\/\/bit.ly\/comex2024\" target=\"_blank\" rel=\"noreferrer noopener\"><strong>\u00e3o<\/strong><\/a><\/p>\n\n\n\n<p><em>Ana Paula Motta<\/em><br><strong>Imprensa FIEMG<\/strong><\/p>\n","protected":false},"featured_media":2207,"template":"","categories":[22],"tags":[518,231,519],"class_list":["post-2206","noticias","type-noticias","status-publish","has-post-thumbnail","hentry","category-negocios-internacionais","tag-capacitacao-cin","tag-centro-internacional-de-negocios","tag-comercio-exterior"],"acf":[],"yoast_head":"<!-- This site is optimized with the Yoast SEO plugin v26.2 - https:\/\/yoast.com\/wordpress\/plugins\/seo\/ -->\n<title>CIN promove capacita\u00e7\u00e3o em com\u00e9rcio exterior - Associativismo<\/title>\n<meta name=\"description\" content=\"Curso abordar\u00e1 opera\u00e7\u00f5es e conceitos do com\u00e9rcio exterior com o objetivo de preparar profissionais para lidar com a complexidade desse ambiente\" \/>\n<meta name=\"robots\" content=\"index, follow, max-snippet:-1, max-image-preview:large, max-video-preview:-1\" \/>\n<link rel=\"canonical\" href=\"https:\/\/www.fiemg.com.br\/associativismo\/noticias\/cin-promove-capacitacao-em-comercio-exterior\/\" \/>\n<meta property=\"og:locale\" content=\"pt_BR\" \/>\n<meta property=\"og:type\" content=\"article\" \/>\n<meta property=\"og:title\" content=\"CIN promove capacita\u00e7\u00e3o em com\u00e9rcio exterior - Associativismo\" \/>\n<meta property=\"og:description\" content=\"Curso abordar\u00e1 opera\u00e7\u00f5es e conceitos do com\u00e9rcio exterior com o objetivo de preparar profissionais para lidar com a complexidade desse ambiente\" \/>\n<meta property=\"og:url\" content=\"https:\/\/www.fiemg.com.br\/associativismo\/noticias\/cin-promove-capacitacao-em-comercio-exterior\/\" \/>\n<meta property=\"og:site_name\" content=\"Associativismo\" \/>\n<meta property=\"article:modified_time\" content=\"2024-02-15T15:28:45+00:00\" \/>\n<meta property=\"og:image\" content=\"https:\/\/www.fiemg.com.br\/associativismo\/wp-content\/uploads\/sites\/29\/2024\/02\/cin-comercio-exterior-capacitacao-fevereiro.jpg\" \/>\n\t<meta property=\"og:image:width\" content=\"300\" \/>\n\t<meta property=\"og:image:height\" content=\"200\" \/>\n\t<meta property=\"og:image:type\" content=\"image\/jpeg\" \/>\n<meta name=\"twitter:card\" content=\"summary_large_image\" \/>\n<meta name=\"twitter:label1\" content=\"Est. tempo de leitura\" \/>\n\t<meta name=\"twitter:data1\" content=\"2 minutos\" \/>\n<script type=\"application\/ld+json\" class=\"yoast-schema-graph\">{\"@context\":\"https:\/\/schema.org\",\"@graph\":[{\"@type\":\"WebPage\",\"@id\":\"https:\/\/www.fiemg.com.br\/associativismo\/noticias\/cin-promove-capacitacao-em-comercio-exterior\/\",\"url\":\"https:\/\/www.fiemg.com.br\/associativismo\/noticias\/cin-promove-capacitacao-em-comercio-exterior\/\",\"name\":\"CIN promove capacita\u00e7\u00e3o em com\u00e9rcio exterior - Associativismo\",\"isPartOf\":{\"@id\":\"https:\/\/www.fiemg.com.br\/associativismo\/#website\"},\"primaryImageOfPage\":{\"@id\":\"https:\/\/www.fiemg.com.br\/associativismo\/noticias\/cin-promove-capacitacao-em-comercio-exterior\/#primaryimage\"},\"image\":{\"@id\":\"https:\/\/www.fiemg.com.br\/associativismo\/noticias\/cin-promove-capacitacao-em-comercio-exterior\/#primaryimage\"},\"thumbnailUrl\":\"https:\/\/www.fiemg.com.br\/associativismo\/wp-content\/uploads\/sites\/29\/2024\/02\/cin-comercio-exterior-capacitacao-fevereiro.jpg\",\"datePublished\":\"2024-02-15T15:28:42+00:00\",\"dateModified\":\"2024-02-15T15:28:45+00:00\",\"description\":\"Curso abordar\u00e1 opera\u00e7\u00f5es e conceitos do com\u00e9rcio exterior com o objetivo de preparar profissionais para lidar com a complexidade desse ambiente\",\"breadcrumb\":{\"@id\":\"https:\/\/www.fiemg.com.br\/associativismo\/noticias\/cin-promove-capacitacao-em-comercio-exterior\/#breadcrumb\"},\"inLanguage\":\"pt-BR\",\"potentialAction\":[{\"@type\":\"ReadAction\",\"target\":[\"https:\/\/www.fiemg.com.br\/associativismo\/noticias\/cin-promove-capacitacao-em-comercio-exterior\/\"]}]},{\"@type\":\"ImageObject\",\"inLanguage\":\"pt-BR\",\"@id\":\"https:\/\/www.fiemg.com.br\/associativismo\/noticias\/cin-promove-capacitacao-em-comercio-exterior\/#primaryimage\",\"url\":\"https:\/\/www.fiemg.com.br\/associativismo\/wp-content\/uploads\/sites\/29\/2024\/02\/cin-comercio-exterior-capacitacao-fevereiro.jpg\",\"contentUrl\":\"https:\/\/www.fiemg.com.br\/associativismo\/wp-content\/uploads\/sites\/29\/2024\/02\/cin-comercio-exterior-capacitacao-fevereiro.jpg\",\"width\":300,\"height\":200,\"caption\":\"CIN promove capacita\u00e7\u00e3o em com\u00e9rcio exterior\"},{\"@type\":\"BreadcrumbList\",\"@id\":\"https:\/\/www.fiemg.com.br\/associativismo\/noticias\/cin-promove-capacitacao-em-comercio-exterior\/#breadcrumb\",\"itemListElement\":[{\"@type\":\"ListItem\",\"position\":1,\"name\":\"In\u00edcio\",\"item\":\"https:\/\/www.fiemg.com.br\/associativismo\/\"},{\"@type\":\"ListItem\",\"position\":2,\"name\":\"CIN promove capacita\u00e7\u00e3o em com\u00e9rcio exterior\"}]},{\"@type\":\"WebSite\",\"@id\":\"https:\/\/www.fiemg.com.br\/associativismo\/#website\",\"url\":\"https:\/\/www.fiemg.com.br\/associativismo\/\",\"name\":\"Associativismo\",\"description\":\"Federa\u00e7\u00e3o das Ind\u00fastrias do Estado de Minas Gerais\",\"publisher\":{\"@id\":\"https:\/\/www.fiemg.com.br\/associativismo\/#organization\"},\"potentialAction\":[{\"@type\":\"SearchAction\",\"target\":{\"@type\":\"EntryPoint\",\"urlTemplate\":\"https:\/\/www.fiemg.com.br\/associativismo\/?s={search_term_string}\"},\"query-input\":{\"@type\":\"PropertyValueSpecification\",\"valueRequired\":true,\"valueName\":\"search_term_string\"}}],\"inLanguage\":\"pt-BR\"},{\"@type\":\"Organization\",\"@id\":\"https:\/\/www.fiemg.com.br\/associativismo\/#organization\",\"name\":\"Associativismo\",\"url\":\"https:\/\/www.fiemg.com.br\/associativismo\/\",\"logo\":{\"@type\":\"ImageObject\",\"inLanguage\":\"pt-BR\",\"@id\":\"https:\/\/www.fiemg.com.br\/associativismo\/#\/schema\/logo\/image\/\",\"url\":\"https:\/\/www.fiemg.com.br\/associativismo\/wp-content\/uploads\/sites\/29\/2023\/02\/fiemg_branco.svg\",\"contentUrl\":\"https:\/\/www.fiemg.com.br\/associativismo\/wp-content\/uploads\/sites\/29\/2023\/02\/fiemg_branco.svg\",\"width\":561,\"height\":147,\"caption\":\"Associativismo\"},\"image\":{\"@id\":\"https:\/\/www.fiemg.com.br\/associativismo\/#\/schema\/logo\/image\/\"}}]}<\/script>\n<!-- \/ Yoast SEO plugin. -->","yoast_head_json":{"title":"CIN promove capacita\u00e7\u00e3o em com\u00e9rcio exterior - Associativismo","description":"Curso abordar\u00e1 opera\u00e7\u00f5es e conceitos do com\u00e9rcio exterior com o objetivo de preparar profissionais para lidar com a complexidade desse ambiente","robots":{"index":"index","follow":"follow","max-snippet":"max-snippet:-1","max-image-preview":"max-image-preview:large","max-video-preview":"max-video-preview:-1"},"canonical":"https:\/\/www.fiemg.com.br\/associativismo\/noticias\/cin-promove-capacitacao-em-comercio-exterior\/","og_locale":"pt_BR","og_type":"article","og_title":"CIN promove capacita\u00e7\u00e3o em com\u00e9rcio exterior - Associativismo","og_description":"Curso abordar\u00e1 opera\u00e7\u00f5es e conceitos do com\u00e9rcio exterior com o objetivo de preparar profissionais para lidar com a complexidade desse ambiente","og_url":"https:\/\/www.fiemg.com.br\/associativismo\/noticias\/cin-promove-capacitacao-em-comercio-exterior\/","og_site_name":"Associativismo","article_modified_time":"2024-02-15T15:28:45+00:00","og_image":[{"width":300,"height":200,"url":"https:\/\/www.fiemg.com.br\/associativismo\/wp-content\/uploads\/sites\/29\/2024\/02\/cin-comercio-exterior-capacitacao-fevereiro.jpg","type":"image\/jpeg"}],"twitter_card":"summary_large_image","twitter_misc":{"Est. tempo de leitura":"2 minutos"},"schema":{"@context":"https:\/\/schema.org","@graph":[{"@type":"WebPage","@id":"https:\/\/www.fiemg.com.br\/associativismo\/noticias\/cin-promove-capacitacao-em-comercio-exterior\/","url":"https:\/\/www.fiemg.com.br\/associativismo\/noticias\/cin-promove-capacitacao-em-comercio-exterior\/","name":"CIN promove capacita\u00e7\u00e3o em com\u00e9rcio exterior - Associativismo","isPartOf":{"@id":"https:\/\/www.fiemg.com.br\/associativismo\/#website"},"primaryImageOfPage":{"@id":"https:\/\/www.fiemg.com.br\/associativismo\/noticias\/cin-promove-capacitacao-em-comercio-exterior\/#primaryimage"},"image":{"@id":"https:\/\/www.fiemg.com.br\/associativismo\/noticias\/cin-promove-capacitacao-em-comercio-exterior\/#primaryimage"},"thumbnailUrl":"https:\/\/www.fiemg.com.br\/associativismo\/wp-content\/uploads\/sites\/29\/2024\/02\/cin-comercio-exterior-capacitacao-fevereiro.jpg","datePublished":"2024-02-15T15:28:42+00:00","dateModified":"2024-02-15T15:28:45+00:00","description":"Curso abordar\u00e1 opera\u00e7\u00f5es e conceitos do com\u00e9rcio exterior com o objetivo de preparar profissionais para lidar com a complexidade desse ambiente","breadcrumb":{"@id":"https:\/\/www.fiemg.com.br\/associativismo\/noticias\/cin-promove-capacitacao-em-comercio-exterior\/#breadcrumb"},"inLanguage":"pt-BR","potentialAction":[{"@type":"ReadAction","target":["https:\/\/www.fiemg.com.br\/associativismo\/noticias\/cin-promove-capacitacao-em-comercio-exterior\/"]}]},{"@type":"ImageObject","inLanguage":"pt-BR","@id":"https:\/\/www.fiemg.com.br\/associativismo\/noticias\/cin-promove-capacitacao-em-comercio-exterior\/#primaryimage","url":"https:\/\/www.fiemg.com.br\/associativismo\/wp-content\/uploads\/sites\/29\/2024\/02\/cin-comercio-exterior-capacitacao-fevereiro.jpg","contentUrl":"https:\/\/www.fiemg.com.br\/associativismo\/wp-content\/uploads\/sites\/29\/2024\/02\/cin-comercio-exterior-capacitacao-fevereiro.jpg","width":300,"height":200,"caption":"CIN promove capacita\u00e7\u00e3o em com\u00e9rcio exterior"},{"@type":"BreadcrumbList","@id":"https:\/\/www.fiemg.com.br\/associativismo\/noticias\/cin-promove-capacitacao-em-comercio-exterior\/#breadcrumb","itemListElement":[{"@type":"ListItem","position":1,"name":"In\u00edcio","item":"https:\/\/www.fiemg.com.br\/associativismo\/"},{"@type":"ListItem","position":2,"name":"CIN promove capacita\u00e7\u00e3o em com\u00e9rcio exterior"}]},{"@type":"WebSite","@id":"https:\/\/www.fiemg.com.br\/associativismo\/#website","url":"https:\/\/www.fiemg.com.br\/associativismo\/","name":"Associativismo","description":"Federa\u00e7\u00e3o das Ind\u00fastrias do Estado de Minas Gerais","publisher":{"@id":"https:\/\/www.fiemg.com.br\/associativismo\/#organization"},"potentialAction":[{"@type":"SearchAction","target":{"@type":"EntryPoint","urlTemplate":"https:\/\/www.fiemg.com.br\/associativismo\/?s={search_term_string}"},"query-input":{"@type":"PropertyValueSpecification","valueRequired":true,"valueName":"search_term_string"}}],"inLanguage":"pt-BR"},{"@type":"Organization","@id":"https:\/\/www.fiemg.com.br\/associativismo\/#organization","name":"Associativismo","url":"https:\/\/www.fiemg.com.br\/associativismo\/","logo":{"@type":"ImageObject","inLanguage":"pt-BR","@id":"https:\/\/www.fiemg.com.br\/associativismo\/#\/schema\/logo\/image\/","url":"https:\/\/www.fiemg.com.br\/associativismo\/wp-content\/uploads\/sites\/29\/2023\/02\/fiemg_branco.svg","contentUrl":"https:\/\/www.fiemg.com.br\/associativismo\/wp-content\/uploads\/sites\/29\/2023\/02\/fiemg_branco.svg","width":561,"height":147,"caption":"Associativismo"},"image":{"@id":"https:\/\/www.fiemg.com.br\/associativismo\/#\/schema\/logo\/image\/"}}]}},"_links":{"self":[{"href":"https:\/\/www.fiemg.com.br\/associativismo\/wp-json\/wp\/v2\/noticias\/2206","targetHints":{"allow":["GET"]}}],"collection":[{"href":"https:\/\/www.fiemg.com.br\/associativismo\/wp-json\/wp\/v2\/noticias"}],"about":[{"href":"https:\/\/www.fiemg.com.br\/associativismo\/wp-json\/wp\/v2\/types\/noticias"}],"wp:featuredmedia":[{"embeddable":true,"href":"https:\/\/www.fiemg.com.br\/associativismo\/wp-json\/wp\/v2\/media\/2207"}],"wp:attachment":[{"href":"https:\/\/www.fiemg.com.br\/associativismo\/wp-json\/wp\/v2\/media?parent=2206"}],"wp:term":[{"taxonomy":"category","embeddable":true,"href":"https:\/\/www.fiemg.com.br\/associativismo\/wp-json\/wp\/v2\/categories?post=2206"},{"taxonomy":"post_tag","embeddable":true,"href":"https:\/\/www.fiemg.com.br\/associativismo\/wp-json\/wp\/v2\/tags?post=2206"}],"curies":[{"name":"wp","href":"https:\/\/api.w.org\/{rel}","templated":true}]}}