{"id":2291,"date":"2024-03-15T16:52:53","date_gmt":"2024-03-15T19:52:53","guid":{"rendered":"https:\/\/www.fiemg.com.br\/associativismo\/noticias\/fiemg-regional-rio-doce-apresenta-projetos-para-fortalecer-industrias\/"},"modified":"2024-03-15T17:35:30","modified_gmt":"2024-03-15T20:35:30","slug":"fiemg-regional-rio-doce-apresenta-projetos-para-fortalecer-industrias","status":"publish","type":"noticias","link":"https:\/\/www.fiemg.com.br\/associativismo\/noticias\/fiemg-regional-rio-doce-apresenta-projetos-para-fortalecer-industrias\/","title":{"rendered":"FIEMG Regional Rio Doce apresenta projetos para fortalecer ind\u00fastrias"},"content":{"rendered":"\n<p>Durante uma reuni\u00e3o na ter\u00e7a-feira (12\/3), na FIEMG Regional Rio do Doce, em Governador Valadares, a coordenadora de Rela\u00e7\u00f5es Sindicais da federa\u00e7\u00e3o, Priscila Louren\u00e7o, e o analista de Projetos William Silva, do setor de Desenvolvimento Sindical, apresentaram propostas estrat\u00e9gicas para impulsionar a competitividade da ind\u00fastria e fortalecer a presen\u00e7a dos sindicatos na regi\u00e3o.<\/p>\n\n\n\n<p>Entre os presentes no encontro, estavam os presidentes sindicais do Sim, Sandro Heringer, do Sinduscon, Hermes Marco, o presidente do Sinpac e o vice-presidente da FIEMG Regional Rio Doce, Marcos Lopes, juntamente com as coordenadoras sindicais Elizabete Lopes e Rayssa Souza.<\/p>\n\n\n\n<p>Al\u00e9m das discuss\u00f5es estrat\u00e9gicas, os participantes conheceram novo espa\u00e7o maker do SENAI, destinado \u00e0 inova\u00e7\u00e3o e \u00e0 capacita\u00e7\u00e3o t\u00e9cnica como pilares essenciais para o avan\u00e7o das ind\u00fastrias na regi\u00e3o. O encontro demonstrou um passo significativo na dire\u00e7\u00e3o do fortalecimento do setor industrial e sindical na FIEMG Regional Rio Doce.<\/p>\n\n\n\n<p>&#8220;Estamos comprometidos em impulsionar o desenvolvimento industrial em nossa regi\u00e3o. As propostas apresentadas hoje visam n\u00e3o apenas fortalecer as ind\u00fastrias locais, mas tamb\u00e9m consolidar a posi\u00e7\u00e3o dos sindicatos como parceiros estrat\u00e9gicos nesse processo. \u00c9 fundamental que trabalhemos juntos para promover a competitividade e a inova\u00e7\u00e3o em nosso setor, garantindo assim um crescimento sustent\u00e1vel e duradouro para nossa comunidade empresarial\u201d, disse Marcos Lopes.<\/p>\n","protected":false},"featured_media":2292,"template":"","categories":[15],"tags":[560,561,55,553],"class_list":["post-2291","noticias","type-noticias","status-publish","has-post-thumbnail","hentry","category-desenvolvimento-industrial","tag-acoes-estrategicas","tag-fiemg-regional-rio-doce","tag-industria","tag-sindicatos"],"acf":[],"yoast_head":"<!-- This site is optimized with the Yoast SEO plugin v26.2 - https:\/\/yoast.com\/wordpress\/plugins\/seo\/ -->\n<title>FIEMG Regional Rio Doce apresenta projetos para fortalecer ind\u00fastrias - Associativismo<\/title>\n<meta name=\"description\" content=\"Presidentes de sindicatos e t\u00e9cnicos da Federa\u00e7\u00e3o debateram a\u00e7\u00f5es estrat\u00e9gicas\" \/>\n<meta name=\"robots\" content=\"index, follow, max-snippet:-1, max-image-preview:large, max-video-preview:-1\" \/>\n<link rel=\"canonical\" href=\"https:\/\/www.fiemg.com.br\/associativismo\/noticias\/fiemg-regional-rio-doce-apresenta-projetos-para-fortalecer-industrias\/\" \/>\n<meta property=\"og:locale\" content=\"pt_BR\" \/>\n<meta property=\"og:type\" content=\"article\" \/>\n<meta property=\"og:title\" content=\"FIEMG Regional Rio Doce apresenta projetos para fortalecer ind\u00fastrias - Associativismo\" \/>\n<meta property=\"og:description\" content=\"Presidentes de sindicatos e t\u00e9cnicos da Federa\u00e7\u00e3o debateram a\u00e7\u00f5es estrat\u00e9gicas\" \/>\n<meta property=\"og:url\" content=\"https:\/\/www.fiemg.com.br\/associativismo\/noticias\/fiemg-regional-rio-doce-apresenta-projetos-para-fortalecer-industrias\/\" \/>\n<meta property=\"og:site_name\" content=\"Associativismo\" \/>\n<meta property=\"article:modified_time\" content=\"2024-03-15T20:35:30+00:00\" \/>\n<meta property=\"og:image\" content=\"https:\/\/www.fiemg.com.br\/associativismo\/wp-content\/uploads\/sites\/29\/2024\/03\/regional_2.jpeg\" \/>\n\t<meta property=\"og:image:width\" content=\"512\" \/>\n\t<meta property=\"og:image:height\" content=\"512\" \/>\n\t<meta property=\"og:image:type\" content=\"image\/jpeg\" \/>\n<meta name=\"twitter:card\" content=\"summary_large_image\" \/>\n<meta name=\"twitter:label1\" content=\"Est. tempo de leitura\" \/>\n\t<meta name=\"twitter:data1\" content=\"2 minutos\" \/>\n<script type=\"application\/ld+json\" class=\"yoast-schema-graph\">{\"@context\":\"https:\/\/schema.org\",\"@graph\":[{\"@type\":\"WebPage\",\"@id\":\"https:\/\/www.fiemg.com.br\/associativismo\/noticias\/fiemg-regional-rio-doce-apresenta-projetos-para-fortalecer-industrias\/\",\"url\":\"https:\/\/www.fiemg.com.br\/associativismo\/noticias\/fiemg-regional-rio-doce-apresenta-projetos-para-fortalecer-industrias\/\",\"name\":\"FIEMG Regional Rio Doce apresenta projetos para fortalecer ind\u00fastrias - Associativismo\",\"isPartOf\":{\"@id\":\"https:\/\/www.fiemg.com.br\/associativismo\/#website\"},\"primaryImageOfPage\":{\"@id\":\"https:\/\/www.fiemg.com.br\/associativismo\/noticias\/fiemg-regional-rio-doce-apresenta-projetos-para-fortalecer-industrias\/#primaryimage\"},\"image\":{\"@id\":\"https:\/\/www.fiemg.com.br\/associativismo\/noticias\/fiemg-regional-rio-doce-apresenta-projetos-para-fortalecer-industrias\/#primaryimage\"},\"thumbnailUrl\":\"https:\/\/www.fiemg.com.br\/associativismo\/wp-content\/uploads\/sites\/29\/2024\/03\/regional_2.jpeg\",\"datePublished\":\"2024-03-15T19:52:53+00:00\",\"dateModified\":\"2024-03-15T20:35:30+00:00\",\"description\":\"Presidentes de sindicatos e t\u00e9cnicos da Federa\u00e7\u00e3o debateram a\u00e7\u00f5es estrat\u00e9gicas\",\"breadcrumb\":{\"@id\":\"https:\/\/www.fiemg.com.br\/associativismo\/noticias\/fiemg-regional-rio-doce-apresenta-projetos-para-fortalecer-industrias\/#breadcrumb\"},\"inLanguage\":\"pt-BR\",\"potentialAction\":[{\"@type\":\"ReadAction\",\"target\":[\"https:\/\/www.fiemg.com.br\/associativismo\/noticias\/fiemg-regional-rio-doce-apresenta-projetos-para-fortalecer-industrias\/\"]}]},{\"@type\":\"ImageObject\",\"inLanguage\":\"pt-BR\",\"@id\":\"https:\/\/www.fiemg.com.br\/associativismo\/noticias\/fiemg-regional-rio-doce-apresenta-projetos-para-fortalecer-industrias\/#primaryimage\",\"url\":\"https:\/\/www.fiemg.com.br\/associativismo\/wp-content\/uploads\/sites\/29\/2024\/03\/regional_2.jpeg\",\"contentUrl\":\"https:\/\/www.fiemg.com.br\/associativismo\/wp-content\/uploads\/sites\/29\/2024\/03\/regional_2.jpeg\",\"width\":512,\"height\":512,\"caption\":\"FIEMG Regional Rio Doce apresenta projetos para fortalecer ind\u00fastrias\"},{\"@type\":\"BreadcrumbList\",\"@id\":\"https:\/\/www.fiemg.com.br\/associativismo\/noticias\/fiemg-regional-rio-doce-apresenta-projetos-para-fortalecer-industrias\/#breadcrumb\",\"itemListElement\":[{\"@type\":\"ListItem\",\"position\":1,\"name\":\"In\u00edcio\",\"item\":\"https:\/\/www.fiemg.com.br\/associativismo\/\"},{\"@type\":\"ListItem\",\"position\":2,\"name\":\"FIEMG Regional Rio Doce apresenta projetos para fortalecer ind\u00fastrias\"}]},{\"@type\":\"WebSite\",\"@id\":\"https:\/\/www.fiemg.com.br\/associativismo\/#website\",\"url\":\"https:\/\/www.fiemg.com.br\/associativismo\/\",\"name\":\"Associativismo\",\"description\":\"Federa\u00e7\u00e3o das Ind\u00fastrias do Estado de Minas Gerais\",\"publisher\":{\"@id\":\"https:\/\/www.fiemg.com.br\/associativismo\/#organization\"},\"potentialAction\":[{\"@type\":\"SearchAction\",\"target\":{\"@type\":\"EntryPoint\",\"urlTemplate\":\"https:\/\/www.fiemg.com.br\/associativismo\/?s={search_term_string}\"},\"query-input\":{\"@type\":\"PropertyValueSpecification\",\"valueRequired\":true,\"valueName\":\"search_term_string\"}}],\"inLanguage\":\"pt-BR\"},{\"@type\":\"Organization\",\"@id\":\"https:\/\/www.fiemg.com.br\/associativismo\/#organization\",\"name\":\"Associativismo\",\"url\":\"https:\/\/www.fiemg.com.br\/associativismo\/\",\"logo\":{\"@type\":\"ImageObject\",\"inLanguage\":\"pt-BR\",\"@id\":\"https:\/\/www.fiemg.com.br\/associativismo\/#\/schema\/logo\/image\/\",\"url\":\"https:\/\/www.fiemg.com.br\/associativismo\/wp-content\/uploads\/sites\/29\/2023\/02\/fiemg_branco.svg\",\"contentUrl\":\"https:\/\/www.fiemg.com.br\/associativismo\/wp-content\/uploads\/sites\/29\/2023\/02\/fiemg_branco.svg\",\"width\":561,\"height\":147,\"caption\":\"Associativismo\"},\"image\":{\"@id\":\"https:\/\/www.fiemg.com.br\/associativismo\/#\/schema\/logo\/image\/\"}}]}<\/script>\n<!-- \/ Yoast SEO plugin. -->","yoast_head_json":{"title":"FIEMG Regional Rio Doce apresenta projetos para fortalecer ind\u00fastrias - Associativismo","description":"Presidentes de sindicatos e t\u00e9cnicos da Federa\u00e7\u00e3o debateram a\u00e7\u00f5es estrat\u00e9gicas","robots":{"index":"index","follow":"follow","max-snippet":"max-snippet:-1","max-image-preview":"max-image-preview:large","max-video-preview":"max-video-preview:-1"},"canonical":"https:\/\/www.fiemg.com.br\/associativismo\/noticias\/fiemg-regional-rio-doce-apresenta-projetos-para-fortalecer-industrias\/","og_locale":"pt_BR","og_type":"article","og_title":"FIEMG Regional Rio Doce apresenta projetos para fortalecer ind\u00fastrias - Associativismo","og_description":"Presidentes de sindicatos e t\u00e9cnicos da Federa\u00e7\u00e3o debateram a\u00e7\u00f5es estrat\u00e9gicas","og_url":"https:\/\/www.fiemg.com.br\/associativismo\/noticias\/fiemg-regional-rio-doce-apresenta-projetos-para-fortalecer-industrias\/","og_site_name":"Associativismo","article_modified_time":"2024-03-15T20:35:30+00:00","og_image":[{"width":512,"height":512,"url":"https:\/\/www.fiemg.com.br\/associativismo\/wp-content\/uploads\/sites\/29\/2024\/03\/regional_2.jpeg","type":"image\/jpeg"}],"twitter_card":"summary_large_image","twitter_misc":{"Est. tempo de leitura":"2 minutos"},"schema":{"@context":"https:\/\/schema.org","@graph":[{"@type":"WebPage","@id":"https:\/\/www.fiemg.com.br\/associativismo\/noticias\/fiemg-regional-rio-doce-apresenta-projetos-para-fortalecer-industrias\/","url":"https:\/\/www.fiemg.com.br\/associativismo\/noticias\/fiemg-regional-rio-doce-apresenta-projetos-para-fortalecer-industrias\/","name":"FIEMG Regional Rio Doce apresenta projetos para fortalecer ind\u00fastrias - Associativismo","isPartOf":{"@id":"https:\/\/www.fiemg.com.br\/associativismo\/#website"},"primaryImageOfPage":{"@id":"https:\/\/www.fiemg.com.br\/associativismo\/noticias\/fiemg-regional-rio-doce-apresenta-projetos-para-fortalecer-industrias\/#primaryimage"},"image":{"@id":"https:\/\/www.fiemg.com.br\/associativismo\/noticias\/fiemg-regional-rio-doce-apresenta-projetos-para-fortalecer-industrias\/#primaryimage"},"thumbnailUrl":"https:\/\/www.fiemg.com.br\/associativismo\/wp-content\/uploads\/sites\/29\/2024\/03\/regional_2.jpeg","datePublished":"2024-03-15T19:52:53+00:00","dateModified":"2024-03-15T20:35:30+00:00","description":"Presidentes de sindicatos e t\u00e9cnicos da Federa\u00e7\u00e3o debateram a\u00e7\u00f5es estrat\u00e9gicas","breadcrumb":{"@id":"https:\/\/www.fiemg.com.br\/associativismo\/noticias\/fiemg-regional-rio-doce-apresenta-projetos-para-fortalecer-industrias\/#breadcrumb"},"inLanguage":"pt-BR","potentialAction":[{"@type":"ReadAction","target":["https:\/\/www.fiemg.com.br\/associativismo\/noticias\/fiemg-regional-rio-doce-apresenta-projetos-para-fortalecer-industrias\/"]}]},{"@type":"ImageObject","inLanguage":"pt-BR","@id":"https:\/\/www.fiemg.com.br\/associativismo\/noticias\/fiemg-regional-rio-doce-apresenta-projetos-para-fortalecer-industrias\/#primaryimage","url":"https:\/\/www.fiemg.com.br\/associativismo\/wp-content\/uploads\/sites\/29\/2024\/03\/regional_2.jpeg","contentUrl":"https:\/\/www.fiemg.com.br\/associativismo\/wp-content\/uploads\/sites\/29\/2024\/03\/regional_2.jpeg","width":512,"height":512,"caption":"FIEMG Regional Rio Doce apresenta projetos para fortalecer ind\u00fastrias"},{"@type":"BreadcrumbList","@id":"https:\/\/www.fiemg.com.br\/associativismo\/noticias\/fiemg-regional-rio-doce-apresenta-projetos-para-fortalecer-industrias\/#breadcrumb","itemListElement":[{"@type":"ListItem","position":1,"name":"In\u00edcio","item":"https:\/\/www.fiemg.com.br\/associativismo\/"},{"@type":"ListItem","position":2,"name":"FIEMG Regional Rio Doce apresenta projetos para fortalecer ind\u00fastrias"}]},{"@type":"WebSite","@id":"https:\/\/www.fiemg.com.br\/associativismo\/#website","url":"https:\/\/www.fiemg.com.br\/associativismo\/","name":"Associativismo","description":"Federa\u00e7\u00e3o das Ind\u00fastrias do Estado de Minas Gerais","publisher":{"@id":"https:\/\/www.fiemg.com.br\/associativismo\/#organization"},"potentialAction":[{"@type":"SearchAction","target":{"@type":"EntryPoint","urlTemplate":"https:\/\/www.fiemg.com.br\/associativismo\/?s={search_term_string}"},"query-input":{"@type":"PropertyValueSpecification","valueRequired":true,"valueName":"search_term_string"}}],"inLanguage":"pt-BR"},{"@type":"Organization","@id":"https:\/\/www.fiemg.com.br\/associativismo\/#organization","name":"Associativismo","url":"https:\/\/www.fiemg.com.br\/associativismo\/","logo":{"@type":"ImageObject","inLanguage":"pt-BR","@id":"https:\/\/www.fiemg.com.br\/associativismo\/#\/schema\/logo\/image\/","url":"https:\/\/www.fiemg.com.br\/associativismo\/wp-content\/uploads\/sites\/29\/2023\/02\/fiemg_branco.svg","contentUrl":"https:\/\/www.fiemg.com.br\/associativismo\/wp-content\/uploads\/sites\/29\/2023\/02\/fiemg_branco.svg","width":561,"height":147,"caption":"Associativismo"},"image":{"@id":"https:\/\/www.fiemg.com.br\/associativismo\/#\/schema\/logo\/image\/"}}]}},"_links":{"self":[{"href":"https:\/\/www.fiemg.com.br\/associativismo\/wp-json\/wp\/v2\/noticias\/2291","targetHints":{"allow":["GET"]}}],"collection":[{"href":"https:\/\/www.fiemg.com.br\/associativismo\/wp-json\/wp\/v2\/noticias"}],"about":[{"href":"https:\/\/www.fiemg.com.br\/associativismo\/wp-json\/wp\/v2\/types\/noticias"}],"wp:featuredmedia":[{"embeddable":true,"href":"https:\/\/www.fiemg.com.br\/associativismo\/wp-json\/wp\/v2\/media\/2292"}],"wp:attachment":[{"href":"https:\/\/www.fiemg.com.br\/associativismo\/wp-json\/wp\/v2\/media?parent=2291"}],"wp:term":[{"taxonomy":"category","embeddable":true,"href":"https:\/\/www.fiemg.com.br\/associativismo\/wp-json\/wp\/v2\/categories?post=2291"},{"taxonomy":"post_tag","embeddable":true,"href":"https:\/\/www.fiemg.com.br\/associativismo\/wp-json\/wp\/v2\/tags?post=2291"}],"curies":[{"name":"wp","href":"https:\/\/api.w.org\/{rel}","templated":true}]}}