{"id":2306,"date":"2024-03-20T14:11:53","date_gmt":"2024-03-20T17:11:53","guid":{"rendered":"https:\/\/www.fiemg.com.br\/associativismo\/noticias\/cin-realiza-capacitacao-sobre-incoterms-2020\/"},"modified":"2024-03-20T15:46:08","modified_gmt":"2024-03-20T18:46:08","slug":"cin-realiza-capacitacao-sobre-incoterms-2020","status":"publish","type":"noticias","link":"https:\/\/www.fiemg.com.br\/associativismo\/noticias\/cin-realiza-capacitacao-sobre-incoterms-2020\/","title":{"rendered":"CIN realiza capacita\u00e7\u00e3o sobre Incoterms 2020"},"content":{"rendered":"\n<p>O Centro Internacional de Neg\u00f3cios (CIN) da FIEMG promove nos dias 26 e 27 de mar\u00e7o, das 9h \u00e0s 12h, um curso essencial para profissionais que atuam no campo do com\u00e9rcio internacional: uma capacita\u00e7\u00e3o aprofundada sobre Incoterms 2020. Realizado no formato online, o curso tem como principal objetivo preparar e capacitar os participantes na correta utiliza\u00e7\u00e3o dos termos de com\u00e9rcio internacional (Incoterms) em processos de importa\u00e7\u00e3o e exporta\u00e7\u00e3o.<\/p>\n\n\n\n<p><strong>Desenvolvimento pessoal<\/strong> &#8211; O curso apresentar\u00e1 de forma pr\u00e1tica e objetiva o funcionamento dos Incoterms e suas altera\u00e7\u00f5es. Os profissionais ter\u00e3o a oportunidade de aprimorar seus conhecimentos e garantir uma atua\u00e7\u00e3o mais assertiva e eficiente no mercado global.<\/p>\n\n\n\n<p>A capacita\u00e7\u00e3o ser\u00e1 ministrada pela consultora e professora de Neg\u00f3cios Internacionais da PUC\/PR, T\u00e2nia Cristina Pryplotski, que tem um curr\u00edculo extenso na \u00e1rea.<\/p>\n\n\n\n<p><strong>Inscri\u00e7\u00f5es<\/strong> &#8211; Para participar, o investimento \u00e9 de&nbsp;<strong>R$ 240,00<\/strong>. Empresas que inscreverem mais de tr\u00eas funcion\u00e1rios e institui\u00e7\u00f5es de ensino que inscreverem tr\u00eas ou mais estudantes ter\u00e3o direito a um desconto especial, tornando essa uma oportunidade ainda mais acess\u00edvel para equipes e grupos de estudantes. As inscri\u00e7\u00f5es podem ser realizadas atrav\u00e9s deste <strong><a href=\"https:\/\/docs.google.com\/forms\/d\/e\/1FAIpQLSeRlH1oHyo0d3OqiwV1prLaHanp3aN-J-9mNr1YlAUKbxge7Q\/viewform\" target=\"_blank\" rel=\"noreferrer noopener\">link<\/a><\/strong>.<\/p>\n\n\n\n<p>D\u00favidas e informa\u00e7\u00f5es adicionais podem ser esclarecidas atrav\u00e9s do telefone\u00a0<strong>(31) 3263-4726<\/strong>\u00a0ou pelo e-mail\u00a0<strong>consultoriacin@fiemg.com.br<\/strong>.<\/p>\n\n\n\n<p>N\u00e3o perca essa oportunidade de ampliar seus conhecimentos e habilidades no setor do com\u00e9rcio internacional com a ajuda do CIN, da FIEMG e de especialistas altamente qualificados no mercado. Garanta j\u00e1 sua inscri\u00e7\u00e3o e d\u00ea um upgrade em sua carreira profissional.<\/p>\n\n\n\n<p><strong>Servi\u00e7o:<\/strong><\/p>\n\n\n\n<p><strong>Capacita\u00e7\u00e3o do CIN:<\/strong> Incoterms 2020<br><strong>Data<\/strong>: 26 e 27 de mar\u00e7o<br><strong>Hor\u00e1rio<\/strong>: 9h \u00e0s 12h<br><strong>Onde<\/strong>: Microsoft Teams<br><strong>Informa\u00e7\u00f5es<\/strong>: (31) <strong>3263-4726<\/strong> ou <a href=\"mailto:consultoriacin@fiemg.com.br\">consultoriacin@fiemg.com.br<\/a><br><strong>Inscri\u00e7\u00f5es<\/strong>: R$240 \u2013 Clique <strong><a href=\"https:\/\/docs.google.com\/forms\/d\/e\/1FAIpQLSeRlH1oHyo0d3OqiwV1prLaHanp3aN-J-9mNr1YlAUKbxge7Q\/viewform\" target=\"_blank\" rel=\"noreferrer noopener\">aqui<\/a> <\/strong>e fa\u00e7a sua inscri\u00e7\u00e3o<\/p>\n\n\n\n<p><em>Ana Paula Motta<\/em><br><strong>Imprensa FIEMG<\/strong><\/p>\n","protected":false},"featured_media":2307,"template":"","categories":[22],"tags":[518,570],"class_list":["post-2306","noticias","type-noticias","status-publish","has-post-thumbnail","hentry","category-negocios-internacionais","tag-capacitacao-cin","tag-negocios-internacionais"],"acf":[],"yoast_head":"<!-- This site is optimized with the Yoast SEO plugin v26.2 - https:\/\/yoast.com\/wordpress\/plugins\/seo\/ -->\n<title>CIN realiza capacita\u00e7\u00e3o sobre Incoterms 2020 - Associativismo<\/title>\n<meta name=\"robots\" content=\"index, follow, max-snippet:-1, max-image-preview:large, max-video-preview:-1\" \/>\n<link rel=\"canonical\" href=\"https:\/\/www.fiemg.com.br\/associativismo\/noticias\/cin-realiza-capacitacao-sobre-incoterms-2020\/\" \/>\n<meta property=\"og:locale\" content=\"pt_BR\" \/>\n<meta property=\"og:type\" content=\"article\" \/>\n<meta property=\"og:title\" content=\"CIN realiza capacita\u00e7\u00e3o sobre Incoterms 2020 - Associativismo\" \/>\n<meta property=\"og:description\" content=\"O Centro Internacional de Neg\u00f3cios (CIN) da FIEMG promove nos dias 26 e 27 de mar\u00e7o, das 9h \u00e0s 12h, um curso essencial para profissionais que atuam no campo do com\u00e9rcio internacional: uma capacita\u00e7\u00e3o aprofundada sobre Incoterms 2020. Realizado no formato online, o curso tem como principal objetivo preparar e capacitar os participantes na correta [&hellip;]\" \/>\n<meta property=\"og:url\" content=\"https:\/\/www.fiemg.com.br\/associativismo\/noticias\/cin-realiza-capacitacao-sobre-incoterms-2020\/\" \/>\n<meta property=\"og:site_name\" content=\"Associativismo\" \/>\n<meta property=\"article:modified_time\" content=\"2024-03-20T18:46:08+00:00\" \/>\n<meta property=\"og:image\" content=\"https:\/\/www.fiemg.com.br\/associativismo\/wp-content\/uploads\/sites\/29\/2024\/03\/incoterms-2020-cin-capacitacao-negocios-internacionais.png\" \/>\n\t<meta property=\"og:image:width\" content=\"300\" \/>\n\t<meta property=\"og:image:height\" content=\"200\" \/>\n\t<meta property=\"og:image:type\" content=\"image\/png\" \/>\n<meta name=\"twitter:card\" content=\"summary_large_image\" \/>\n<meta name=\"twitter:label1\" content=\"Est. tempo de leitura\" \/>\n\t<meta name=\"twitter:data1\" content=\"2 minutos\" \/>\n<script type=\"application\/ld+json\" class=\"yoast-schema-graph\">{\"@context\":\"https:\/\/schema.org\",\"@graph\":[{\"@type\":\"WebPage\",\"@id\":\"https:\/\/www.fiemg.com.br\/associativismo\/noticias\/cin-realiza-capacitacao-sobre-incoterms-2020\/\",\"url\":\"https:\/\/www.fiemg.com.br\/associativismo\/noticias\/cin-realiza-capacitacao-sobre-incoterms-2020\/\",\"name\":\"CIN realiza capacita\u00e7\u00e3o sobre Incoterms 2020 - Associativismo\",\"isPartOf\":{\"@id\":\"https:\/\/www.fiemg.com.br\/associativismo\/#website\"},\"primaryImageOfPage\":{\"@id\":\"https:\/\/www.fiemg.com.br\/associativismo\/noticias\/cin-realiza-capacitacao-sobre-incoterms-2020\/#primaryimage\"},\"image\":{\"@id\":\"https:\/\/www.fiemg.com.br\/associativismo\/noticias\/cin-realiza-capacitacao-sobre-incoterms-2020\/#primaryimage\"},\"thumbnailUrl\":\"https:\/\/www.fiemg.com.br\/associativismo\/wp-content\/uploads\/sites\/29\/2024\/03\/incoterms-2020-cin-capacitacao-negocios-internacionais.png\",\"datePublished\":\"2024-03-20T17:11:53+00:00\",\"dateModified\":\"2024-03-20T18:46:08+00:00\",\"breadcrumb\":{\"@id\":\"https:\/\/www.fiemg.com.br\/associativismo\/noticias\/cin-realiza-capacitacao-sobre-incoterms-2020\/#breadcrumb\"},\"inLanguage\":\"pt-BR\",\"potentialAction\":[{\"@type\":\"ReadAction\",\"target\":[\"https:\/\/www.fiemg.com.br\/associativismo\/noticias\/cin-realiza-capacitacao-sobre-incoterms-2020\/\"]}]},{\"@type\":\"ImageObject\",\"inLanguage\":\"pt-BR\",\"@id\":\"https:\/\/www.fiemg.com.br\/associativismo\/noticias\/cin-realiza-capacitacao-sobre-incoterms-2020\/#primaryimage\",\"url\":\"https:\/\/www.fiemg.com.br\/associativismo\/wp-content\/uploads\/sites\/29\/2024\/03\/incoterms-2020-cin-capacitacao-negocios-internacionais.png\",\"contentUrl\":\"https:\/\/www.fiemg.com.br\/associativismo\/wp-content\/uploads\/sites\/29\/2024\/03\/incoterms-2020-cin-capacitacao-negocios-internacionais.png\",\"width\":300,\"height\":200,\"caption\":\"CIN realiza capacita\u00e7\u00e3o sobre Incoterms 2020\"},{\"@type\":\"BreadcrumbList\",\"@id\":\"https:\/\/www.fiemg.com.br\/associativismo\/noticias\/cin-realiza-capacitacao-sobre-incoterms-2020\/#breadcrumb\",\"itemListElement\":[{\"@type\":\"ListItem\",\"position\":1,\"name\":\"In\u00edcio\",\"item\":\"https:\/\/www.fiemg.com.br\/associativismo\/\"},{\"@type\":\"ListItem\",\"position\":2,\"name\":\"CIN realiza capacita\u00e7\u00e3o sobre Incoterms 2020\"}]},{\"@type\":\"WebSite\",\"@id\":\"https:\/\/www.fiemg.com.br\/associativismo\/#website\",\"url\":\"https:\/\/www.fiemg.com.br\/associativismo\/\",\"name\":\"Associativismo\",\"description\":\"Federa\u00e7\u00e3o das Ind\u00fastrias do Estado de Minas Gerais\",\"publisher\":{\"@id\":\"https:\/\/www.fiemg.com.br\/associativismo\/#organization\"},\"potentialAction\":[{\"@type\":\"SearchAction\",\"target\":{\"@type\":\"EntryPoint\",\"urlTemplate\":\"https:\/\/www.fiemg.com.br\/associativismo\/?s={search_term_string}\"},\"query-input\":{\"@type\":\"PropertyValueSpecification\",\"valueRequired\":true,\"valueName\":\"search_term_string\"}}],\"inLanguage\":\"pt-BR\"},{\"@type\":\"Organization\",\"@id\":\"https:\/\/www.fiemg.com.br\/associativismo\/#organization\",\"name\":\"Associativismo\",\"url\":\"https:\/\/www.fiemg.com.br\/associativismo\/\",\"logo\":{\"@type\":\"ImageObject\",\"inLanguage\":\"pt-BR\",\"@id\":\"https:\/\/www.fiemg.com.br\/associativismo\/#\/schema\/logo\/image\/\",\"url\":\"https:\/\/www.fiemg.com.br\/associativismo\/wp-content\/uploads\/sites\/29\/2023\/02\/fiemg_branco.svg\",\"contentUrl\":\"https:\/\/www.fiemg.com.br\/associativismo\/wp-content\/uploads\/sites\/29\/2023\/02\/fiemg_branco.svg\",\"width\":561,\"height\":147,\"caption\":\"Associativismo\"},\"image\":{\"@id\":\"https:\/\/www.fiemg.com.br\/associativismo\/#\/schema\/logo\/image\/\"}}]}<\/script>\n<!-- \/ Yoast SEO plugin. -->","yoast_head_json":{"title":"CIN realiza capacita\u00e7\u00e3o sobre Incoterms 2020 - Associativismo","robots":{"index":"index","follow":"follow","max-snippet":"max-snippet:-1","max-image-preview":"max-image-preview:large","max-video-preview":"max-video-preview:-1"},"canonical":"https:\/\/www.fiemg.com.br\/associativismo\/noticias\/cin-realiza-capacitacao-sobre-incoterms-2020\/","og_locale":"pt_BR","og_type":"article","og_title":"CIN realiza capacita\u00e7\u00e3o sobre Incoterms 2020 - Associativismo","og_description":"O Centro Internacional de Neg\u00f3cios (CIN) da FIEMG promove nos dias 26 e 27 de mar\u00e7o, das 9h \u00e0s 12h, um curso essencial para profissionais que atuam no campo do com\u00e9rcio internacional: uma capacita\u00e7\u00e3o aprofundada sobre Incoterms 2020. Realizado no formato online, o curso tem como principal objetivo preparar e capacitar os participantes na correta [&hellip;]","og_url":"https:\/\/www.fiemg.com.br\/associativismo\/noticias\/cin-realiza-capacitacao-sobre-incoterms-2020\/","og_site_name":"Associativismo","article_modified_time":"2024-03-20T18:46:08+00:00","og_image":[{"width":300,"height":200,"url":"https:\/\/www.fiemg.com.br\/associativismo\/wp-content\/uploads\/sites\/29\/2024\/03\/incoterms-2020-cin-capacitacao-negocios-internacionais.png","type":"image\/png"}],"twitter_card":"summary_large_image","twitter_misc":{"Est. tempo de leitura":"2 minutos"},"schema":{"@context":"https:\/\/schema.org","@graph":[{"@type":"WebPage","@id":"https:\/\/www.fiemg.com.br\/associativismo\/noticias\/cin-realiza-capacitacao-sobre-incoterms-2020\/","url":"https:\/\/www.fiemg.com.br\/associativismo\/noticias\/cin-realiza-capacitacao-sobre-incoterms-2020\/","name":"CIN realiza capacita\u00e7\u00e3o sobre Incoterms 2020 - Associativismo","isPartOf":{"@id":"https:\/\/www.fiemg.com.br\/associativismo\/#website"},"primaryImageOfPage":{"@id":"https:\/\/www.fiemg.com.br\/associativismo\/noticias\/cin-realiza-capacitacao-sobre-incoterms-2020\/#primaryimage"},"image":{"@id":"https:\/\/www.fiemg.com.br\/associativismo\/noticias\/cin-realiza-capacitacao-sobre-incoterms-2020\/#primaryimage"},"thumbnailUrl":"https:\/\/www.fiemg.com.br\/associativismo\/wp-content\/uploads\/sites\/29\/2024\/03\/incoterms-2020-cin-capacitacao-negocios-internacionais.png","datePublished":"2024-03-20T17:11:53+00:00","dateModified":"2024-03-20T18:46:08+00:00","breadcrumb":{"@id":"https:\/\/www.fiemg.com.br\/associativismo\/noticias\/cin-realiza-capacitacao-sobre-incoterms-2020\/#breadcrumb"},"inLanguage":"pt-BR","potentialAction":[{"@type":"ReadAction","target":["https:\/\/www.fiemg.com.br\/associativismo\/noticias\/cin-realiza-capacitacao-sobre-incoterms-2020\/"]}]},{"@type":"ImageObject","inLanguage":"pt-BR","@id":"https:\/\/www.fiemg.com.br\/associativismo\/noticias\/cin-realiza-capacitacao-sobre-incoterms-2020\/#primaryimage","url":"https:\/\/www.fiemg.com.br\/associativismo\/wp-content\/uploads\/sites\/29\/2024\/03\/incoterms-2020-cin-capacitacao-negocios-internacionais.png","contentUrl":"https:\/\/www.fiemg.com.br\/associativismo\/wp-content\/uploads\/sites\/29\/2024\/03\/incoterms-2020-cin-capacitacao-negocios-internacionais.png","width":300,"height":200,"caption":"CIN realiza capacita\u00e7\u00e3o sobre Incoterms 2020"},{"@type":"BreadcrumbList","@id":"https:\/\/www.fiemg.com.br\/associativismo\/noticias\/cin-realiza-capacitacao-sobre-incoterms-2020\/#breadcrumb","itemListElement":[{"@type":"ListItem","position":1,"name":"In\u00edcio","item":"https:\/\/www.fiemg.com.br\/associativismo\/"},{"@type":"ListItem","position":2,"name":"CIN realiza capacita\u00e7\u00e3o sobre Incoterms 2020"}]},{"@type":"WebSite","@id":"https:\/\/www.fiemg.com.br\/associativismo\/#website","url":"https:\/\/www.fiemg.com.br\/associativismo\/","name":"Associativismo","description":"Federa\u00e7\u00e3o das Ind\u00fastrias do Estado de Minas Gerais","publisher":{"@id":"https:\/\/www.fiemg.com.br\/associativismo\/#organization"},"potentialAction":[{"@type":"SearchAction","target":{"@type":"EntryPoint","urlTemplate":"https:\/\/www.fiemg.com.br\/associativismo\/?s={search_term_string}"},"query-input":{"@type":"PropertyValueSpecification","valueRequired":true,"valueName":"search_term_string"}}],"inLanguage":"pt-BR"},{"@type":"Organization","@id":"https:\/\/www.fiemg.com.br\/associativismo\/#organization","name":"Associativismo","url":"https:\/\/www.fiemg.com.br\/associativismo\/","logo":{"@type":"ImageObject","inLanguage":"pt-BR","@id":"https:\/\/www.fiemg.com.br\/associativismo\/#\/schema\/logo\/image\/","url":"https:\/\/www.fiemg.com.br\/associativismo\/wp-content\/uploads\/sites\/29\/2023\/02\/fiemg_branco.svg","contentUrl":"https:\/\/www.fiemg.com.br\/associativismo\/wp-content\/uploads\/sites\/29\/2023\/02\/fiemg_branco.svg","width":561,"height":147,"caption":"Associativismo"},"image":{"@id":"https:\/\/www.fiemg.com.br\/associativismo\/#\/schema\/logo\/image\/"}}]}},"_links":{"self":[{"href":"https:\/\/www.fiemg.com.br\/associativismo\/wp-json\/wp\/v2\/noticias\/2306","targetHints":{"allow":["GET"]}}],"collection":[{"href":"https:\/\/www.fiemg.com.br\/associativismo\/wp-json\/wp\/v2\/noticias"}],"about":[{"href":"https:\/\/www.fiemg.com.br\/associativismo\/wp-json\/wp\/v2\/types\/noticias"}],"wp:featuredmedia":[{"embeddable":true,"href":"https:\/\/www.fiemg.com.br\/associativismo\/wp-json\/wp\/v2\/media\/2307"}],"wp:attachment":[{"href":"https:\/\/www.fiemg.com.br\/associativismo\/wp-json\/wp\/v2\/media?parent=2306"}],"wp:term":[{"taxonomy":"category","embeddable":true,"href":"https:\/\/www.fiemg.com.br\/associativismo\/wp-json\/wp\/v2\/categories?post=2306"},{"taxonomy":"post_tag","embeddable":true,"href":"https:\/\/www.fiemg.com.br\/associativismo\/wp-json\/wp\/v2\/tags?post=2306"}],"curies":[{"name":"wp","href":"https:\/\/api.w.org\/{rel}","templated":true}]}}