{"id":2373,"date":"2024-04-09T14:08:08","date_gmt":"2024-04-09T17:08:08","guid":{"rendered":"https:\/\/www.fiemg.com.br\/associativismo\/noticias\/encontro-promove-integracao-entre-coordenadores-sindicais\/"},"modified":"2024-04-10T12:53:51","modified_gmt":"2024-04-10T15:53:51","slug":"encontro-promove-integracao-entre-coordenadores-sindicais","status":"publish","type":"noticias","link":"https:\/\/www.fiemg.com.br\/associativismo\/noticias\/encontro-promove-integracao-entre-coordenadores-sindicais\/","title":{"rendered":"Encontro promove integra\u00e7\u00e3o entre coordenadores sindicais"},"content":{"rendered":"\n<p><\/p>\n\n\n\n<p>Nos dias 2 e 3 de abril, a \u00e1rea de Desenvolvimento Sindical da Federa\u00e7\u00e3o das Ind\u00fastrias do Estado de Minas Gerais (FIEMG) promoveu o Encontro de Coordenadores Sindicais 2024. O evento reuniu coordenadores sindicais de todo o Estado, promovendo a integra\u00e7\u00e3o, troca de experi\u00eancias e debates sobre temas atuais, al\u00e9m de promover momentos de aprendizado e reflex\u00e3o para os participantes.<\/p>\n\n\n\n<p>No dia 2, os participantes tiveram a oportunidade de assistir a palestras inspiradoras no terra\u00e7o do Edif\u00edcio Acaiaca, em Belo Horizonte. A primeira palestra, ministrada pela consultora em Comunica\u00e7\u00e3o e Marketing, doutora em Lingu\u00edstica e jornalista no Sistema FAEMG\/SENAR, Izamara Arcanjo, abordou a import\u00e2ncia da comunica\u00e7\u00e3o eficaz nas organiza\u00e7\u00f5es sindicais. Com sua expertise no assunto, Arcanjo compartilhou <em>insights <\/em>valiosos sobre estrat\u00e9gias de comunica\u00e7\u00e3o que podem fortalecer o di\u00e1logo nas rela\u00e7\u00f5es pessoais e profissionais.<\/p>\n\n\n\n<p>Em seguida, o professor e especialista em Inova\u00e7\u00e3o e Interatividade, Ronaldo Gazel, trouxe ao p\u00fablico uma palestra sobre Intelig\u00eancia Artificial Aplicada. Gazel discutiu os avan\u00e7os da IA e seu impacto no mundo do trabalho. Os participantes puderam explorar as possibilidades e desafios que essa tecnologia apresenta.<\/p>\n\n\n\n<p>J\u00e1 o segundo dia do encontro aconteceu no Museu do Inhotim, em Brumadinho. Al\u00e9m de proporcionar um ambiente prop\u00edcio para a integra\u00e7\u00e3o e troca de ideias, o museu ofereceu aos coordenadores sindicais a oportunidade de participar de din\u00e2micas de comunica\u00e7\u00e3o, integra\u00e7\u00e3o e trabalho em equipe. Os participantes tamb\u00e9m aproveitaram para explorar as galerias do museu, conhecendo as obras de arte e os espa\u00e7os culturais que fazem do Inhotim um local \u00fanico no Brasil.<\/p>\n\n\n\n<p>Com uma programa\u00e7\u00e3o diversificada e enriquecedora, o evento deixou uma marca positiva nos participantes, que sa\u00edram renovados e motivados para continuar lutando por seus ideais.<\/p>\n\n\n\n<p>A coordenadora do Sindicato das Ind\u00fastrias do Mobili\u00e1rio e de Artefatos de Madeira no Estado de Minas Gerais (SINDIMOV-MG), Soraya Moreira, agradeceu o carinho que a equipe da FIEMG e elogiou a organiza\u00e7\u00e3o do evento.&nbsp; \u201cEncontro diferente, uma experi\u00eancia incr\u00edvel, onde pude aprender muito e conhecer pessoas fant\u00e1sticas. Para mim,&nbsp; foi verdadeiramente enriquecedora e me deixou ainda mais motivada para continuar crescendo\u201d, destacou.<\/p>\n\n\n\n<p><strong>Imprensa FIEMG<\/strong><\/p>\n","protected":false},"featured_media":2375,"template":"","categories":[282],"tags":[597,598,46],"class_list":["post-2373","noticias","type-noticias","status-publish","has-post-thumbnail","hentry","category-associativismo","tag-acaiaca","tag-encontro-de-coordenadores-sindicais-2024","tag-fiemg"],"acf":[],"yoast_head":"<!-- This site is optimized with the Yoast SEO plugin v26.2 - https:\/\/yoast.com\/wordpress\/plugins\/seo\/ -->\n<title>Encontro promove integra\u00e7\u00e3o entre coordenadores sindicais - Associativismo<\/title>\n<meta name=\"description\" content=\"Edi\u00e7\u00e3o de 2024 do Encontro de Coordenadores Sindicais promoveu a integra\u00e7\u00e3o entre os participantes e debateu temas atuais para as entidades\" \/>\n<meta name=\"robots\" content=\"index, follow, max-snippet:-1, max-image-preview:large, max-video-preview:-1\" \/>\n<link rel=\"canonical\" href=\"https:\/\/www.fiemg.com.br\/associativismo\/noticias\/encontro-promove-integracao-entre-coordenadores-sindicais\/\" \/>\n<meta property=\"og:locale\" content=\"pt_BR\" \/>\n<meta property=\"og:type\" content=\"article\" \/>\n<meta property=\"og:title\" content=\"Encontro promove integra\u00e7\u00e3o entre coordenadores sindicais - Associativismo\" \/>\n<meta property=\"og:description\" content=\"Edi\u00e7\u00e3o de 2024 do Encontro de Coordenadores Sindicais promoveu a integra\u00e7\u00e3o entre os participantes e debateu temas atuais para as entidades\" \/>\n<meta property=\"og:url\" content=\"https:\/\/www.fiemg.com.br\/associativismo\/noticias\/encontro-promove-integracao-entre-coordenadores-sindicais\/\" \/>\n<meta property=\"og:site_name\" content=\"Associativismo\" \/>\n<meta property=\"article:modified_time\" content=\"2024-04-10T15:53:51+00:00\" \/>\n<meta property=\"og:image\" content=\"https:\/\/www.fiemg.com.br\/associativismo\/wp-content\/uploads\/sites\/29\/2024\/04\/Encontro-Coord-Sindicais-2024-1.jpg\" \/>\n\t<meta property=\"og:image:width\" content=\"512\" \/>\n\t<meta property=\"og:image:height\" content=\"512\" \/>\n\t<meta property=\"og:image:type\" content=\"image\/jpeg\" \/>\n<meta name=\"twitter:card\" content=\"summary_large_image\" \/>\n<meta name=\"twitter:label1\" content=\"Est. tempo de leitura\" \/>\n\t<meta name=\"twitter:data1\" content=\"2 minutos\" \/>\n<script type=\"application\/ld+json\" class=\"yoast-schema-graph\">{\"@context\":\"https:\/\/schema.org\",\"@graph\":[{\"@type\":\"WebPage\",\"@id\":\"https:\/\/www.fiemg.com.br\/associativismo\/noticias\/encontro-promove-integracao-entre-coordenadores-sindicais\/\",\"url\":\"https:\/\/www.fiemg.com.br\/associativismo\/noticias\/encontro-promove-integracao-entre-coordenadores-sindicais\/\",\"name\":\"Encontro promove integra\u00e7\u00e3o entre coordenadores sindicais - Associativismo\",\"isPartOf\":{\"@id\":\"https:\/\/www.fiemg.com.br\/associativismo\/#website\"},\"primaryImageOfPage\":{\"@id\":\"https:\/\/www.fiemg.com.br\/associativismo\/noticias\/encontro-promove-integracao-entre-coordenadores-sindicais\/#primaryimage\"},\"image\":{\"@id\":\"https:\/\/www.fiemg.com.br\/associativismo\/noticias\/encontro-promove-integracao-entre-coordenadores-sindicais\/#primaryimage\"},\"thumbnailUrl\":\"https:\/\/www.fiemg.com.br\/associativismo\/wp-content\/uploads\/sites\/29\/2024\/04\/Encontro-Coord-Sindicais-2024-1.jpg\",\"datePublished\":\"2024-04-09T17:08:08+00:00\",\"dateModified\":\"2024-04-10T15:53:51+00:00\",\"description\":\"Edi\u00e7\u00e3o de 2024 do Encontro de Coordenadores Sindicais promoveu a integra\u00e7\u00e3o entre os participantes e debateu temas atuais para as entidades\",\"breadcrumb\":{\"@id\":\"https:\/\/www.fiemg.com.br\/associativismo\/noticias\/encontro-promove-integracao-entre-coordenadores-sindicais\/#breadcrumb\"},\"inLanguage\":\"pt-BR\",\"potentialAction\":[{\"@type\":\"ReadAction\",\"target\":[\"https:\/\/www.fiemg.com.br\/associativismo\/noticias\/encontro-promove-integracao-entre-coordenadores-sindicais\/\"]}]},{\"@type\":\"ImageObject\",\"inLanguage\":\"pt-BR\",\"@id\":\"https:\/\/www.fiemg.com.br\/associativismo\/noticias\/encontro-promove-integracao-entre-coordenadores-sindicais\/#primaryimage\",\"url\":\"https:\/\/www.fiemg.com.br\/associativismo\/wp-content\/uploads\/sites\/29\/2024\/04\/Encontro-Coord-Sindicais-2024-1.jpg\",\"contentUrl\":\"https:\/\/www.fiemg.com.br\/associativismo\/wp-content\/uploads\/sites\/29\/2024\/04\/Encontro-Coord-Sindicais-2024-1.jpg\",\"width\":512,\"height\":512,\"caption\":\"Encontro promove integra\u00e7\u00e3o entre coordenadores sindicais\"},{\"@type\":\"BreadcrumbList\",\"@id\":\"https:\/\/www.fiemg.com.br\/associativismo\/noticias\/encontro-promove-integracao-entre-coordenadores-sindicais\/#breadcrumb\",\"itemListElement\":[{\"@type\":\"ListItem\",\"position\":1,\"name\":\"In\u00edcio\",\"item\":\"https:\/\/www.fiemg.com.br\/associativismo\/\"},{\"@type\":\"ListItem\",\"position\":2,\"name\":\"Encontro promove integra\u00e7\u00e3o entre coordenadores sindicais\"}]},{\"@type\":\"WebSite\",\"@id\":\"https:\/\/www.fiemg.com.br\/associativismo\/#website\",\"url\":\"https:\/\/www.fiemg.com.br\/associativismo\/\",\"name\":\"Associativismo\",\"description\":\"Federa\u00e7\u00e3o das Ind\u00fastrias do Estado de Minas Gerais\",\"publisher\":{\"@id\":\"https:\/\/www.fiemg.com.br\/associativismo\/#organization\"},\"potentialAction\":[{\"@type\":\"SearchAction\",\"target\":{\"@type\":\"EntryPoint\",\"urlTemplate\":\"https:\/\/www.fiemg.com.br\/associativismo\/?s={search_term_string}\"},\"query-input\":{\"@type\":\"PropertyValueSpecification\",\"valueRequired\":true,\"valueName\":\"search_term_string\"}}],\"inLanguage\":\"pt-BR\"},{\"@type\":\"Organization\",\"@id\":\"https:\/\/www.fiemg.com.br\/associativismo\/#organization\",\"name\":\"Associativismo\",\"url\":\"https:\/\/www.fiemg.com.br\/associativismo\/\",\"logo\":{\"@type\":\"ImageObject\",\"inLanguage\":\"pt-BR\",\"@id\":\"https:\/\/www.fiemg.com.br\/associativismo\/#\/schema\/logo\/image\/\",\"url\":\"https:\/\/www.fiemg.com.br\/associativismo\/wp-content\/uploads\/sites\/29\/2023\/02\/fiemg_branco.svg\",\"contentUrl\":\"https:\/\/www.fiemg.com.br\/associativismo\/wp-content\/uploads\/sites\/29\/2023\/02\/fiemg_branco.svg\",\"width\":561,\"height\":147,\"caption\":\"Associativismo\"},\"image\":{\"@id\":\"https:\/\/www.fiemg.com.br\/associativismo\/#\/schema\/logo\/image\/\"}}]}<\/script>\n<!-- \/ Yoast SEO plugin. -->","yoast_head_json":{"title":"Encontro promove integra\u00e7\u00e3o entre coordenadores sindicais - Associativismo","description":"Edi\u00e7\u00e3o de 2024 do Encontro de Coordenadores Sindicais promoveu a integra\u00e7\u00e3o entre os participantes e debateu temas atuais para as entidades","robots":{"index":"index","follow":"follow","max-snippet":"max-snippet:-1","max-image-preview":"max-image-preview:large","max-video-preview":"max-video-preview:-1"},"canonical":"https:\/\/www.fiemg.com.br\/associativismo\/noticias\/encontro-promove-integracao-entre-coordenadores-sindicais\/","og_locale":"pt_BR","og_type":"article","og_title":"Encontro promove integra\u00e7\u00e3o entre coordenadores sindicais - Associativismo","og_description":"Edi\u00e7\u00e3o de 2024 do Encontro de Coordenadores Sindicais promoveu a integra\u00e7\u00e3o entre os participantes e debateu temas atuais para as entidades","og_url":"https:\/\/www.fiemg.com.br\/associativismo\/noticias\/encontro-promove-integracao-entre-coordenadores-sindicais\/","og_site_name":"Associativismo","article_modified_time":"2024-04-10T15:53:51+00:00","og_image":[{"width":512,"height":512,"url":"https:\/\/www.fiemg.com.br\/associativismo\/wp-content\/uploads\/sites\/29\/2024\/04\/Encontro-Coord-Sindicais-2024-1.jpg","type":"image\/jpeg"}],"twitter_card":"summary_large_image","twitter_misc":{"Est. tempo de leitura":"2 minutos"},"schema":{"@context":"https:\/\/schema.org","@graph":[{"@type":"WebPage","@id":"https:\/\/www.fiemg.com.br\/associativismo\/noticias\/encontro-promove-integracao-entre-coordenadores-sindicais\/","url":"https:\/\/www.fiemg.com.br\/associativismo\/noticias\/encontro-promove-integracao-entre-coordenadores-sindicais\/","name":"Encontro promove integra\u00e7\u00e3o entre coordenadores sindicais - Associativismo","isPartOf":{"@id":"https:\/\/www.fiemg.com.br\/associativismo\/#website"},"primaryImageOfPage":{"@id":"https:\/\/www.fiemg.com.br\/associativismo\/noticias\/encontro-promove-integracao-entre-coordenadores-sindicais\/#primaryimage"},"image":{"@id":"https:\/\/www.fiemg.com.br\/associativismo\/noticias\/encontro-promove-integracao-entre-coordenadores-sindicais\/#primaryimage"},"thumbnailUrl":"https:\/\/www.fiemg.com.br\/associativismo\/wp-content\/uploads\/sites\/29\/2024\/04\/Encontro-Coord-Sindicais-2024-1.jpg","datePublished":"2024-04-09T17:08:08+00:00","dateModified":"2024-04-10T15:53:51+00:00","description":"Edi\u00e7\u00e3o de 2024 do Encontro de Coordenadores Sindicais promoveu a integra\u00e7\u00e3o entre os participantes e debateu temas atuais para as entidades","breadcrumb":{"@id":"https:\/\/www.fiemg.com.br\/associativismo\/noticias\/encontro-promove-integracao-entre-coordenadores-sindicais\/#breadcrumb"},"inLanguage":"pt-BR","potentialAction":[{"@type":"ReadAction","target":["https:\/\/www.fiemg.com.br\/associativismo\/noticias\/encontro-promove-integracao-entre-coordenadores-sindicais\/"]}]},{"@type":"ImageObject","inLanguage":"pt-BR","@id":"https:\/\/www.fiemg.com.br\/associativismo\/noticias\/encontro-promove-integracao-entre-coordenadores-sindicais\/#primaryimage","url":"https:\/\/www.fiemg.com.br\/associativismo\/wp-content\/uploads\/sites\/29\/2024\/04\/Encontro-Coord-Sindicais-2024-1.jpg","contentUrl":"https:\/\/www.fiemg.com.br\/associativismo\/wp-content\/uploads\/sites\/29\/2024\/04\/Encontro-Coord-Sindicais-2024-1.jpg","width":512,"height":512,"caption":"Encontro promove integra\u00e7\u00e3o entre coordenadores sindicais"},{"@type":"BreadcrumbList","@id":"https:\/\/www.fiemg.com.br\/associativismo\/noticias\/encontro-promove-integracao-entre-coordenadores-sindicais\/#breadcrumb","itemListElement":[{"@type":"ListItem","position":1,"name":"In\u00edcio","item":"https:\/\/www.fiemg.com.br\/associativismo\/"},{"@type":"ListItem","position":2,"name":"Encontro promove integra\u00e7\u00e3o entre coordenadores sindicais"}]},{"@type":"WebSite","@id":"https:\/\/www.fiemg.com.br\/associativismo\/#website","url":"https:\/\/www.fiemg.com.br\/associativismo\/","name":"Associativismo","description":"Federa\u00e7\u00e3o das Ind\u00fastrias do Estado de Minas Gerais","publisher":{"@id":"https:\/\/www.fiemg.com.br\/associativismo\/#organization"},"potentialAction":[{"@type":"SearchAction","target":{"@type":"EntryPoint","urlTemplate":"https:\/\/www.fiemg.com.br\/associativismo\/?s={search_term_string}"},"query-input":{"@type":"PropertyValueSpecification","valueRequired":true,"valueName":"search_term_string"}}],"inLanguage":"pt-BR"},{"@type":"Organization","@id":"https:\/\/www.fiemg.com.br\/associativismo\/#organization","name":"Associativismo","url":"https:\/\/www.fiemg.com.br\/associativismo\/","logo":{"@type":"ImageObject","inLanguage":"pt-BR","@id":"https:\/\/www.fiemg.com.br\/associativismo\/#\/schema\/logo\/image\/","url":"https:\/\/www.fiemg.com.br\/associativismo\/wp-content\/uploads\/sites\/29\/2023\/02\/fiemg_branco.svg","contentUrl":"https:\/\/www.fiemg.com.br\/associativismo\/wp-content\/uploads\/sites\/29\/2023\/02\/fiemg_branco.svg","width":561,"height":147,"caption":"Associativismo"},"image":{"@id":"https:\/\/www.fiemg.com.br\/associativismo\/#\/schema\/logo\/image\/"}}]}},"_links":{"self":[{"href":"https:\/\/www.fiemg.com.br\/associativismo\/wp-json\/wp\/v2\/noticias\/2373","targetHints":{"allow":["GET"]}}],"collection":[{"href":"https:\/\/www.fiemg.com.br\/associativismo\/wp-json\/wp\/v2\/noticias"}],"about":[{"href":"https:\/\/www.fiemg.com.br\/associativismo\/wp-json\/wp\/v2\/types\/noticias"}],"wp:featuredmedia":[{"embeddable":true,"href":"https:\/\/www.fiemg.com.br\/associativismo\/wp-json\/wp\/v2\/media\/2375"}],"wp:attachment":[{"href":"https:\/\/www.fiemg.com.br\/associativismo\/wp-json\/wp\/v2\/media?parent=2373"}],"wp:term":[{"taxonomy":"category","embeddable":true,"href":"https:\/\/www.fiemg.com.br\/associativismo\/wp-json\/wp\/v2\/categories?post=2373"},{"taxonomy":"post_tag","embeddable":true,"href":"https:\/\/www.fiemg.com.br\/associativismo\/wp-json\/wp\/v2\/tags?post=2373"}],"curies":[{"name":"wp","href":"https:\/\/api.w.org\/{rel}","templated":true}]}}