{"id":2376,"date":"2024-04-09T17:38:52","date_gmt":"2024-04-09T20:38:52","guid":{"rendered":"https:\/\/www.fiemg.com.br\/associativismo\/noticias\/conexoes-networking-e-oportunidades-de-negocios-e-parcerias\/"},"modified":"2024-04-12T12:02:51","modified_gmt":"2024-04-12T15:02:51","slug":"conexoes-networking-e-oportunidades-de-negocios-e-parcerias","status":"publish","type":"noticias","link":"https:\/\/www.fiemg.com.br\/associativismo\/noticias\/conexoes-networking-e-oportunidades-de-negocios-e-parcerias\/","title":{"rendered":"Conex\u00f5es, networking e oportunidades de neg\u00f3cios e parcerias"},"content":{"rendered":"\n<p>Gerar conex\u00f5es, conhecimento, trocas de experi\u00eancias e oportunidades de novos neg\u00f3cios e parcerias. Esses s\u00e3o alguns dos prop\u00f3sitos da primeira edi\u00e7\u00e3o do Imers\u00e3o Ind\u00fastria, que come\u00e7a nesta quarta-feira (10\/4) e vai at\u00e9 sexta-feira (12), no Minascentro, em Belo Horizonte. Os ingressos podem ser comprados neste <a href=\"https:\/\/www.sympla.com.br\/evento\/imersao-industria-impulsionar-inovacao-impactar-o-futuro\/2214555?utm_source=lp&amp;utm_medium=fiemg&amp;utm_campaign=d2&amp;utm_content=&amp;referrer=www.fiemg.com.br\" target=\"_blank\" rel=\"noreferrer noopener\"><strong>link<\/strong><\/a>.<\/p>\n\n\n\n<p>Com o tema \u201cImpulsionar inova\u00e7\u00e3o. Impactar o futuro\u201d, o evento mais importante do setor produtivo do estado vai debater temas desafiadores e atuais que envolvem energia, inova\u00e7\u00e3o, ESG, tecnologia, meio ambiente, gest\u00e3o tribut\u00e1ria, capital humano, rela\u00e7\u00f5es do trabalho e outros. Durante tr\u00eas dias, est\u00e3o previstos mais de 50 pain\u00e9is e a participa\u00e7\u00e3o de especialistas do mercado, influenciadores, CEOs de grandes empresas, executivos, magistrados, pol\u00edticos, representantes do poder p\u00fabico e jornalistas.<\/p>\n\n\n\n<p>Patr\u00edcia Ramos, apresentadora e influenciadora, Thiago Concer, criador do movimento Orgulho de Ser Vendedor (OSV), Nina Silva, empreendedora e eleita a mulher mais disruptiva do mundo, Fernando Schuler, cientista pol\u00edtico e colunista da revista Veja, professor Marins, antrop\u00f3logo, professor, consultor de empresas no Brasil e no exterior, s\u00e3o alguns palestrantes confirmados.<\/p>\n\n\n\n<p>Solenidade de abertura ter\u00e1 as presen\u00e7as do governador de Minas Gerais, Romeu Zema, do presidente da Confedera\u00e7\u00e3o Nacional da Ind\u00fastria, Ant\u00f4nio Ricardo Alban, da prefeita de Uberaba, Elisa Ara\u00fajo, do vice-Presidente Neg\u00f3cios de Atacado Caixa, Tarso Duarte, e do diretor t\u00e9cnico do Sebrae Minas, Douglas Augusto Cabido.<\/p>\n\n\n\n<p>O Imers\u00e3o Ind\u00fastria \u00e9 realizado pela FIEMG, pelo SESI e pelo SENAI, com patroc\u00ednio m\u00e1ster da Gerdau, Vale, Gasmig, Cemig, Codemge, CNI e ArcelorMittal. O patroc\u00ednio ouro \u00e9 da Herculano Minera\u00e7\u00e3o, Sicoob Credfiemg e Sicoob Credminas, Barbosa Mello e Caixa Econ\u00f4mica Federal. O patroc\u00ednio prata \u00e9 da Bemisa, Localiza Gest\u00e3o de Frotas, Vallourec e IVECO Group. O apoio m\u00e1ster \u00e9 do Sebrae e apoio da RMMG, Mason Holdings, JMendes, Pfizer, (Re)energisa, Una, IEL e CIEMG.<\/p>\n\n\n\n<p>Clique <a href=\"https:\/\/www.fiemg.com.br\/imersao-industria-2024\/?utm_source=portal&amp;utm_medium=giga.banner&amp;utm_campaign=fiemg\"><strong>aqui<\/strong><\/a> e confira a programa\u00e7\u00e3o do evento<br><br><em>Rafael Passos<br><\/em><strong>Imprensa FIEMG<\/strong><\/p>\n","protected":false},"featured_media":2377,"template":"","categories":[15],"tags":[599,46,93,55,338],"class_list":["post-2376","noticias","type-noticias","status-publish","has-post-thumbnail","hentry","category-desenvolvimento-industrial","tag-conexoes","tag-fiemg","tag-imersao-industria","tag-industria","tag-sesi"],"acf":[],"yoast_head":"<!-- This site is optimized with the Yoast SEO plugin v26.2 - https:\/\/yoast.com\/wordpress\/plugins\/seo\/ -->\n<title>Conex\u00f5es, networking e oportunidades de neg\u00f3cios e parcerias - Associativismo<\/title>\n<meta name=\"description\" content=\"Com mais de 50 pain\u00e9is, Imers\u00e3o Ind\u00fastria come\u00e7a nesta quarta-feira, em Belo Horizonte\" \/>\n<meta name=\"robots\" content=\"index, follow, max-snippet:-1, max-image-preview:large, max-video-preview:-1\" \/>\n<link rel=\"canonical\" href=\"https:\/\/www.fiemg.com.br\/associativismo\/noticias\/conexoes-networking-e-oportunidades-de-negocios-e-parcerias\/\" \/>\n<meta property=\"og:locale\" content=\"pt_BR\" \/>\n<meta property=\"og:type\" content=\"article\" \/>\n<meta property=\"og:title\" content=\"Conex\u00f5es, networking e oportunidades de neg\u00f3cios e parcerias - Associativismo\" \/>\n<meta property=\"og:description\" content=\"Com mais de 50 pain\u00e9is, Imers\u00e3o Ind\u00fastria come\u00e7a nesta quarta-feira, em Belo Horizonte\" \/>\n<meta property=\"og:url\" content=\"https:\/\/www.fiemg.com.br\/associativismo\/noticias\/conexoes-networking-e-oportunidades-de-negocios-e-parcerias\/\" \/>\n<meta property=\"og:site_name\" content=\"Associativismo\" \/>\n<meta property=\"article:modified_time\" content=\"2024-04-12T15:02:51+00:00\" \/>\n<meta property=\"og:image\" content=\"https:\/\/www.fiemg.com.br\/associativismo\/wp-content\/uploads\/sites\/29\/2024\/04\/thumb_imersao.jpeg\" \/>\n\t<meta property=\"og:image:width\" content=\"300\" \/>\n\t<meta property=\"og:image:height\" content=\"200\" \/>\n\t<meta property=\"og:image:type\" content=\"image\/jpeg\" \/>\n<meta name=\"twitter:card\" content=\"summary_large_image\" \/>\n<meta name=\"twitter:label1\" content=\"Est. tempo de leitura\" \/>\n\t<meta name=\"twitter:data1\" content=\"2 minutos\" \/>\n<script type=\"application\/ld+json\" class=\"yoast-schema-graph\">{\"@context\":\"https:\/\/schema.org\",\"@graph\":[{\"@type\":\"WebPage\",\"@id\":\"https:\/\/www.fiemg.com.br\/associativismo\/noticias\/conexoes-networking-e-oportunidades-de-negocios-e-parcerias\/\",\"url\":\"https:\/\/www.fiemg.com.br\/associativismo\/noticias\/conexoes-networking-e-oportunidades-de-negocios-e-parcerias\/\",\"name\":\"Conex\u00f5es, networking e oportunidades de neg\u00f3cios e parcerias - Associativismo\",\"isPartOf\":{\"@id\":\"https:\/\/www.fiemg.com.br\/associativismo\/#website\"},\"primaryImageOfPage\":{\"@id\":\"https:\/\/www.fiemg.com.br\/associativismo\/noticias\/conexoes-networking-e-oportunidades-de-negocios-e-parcerias\/#primaryimage\"},\"image\":{\"@id\":\"https:\/\/www.fiemg.com.br\/associativismo\/noticias\/conexoes-networking-e-oportunidades-de-negocios-e-parcerias\/#primaryimage\"},\"thumbnailUrl\":\"https:\/\/www.fiemg.com.br\/associativismo\/wp-content\/uploads\/sites\/29\/2024\/04\/thumb_imersao.jpeg\",\"datePublished\":\"2024-04-09T20:38:52+00:00\",\"dateModified\":\"2024-04-12T15:02:51+00:00\",\"description\":\"Com mais de 50 pain\u00e9is, Imers\u00e3o Ind\u00fastria come\u00e7a nesta quarta-feira, em Belo Horizonte\",\"breadcrumb\":{\"@id\":\"https:\/\/www.fiemg.com.br\/associativismo\/noticias\/conexoes-networking-e-oportunidades-de-negocios-e-parcerias\/#breadcrumb\"},\"inLanguage\":\"pt-BR\",\"potentialAction\":[{\"@type\":\"ReadAction\",\"target\":[\"https:\/\/www.fiemg.com.br\/associativismo\/noticias\/conexoes-networking-e-oportunidades-de-negocios-e-parcerias\/\"]}]},{\"@type\":\"ImageObject\",\"inLanguage\":\"pt-BR\",\"@id\":\"https:\/\/www.fiemg.com.br\/associativismo\/noticias\/conexoes-networking-e-oportunidades-de-negocios-e-parcerias\/#primaryimage\",\"url\":\"https:\/\/www.fiemg.com.br\/associativismo\/wp-content\/uploads\/sites\/29\/2024\/04\/thumb_imersao.jpeg\",\"contentUrl\":\"https:\/\/www.fiemg.com.br\/associativismo\/wp-content\/uploads\/sites\/29\/2024\/04\/thumb_imersao.jpeg\",\"width\":300,\"height\":200,\"caption\":\"Conex\u00f5es, networking e oportunidades de neg\u00f3cios e parcerias\"},{\"@type\":\"BreadcrumbList\",\"@id\":\"https:\/\/www.fiemg.com.br\/associativismo\/noticias\/conexoes-networking-e-oportunidades-de-negocios-e-parcerias\/#breadcrumb\",\"itemListElement\":[{\"@type\":\"ListItem\",\"position\":1,\"name\":\"In\u00edcio\",\"item\":\"https:\/\/www.fiemg.com.br\/associativismo\/\"},{\"@type\":\"ListItem\",\"position\":2,\"name\":\"Conex\u00f5es, networking e oportunidades de neg\u00f3cios e parcerias\"}]},{\"@type\":\"WebSite\",\"@id\":\"https:\/\/www.fiemg.com.br\/associativismo\/#website\",\"url\":\"https:\/\/www.fiemg.com.br\/associativismo\/\",\"name\":\"Associativismo\",\"description\":\"Federa\u00e7\u00e3o das Ind\u00fastrias do Estado de Minas Gerais\",\"publisher\":{\"@id\":\"https:\/\/www.fiemg.com.br\/associativismo\/#organization\"},\"potentialAction\":[{\"@type\":\"SearchAction\",\"target\":{\"@type\":\"EntryPoint\",\"urlTemplate\":\"https:\/\/www.fiemg.com.br\/associativismo\/?s={search_term_string}\"},\"query-input\":{\"@type\":\"PropertyValueSpecification\",\"valueRequired\":true,\"valueName\":\"search_term_string\"}}],\"inLanguage\":\"pt-BR\"},{\"@type\":\"Organization\",\"@id\":\"https:\/\/www.fiemg.com.br\/associativismo\/#organization\",\"name\":\"Associativismo\",\"url\":\"https:\/\/www.fiemg.com.br\/associativismo\/\",\"logo\":{\"@type\":\"ImageObject\",\"inLanguage\":\"pt-BR\",\"@id\":\"https:\/\/www.fiemg.com.br\/associativismo\/#\/schema\/logo\/image\/\",\"url\":\"https:\/\/www.fiemg.com.br\/associativismo\/wp-content\/uploads\/sites\/29\/2023\/02\/fiemg_branco.svg\",\"contentUrl\":\"https:\/\/www.fiemg.com.br\/associativismo\/wp-content\/uploads\/sites\/29\/2023\/02\/fiemg_branco.svg\",\"width\":561,\"height\":147,\"caption\":\"Associativismo\"},\"image\":{\"@id\":\"https:\/\/www.fiemg.com.br\/associativismo\/#\/schema\/logo\/image\/\"}}]}<\/script>\n<!-- \/ Yoast SEO plugin. -->","yoast_head_json":{"title":"Conex\u00f5es, networking e oportunidades de neg\u00f3cios e parcerias - Associativismo","description":"Com mais de 50 pain\u00e9is, Imers\u00e3o Ind\u00fastria come\u00e7a nesta quarta-feira, em Belo Horizonte","robots":{"index":"index","follow":"follow","max-snippet":"max-snippet:-1","max-image-preview":"max-image-preview:large","max-video-preview":"max-video-preview:-1"},"canonical":"https:\/\/www.fiemg.com.br\/associativismo\/noticias\/conexoes-networking-e-oportunidades-de-negocios-e-parcerias\/","og_locale":"pt_BR","og_type":"article","og_title":"Conex\u00f5es, networking e oportunidades de neg\u00f3cios e parcerias - Associativismo","og_description":"Com mais de 50 pain\u00e9is, Imers\u00e3o Ind\u00fastria come\u00e7a nesta quarta-feira, em Belo Horizonte","og_url":"https:\/\/www.fiemg.com.br\/associativismo\/noticias\/conexoes-networking-e-oportunidades-de-negocios-e-parcerias\/","og_site_name":"Associativismo","article_modified_time":"2024-04-12T15:02:51+00:00","og_image":[{"width":300,"height":200,"url":"https:\/\/www.fiemg.com.br\/associativismo\/wp-content\/uploads\/sites\/29\/2024\/04\/thumb_imersao.jpeg","type":"image\/jpeg"}],"twitter_card":"summary_large_image","twitter_misc":{"Est. tempo de leitura":"2 minutos"},"schema":{"@context":"https:\/\/schema.org","@graph":[{"@type":"WebPage","@id":"https:\/\/www.fiemg.com.br\/associativismo\/noticias\/conexoes-networking-e-oportunidades-de-negocios-e-parcerias\/","url":"https:\/\/www.fiemg.com.br\/associativismo\/noticias\/conexoes-networking-e-oportunidades-de-negocios-e-parcerias\/","name":"Conex\u00f5es, networking e oportunidades de neg\u00f3cios e parcerias - Associativismo","isPartOf":{"@id":"https:\/\/www.fiemg.com.br\/associativismo\/#website"},"primaryImageOfPage":{"@id":"https:\/\/www.fiemg.com.br\/associativismo\/noticias\/conexoes-networking-e-oportunidades-de-negocios-e-parcerias\/#primaryimage"},"image":{"@id":"https:\/\/www.fiemg.com.br\/associativismo\/noticias\/conexoes-networking-e-oportunidades-de-negocios-e-parcerias\/#primaryimage"},"thumbnailUrl":"https:\/\/www.fiemg.com.br\/associativismo\/wp-content\/uploads\/sites\/29\/2024\/04\/thumb_imersao.jpeg","datePublished":"2024-04-09T20:38:52+00:00","dateModified":"2024-04-12T15:02:51+00:00","description":"Com mais de 50 pain\u00e9is, Imers\u00e3o Ind\u00fastria come\u00e7a nesta quarta-feira, em Belo Horizonte","breadcrumb":{"@id":"https:\/\/www.fiemg.com.br\/associativismo\/noticias\/conexoes-networking-e-oportunidades-de-negocios-e-parcerias\/#breadcrumb"},"inLanguage":"pt-BR","potentialAction":[{"@type":"ReadAction","target":["https:\/\/www.fiemg.com.br\/associativismo\/noticias\/conexoes-networking-e-oportunidades-de-negocios-e-parcerias\/"]}]},{"@type":"ImageObject","inLanguage":"pt-BR","@id":"https:\/\/www.fiemg.com.br\/associativismo\/noticias\/conexoes-networking-e-oportunidades-de-negocios-e-parcerias\/#primaryimage","url":"https:\/\/www.fiemg.com.br\/associativismo\/wp-content\/uploads\/sites\/29\/2024\/04\/thumb_imersao.jpeg","contentUrl":"https:\/\/www.fiemg.com.br\/associativismo\/wp-content\/uploads\/sites\/29\/2024\/04\/thumb_imersao.jpeg","width":300,"height":200,"caption":"Conex\u00f5es, networking e oportunidades de neg\u00f3cios e parcerias"},{"@type":"BreadcrumbList","@id":"https:\/\/www.fiemg.com.br\/associativismo\/noticias\/conexoes-networking-e-oportunidades-de-negocios-e-parcerias\/#breadcrumb","itemListElement":[{"@type":"ListItem","position":1,"name":"In\u00edcio","item":"https:\/\/www.fiemg.com.br\/associativismo\/"},{"@type":"ListItem","position":2,"name":"Conex\u00f5es, networking e oportunidades de neg\u00f3cios e parcerias"}]},{"@type":"WebSite","@id":"https:\/\/www.fiemg.com.br\/associativismo\/#website","url":"https:\/\/www.fiemg.com.br\/associativismo\/","name":"Associativismo","description":"Federa\u00e7\u00e3o das Ind\u00fastrias do Estado de Minas Gerais","publisher":{"@id":"https:\/\/www.fiemg.com.br\/associativismo\/#organization"},"potentialAction":[{"@type":"SearchAction","target":{"@type":"EntryPoint","urlTemplate":"https:\/\/www.fiemg.com.br\/associativismo\/?s={search_term_string}"},"query-input":{"@type":"PropertyValueSpecification","valueRequired":true,"valueName":"search_term_string"}}],"inLanguage":"pt-BR"},{"@type":"Organization","@id":"https:\/\/www.fiemg.com.br\/associativismo\/#organization","name":"Associativismo","url":"https:\/\/www.fiemg.com.br\/associativismo\/","logo":{"@type":"ImageObject","inLanguage":"pt-BR","@id":"https:\/\/www.fiemg.com.br\/associativismo\/#\/schema\/logo\/image\/","url":"https:\/\/www.fiemg.com.br\/associativismo\/wp-content\/uploads\/sites\/29\/2023\/02\/fiemg_branco.svg","contentUrl":"https:\/\/www.fiemg.com.br\/associativismo\/wp-content\/uploads\/sites\/29\/2023\/02\/fiemg_branco.svg","width":561,"height":147,"caption":"Associativismo"},"image":{"@id":"https:\/\/www.fiemg.com.br\/associativismo\/#\/schema\/logo\/image\/"}}]}},"_links":{"self":[{"href":"https:\/\/www.fiemg.com.br\/associativismo\/wp-json\/wp\/v2\/noticias\/2376","targetHints":{"allow":["GET"]}}],"collection":[{"href":"https:\/\/www.fiemg.com.br\/associativismo\/wp-json\/wp\/v2\/noticias"}],"about":[{"href":"https:\/\/www.fiemg.com.br\/associativismo\/wp-json\/wp\/v2\/types\/noticias"}],"wp:featuredmedia":[{"embeddable":true,"href":"https:\/\/www.fiemg.com.br\/associativismo\/wp-json\/wp\/v2\/media\/2377"}],"wp:attachment":[{"href":"https:\/\/www.fiemg.com.br\/associativismo\/wp-json\/wp\/v2\/media?parent=2376"}],"wp:term":[{"taxonomy":"category","embeddable":true,"href":"https:\/\/www.fiemg.com.br\/associativismo\/wp-json\/wp\/v2\/categories?post=2376"},{"taxonomy":"post_tag","embeddable":true,"href":"https:\/\/www.fiemg.com.br\/associativismo\/wp-json\/wp\/v2\/tags?post=2376"}],"curies":[{"name":"wp","href":"https:\/\/api.w.org\/{rel}","templated":true}]}}