{"id":2380,"date":"2024-04-10T16:57:49","date_gmt":"2024-04-10T19:57:49","guid":{"rendered":"https:\/\/www.fiemg.com.br\/associativismo\/noticias\/sindiextra-participa-do-2-dia-de-programacao-da-semana-antofagasta-brasil\/"},"modified":"2024-04-10T17:05:01","modified_gmt":"2024-04-10T20:05:01","slug":"sindiextra-participa-do-2-dia-de-programacao-da-semana-antofagasta-brasil","status":"publish","type":"noticias","link":"https:\/\/www.fiemg.com.br\/associativismo\/noticias\/sindiextra-participa-do-2-dia-de-programacao-da-semana-antofagasta-brasil\/","title":{"rendered":"Sindiextra participa do 2\u00b0 dia de programa\u00e7\u00e3o da Semana Antofagasta \u2013 Brasil"},"content":{"rendered":"\n<p><\/p>\n\n\n\n<p>O Sindicato da Ind\u00fastria Mineral do Estado de Minas Gerais (Sindiextra) participou nesta quarta-feira (10\/4) de um webinar que faz parte da Semana Antofagasta \u2013 Brasil: Oportunidades do Mercado Chileno para Empresas Brasileiras.&nbsp;<\/p>\n\n\n\n<p>A conselheira do Sindiextra, Christiane Malheiros, fez uma explana\u00e7\u00e3o sobre as &#8220;Oportunidades de Neg\u00f3cios em Minas Gerais&#8221; e, representando a Federa\u00e7\u00e3o das Ind\u00fastrias do Estado de Minas Gerais (FIEMG), apresentou a estrutura da entidade.<\/p>\n\n\n\n<p>&#8220;Consideramos o Chile como um grande parceiro comercial, especialmente para a ind\u00fastria de minera\u00e7\u00e3o. A FIEMG tem uma longa tradi\u00e7\u00e3o de coopera\u00e7\u00e3o em projetos e eventos dedicados \u00e0 promo\u00e7\u00e3o de neg\u00f3cios entre Minas Gerais e o Chile&#8221;, disse.&nbsp;<\/p>\n\n\n\n<p>Ainda no evento, Christiane apresentou a estrutura da Federa\u00e7\u00e3o das Ind\u00fastrias do Estado de Minas Gerais (FIEMG) e falou sobre o trabalho da entidade no apoio \u00e0s ind\u00fastrias, na capacita\u00e7\u00e3o da for\u00e7a de trabalho e desenvolvimento de tecnologias para ampliar a sustentabilidade do setor.<\/p>\n\n\n\n<p>Ela citou inclusive o Acordo de Livre Com\u00e9rcio entre o Brasil e o Chile, viabilizado com o apoio do Centro Internacional de Neg\u00f3cios (CIN) da FIEMG. &#8220;Nesse contexto, vale ressaltar o Acordo de Livre Com\u00e9rcio entre o Brasil e o Chile, em vigor desde 2022. Este acordo representa um marco importante para a facilita\u00e7\u00e3o do com\u00e9rcio bilateral de bens e servi\u00e7os, abrindo caminho para uma s\u00e9rie de oportunidades de neg\u00f3cios entre as duas na\u00e7\u00f5es&#8221;, disse.&nbsp;<\/p>\n\n\n\n<p>Na \u00faltima ter\u00e7a-feira (9\/4), o presidente do Sindicato da Ind\u00fastria Mineral do Estado de Minas Gerais (Sindiextra), Lu\u00eds M\u00e1rcio Vianna, <a href=\"https:\/\/www.fiemg.com.br\/noticias\/presidente-do-sindiextra-participa-da-semana-antofagasta-brasil\/\" target=\"_blank\" rel=\"noreferrer noopener\">t<\/a><a href=\"https:\/\/www.fiemg.com.br\/noticias\/presidente-do-sindiextra-participa-da-semana-antofagasta-brasil\/\">amb\u00e9m participou da programa\u00e7\u00e3o da Semana Antofagasta \u2013 Brasil<\/a>. Ele falou sobre a import\u00e2ncia da minera\u00e7\u00e3o para o Estado e de como a parceria entre o Chile e Minas tem sido proveitosa para a ind\u00fastria mineira.<\/p>\n\n\n\n<p><strong>Imprensa FIEMG<\/strong><\/p>\n","protected":false},"featured_media":2383,"template":"","categories":[282],"tags":[600,34],"class_list":["post-2380","noticias","type-noticias","status-publish","has-post-thumbnail","hentry","category-associativismo","tag-antofagasta","tag-sindiextra"],"acf":[],"yoast_head":"<!-- This site is optimized with the Yoast SEO plugin v26.2 - https:\/\/yoast.com\/wordpress\/plugins\/seo\/ -->\n<title>Sindiextra participa do 2\u00b0 dia de programa\u00e7\u00e3o da Semana Antofagasta \u2013 Brasil - Associativismo<\/title>\n<meta name=\"description\" content=\"Conselheira Christiane Malheiros falou sobre as &quot;Oportunidades de Neg\u00f3cios em Minas Gerais&quot;\" \/>\n<meta name=\"robots\" content=\"index, follow, max-snippet:-1, max-image-preview:large, max-video-preview:-1\" \/>\n<link rel=\"canonical\" href=\"https:\/\/www.fiemg.com.br\/associativismo\/noticias\/sindiextra-participa-do-2-dia-de-programacao-da-semana-antofagasta-brasil\/\" \/>\n<meta property=\"og:locale\" content=\"pt_BR\" \/>\n<meta property=\"og:type\" content=\"article\" \/>\n<meta property=\"og:title\" content=\"Sindiextra participa do 2\u00b0 dia de programa\u00e7\u00e3o da Semana Antofagasta \u2013 Brasil - Associativismo\" \/>\n<meta property=\"og:description\" content=\"Conselheira Christiane Malheiros falou sobre as &quot;Oportunidades de Neg\u00f3cios em Minas Gerais&quot;\" \/>\n<meta property=\"og:url\" content=\"https:\/\/www.fiemg.com.br\/associativismo\/noticias\/sindiextra-participa-do-2-dia-de-programacao-da-semana-antofagasta-brasil\/\" \/>\n<meta property=\"og:site_name\" content=\"Associativismo\" \/>\n<meta property=\"article:modified_time\" content=\"2024-04-10T20:05:01+00:00\" \/>\n<meta property=\"og:image\" content=\"https:\/\/www.fiemg.com.br\/associativismo\/wp-content\/uploads\/sites\/29\/2024\/04\/Antofagasta-Sindiextra.jpg\" \/>\n\t<meta property=\"og:image:width\" content=\"512\" \/>\n\t<meta property=\"og:image:height\" content=\"512\" \/>\n\t<meta property=\"og:image:type\" content=\"image\/jpeg\" \/>\n<meta name=\"twitter:card\" content=\"summary_large_image\" \/>\n<meta name=\"twitter:label1\" content=\"Est. tempo de leitura\" \/>\n\t<meta name=\"twitter:data1\" content=\"2 minutos\" \/>\n<script type=\"application\/ld+json\" class=\"yoast-schema-graph\">{\"@context\":\"https:\/\/schema.org\",\"@graph\":[{\"@type\":\"WebPage\",\"@id\":\"https:\/\/www.fiemg.com.br\/associativismo\/noticias\/sindiextra-participa-do-2-dia-de-programacao-da-semana-antofagasta-brasil\/\",\"url\":\"https:\/\/www.fiemg.com.br\/associativismo\/noticias\/sindiextra-participa-do-2-dia-de-programacao-da-semana-antofagasta-brasil\/\",\"name\":\"Sindiextra participa do 2\u00b0 dia de programa\u00e7\u00e3o da Semana Antofagasta \u2013 Brasil - Associativismo\",\"isPartOf\":{\"@id\":\"https:\/\/www.fiemg.com.br\/associativismo\/#website\"},\"primaryImageOfPage\":{\"@id\":\"https:\/\/www.fiemg.com.br\/associativismo\/noticias\/sindiextra-participa-do-2-dia-de-programacao-da-semana-antofagasta-brasil\/#primaryimage\"},\"image\":{\"@id\":\"https:\/\/www.fiemg.com.br\/associativismo\/noticias\/sindiextra-participa-do-2-dia-de-programacao-da-semana-antofagasta-brasil\/#primaryimage\"},\"thumbnailUrl\":\"https:\/\/www.fiemg.com.br\/associativismo\/wp-content\/uploads\/sites\/29\/2024\/04\/cin-capacitacao-mercado-internacional.png\",\"datePublished\":\"2024-04-10T19:57:49+00:00\",\"dateModified\":\"2024-04-10T20:05:01+00:00\",\"description\":\"Conselheira Christiane Malheiros falou sobre as \\\"Oportunidades de Neg\u00f3cios em Minas Gerais\\\"\",\"breadcrumb\":{\"@id\":\"https:\/\/www.fiemg.com.br\/associativismo\/noticias\/sindiextra-participa-do-2-dia-de-programacao-da-semana-antofagasta-brasil\/#breadcrumb\"},\"inLanguage\":\"pt-BR\",\"potentialAction\":[{\"@type\":\"ReadAction\",\"target\":[\"https:\/\/www.fiemg.com.br\/associativismo\/noticias\/sindiextra-participa-do-2-dia-de-programacao-da-semana-antofagasta-brasil\/\"]}]},{\"@type\":\"ImageObject\",\"inLanguage\":\"pt-BR\",\"@id\":\"https:\/\/www.fiemg.com.br\/associativismo\/noticias\/sindiextra-participa-do-2-dia-de-programacao-da-semana-antofagasta-brasil\/#primaryimage\",\"url\":\"https:\/\/www.fiemg.com.br\/associativismo\/wp-content\/uploads\/sites\/29\/2024\/04\/cin-capacitacao-mercado-internacional.png\",\"contentUrl\":\"https:\/\/www.fiemg.com.br\/associativismo\/wp-content\/uploads\/sites\/29\/2024\/04\/cin-capacitacao-mercado-internacional.png\",\"width\":300,\"height\":200,\"caption\":\"Sindiextra participa do 2\u00b0 dia de programa\u00e7\u00e3o da Semana Antofagasta \u2013 Brasil\"},{\"@type\":\"BreadcrumbList\",\"@id\":\"https:\/\/www.fiemg.com.br\/associativismo\/noticias\/sindiextra-participa-do-2-dia-de-programacao-da-semana-antofagasta-brasil\/#breadcrumb\",\"itemListElement\":[{\"@type\":\"ListItem\",\"position\":1,\"name\":\"In\u00edcio\",\"item\":\"https:\/\/www.fiemg.com.br\/associativismo\/\"},{\"@type\":\"ListItem\",\"position\":2,\"name\":\"Sindiextra participa do 2\u00b0 dia de programa\u00e7\u00e3o da Semana Antofagasta \u2013 Brasil\"}]},{\"@type\":\"WebSite\",\"@id\":\"https:\/\/www.fiemg.com.br\/associativismo\/#website\",\"url\":\"https:\/\/www.fiemg.com.br\/associativismo\/\",\"name\":\"Associativismo\",\"description\":\"Federa\u00e7\u00e3o das Ind\u00fastrias do Estado de Minas Gerais\",\"publisher\":{\"@id\":\"https:\/\/www.fiemg.com.br\/associativismo\/#organization\"},\"potentialAction\":[{\"@type\":\"SearchAction\",\"target\":{\"@type\":\"EntryPoint\",\"urlTemplate\":\"https:\/\/www.fiemg.com.br\/associativismo\/?s={search_term_string}\"},\"query-input\":{\"@type\":\"PropertyValueSpecification\",\"valueRequired\":true,\"valueName\":\"search_term_string\"}}],\"inLanguage\":\"pt-BR\"},{\"@type\":\"Organization\",\"@id\":\"https:\/\/www.fiemg.com.br\/associativismo\/#organization\",\"name\":\"Associativismo\",\"url\":\"https:\/\/www.fiemg.com.br\/associativismo\/\",\"logo\":{\"@type\":\"ImageObject\",\"inLanguage\":\"pt-BR\",\"@id\":\"https:\/\/www.fiemg.com.br\/associativismo\/#\/schema\/logo\/image\/\",\"url\":\"https:\/\/www.fiemg.com.br\/associativismo\/wp-content\/uploads\/sites\/29\/2023\/02\/fiemg_branco.svg\",\"contentUrl\":\"https:\/\/www.fiemg.com.br\/associativismo\/wp-content\/uploads\/sites\/29\/2023\/02\/fiemg_branco.svg\",\"width\":561,\"height\":147,\"caption\":\"Associativismo\"},\"image\":{\"@id\":\"https:\/\/www.fiemg.com.br\/associativismo\/#\/schema\/logo\/image\/\"}}]}<\/script>\n<!-- \/ Yoast SEO plugin. -->","yoast_head_json":{"title":"Sindiextra participa do 2\u00b0 dia de programa\u00e7\u00e3o da Semana Antofagasta \u2013 Brasil - Associativismo","description":"Conselheira Christiane Malheiros falou sobre as \"Oportunidades de Neg\u00f3cios em Minas Gerais\"","robots":{"index":"index","follow":"follow","max-snippet":"max-snippet:-1","max-image-preview":"max-image-preview:large","max-video-preview":"max-video-preview:-1"},"canonical":"https:\/\/www.fiemg.com.br\/associativismo\/noticias\/sindiextra-participa-do-2-dia-de-programacao-da-semana-antofagasta-brasil\/","og_locale":"pt_BR","og_type":"article","og_title":"Sindiextra participa do 2\u00b0 dia de programa\u00e7\u00e3o da Semana Antofagasta \u2013 Brasil - Associativismo","og_description":"Conselheira Christiane Malheiros falou sobre as \"Oportunidades de Neg\u00f3cios em Minas Gerais\"","og_url":"https:\/\/www.fiemg.com.br\/associativismo\/noticias\/sindiextra-participa-do-2-dia-de-programacao-da-semana-antofagasta-brasil\/","og_site_name":"Associativismo","article_modified_time":"2024-04-10T20:05:01+00:00","og_image":[{"width":512,"height":512,"url":"https:\/\/www.fiemg.com.br\/associativismo\/wp-content\/uploads\/sites\/29\/2024\/04\/Antofagasta-Sindiextra.jpg","type":"image\/jpeg"}],"twitter_card":"summary_large_image","twitter_misc":{"Est. tempo de leitura":"2 minutos"},"schema":{"@context":"https:\/\/schema.org","@graph":[{"@type":"WebPage","@id":"https:\/\/www.fiemg.com.br\/associativismo\/noticias\/sindiextra-participa-do-2-dia-de-programacao-da-semana-antofagasta-brasil\/","url":"https:\/\/www.fiemg.com.br\/associativismo\/noticias\/sindiextra-participa-do-2-dia-de-programacao-da-semana-antofagasta-brasil\/","name":"Sindiextra participa do 2\u00b0 dia de programa\u00e7\u00e3o da Semana Antofagasta \u2013 Brasil - Associativismo","isPartOf":{"@id":"https:\/\/www.fiemg.com.br\/associativismo\/#website"},"primaryImageOfPage":{"@id":"https:\/\/www.fiemg.com.br\/associativismo\/noticias\/sindiextra-participa-do-2-dia-de-programacao-da-semana-antofagasta-brasil\/#primaryimage"},"image":{"@id":"https:\/\/www.fiemg.com.br\/associativismo\/noticias\/sindiextra-participa-do-2-dia-de-programacao-da-semana-antofagasta-brasil\/#primaryimage"},"thumbnailUrl":"https:\/\/www.fiemg.com.br\/associativismo\/wp-content\/uploads\/sites\/29\/2024\/04\/cin-capacitacao-mercado-internacional.png","datePublished":"2024-04-10T19:57:49+00:00","dateModified":"2024-04-10T20:05:01+00:00","description":"Conselheira Christiane Malheiros falou sobre as \"Oportunidades de Neg\u00f3cios em Minas Gerais\"","breadcrumb":{"@id":"https:\/\/www.fiemg.com.br\/associativismo\/noticias\/sindiextra-participa-do-2-dia-de-programacao-da-semana-antofagasta-brasil\/#breadcrumb"},"inLanguage":"pt-BR","potentialAction":[{"@type":"ReadAction","target":["https:\/\/www.fiemg.com.br\/associativismo\/noticias\/sindiextra-participa-do-2-dia-de-programacao-da-semana-antofagasta-brasil\/"]}]},{"@type":"ImageObject","inLanguage":"pt-BR","@id":"https:\/\/www.fiemg.com.br\/associativismo\/noticias\/sindiextra-participa-do-2-dia-de-programacao-da-semana-antofagasta-brasil\/#primaryimage","url":"https:\/\/www.fiemg.com.br\/associativismo\/wp-content\/uploads\/sites\/29\/2024\/04\/cin-capacitacao-mercado-internacional.png","contentUrl":"https:\/\/www.fiemg.com.br\/associativismo\/wp-content\/uploads\/sites\/29\/2024\/04\/cin-capacitacao-mercado-internacional.png","width":300,"height":200,"caption":"Sindiextra participa do 2\u00b0 dia de programa\u00e7\u00e3o da Semana Antofagasta \u2013 Brasil"},{"@type":"BreadcrumbList","@id":"https:\/\/www.fiemg.com.br\/associativismo\/noticias\/sindiextra-participa-do-2-dia-de-programacao-da-semana-antofagasta-brasil\/#breadcrumb","itemListElement":[{"@type":"ListItem","position":1,"name":"In\u00edcio","item":"https:\/\/www.fiemg.com.br\/associativismo\/"},{"@type":"ListItem","position":2,"name":"Sindiextra participa do 2\u00b0 dia de programa\u00e7\u00e3o da Semana Antofagasta \u2013 Brasil"}]},{"@type":"WebSite","@id":"https:\/\/www.fiemg.com.br\/associativismo\/#website","url":"https:\/\/www.fiemg.com.br\/associativismo\/","name":"Associativismo","description":"Federa\u00e7\u00e3o das Ind\u00fastrias do Estado de Minas Gerais","publisher":{"@id":"https:\/\/www.fiemg.com.br\/associativismo\/#organization"},"potentialAction":[{"@type":"SearchAction","target":{"@type":"EntryPoint","urlTemplate":"https:\/\/www.fiemg.com.br\/associativismo\/?s={search_term_string}"},"query-input":{"@type":"PropertyValueSpecification","valueRequired":true,"valueName":"search_term_string"}}],"inLanguage":"pt-BR"},{"@type":"Organization","@id":"https:\/\/www.fiemg.com.br\/associativismo\/#organization","name":"Associativismo","url":"https:\/\/www.fiemg.com.br\/associativismo\/","logo":{"@type":"ImageObject","inLanguage":"pt-BR","@id":"https:\/\/www.fiemg.com.br\/associativismo\/#\/schema\/logo\/image\/","url":"https:\/\/www.fiemg.com.br\/associativismo\/wp-content\/uploads\/sites\/29\/2023\/02\/fiemg_branco.svg","contentUrl":"https:\/\/www.fiemg.com.br\/associativismo\/wp-content\/uploads\/sites\/29\/2023\/02\/fiemg_branco.svg","width":561,"height":147,"caption":"Associativismo"},"image":{"@id":"https:\/\/www.fiemg.com.br\/associativismo\/#\/schema\/logo\/image\/"}}]}},"_links":{"self":[{"href":"https:\/\/www.fiemg.com.br\/associativismo\/wp-json\/wp\/v2\/noticias\/2380","targetHints":{"allow":["GET"]}}],"collection":[{"href":"https:\/\/www.fiemg.com.br\/associativismo\/wp-json\/wp\/v2\/noticias"}],"about":[{"href":"https:\/\/www.fiemg.com.br\/associativismo\/wp-json\/wp\/v2\/types\/noticias"}],"wp:featuredmedia":[{"embeddable":true,"href":"https:\/\/www.fiemg.com.br\/associativismo\/wp-json\/wp\/v2\/media\/2383"}],"wp:attachment":[{"href":"https:\/\/www.fiemg.com.br\/associativismo\/wp-json\/wp\/v2\/media?parent=2380"}],"wp:term":[{"taxonomy":"category","embeddable":true,"href":"https:\/\/www.fiemg.com.br\/associativismo\/wp-json\/wp\/v2\/categories?post=2380"},{"taxonomy":"post_tag","embeddable":true,"href":"https:\/\/www.fiemg.com.br\/associativismo\/wp-json\/wp\/v2\/tags?post=2380"}],"curies":[{"name":"wp","href":"https:\/\/api.w.org\/{rel}","templated":true}]}}