{"id":2400,"date":"2024-04-12T16:47:34","date_gmt":"2024-04-12T19:47:34","guid":{"rendered":"https:\/\/www.fiemg.com.br\/associativismo\/?post_type=noticias&#038;p=2400"},"modified":"2024-04-12T16:57:12","modified_gmt":"2024-04-12T19:57:12","slug":"contencioso-tributario-e-tema-do-imersao-industria","status":"publish","type":"noticias","link":"https:\/\/www.fiemg.com.br\/associativismo\/noticias\/contencioso-tributario-e-tema-do-imersao-industria\/","title":{"rendered":"Contencioso tribut\u00e1rio \u00e9 tema do Imers\u00e3o Ind\u00fastria"},"content":{"rendered":"\n<p><\/p>\n\n\n\n<p>O contencioso tribut\u00e1rio no \u00e2mbito da reforma tribut\u00e1ria aprovada no final do ano passado pelo Congresso Nacional foi tema de um painel mediado pelo presidente da Federa\u00e7\u00e3o das Ind\u00fastrias de Minas Gerais (FIEMG), Fl\u00e1vio Roscoe, nesta sexta-feira (12\/4), durante o Imers\u00e3o Ind\u00fastria, um dos maiores eventos do setor em Minas Gerais.<\/p>\n\n\n\n<p>Roscoe abriu a discuss\u00e3o destacando alguns pontos da reforma tribut\u00e1ria que, na vis\u00e3o da FIEMG, deveriam ter sido abordados, como a desonera\u00e7\u00e3o da folha de pagamento. \u201cOs encargos sobre a folha de pagamento n\u00e3o entraram na reforma e isso impacta a competitividade dos produtos brasileiros, uma vez que \u00e9 um custo que n\u00e3o existe sobre o produto importado. Ou seja, n\u00f3s oneramos o trabalho brasileiro. N\u00f3s n\u00e3o est\u00e1vamos propondo a exclus\u00e3o, mas que a base fosse outra que n\u00e3o a folha de pagamento\u201d, disse.&nbsp;<\/p>\n\n\n\n<p>Al\u00e9m disso, ele levou aos debatedores algumas d\u00favidas em rela\u00e7\u00e3o \u00e0 reforma e pontuou a necessidade de que as quest\u00f5es em aberto sejam tratadas na leis complementares que devem regulamentar a Emenda Constitucional 132\/2023.&nbsp;<\/p>\n\n\n\n<p>Na sequ\u00eancia, representantes do Judici\u00e1rio abordaram os impactos da reforma para o contencioso tribut\u00e1rio &#8211; que \u00e9 a forma pela qual o contribuinte consegue prevenir o pagamento desnecess\u00e1rio e indevido de multas, tributos e juros originados de autua\u00e7\u00f5es realizadas por diferentes \u00f3rg\u00e3os fiscalizadores nacionais.<\/p>\n\n\n\n<p>A ministra do Superior Tribunal de Justi\u00e7a (STJ), Regina Helena Costa, enumerou algumas mudan\u00e7as trazidas pela Emenda Constitucional 132\/2023 que trazem grandes impactos para o Judici\u00e1rio e para o sistema tribut\u00e1rio nacional. \u201cIsso vai ser feito durante longo per\u00edodo de transi\u00e7\u00e3o, sendo que os efeitos da reforma v\u00e3o come\u00e7ar em 2026 e se estender\u00e3o para o in\u00edcio da d\u00e9cada de 2030. Ent\u00e3o, ser\u00e1 um longo per\u00edodo de adapta\u00e7\u00f5es e, obviamente, de alguma inseguran\u00e7a, inquietudes e ang\u00fastias em raz\u00e3o de uma conviv\u00eancia de dois sistemas at\u00e9 que passemos efetivamente para o sistema novo. E \u00e9 um sistema que muda radicalmente o modelo que existe hoje, ent\u00e3o isso \u00e9 muito importante enfatizar. Em fun\u00e7\u00e3o disso, claramente se observa que vamos ter impacto no contencioso tribut\u00e1rio. Ent\u00e3o n\u00f3s temos um quadro de contencioso tribut\u00e1rio hoje e n\u00f3s vamos passar a ter outros problemas, dificuldades e outros focos de lit\u00edgios\u201d, afirmou.<\/p>\n\n\n\n<p>Entre as mudan\u00e7as destacadas pela jurista, por exemplo, est\u00e1 o n\u00edvel de coopera\u00e7\u00e3o entre os entes federados no que diz respeito ao&nbsp; Imposto sobre Bens e Servi\u00e7os (IBS) &#8211; que vai unificar o ICMS e o ISS -, uma vez que o imposto ser\u00e1 de compet\u00eancia compartilhada entre Uni\u00e3o, Estados e munic\u00edpios.<\/p>\n\n\n\n<p>\u201cA partir da emenda 132\/2023, o par\u00e1grafo 145 da Constitui\u00e7\u00e3o passou a ter um par\u00e1grafo novo que diz que: \u2018o Sistema Tribut\u00e1rio Nacional deve observar os princ\u00edpios da simplicidade, da transpar\u00eancia, da justi\u00e7a tribut\u00e1ria, da coopera\u00e7\u00e3o e da defesa do meio ambiente\u2019. Linda declara\u00e7\u00e3o de princ\u00edpios, mas eu chamo a aten\u00e7\u00e3o para a coopera\u00e7\u00e3o. Sem coopera\u00e7\u00e3o, n\u00e3o h\u00e1 chance de dar certo e vamos precisar de muita coopera\u00e7\u00e3o de todos os atores. N\u00e3o \u00e9 \u00e0 toa que isso est\u00e1 aqui na lei. Notem que a simplifica\u00e7\u00e3o do sistema foi o grande argumento para promover a reforma tribut\u00e1ria, mas n\u00e3o podemos dizer que \u00e9 uma reforma simples, muito pelo contr\u00e1rio. Ent\u00e3o, em busca da simplifica\u00e7\u00e3o promoveu-se modifica\u00e7\u00f5es muito grandes e muito complexas. Ent\u00e3o, vamos precisar de um n\u00edvel de coopera\u00e7\u00e3o sem precedentes\u201d, pontuou.<\/p>\n\n\n\n<p>Na esteira dessa necessidade de coopera\u00e7\u00e3o, a nova legisla\u00e7\u00e3o tribut\u00e1ria fixou tamb\u00e9m o Superior Tribunal de Justi\u00e7a (STJ) como f\u00f3rum para solu\u00e7\u00e3o de conflitos relacionados&nbsp; \u00e0 CBS e ao IBS. &#8220;Passou sem ningu\u00e9m perceber, e digo isso porque o Tribunal n\u00e3o percebeu, mas inseriu-se entre as compet\u00eancias origin\u00e1rias do STJ &#8216;os conflitos entre entes federativos, ou entre estes e o Comit\u00ea Gestor do Imposto sobre Bens e Servi\u00e7os, relacionados aos tributos previstos nos artigos 156-A e 195, V&#8217;, ou seja, CBS e IBS. Ent\u00e3o, o STJ ganhou uma compet\u00eancia desse tamanho, uma compet\u00eancia origin\u00e1ria, ou seja, n\u00e3o recursal, para dirimir conflitos entre entes da Federa\u00e7\u00e3o: Uni\u00e3o e estados, estados e munic\u00edpios.<\/p>\n\n\n\n<p>Al\u00e9m de Regina Helena Costa, tamb\u00e9m participaram do painel a desembargadora e presidente do Tribunal Regional Federal \u2013 6\u00aa Regi\u00e3o, Monica Sifuentes,&nbsp; e o desembargador Tribunal de Justi\u00e7a de Minas Gerais (TJMG), Lu\u00eds Carlos Balbino Gambogi.<\/p>\n\n\n\n<p>O Imers\u00e3o Ind\u00fastria \u00e9 realizado pela FIEMG, pelo SESI e pelo SENAI, com patroc\u00ednio m\u00e1ster da Gerdau, Vale, Gasmig, Cemig, Codemge, CNI e ArcelorMittal. O patroc\u00ednio ouro \u00e9 da Herculano Minera\u00e7\u00e3o, Sicoob Credfiemg e Sicoob Credminas, Barbosa Mello e Caixa Econ\u00f4mica Federal. O patroc\u00ednio prata \u00e9 da Bemisa, Localiza Gest\u00e3o de Frotas, Vallourec e Iveco Group. O apoio m\u00e1ster \u00e9 do Sebrae e apoio da RMMG, Mason Holdings, JMendes, Pfizer, (Re)energisa, Una, IEL e CIEMG.<\/p>\n\n\n\n<p><strong>Leia tamb\u00e9m:<\/strong><\/p>\n\n\n\n<ul class=\"wp-block-list\">\n<li><a href=\"https:\/\/www.fiemg.com.br\/noticias\/impacto-da-reforma-tributaria-nas-industrias-e-tema-do-imersao\/\" target=\"_blank\" rel=\"noreferrer noopener\">Impacto da Reforma Tribut\u00e1ria nas ind\u00fastrias \u00e9 tema do Imers\u00e3o<\/a><\/li>\n<\/ul>\n\n\n\n<p><\/p>\n\n\n\n<p><em>Tha\u00eds Mota\u00a0<\/em><br><strong>Imprensa FIEMG<\/strong><\/p>\n","protected":false},"featured_media":2401,"template":"","categories":[15],"tags":[608,46,93,55,38],"class_list":["post-2400","noticias","type-noticias","status-publish","has-post-thumbnail","hentry","category-desenvolvimento-industrial","tag-contencioso-tributario","tag-fiemg","tag-imersao-industria","tag-industria","tag-reforma-tributaria"],"acf":[],"yoast_head":"<!-- This site is optimized with the Yoast SEO plugin v26.2 - https:\/\/yoast.com\/wordpress\/plugins\/seo\/ -->\n<title>Contencioso tribut\u00e1rio \u00e9 tema do Imers\u00e3o Ind\u00fastria - Associativismo<\/title>\n<meta name=\"description\" content=\"Painel foi conduzido pela ministra do STJ, Regina Helena Costa, e teve media\u00e7\u00e3o do presidente da FIEMG, Fl\u00e1vio Roscoe\" \/>\n<meta name=\"robots\" content=\"index, follow, max-snippet:-1, max-image-preview:large, max-video-preview:-1\" \/>\n<link rel=\"canonical\" href=\"https:\/\/www.fiemg.com.br\/associativismo\/noticias\/contencioso-tributario-e-tema-do-imersao-industria\/\" \/>\n<meta property=\"og:locale\" content=\"pt_BR\" \/>\n<meta property=\"og:type\" content=\"article\" \/>\n<meta property=\"og:title\" content=\"Contencioso tribut\u00e1rio \u00e9 tema do Imers\u00e3o Ind\u00fastria - Associativismo\" \/>\n<meta property=\"og:description\" content=\"Painel foi conduzido pela ministra do STJ, Regina Helena Costa, e teve media\u00e7\u00e3o do presidente da FIEMG, Fl\u00e1vio Roscoe\" \/>\n<meta property=\"og:url\" content=\"https:\/\/www.fiemg.com.br\/associativismo\/noticias\/contencioso-tributario-e-tema-do-imersao-industria\/\" \/>\n<meta property=\"og:site_name\" content=\"Associativismo\" \/>\n<meta property=\"article:modified_time\" content=\"2024-04-12T19:57:12+00:00\" \/>\n<meta property=\"og:image\" content=\"https:\/\/www.fiemg.com.br\/associativismo\/wp-content\/uploads\/sites\/29\/2024\/04\/Contencioso-tributario-Imersao-2.jpg\" \/>\n\t<meta property=\"og:image:width\" content=\"512\" \/>\n\t<meta property=\"og:image:height\" content=\"512\" \/>\n\t<meta property=\"og:image:type\" content=\"image\/jpeg\" \/>\n<meta name=\"twitter:card\" content=\"summary_large_image\" \/>\n<meta name=\"twitter:label1\" content=\"Est. tempo de leitura\" \/>\n\t<meta name=\"twitter:data1\" content=\"5 minutos\" \/>\n<script type=\"application\/ld+json\" class=\"yoast-schema-graph\">{\"@context\":\"https:\/\/schema.org\",\"@graph\":[{\"@type\":\"WebPage\",\"@id\":\"https:\/\/www.fiemg.com.br\/associativismo\/noticias\/contencioso-tributario-e-tema-do-imersao-industria\/\",\"url\":\"https:\/\/www.fiemg.com.br\/associativismo\/noticias\/contencioso-tributario-e-tema-do-imersao-industria\/\",\"name\":\"Contencioso tribut\u00e1rio \u00e9 tema do Imers\u00e3o Ind\u00fastria - Associativismo\",\"isPartOf\":{\"@id\":\"https:\/\/www.fiemg.com.br\/associativismo\/#website\"},\"primaryImageOfPage\":{\"@id\":\"https:\/\/www.fiemg.com.br\/associativismo\/noticias\/contencioso-tributario-e-tema-do-imersao-industria\/#primaryimage\"},\"image\":{\"@id\":\"https:\/\/www.fiemg.com.br\/associativismo\/noticias\/contencioso-tributario-e-tema-do-imersao-industria\/#primaryimage\"},\"thumbnailUrl\":\"https:\/\/www.fiemg.com.br\/associativismo\/wp-content\/uploads\/sites\/29\/2024\/04\/Contencioso-tributario-Imersao-2.jpg\",\"datePublished\":\"2024-04-12T19:47:34+00:00\",\"dateModified\":\"2024-04-12T19:57:12+00:00\",\"description\":\"Painel foi conduzido pela ministra do STJ, Regina Helena Costa, e teve media\u00e7\u00e3o do presidente da FIEMG, Fl\u00e1vio Roscoe\",\"breadcrumb\":{\"@id\":\"https:\/\/www.fiemg.com.br\/associativismo\/noticias\/contencioso-tributario-e-tema-do-imersao-industria\/#breadcrumb\"},\"inLanguage\":\"pt-BR\",\"potentialAction\":[{\"@type\":\"ReadAction\",\"target\":[\"https:\/\/www.fiemg.com.br\/associativismo\/noticias\/contencioso-tributario-e-tema-do-imersao-industria\/\"]}]},{\"@type\":\"ImageObject\",\"inLanguage\":\"pt-BR\",\"@id\":\"https:\/\/www.fiemg.com.br\/associativismo\/noticias\/contencioso-tributario-e-tema-do-imersao-industria\/#primaryimage\",\"url\":\"https:\/\/www.fiemg.com.br\/associativismo\/wp-content\/uploads\/sites\/29\/2024\/04\/Contencioso-tributario-Imersao-2.jpg\",\"contentUrl\":\"https:\/\/www.fiemg.com.br\/associativismo\/wp-content\/uploads\/sites\/29\/2024\/04\/Contencioso-tributario-Imersao-2.jpg\",\"width\":512,\"height\":512,\"caption\":\"Contencioso tribut\u00e1rio - Imers\u00e3o\"},{\"@type\":\"BreadcrumbList\",\"@id\":\"https:\/\/www.fiemg.com.br\/associativismo\/noticias\/contencioso-tributario-e-tema-do-imersao-industria\/#breadcrumb\",\"itemListElement\":[{\"@type\":\"ListItem\",\"position\":1,\"name\":\"In\u00edcio\",\"item\":\"https:\/\/www.fiemg.com.br\/associativismo\/\"},{\"@type\":\"ListItem\",\"position\":2,\"name\":\"Contencioso tribut\u00e1rio \u00e9 tema do Imers\u00e3o Ind\u00fastria\"}]},{\"@type\":\"WebSite\",\"@id\":\"https:\/\/www.fiemg.com.br\/associativismo\/#website\",\"url\":\"https:\/\/www.fiemg.com.br\/associativismo\/\",\"name\":\"Associativismo\",\"description\":\"Federa\u00e7\u00e3o das Ind\u00fastrias do Estado de Minas Gerais\",\"publisher\":{\"@id\":\"https:\/\/www.fiemg.com.br\/associativismo\/#organization\"},\"potentialAction\":[{\"@type\":\"SearchAction\",\"target\":{\"@type\":\"EntryPoint\",\"urlTemplate\":\"https:\/\/www.fiemg.com.br\/associativismo\/?s={search_term_string}\"},\"query-input\":{\"@type\":\"PropertyValueSpecification\",\"valueRequired\":true,\"valueName\":\"search_term_string\"}}],\"inLanguage\":\"pt-BR\"},{\"@type\":\"Organization\",\"@id\":\"https:\/\/www.fiemg.com.br\/associativismo\/#organization\",\"name\":\"Associativismo\",\"url\":\"https:\/\/www.fiemg.com.br\/associativismo\/\",\"logo\":{\"@type\":\"ImageObject\",\"inLanguage\":\"pt-BR\",\"@id\":\"https:\/\/www.fiemg.com.br\/associativismo\/#\/schema\/logo\/image\/\",\"url\":\"https:\/\/www.fiemg.com.br\/associativismo\/wp-content\/uploads\/sites\/29\/2023\/02\/fiemg_branco.svg\",\"contentUrl\":\"https:\/\/www.fiemg.com.br\/associativismo\/wp-content\/uploads\/sites\/29\/2023\/02\/fiemg_branco.svg\",\"width\":561,\"height\":147,\"caption\":\"Associativismo\"},\"image\":{\"@id\":\"https:\/\/www.fiemg.com.br\/associativismo\/#\/schema\/logo\/image\/\"}}]}<\/script>\n<!-- \/ Yoast SEO plugin. -->","yoast_head_json":{"title":"Contencioso tribut\u00e1rio \u00e9 tema do Imers\u00e3o Ind\u00fastria - Associativismo","description":"Painel foi conduzido pela ministra do STJ, Regina Helena Costa, e teve media\u00e7\u00e3o do presidente da FIEMG, Fl\u00e1vio Roscoe","robots":{"index":"index","follow":"follow","max-snippet":"max-snippet:-1","max-image-preview":"max-image-preview:large","max-video-preview":"max-video-preview:-1"},"canonical":"https:\/\/www.fiemg.com.br\/associativismo\/noticias\/contencioso-tributario-e-tema-do-imersao-industria\/","og_locale":"pt_BR","og_type":"article","og_title":"Contencioso tribut\u00e1rio \u00e9 tema do Imers\u00e3o Ind\u00fastria - Associativismo","og_description":"Painel foi conduzido pela ministra do STJ, Regina Helena Costa, e teve media\u00e7\u00e3o do presidente da FIEMG, Fl\u00e1vio Roscoe","og_url":"https:\/\/www.fiemg.com.br\/associativismo\/noticias\/contencioso-tributario-e-tema-do-imersao-industria\/","og_site_name":"Associativismo","article_modified_time":"2024-04-12T19:57:12+00:00","og_image":[{"width":512,"height":512,"url":"https:\/\/www.fiemg.com.br\/associativismo\/wp-content\/uploads\/sites\/29\/2024\/04\/Contencioso-tributario-Imersao-2.jpg","type":"image\/jpeg"}],"twitter_card":"summary_large_image","twitter_misc":{"Est. tempo de leitura":"5 minutos"},"schema":{"@context":"https:\/\/schema.org","@graph":[{"@type":"WebPage","@id":"https:\/\/www.fiemg.com.br\/associativismo\/noticias\/contencioso-tributario-e-tema-do-imersao-industria\/","url":"https:\/\/www.fiemg.com.br\/associativismo\/noticias\/contencioso-tributario-e-tema-do-imersao-industria\/","name":"Contencioso tribut\u00e1rio \u00e9 tema do Imers\u00e3o Ind\u00fastria - Associativismo","isPartOf":{"@id":"https:\/\/www.fiemg.com.br\/associativismo\/#website"},"primaryImageOfPage":{"@id":"https:\/\/www.fiemg.com.br\/associativismo\/noticias\/contencioso-tributario-e-tema-do-imersao-industria\/#primaryimage"},"image":{"@id":"https:\/\/www.fiemg.com.br\/associativismo\/noticias\/contencioso-tributario-e-tema-do-imersao-industria\/#primaryimage"},"thumbnailUrl":"https:\/\/www.fiemg.com.br\/associativismo\/wp-content\/uploads\/sites\/29\/2024\/04\/Contencioso-tributario-Imersao-2.jpg","datePublished":"2024-04-12T19:47:34+00:00","dateModified":"2024-04-12T19:57:12+00:00","description":"Painel foi conduzido pela ministra do STJ, Regina Helena Costa, e teve media\u00e7\u00e3o do presidente da FIEMG, Fl\u00e1vio Roscoe","breadcrumb":{"@id":"https:\/\/www.fiemg.com.br\/associativismo\/noticias\/contencioso-tributario-e-tema-do-imersao-industria\/#breadcrumb"},"inLanguage":"pt-BR","potentialAction":[{"@type":"ReadAction","target":["https:\/\/www.fiemg.com.br\/associativismo\/noticias\/contencioso-tributario-e-tema-do-imersao-industria\/"]}]},{"@type":"ImageObject","inLanguage":"pt-BR","@id":"https:\/\/www.fiemg.com.br\/associativismo\/noticias\/contencioso-tributario-e-tema-do-imersao-industria\/#primaryimage","url":"https:\/\/www.fiemg.com.br\/associativismo\/wp-content\/uploads\/sites\/29\/2024\/04\/Contencioso-tributario-Imersao-2.jpg","contentUrl":"https:\/\/www.fiemg.com.br\/associativismo\/wp-content\/uploads\/sites\/29\/2024\/04\/Contencioso-tributario-Imersao-2.jpg","width":512,"height":512,"caption":"Contencioso tribut\u00e1rio - Imers\u00e3o"},{"@type":"BreadcrumbList","@id":"https:\/\/www.fiemg.com.br\/associativismo\/noticias\/contencioso-tributario-e-tema-do-imersao-industria\/#breadcrumb","itemListElement":[{"@type":"ListItem","position":1,"name":"In\u00edcio","item":"https:\/\/www.fiemg.com.br\/associativismo\/"},{"@type":"ListItem","position":2,"name":"Contencioso tribut\u00e1rio \u00e9 tema do Imers\u00e3o Ind\u00fastria"}]},{"@type":"WebSite","@id":"https:\/\/www.fiemg.com.br\/associativismo\/#website","url":"https:\/\/www.fiemg.com.br\/associativismo\/","name":"Associativismo","description":"Federa\u00e7\u00e3o das Ind\u00fastrias do Estado de Minas Gerais","publisher":{"@id":"https:\/\/www.fiemg.com.br\/associativismo\/#organization"},"potentialAction":[{"@type":"SearchAction","target":{"@type":"EntryPoint","urlTemplate":"https:\/\/www.fiemg.com.br\/associativismo\/?s={search_term_string}"},"query-input":{"@type":"PropertyValueSpecification","valueRequired":true,"valueName":"search_term_string"}}],"inLanguage":"pt-BR"},{"@type":"Organization","@id":"https:\/\/www.fiemg.com.br\/associativismo\/#organization","name":"Associativismo","url":"https:\/\/www.fiemg.com.br\/associativismo\/","logo":{"@type":"ImageObject","inLanguage":"pt-BR","@id":"https:\/\/www.fiemg.com.br\/associativismo\/#\/schema\/logo\/image\/","url":"https:\/\/www.fiemg.com.br\/associativismo\/wp-content\/uploads\/sites\/29\/2023\/02\/fiemg_branco.svg","contentUrl":"https:\/\/www.fiemg.com.br\/associativismo\/wp-content\/uploads\/sites\/29\/2023\/02\/fiemg_branco.svg","width":561,"height":147,"caption":"Associativismo"},"image":{"@id":"https:\/\/www.fiemg.com.br\/associativismo\/#\/schema\/logo\/image\/"}}]}},"_links":{"self":[{"href":"https:\/\/www.fiemg.com.br\/associativismo\/wp-json\/wp\/v2\/noticias\/2400","targetHints":{"allow":["GET"]}}],"collection":[{"href":"https:\/\/www.fiemg.com.br\/associativismo\/wp-json\/wp\/v2\/noticias"}],"about":[{"href":"https:\/\/www.fiemg.com.br\/associativismo\/wp-json\/wp\/v2\/types\/noticias"}],"wp:featuredmedia":[{"embeddable":true,"href":"https:\/\/www.fiemg.com.br\/associativismo\/wp-json\/wp\/v2\/media\/2401"}],"wp:attachment":[{"href":"https:\/\/www.fiemg.com.br\/associativismo\/wp-json\/wp\/v2\/media?parent=2400"}],"wp:term":[{"taxonomy":"category","embeddable":true,"href":"https:\/\/www.fiemg.com.br\/associativismo\/wp-json\/wp\/v2\/categories?post=2400"},{"taxonomy":"post_tag","embeddable":true,"href":"https:\/\/www.fiemg.com.br\/associativismo\/wp-json\/wp\/v2\/tags?post=2400"}],"curies":[{"name":"wp","href":"https:\/\/api.w.org\/{rel}","templated":true}]}}