{"id":2432,"date":"2024-04-19T15:39:58","date_gmt":"2024-04-19T18:39:58","guid":{"rendered":"https:\/\/www.fiemg.com.br\/associativismo\/noticias\/empreendedorismo-feminino-e-moda-circular-em-pauta-no-talk-show-do-espaco-p7-criativo\/"},"modified":"2024-04-19T15:39:59","modified_gmt":"2024-04-19T18:39:59","slug":"empreendedorismo-feminino-e-moda-circular-em-pauta-no-talk-show-do-espaco-p7-criativo","status":"publish","type":"noticias","link":"https:\/\/www.fiemg.com.br\/associativismo\/noticias\/empreendedorismo-feminino-e-moda-circular-em-pauta-no-talk-show-do-espaco-p7-criativo\/","title":{"rendered":"Empreendedorismo feminino e moda circular em pauta no talk show do Espa\u00e7o P7 Criativo"},"content":{"rendered":"\n<p><\/p>\n\n\n\n<p>O que \u00e9 a moda circular, qual o seu p\u00fablico, como est\u00e1 o empreendedorismo feminino hoje? Essas e outras quest\u00f5es foram tema de um <em>talk show<\/em> na \u00faltima quinta-feira (18\/4), no espa\u00e7o P7 Criativo. A atividade marcou o \u00faltimo dia da 31\u00aa\u00a0 edi\u00e7\u00e3o do Minas Trend, em Belo Horizonte (MG).\u00a0<\/p>\n\n\n\n<p>No espa\u00e7o, primeiro <em>hub<\/em> de inova\u00e7\u00e3o no pa\u00eds, convidados e especialistas na \u00e1rea trouxeram debateram por tr\u00eas dias assuntos variados, como marketing de luxo, moda digital, moda circular e empreendedorismo feminino.<\/p>\n\n\n\n<p>O talk show sobre moda circular foi mediado pela consultora da \u00e1rea de moda da C\u00e2mara da Ind\u00fastria do Vestu\u00e1rio e Acess\u00f3rios da  Federa\u00e7\u00e3o das Ind\u00fastrias de Minas Gerais (FIEMG), S\u00e2mara Merrighi, e contou com a participa\u00e7\u00e3o de Silvia Monteiro, CEO da Isla,  que \u00e9 refer\u00eancia na cria\u00e7\u00e3o de bolsas, e da\u00a0fundadora e CEO do Brech\u00f3 Pe\u00e7a Rara, Bruna Vasconi.\u00a0<\/p>\n\n\n\n<p>Falando para uma plateia jovem, entusiasta da moda e suas versatilidades, ambas as empres\u00e1rias consideram unanimidade que a moda circular conquistou seu espa\u00e7o no mercado nacional. \u201cSempre buscamos um produto que tem uma longevidade, que possa ser usado, reusado, que passe pra frente. Isso \u00e9 moda circular\u201d, destacou Silvia Monteiro.\u00a0<\/p>\n\n\n\n<p>Bruna Vasconi, que iniciou no ramo de brech\u00f3s com o Pe\u00e7a Rara, h\u00e1 16 anos, e hoje conta com 100 lojas espalhadas no pa\u00eds, observou que muitas pessoas compram pela oportunidade de adquirir algo de qualidade com menor custo benef\u00edcio. H\u00e1 ainda, explicou, o h\u00e1bito de adquirir algo em fun\u00e7\u00e3o da responsabilidade social. \u201cLojas organizadas, boas oportunidades de compra e produtos bem cuidados\u201d, destacou.&nbsp;<\/p>\n\n\n\n<p>Sobre o papel do consumidor, a CEO da Isla disse que existe uma percep\u00e7\u00e3o da necessidade do cliente por algo novo: \u201co anseio das pessoas\u00a0por um produto com que tenha identidade\u201d.\u00a0 J\u00e1 Bruna Vasconi considera o &#8216;relacionamento&#8217; como a palavra de ordem: \u201ctem que existir uma afinidade com tudo que se faz. E gostar de pessoas. Esse \u00e9 o diferencial\u201d.<\/p>\n\n\n\n<p>Al\u00e9m da palestra sobre <em>Empreendedorismo feminino e moda circular<\/em>, o <em>Varejo no futuro da inova\u00e7\u00e3o, estrat\u00e9gias em tecnologia e o avan\u00e7o in\u00e9dito do varejo aliado \u00e0 experi\u00eancia\u00a0do cliente<\/em> tamb\u00e9m esteve em pauta na palestra de Francine Pacheco,\u00a0especialista em Estrat\u00e9gia de Marketing, Francine Pacheco, na \u00faltima quarta-feira (17\/4), no Minascentro.<\/p>\n\n\n\n<p><strong>Minas Trend<\/strong> <\/p>\n\n\n\n<p>A 31\u00ba edi\u00e7\u00e3o do Minas Trend reuniu mais de 120 marcas expositoras, 50 delas estreantes, com os lan\u00e7amentos da temporada primavera-ver\u00e3o 2025. Com o tema \u201cOnde a moda movimenta o mercado\u201d, o evento apostou nos projetos in\u00e9ditos Minas Trend Showroom, em que 19 grifes receberam os visitantes em suas sedes, e o Minas Trend Kids, com a participa\u00e7\u00e3o de 28 grifes para crian\u00e7as e adolescentes.<\/p>\n\n\n\n<p>Essa edi\u00e7\u00e3o do Minas Trend foi uma realiza\u00e7\u00e3o do SESI, SENAI e FIEMG, com apoio master do Sebrae&nbsp; Minas, patroc\u00ednio da C\u00e2mara de Dirigentes Lojistas de Belo Horizonte (CDL-BH), da Codemge, do SENAC (Sistema Fecom\u00e9rcio) e do Bling. Contou com apoio do Jornal Estado de Minas, UNA, IEL\/MG e Consulado da It\u00e1lia.<\/p>\n","protected":false},"featured_media":2433,"template":"","categories":[15],"tags":[46,280,623,229],"class_list":["post-2432","noticias","type-noticias","status-publish","has-post-thumbnail","hentry","category-desenvolvimento-industrial","tag-fiemg","tag-minas-trend","tag-moda-circular","tag-p7-criativo"],"acf":[],"yoast_head":"<!-- This site is optimized with the Yoast SEO plugin v26.2 - https:\/\/yoast.com\/wordpress\/plugins\/seo\/ -->\n<title>Empreendedorismo feminino e moda circular em pauta no talk show do Espa\u00e7o P7 Criativo - Associativismo<\/title>\n<meta name=\"description\" content=\"Empres\u00e1rias destacaram a import\u00e2ncia de um olhar atento para um consumidor cada vez mais exigente\" \/>\n<meta name=\"robots\" content=\"index, follow, max-snippet:-1, max-image-preview:large, max-video-preview:-1\" \/>\n<link rel=\"canonical\" href=\"https:\/\/www.fiemg.com.br\/associativismo\/noticias\/empreendedorismo-feminino-e-moda-circular-em-pauta-no-talk-show-do-espaco-p7-criativo\/\" \/>\n<meta property=\"og:locale\" content=\"pt_BR\" \/>\n<meta property=\"og:type\" content=\"article\" \/>\n<meta property=\"og:title\" content=\"Empreendedorismo feminino e moda circular em pauta no talk show do Espa\u00e7o P7 Criativo - Associativismo\" \/>\n<meta property=\"og:description\" content=\"Empres\u00e1rias destacaram a import\u00e2ncia de um olhar atento para um consumidor cada vez mais exigente\" \/>\n<meta property=\"og:url\" content=\"https:\/\/www.fiemg.com.br\/associativismo\/noticias\/empreendedorismo-feminino-e-moda-circular-em-pauta-no-talk-show-do-espaco-p7-criativo\/\" \/>\n<meta property=\"og:site_name\" content=\"Associativismo\" \/>\n<meta property=\"article:modified_time\" content=\"2024-04-19T18:39:59+00:00\" \/>\n<meta property=\"og:image\" content=\"https:\/\/www.fiemg.com.br\/associativismo\/wp-content\/uploads\/sites\/29\/2024\/04\/Minas_trendd_geral-2.jpg\" \/>\n\t<meta property=\"og:image:width\" content=\"512\" \/>\n\t<meta property=\"og:image:height\" content=\"512\" \/>\n\t<meta property=\"og:image:type\" content=\"image\/jpeg\" \/>\n<meta name=\"twitter:card\" content=\"summary_large_image\" \/>\n<meta name=\"twitter:label1\" content=\"Est. tempo de leitura\" \/>\n\t<meta name=\"twitter:data1\" content=\"3 minutos\" \/>\n<script type=\"application\/ld+json\" class=\"yoast-schema-graph\">{\"@context\":\"https:\/\/schema.org\",\"@graph\":[{\"@type\":\"WebPage\",\"@id\":\"https:\/\/www.fiemg.com.br\/associativismo\/noticias\/empreendedorismo-feminino-e-moda-circular-em-pauta-no-talk-show-do-espaco-p7-criativo\/\",\"url\":\"https:\/\/www.fiemg.com.br\/associativismo\/noticias\/empreendedorismo-feminino-e-moda-circular-em-pauta-no-talk-show-do-espaco-p7-criativo\/\",\"name\":\"Empreendedorismo feminino e moda circular em pauta no talk show do Espa\u00e7o P7 Criativo - Associativismo\",\"isPartOf\":{\"@id\":\"https:\/\/www.fiemg.com.br\/associativismo\/#website\"},\"primaryImageOfPage\":{\"@id\":\"https:\/\/www.fiemg.com.br\/associativismo\/noticias\/empreendedorismo-feminino-e-moda-circular-em-pauta-no-talk-show-do-espaco-p7-criativo\/#primaryimage\"},\"image\":{\"@id\":\"https:\/\/www.fiemg.com.br\/associativismo\/noticias\/empreendedorismo-feminino-e-moda-circular-em-pauta-no-talk-show-do-espaco-p7-criativo\/#primaryimage\"},\"thumbnailUrl\":\"https:\/\/www.fiemg.com.br\/associativismo\/wp-content\/uploads\/sites\/29\/2024\/04\/Minas_trendd_geral-2.jpg\",\"datePublished\":\"2024-04-19T18:39:58+00:00\",\"dateModified\":\"2024-04-19T18:39:59+00:00\",\"description\":\"Empres\u00e1rias destacaram a import\u00e2ncia de um olhar atento para um consumidor cada vez mais exigente\",\"breadcrumb\":{\"@id\":\"https:\/\/www.fiemg.com.br\/associativismo\/noticias\/empreendedorismo-feminino-e-moda-circular-em-pauta-no-talk-show-do-espaco-p7-criativo\/#breadcrumb\"},\"inLanguage\":\"pt-BR\",\"potentialAction\":[{\"@type\":\"ReadAction\",\"target\":[\"https:\/\/www.fiemg.com.br\/associativismo\/noticias\/empreendedorismo-feminino-e-moda-circular-em-pauta-no-talk-show-do-espaco-p7-criativo\/\"]}]},{\"@type\":\"ImageObject\",\"inLanguage\":\"pt-BR\",\"@id\":\"https:\/\/www.fiemg.com.br\/associativismo\/noticias\/empreendedorismo-feminino-e-moda-circular-em-pauta-no-talk-show-do-espaco-p7-criativo\/#primaryimage\",\"url\":\"https:\/\/www.fiemg.com.br\/associativismo\/wp-content\/uploads\/sites\/29\/2024\/04\/Minas_trendd_geral-2.jpg\",\"contentUrl\":\"https:\/\/www.fiemg.com.br\/associativismo\/wp-content\/uploads\/sites\/29\/2024\/04\/Minas_trendd_geral-2.jpg\",\"width\":512,\"height\":512,\"caption\":\"Empreendedorismo feminino e moda circular em pauta no talk show do Espa\u00e7o P7 Criativo\"},{\"@type\":\"BreadcrumbList\",\"@id\":\"https:\/\/www.fiemg.com.br\/associativismo\/noticias\/empreendedorismo-feminino-e-moda-circular-em-pauta-no-talk-show-do-espaco-p7-criativo\/#breadcrumb\",\"itemListElement\":[{\"@type\":\"ListItem\",\"position\":1,\"name\":\"In\u00edcio\",\"item\":\"https:\/\/www.fiemg.com.br\/associativismo\/\"},{\"@type\":\"ListItem\",\"position\":2,\"name\":\"Empreendedorismo feminino e moda circular em pauta no talk show do Espa\u00e7o P7 Criativo\"}]},{\"@type\":\"WebSite\",\"@id\":\"https:\/\/www.fiemg.com.br\/associativismo\/#website\",\"url\":\"https:\/\/www.fiemg.com.br\/associativismo\/\",\"name\":\"Associativismo\",\"description\":\"Federa\u00e7\u00e3o das Ind\u00fastrias do Estado de Minas Gerais\",\"publisher\":{\"@id\":\"https:\/\/www.fiemg.com.br\/associativismo\/#organization\"},\"potentialAction\":[{\"@type\":\"SearchAction\",\"target\":{\"@type\":\"EntryPoint\",\"urlTemplate\":\"https:\/\/www.fiemg.com.br\/associativismo\/?s={search_term_string}\"},\"query-input\":{\"@type\":\"PropertyValueSpecification\",\"valueRequired\":true,\"valueName\":\"search_term_string\"}}],\"inLanguage\":\"pt-BR\"},{\"@type\":\"Organization\",\"@id\":\"https:\/\/www.fiemg.com.br\/associativismo\/#organization\",\"name\":\"Associativismo\",\"url\":\"https:\/\/www.fiemg.com.br\/associativismo\/\",\"logo\":{\"@type\":\"ImageObject\",\"inLanguage\":\"pt-BR\",\"@id\":\"https:\/\/www.fiemg.com.br\/associativismo\/#\/schema\/logo\/image\/\",\"url\":\"https:\/\/www.fiemg.com.br\/associativismo\/wp-content\/uploads\/sites\/29\/2023\/02\/fiemg_branco.svg\",\"contentUrl\":\"https:\/\/www.fiemg.com.br\/associativismo\/wp-content\/uploads\/sites\/29\/2023\/02\/fiemg_branco.svg\",\"width\":561,\"height\":147,\"caption\":\"Associativismo\"},\"image\":{\"@id\":\"https:\/\/www.fiemg.com.br\/associativismo\/#\/schema\/logo\/image\/\"}}]}<\/script>\n<!-- \/ Yoast SEO plugin. -->","yoast_head_json":{"title":"Empreendedorismo feminino e moda circular em pauta no talk show do Espa\u00e7o P7 Criativo - Associativismo","description":"Empres\u00e1rias destacaram a import\u00e2ncia de um olhar atento para um consumidor cada vez mais exigente","robots":{"index":"index","follow":"follow","max-snippet":"max-snippet:-1","max-image-preview":"max-image-preview:large","max-video-preview":"max-video-preview:-1"},"canonical":"https:\/\/www.fiemg.com.br\/associativismo\/noticias\/empreendedorismo-feminino-e-moda-circular-em-pauta-no-talk-show-do-espaco-p7-criativo\/","og_locale":"pt_BR","og_type":"article","og_title":"Empreendedorismo feminino e moda circular em pauta no talk show do Espa\u00e7o P7 Criativo - Associativismo","og_description":"Empres\u00e1rias destacaram a import\u00e2ncia de um olhar atento para um consumidor cada vez mais exigente","og_url":"https:\/\/www.fiemg.com.br\/associativismo\/noticias\/empreendedorismo-feminino-e-moda-circular-em-pauta-no-talk-show-do-espaco-p7-criativo\/","og_site_name":"Associativismo","article_modified_time":"2024-04-19T18:39:59+00:00","og_image":[{"width":512,"height":512,"url":"https:\/\/www.fiemg.com.br\/associativismo\/wp-content\/uploads\/sites\/29\/2024\/04\/Minas_trendd_geral-2.jpg","type":"image\/jpeg"}],"twitter_card":"summary_large_image","twitter_misc":{"Est. tempo de leitura":"3 minutos"},"schema":{"@context":"https:\/\/schema.org","@graph":[{"@type":"WebPage","@id":"https:\/\/www.fiemg.com.br\/associativismo\/noticias\/empreendedorismo-feminino-e-moda-circular-em-pauta-no-talk-show-do-espaco-p7-criativo\/","url":"https:\/\/www.fiemg.com.br\/associativismo\/noticias\/empreendedorismo-feminino-e-moda-circular-em-pauta-no-talk-show-do-espaco-p7-criativo\/","name":"Empreendedorismo feminino e moda circular em pauta no talk show do Espa\u00e7o P7 Criativo - Associativismo","isPartOf":{"@id":"https:\/\/www.fiemg.com.br\/associativismo\/#website"},"primaryImageOfPage":{"@id":"https:\/\/www.fiemg.com.br\/associativismo\/noticias\/empreendedorismo-feminino-e-moda-circular-em-pauta-no-talk-show-do-espaco-p7-criativo\/#primaryimage"},"image":{"@id":"https:\/\/www.fiemg.com.br\/associativismo\/noticias\/empreendedorismo-feminino-e-moda-circular-em-pauta-no-talk-show-do-espaco-p7-criativo\/#primaryimage"},"thumbnailUrl":"https:\/\/www.fiemg.com.br\/associativismo\/wp-content\/uploads\/sites\/29\/2024\/04\/Minas_trendd_geral-2.jpg","datePublished":"2024-04-19T18:39:58+00:00","dateModified":"2024-04-19T18:39:59+00:00","description":"Empres\u00e1rias destacaram a import\u00e2ncia de um olhar atento para um consumidor cada vez mais exigente","breadcrumb":{"@id":"https:\/\/www.fiemg.com.br\/associativismo\/noticias\/empreendedorismo-feminino-e-moda-circular-em-pauta-no-talk-show-do-espaco-p7-criativo\/#breadcrumb"},"inLanguage":"pt-BR","potentialAction":[{"@type":"ReadAction","target":["https:\/\/www.fiemg.com.br\/associativismo\/noticias\/empreendedorismo-feminino-e-moda-circular-em-pauta-no-talk-show-do-espaco-p7-criativo\/"]}]},{"@type":"ImageObject","inLanguage":"pt-BR","@id":"https:\/\/www.fiemg.com.br\/associativismo\/noticias\/empreendedorismo-feminino-e-moda-circular-em-pauta-no-talk-show-do-espaco-p7-criativo\/#primaryimage","url":"https:\/\/www.fiemg.com.br\/associativismo\/wp-content\/uploads\/sites\/29\/2024\/04\/Minas_trendd_geral-2.jpg","contentUrl":"https:\/\/www.fiemg.com.br\/associativismo\/wp-content\/uploads\/sites\/29\/2024\/04\/Minas_trendd_geral-2.jpg","width":512,"height":512,"caption":"Empreendedorismo feminino e moda circular em pauta no talk show do Espa\u00e7o P7 Criativo"},{"@type":"BreadcrumbList","@id":"https:\/\/www.fiemg.com.br\/associativismo\/noticias\/empreendedorismo-feminino-e-moda-circular-em-pauta-no-talk-show-do-espaco-p7-criativo\/#breadcrumb","itemListElement":[{"@type":"ListItem","position":1,"name":"In\u00edcio","item":"https:\/\/www.fiemg.com.br\/associativismo\/"},{"@type":"ListItem","position":2,"name":"Empreendedorismo feminino e moda circular em pauta no talk show do Espa\u00e7o P7 Criativo"}]},{"@type":"WebSite","@id":"https:\/\/www.fiemg.com.br\/associativismo\/#website","url":"https:\/\/www.fiemg.com.br\/associativismo\/","name":"Associativismo","description":"Federa\u00e7\u00e3o das Ind\u00fastrias do Estado de Minas Gerais","publisher":{"@id":"https:\/\/www.fiemg.com.br\/associativismo\/#organization"},"potentialAction":[{"@type":"SearchAction","target":{"@type":"EntryPoint","urlTemplate":"https:\/\/www.fiemg.com.br\/associativismo\/?s={search_term_string}"},"query-input":{"@type":"PropertyValueSpecification","valueRequired":true,"valueName":"search_term_string"}}],"inLanguage":"pt-BR"},{"@type":"Organization","@id":"https:\/\/www.fiemg.com.br\/associativismo\/#organization","name":"Associativismo","url":"https:\/\/www.fiemg.com.br\/associativismo\/","logo":{"@type":"ImageObject","inLanguage":"pt-BR","@id":"https:\/\/www.fiemg.com.br\/associativismo\/#\/schema\/logo\/image\/","url":"https:\/\/www.fiemg.com.br\/associativismo\/wp-content\/uploads\/sites\/29\/2023\/02\/fiemg_branco.svg","contentUrl":"https:\/\/www.fiemg.com.br\/associativismo\/wp-content\/uploads\/sites\/29\/2023\/02\/fiemg_branco.svg","width":561,"height":147,"caption":"Associativismo"},"image":{"@id":"https:\/\/www.fiemg.com.br\/associativismo\/#\/schema\/logo\/image\/"}}]}},"_links":{"self":[{"href":"https:\/\/www.fiemg.com.br\/associativismo\/wp-json\/wp\/v2\/noticias\/2432","targetHints":{"allow":["GET"]}}],"collection":[{"href":"https:\/\/www.fiemg.com.br\/associativismo\/wp-json\/wp\/v2\/noticias"}],"about":[{"href":"https:\/\/www.fiemg.com.br\/associativismo\/wp-json\/wp\/v2\/types\/noticias"}],"wp:featuredmedia":[{"embeddable":true,"href":"https:\/\/www.fiemg.com.br\/associativismo\/wp-json\/wp\/v2\/media\/2433"}],"wp:attachment":[{"href":"https:\/\/www.fiemg.com.br\/associativismo\/wp-json\/wp\/v2\/media?parent=2432"}],"wp:term":[{"taxonomy":"category","embeddable":true,"href":"https:\/\/www.fiemg.com.br\/associativismo\/wp-json\/wp\/v2\/categories?post=2432"},{"taxonomy":"post_tag","embeddable":true,"href":"https:\/\/www.fiemg.com.br\/associativismo\/wp-json\/wp\/v2\/tags?post=2432"}],"curies":[{"name":"wp","href":"https:\/\/api.w.org\/{rel}","templated":true}]}}