{"id":2435,"date":"2024-04-22T13:59:19","date_gmt":"2024-04-22T16:59:19","guid":{"rendered":"https:\/\/www.fiemg.com.br\/associativismo\/noticias\/presidente-da-fiemg-acompanha-abertura-da-hannover-messe-na-alemanha\/"},"modified":"2024-04-25T14:26:04","modified_gmt":"2024-04-25T17:26:04","slug":"presidente-da-fiemg-acompanha-abertura-da-hannover-messe-na-alemanha","status":"publish","type":"noticias","link":"https:\/\/www.fiemg.com.br\/associativismo\/noticias\/presidente-da-fiemg-acompanha-abertura-da-hannover-messe-na-alemanha\/","title":{"rendered":"Presidente da FIEMG acompanha abertura da Hannover Messe, na Alemanha"},"content":{"rendered":"\n<p><\/p>\n\n\n\n<p>O presidente da Federa\u00e7\u00e3o das Ind\u00fastrias de Minas Gerais (FIEMG), Fl\u00e1vio Roscoe, acompanhou neste domingo (21\/4) a cerim\u00f4nia de abertura da Hannover Messe, na Alemanha &#8211; principal feira internacional de tecnologia para a ind\u00fastria. A agenda fez parte da Miss\u00e3o \u00e0 Alemanha, organizada pela FIEMG e com patroc\u00ednio m\u00e1ster da Companhia de Desenvolvimento de Minas Gerais (Codemge) e patroc\u00ednio ouro da Vale.<\/p>\n\n\n\n<p>Participaram da cerim\u00f4nia o prefeito da cidade de Hannover, Belit Onay; o presidente da Federa\u00e7\u00e3o das Ind\u00fastrias Alem\u00e3s (BID), Siegfried Russwurm; a ministra da Educa\u00e7\u00e3o da Alemanha, Bettina Stark-Watzinger; o primeiro-ministro da Noruega, Jonas Gahr Store; a presidente da Comiss\u00e3o Europeia, Ursula von der Leyen; e o chanceler da Alemanha, Olaf Scholz.<\/p>\n\n\n\n<p>Em seu discurso na abertura da feira, o presidente da Federa\u00e7\u00e3o das Ind\u00fastrias Alem\u00e3s (BID), Siegfried Russwurm, destacou que a Alemanha \u00e9 uma grande exportadora e que a Hannover Messe \u00e9 uma oportunidade importante para conhecer parceiros comerciais de todo o mundo.&nbsp;<\/p>\n\n\n\n<p>J\u00e1 o chanceler da Alemanha, Olaf Scholz, falou sobre o foco em energia segura e limpa da ind\u00fastria alem\u00e3 neste momento e destacou alguns n\u00fameros da economia do pa\u00eds. \u201cOs n\u00fameros da ind\u00fastria alem\u00e3 continuam crescendo mesmo em uma \u00e9poca de transforma\u00e7\u00e3o, e o crescimento est\u00e1 acima da infla\u00e7\u00e3o\u201d, destacou. Ele tamb\u00e9m falou sobre o grande investimento que o pa\u00eds tem feito em m\u00e3o de obra e desburocratiza\u00e7\u00e3o, de forma a aumentar a produtividade do pa\u00eds.<\/p>\n\n\n\n<p>Nesta segunda-feira (22\/4), a FIEMG, juntamente com a Federa\u00e7\u00e3o das Ind\u00fastrias do Estado do Rio Grande do Sul (FIERGS), em parceria com a Confedera\u00e7\u00e3o Nacional da Ind\u00fastria (CNI), promovem o \u201cF\u00f3rum Brasil \u2013 Alemanha: Atualizando a Parceria Bilateral\u201d, evento que reunir\u00e1 empres\u00e1rios brasileiros e alem\u00e3es, incluindo o presidente da BID, Siegfried Russwurm.<\/p>\n\n\n\n<p>J\u00e1 dentre as autoridades brasileiras presentes estar\u00e3o o governador do Rio Grande do Sul, Eduardo Leite, o embaixador do Brasil na Alemanha, Roberto Jaguaribe, e o presidente da Associa\u00e7\u00e3o Nacional dos Fabricantes de Ve\u00edculos Automotores (Anfavea), M\u00e1rcio de Lima Leite, al\u00e9m dos presidentes da FIEMG, Fl\u00e1vio Roscoe, e da FIERGS, Gilberto Petry.&nbsp;&nbsp;<\/p>\n\n\n\n<p><strong>Leia tamb\u00e9m:<\/strong><br><a href=\"https:\/\/www.fiemg.com.br\/noticias\/missao-da-fiemg-a-alemanha-tem-inicio-a-partir-de-segunda-feira-22-4\/\" target=\"_blank\" rel=\"noreferrer noopener\">Miss\u00e3o da FIEMG \u00e0 Alemanha tem in\u00edcio a partir de segunda-feira (22\/4)<\/a><br><a href=\"https:\/\/www.fiemg.com.br\/noticias\/missoes-internacionais-da-fiemg-garantem-investimentos-para-minas\/\">Miss\u00f5es internacionais da FIEMG garantem investimentos para Mi<\/a><a href=\"https:\/\/www.fiemg.com.br\/noticias\/missoes-internacionais-da-fiemg-garantem-investimentos-para-minas\/\" target=\"_blank\" rel=\"noreferrer noopener\">nas<\/a><br><a href=\"https:\/\/www.fiemg.com.br\/noticias\/empresarios-destacam-impactos-positivos-das-missoes-da-fiemg\/\">Empres\u00e1rios destacam impactos positivos das miss\u00f5es da FIEM<\/a><a href=\"https:\/\/www.fiemg.com.br\/noticias\/empresarios-destacam-impactos-positivos-das-missoes-da-fiemg\/\" target=\"_blank\" rel=\"noreferrer noopener\">G<\/a><br><a href=\"https:\/\/www.fiemg.com.br\/noticias\/missao-a-alemanha-leva-mais-de-150-empresarios-mineiros-a-hannover-messe\/\">Miss\u00e3o \u00e0 Alemanha leva mais de 150 empres\u00e1rios mineiros \u00e0 Hannover Mes<\/a><a href=\"https:\/\/www.fiemg.com.br\/noticias\/missao-a-alemanha-leva-mais-de-150-empresarios-mineiros-a-hannover-messe\/\" target=\"_blank\" rel=\"noreferrer noopener\">se<\/a><br><a href=\"https:\/\/www.fiemg.com.br\/noticias\/fiemg-promove-missao-empresarial-a-alemanha\/\">FIEMG promove Miss\u00e3o Empresarial \u00e0 Aleman<\/a><a href=\"https:\/\/www.fiemg.com.br\/noticias\/fiemg-promove-missao-empresarial-a-alemanha\/\" target=\"_blank\" rel=\"noreferrer noopener\">ha<\/a><\/p>\n\n\n\n<p><em>Tha\u00eds Mota<\/em>, <em>com informa\u00e7\u00f5es de Ana Clara Rodrigues, da Hannover Messe, na Alemanha<\/em><br><strong>Imprensa FIEMG<\/strong><\/p>\n","protected":false},"featured_media":2436,"template":"","categories":[15],"tags":[46,557,55,615,558],"class_list":["post-2435","noticias","type-noticias","status-publish","has-post-thumbnail","hentry","category-desenvolvimento-industrial","tag-fiemg","tag-hannover-messe","tag-industria","tag-missao-a-alemanha","tag-missao-alemanha"],"acf":[],"yoast_head":"<!-- This site is optimized with the Yoast SEO plugin v26.2 - https:\/\/yoast.com\/wordpress\/plugins\/seo\/ -->\n<title>Presidente da FIEMG acompanha abertura da Hannover Messe, na Alemanha - Associativismo<\/title>\n<meta name=\"description\" content=\"Delega\u00e7\u00e3o de mais de 150 empres\u00e1rios mineiros visitam a Hannover Messe, principal feira internacional de tecnologia para a ind\u00fastria\" \/>\n<meta name=\"robots\" content=\"index, follow, max-snippet:-1, max-image-preview:large, max-video-preview:-1\" \/>\n<link rel=\"canonical\" href=\"https:\/\/www.fiemg.com.br\/associativismo\/noticias\/presidente-da-fiemg-acompanha-abertura-da-hannover-messe-na-alemanha\/\" \/>\n<meta property=\"og:locale\" content=\"pt_BR\" \/>\n<meta property=\"og:type\" content=\"article\" \/>\n<meta property=\"og:title\" content=\"Presidente da FIEMG acompanha abertura da Hannover Messe, na Alemanha - Associativismo\" \/>\n<meta property=\"og:description\" content=\"Delega\u00e7\u00e3o de mais de 150 empres\u00e1rios mineiros visitam a Hannover Messe, principal feira internacional de tecnologia para a ind\u00fastria\" \/>\n<meta property=\"og:url\" content=\"https:\/\/www.fiemg.com.br\/associativismo\/noticias\/presidente-da-fiemg-acompanha-abertura-da-hannover-messe-na-alemanha\/\" \/>\n<meta property=\"og:site_name\" content=\"Associativismo\" \/>\n<meta property=\"article:modified_time\" content=\"2024-04-25T17:26:04+00:00\" \/>\n<meta property=\"og:image\" content=\"https:\/\/www.fiemg.com.br\/associativismo\/wp-content\/uploads\/sites\/29\/2024\/04\/CN000224A_FIEMG_MISSAO_ALEMANHA_PECAS_DIGITAIS-300x300-1.jpg\" \/>\n\t<meta property=\"og:image:width\" content=\"300\" \/>\n\t<meta property=\"og:image:height\" content=\"300\" \/>\n\t<meta property=\"og:image:type\" content=\"image\/jpeg\" \/>\n<meta name=\"twitter:card\" content=\"summary_large_image\" \/>\n<meta name=\"twitter:label1\" content=\"Est. tempo de leitura\" \/>\n\t<meta name=\"twitter:data1\" content=\"3 minutos\" \/>\n<script type=\"application\/ld+json\" class=\"yoast-schema-graph\">{\"@context\":\"https:\/\/schema.org\",\"@graph\":[{\"@type\":\"WebPage\",\"@id\":\"https:\/\/www.fiemg.com.br\/associativismo\/noticias\/presidente-da-fiemg-acompanha-abertura-da-hannover-messe-na-alemanha\/\",\"url\":\"https:\/\/www.fiemg.com.br\/associativismo\/noticias\/presidente-da-fiemg-acompanha-abertura-da-hannover-messe-na-alemanha\/\",\"name\":\"Presidente da FIEMG acompanha abertura da Hannover Messe, na Alemanha - Associativismo\",\"isPartOf\":{\"@id\":\"https:\/\/www.fiemg.com.br\/associativismo\/#website\"},\"primaryImageOfPage\":{\"@id\":\"https:\/\/www.fiemg.com.br\/associativismo\/noticias\/presidente-da-fiemg-acompanha-abertura-da-hannover-messe-na-alemanha\/#primaryimage\"},\"image\":{\"@id\":\"https:\/\/www.fiemg.com.br\/associativismo\/noticias\/presidente-da-fiemg-acompanha-abertura-da-hannover-messe-na-alemanha\/#primaryimage\"},\"thumbnailUrl\":\"https:\/\/www.fiemg.com.br\/associativismo\/wp-content\/uploads\/sites\/29\/2024\/04\/Presidente-da-FIEMG-acompanha-abertura-da-Hannover-Messe-na-Alemanha.jpg\",\"datePublished\":\"2024-04-22T16:59:19+00:00\",\"dateModified\":\"2024-04-25T17:26:04+00:00\",\"description\":\"Delega\u00e7\u00e3o de mais de 150 empres\u00e1rios mineiros visitam a Hannover Messe, principal feira internacional de tecnologia para a ind\u00fastria\",\"breadcrumb\":{\"@id\":\"https:\/\/www.fiemg.com.br\/associativismo\/noticias\/presidente-da-fiemg-acompanha-abertura-da-hannover-messe-na-alemanha\/#breadcrumb\"},\"inLanguage\":\"pt-BR\",\"potentialAction\":[{\"@type\":\"ReadAction\",\"target\":[\"https:\/\/www.fiemg.com.br\/associativismo\/noticias\/presidente-da-fiemg-acompanha-abertura-da-hannover-messe-na-alemanha\/\"]}]},{\"@type\":\"ImageObject\",\"inLanguage\":\"pt-BR\",\"@id\":\"https:\/\/www.fiemg.com.br\/associativismo\/noticias\/presidente-da-fiemg-acompanha-abertura-da-hannover-messe-na-alemanha\/#primaryimage\",\"url\":\"https:\/\/www.fiemg.com.br\/associativismo\/wp-content\/uploads\/sites\/29\/2024\/04\/Presidente-da-FIEMG-acompanha-abertura-da-Hannover-Messe-na-Alemanha.jpg\",\"contentUrl\":\"https:\/\/www.fiemg.com.br\/associativismo\/wp-content\/uploads\/sites\/29\/2024\/04\/Presidente-da-FIEMG-acompanha-abertura-da-Hannover-Messe-na-Alemanha.jpg\",\"width\":512,\"height\":512,\"caption\":\"Presidente da FIEMG acompanha abertura da Hannover Messe, na Alemanha\"},{\"@type\":\"BreadcrumbList\",\"@id\":\"https:\/\/www.fiemg.com.br\/associativismo\/noticias\/presidente-da-fiemg-acompanha-abertura-da-hannover-messe-na-alemanha\/#breadcrumb\",\"itemListElement\":[{\"@type\":\"ListItem\",\"position\":1,\"name\":\"In\u00edcio\",\"item\":\"https:\/\/www.fiemg.com.br\/associativismo\/\"},{\"@type\":\"ListItem\",\"position\":2,\"name\":\"Presidente da FIEMG acompanha abertura da Hannover Messe, na Alemanha\"}]},{\"@type\":\"WebSite\",\"@id\":\"https:\/\/www.fiemg.com.br\/associativismo\/#website\",\"url\":\"https:\/\/www.fiemg.com.br\/associativismo\/\",\"name\":\"Associativismo\",\"description\":\"Federa\u00e7\u00e3o das Ind\u00fastrias do Estado de Minas Gerais\",\"publisher\":{\"@id\":\"https:\/\/www.fiemg.com.br\/associativismo\/#organization\"},\"potentialAction\":[{\"@type\":\"SearchAction\",\"target\":{\"@type\":\"EntryPoint\",\"urlTemplate\":\"https:\/\/www.fiemg.com.br\/associativismo\/?s={search_term_string}\"},\"query-input\":{\"@type\":\"PropertyValueSpecification\",\"valueRequired\":true,\"valueName\":\"search_term_string\"}}],\"inLanguage\":\"pt-BR\"},{\"@type\":\"Organization\",\"@id\":\"https:\/\/www.fiemg.com.br\/associativismo\/#organization\",\"name\":\"Associativismo\",\"url\":\"https:\/\/www.fiemg.com.br\/associativismo\/\",\"logo\":{\"@type\":\"ImageObject\",\"inLanguage\":\"pt-BR\",\"@id\":\"https:\/\/www.fiemg.com.br\/associativismo\/#\/schema\/logo\/image\/\",\"url\":\"https:\/\/www.fiemg.com.br\/associativismo\/wp-content\/uploads\/sites\/29\/2023\/02\/fiemg_branco.svg\",\"contentUrl\":\"https:\/\/www.fiemg.com.br\/associativismo\/wp-content\/uploads\/sites\/29\/2023\/02\/fiemg_branco.svg\",\"width\":561,\"height\":147,\"caption\":\"Associativismo\"},\"image\":{\"@id\":\"https:\/\/www.fiemg.com.br\/associativismo\/#\/schema\/logo\/image\/\"}}]}<\/script>\n<!-- \/ Yoast SEO plugin. -->","yoast_head_json":{"title":"Presidente da FIEMG acompanha abertura da Hannover Messe, na Alemanha - Associativismo","description":"Delega\u00e7\u00e3o de mais de 150 empres\u00e1rios mineiros visitam a Hannover Messe, principal feira internacional de tecnologia para a ind\u00fastria","robots":{"index":"index","follow":"follow","max-snippet":"max-snippet:-1","max-image-preview":"max-image-preview:large","max-video-preview":"max-video-preview:-1"},"canonical":"https:\/\/www.fiemg.com.br\/associativismo\/noticias\/presidente-da-fiemg-acompanha-abertura-da-hannover-messe-na-alemanha\/","og_locale":"pt_BR","og_type":"article","og_title":"Presidente da FIEMG acompanha abertura da Hannover Messe, na Alemanha - Associativismo","og_description":"Delega\u00e7\u00e3o de mais de 150 empres\u00e1rios mineiros visitam a Hannover Messe, principal feira internacional de tecnologia para a ind\u00fastria","og_url":"https:\/\/www.fiemg.com.br\/associativismo\/noticias\/presidente-da-fiemg-acompanha-abertura-da-hannover-messe-na-alemanha\/","og_site_name":"Associativismo","article_modified_time":"2024-04-25T17:26:04+00:00","og_image":[{"width":300,"height":300,"url":"https:\/\/www.fiemg.com.br\/associativismo\/wp-content\/uploads\/sites\/29\/2024\/04\/CN000224A_FIEMG_MISSAO_ALEMANHA_PECAS_DIGITAIS-300x300-1.jpg","type":"image\/jpeg"}],"twitter_card":"summary_large_image","twitter_misc":{"Est. tempo de leitura":"3 minutos"},"schema":{"@context":"https:\/\/schema.org","@graph":[{"@type":"WebPage","@id":"https:\/\/www.fiemg.com.br\/associativismo\/noticias\/presidente-da-fiemg-acompanha-abertura-da-hannover-messe-na-alemanha\/","url":"https:\/\/www.fiemg.com.br\/associativismo\/noticias\/presidente-da-fiemg-acompanha-abertura-da-hannover-messe-na-alemanha\/","name":"Presidente da FIEMG acompanha abertura da Hannover Messe, na Alemanha - Associativismo","isPartOf":{"@id":"https:\/\/www.fiemg.com.br\/associativismo\/#website"},"primaryImageOfPage":{"@id":"https:\/\/www.fiemg.com.br\/associativismo\/noticias\/presidente-da-fiemg-acompanha-abertura-da-hannover-messe-na-alemanha\/#primaryimage"},"image":{"@id":"https:\/\/www.fiemg.com.br\/associativismo\/noticias\/presidente-da-fiemg-acompanha-abertura-da-hannover-messe-na-alemanha\/#primaryimage"},"thumbnailUrl":"https:\/\/www.fiemg.com.br\/associativismo\/wp-content\/uploads\/sites\/29\/2024\/04\/Presidente-da-FIEMG-acompanha-abertura-da-Hannover-Messe-na-Alemanha.jpg","datePublished":"2024-04-22T16:59:19+00:00","dateModified":"2024-04-25T17:26:04+00:00","description":"Delega\u00e7\u00e3o de mais de 150 empres\u00e1rios mineiros visitam a Hannover Messe, principal feira internacional de tecnologia para a ind\u00fastria","breadcrumb":{"@id":"https:\/\/www.fiemg.com.br\/associativismo\/noticias\/presidente-da-fiemg-acompanha-abertura-da-hannover-messe-na-alemanha\/#breadcrumb"},"inLanguage":"pt-BR","potentialAction":[{"@type":"ReadAction","target":["https:\/\/www.fiemg.com.br\/associativismo\/noticias\/presidente-da-fiemg-acompanha-abertura-da-hannover-messe-na-alemanha\/"]}]},{"@type":"ImageObject","inLanguage":"pt-BR","@id":"https:\/\/www.fiemg.com.br\/associativismo\/noticias\/presidente-da-fiemg-acompanha-abertura-da-hannover-messe-na-alemanha\/#primaryimage","url":"https:\/\/www.fiemg.com.br\/associativismo\/wp-content\/uploads\/sites\/29\/2024\/04\/Presidente-da-FIEMG-acompanha-abertura-da-Hannover-Messe-na-Alemanha.jpg","contentUrl":"https:\/\/www.fiemg.com.br\/associativismo\/wp-content\/uploads\/sites\/29\/2024\/04\/Presidente-da-FIEMG-acompanha-abertura-da-Hannover-Messe-na-Alemanha.jpg","width":512,"height":512,"caption":"Presidente da FIEMG acompanha abertura da Hannover Messe, na Alemanha"},{"@type":"BreadcrumbList","@id":"https:\/\/www.fiemg.com.br\/associativismo\/noticias\/presidente-da-fiemg-acompanha-abertura-da-hannover-messe-na-alemanha\/#breadcrumb","itemListElement":[{"@type":"ListItem","position":1,"name":"In\u00edcio","item":"https:\/\/www.fiemg.com.br\/associativismo\/"},{"@type":"ListItem","position":2,"name":"Presidente da FIEMG acompanha abertura da Hannover Messe, na Alemanha"}]},{"@type":"WebSite","@id":"https:\/\/www.fiemg.com.br\/associativismo\/#website","url":"https:\/\/www.fiemg.com.br\/associativismo\/","name":"Associativismo","description":"Federa\u00e7\u00e3o das Ind\u00fastrias do Estado de Minas Gerais","publisher":{"@id":"https:\/\/www.fiemg.com.br\/associativismo\/#organization"},"potentialAction":[{"@type":"SearchAction","target":{"@type":"EntryPoint","urlTemplate":"https:\/\/www.fiemg.com.br\/associativismo\/?s={search_term_string}"},"query-input":{"@type":"PropertyValueSpecification","valueRequired":true,"valueName":"search_term_string"}}],"inLanguage":"pt-BR"},{"@type":"Organization","@id":"https:\/\/www.fiemg.com.br\/associativismo\/#organization","name":"Associativismo","url":"https:\/\/www.fiemg.com.br\/associativismo\/","logo":{"@type":"ImageObject","inLanguage":"pt-BR","@id":"https:\/\/www.fiemg.com.br\/associativismo\/#\/schema\/logo\/image\/","url":"https:\/\/www.fiemg.com.br\/associativismo\/wp-content\/uploads\/sites\/29\/2023\/02\/fiemg_branco.svg","contentUrl":"https:\/\/www.fiemg.com.br\/associativismo\/wp-content\/uploads\/sites\/29\/2023\/02\/fiemg_branco.svg","width":561,"height":147,"caption":"Associativismo"},"image":{"@id":"https:\/\/www.fiemg.com.br\/associativismo\/#\/schema\/logo\/image\/"}}]}},"_links":{"self":[{"href":"https:\/\/www.fiemg.com.br\/associativismo\/wp-json\/wp\/v2\/noticias\/2435","targetHints":{"allow":["GET"]}}],"collection":[{"href":"https:\/\/www.fiemg.com.br\/associativismo\/wp-json\/wp\/v2\/noticias"}],"about":[{"href":"https:\/\/www.fiemg.com.br\/associativismo\/wp-json\/wp\/v2\/types\/noticias"}],"wp:featuredmedia":[{"embeddable":true,"href":"https:\/\/www.fiemg.com.br\/associativismo\/wp-json\/wp\/v2\/media\/2436"}],"wp:attachment":[{"href":"https:\/\/www.fiemg.com.br\/associativismo\/wp-json\/wp\/v2\/media?parent=2435"}],"wp:term":[{"taxonomy":"category","embeddable":true,"href":"https:\/\/www.fiemg.com.br\/associativismo\/wp-json\/wp\/v2\/categories?post=2435"},{"taxonomy":"post_tag","embeddable":true,"href":"https:\/\/www.fiemg.com.br\/associativismo\/wp-json\/wp\/v2\/tags?post=2435"}],"curies":[{"name":"wp","href":"https:\/\/api.w.org\/{rel}","templated":true}]}}