{"id":2462,"date":"2024-04-26T13:55:53","date_gmt":"2024-04-26T16:55:53","guid":{"rendered":"https:\/\/www.fiemg.com.br\/associativismo\/noticias\/conselho-de-tecnologia-e-inovacao-define-prioridades-para-gestao\/"},"modified":"2024-04-26T13:57:59","modified_gmt":"2024-04-26T16:57:59","slug":"conselho-de-tecnologia-e-inovacao-define-prioridades-para-gestao","status":"publish","type":"noticias","link":"https:\/\/www.fiemg.com.br\/associativismo\/noticias\/conselho-de-tecnologia-e-inovacao-define-prioridades-para-gestao\/","title":{"rendered":"Conselho de Tecnologia e Inova\u00e7\u00e3o define prioridades para gest\u00e3o"},"content":{"rendered":"\n<p><\/p>\n\n\n\n<p>Em reuni\u00e3o nesta quinta-feira (25\/4), o Conselho de Tecnologia e Inova\u00e7\u00e3o da Ind\u00fastria da Federa\u00e7\u00e3o das Ind\u00fastrias de Minas Gerais (FIEMG) definiu as diretrizes e prioridades da atual gest\u00e3o. Constru\u00eddas por meio de uma pesquisa realizada com os membros do conselho &#8211; que apontaram as iniciativas com maior impacto, menor esfor\u00e7o e possibilidade de implementa\u00e7\u00e3o em curto prazo dentro das empresas &#8211; as diretrizes estabelecidas foram:&nbsp;<\/p>\n\n\n\n<p>1- propor a\u00e7\u00f5es para sensibilizar ind\u00fastrias e seus colaboradores sobre a import\u00e2ncia da tecnologia e inova\u00e7\u00e3o para a competitividade dos neg\u00f3cios;<br>2- propor a\u00e7\u00f5es para capacitar profissionais de diferentes \u00e1reas da empresa (setor, n\u00edvel de tomada de decis\u00e3o) em tecnologia e inova\u00e7\u00e3o;<br>3- promover a inova\u00e7\u00e3o na ind\u00fastria por meio da inova\u00e7\u00e3o aberta (startups, ICTs, outras empresas da cadeia);<br>4- ser uma porta de entrada para as possibilidades de inova\u00e7\u00e3o dentro do Sistema FIEMG.<\/p>\n\n\n\n<p>A reuni\u00e3o do Conselho aconteceu em formato online e foi conduzida pelo presidente do colegiado, Matheus Pedrosa diretamente da Alemanha, onde est\u00e1 em miss\u00e3o com mais de 150 empres\u00e1rios mineiros visitando a Hannover Messe \u2013 principal feira internacional de tecnologia para a ind\u00fastria.<\/p>\n\n\n\n<p><strong>Capacita\u00e7\u00e3o&nbsp;<\/strong><\/p>\n\n\n\n<p>A partir da defini\u00e7\u00e3o das prioridades do Conselho, que incluem a capacita\u00e7\u00e3o de profissionais e lideran\u00e7as, o superintendente do Instituto Euvaldo Lodi (IEL), Gustavo Macena, apresentou as possibilidades, recursos e iniciativas que a FIEMG j\u00e1 possui no sentido de incentivar e auxiliar as ind\u00fastrias nessa tarefa.&nbsp;<\/p>\n\n\n\n<p>Como exemplo, Macena citou o FIEMG Lab, hub criado pelo IEL com o prop\u00f3sito de acelerar o futuro da ind\u00fastria para o aumento da competitividade, por meio da inova\u00e7\u00e3o aberta com startups e possibilitando o desenvolvimento econ\u00f4mico no ecossistema de inova\u00e7\u00e3o para empreendedores e ind\u00fastrias.<\/p>\n\n\n\n<p>Al\u00e9m disso, Macena anunciou tamb\u00e9m investimentos e iniciativas que est\u00e3o sendo planejadas pela FIEMG e IEL para o segundo semestre deste ano, no sentido de ampliar, desenvolver, implementar&nbsp; inova\u00e7\u00e3o e tecnologia nas empresas mineiras.<\/p>\n\n\n\n<p><strong>Investimentos<\/strong><\/p>\n\n\n\n<p>Ainda na reuni\u00e3o, o gerente de Intelig\u00eancia de Investimentos e Promo\u00e7\u00e3o da Exporta\u00e7\u00e3o da Invest Minas, Ivan Pinto, apresentou um panorama dos investimentos trazidos para o Estado desde o in\u00edcio da gest\u00e3o do governador Romeu Zema. A proposta do Conselho com a apresenta\u00e7\u00e3o \u00e9 conectar as a\u00e7\u00f5es do colegiado e as iniciativas do IEL aos investimentos e segmentos que est\u00e3o crescendo e recebendo recursos e aportes no Estado.&nbsp;<\/p>\n\n\n\n<p>Por fim, o professor e presidente da Funda\u00e7\u00e3o de Amparo \u00e0 Pesquisa do Estado de Minas Gerais (Fapemig), Carlos Arruda, apresentou um pipeline de chamadas p\u00fablicas abertas na institui\u00e7\u00e3o e adiantou algumas iniciativas que devem ser anunciadas no segundo semestre, como a negocia\u00e7\u00e3o para abertura de uma linha de cr\u00e9dito junto ao Banco de Desenvolvimento de Minas Gerais (BDMG) para projetos de inova\u00e7\u00e3o tecnol\u00f3gica do Compete Minas, programa da Fapemig com o governo do Estado que visa aumentar a competitividade do setor produtivo mineiro.<\/p>\n\n\n\n<p>Ao final da reuni\u00e3o, o presidente Matheus Pedrosa prop\u00f4s a cria\u00e7\u00e3o de um grupo de trabalho no \u00e2mbito do Conselho para analisar propostas e chamadas p\u00fablicas da Fapemig e se comprometeu a levar \u00e0 presid\u00eancia da FIEMG as informa\u00e7\u00f5es acerca de uma chamada p\u00fablica aberta para projetos de economia verde &#8211; tema sobre o qual a Federa\u00e7\u00e3o tem se dedicado e investido recursos.<\/p>\n\n\n\n<p><strong>Leia tamb\u00e9m:<\/strong><br><a href=\"https:\/\/www.fiemg.com.br\/noticias\/conselho-de-tecnologia-e-inovacao-debate-cenario-da-industria-no-pais\/\">Conselho de Tecnologia e Inova\u00e7\u00e3o debate cen\u00e1rio da ind\u00fastria no <\/a><a href=\"https:\/\/www.fiemg.com.br\/noticias\/conselho-de-tecnologia-e-inovacao-debate-cenario-da-industria-no-pais\/\" target=\"_blank\" rel=\"noreferrer noopener\">pa\u00eds<\/a><\/p>\n\n\n\n<p><em>Tha\u00eds Mota<\/em><br><strong>Imprensa FIEMG<\/strong><\/p>\n","protected":false},"featured_media":2464,"template":"","categories":[5],"tags":[629,46,55],"class_list":["post-2462","noticias","type-noticias","status-publish","has-post-thumbnail","hentry","category-capacitacao-empresarial","tag-conselho-de-inovacao-e-tecnologia","tag-fiemg","tag-industria"],"acf":[],"yoast_head":"<!-- This site is optimized with the Yoast SEO plugin v26.2 - https:\/\/yoast.com\/wordpress\/plugins\/seo\/ -->\n<title>Conselho de Tecnologia e Inova\u00e7\u00e3o define prioridades para gest\u00e3o - Associativismo<\/title>\n<meta name=\"description\" content=\"Reuni\u00e3o contou com participa\u00e7\u00e3o da Invest Minas, que apresentou investimentos atra\u00eddos para o Estado, e a Fapemig, que apresentou iniciativas para a ind\u00fastria\" \/>\n<meta name=\"robots\" content=\"index, follow, max-snippet:-1, max-image-preview:large, max-video-preview:-1\" \/>\n<link rel=\"canonical\" href=\"https:\/\/www.fiemg.com.br\/associativismo\/noticias\/conselho-de-tecnologia-e-inovacao-define-prioridades-para-gestao\/\" \/>\n<meta property=\"og:locale\" content=\"pt_BR\" \/>\n<meta property=\"og:type\" content=\"article\" \/>\n<meta property=\"og:title\" content=\"Conselho de Tecnologia e Inova\u00e7\u00e3o define prioridades para gest\u00e3o - Associativismo\" \/>\n<meta property=\"og:description\" content=\"Reuni\u00e3o contou com participa\u00e7\u00e3o da Invest Minas, que apresentou investimentos atra\u00eddos para o Estado, e a Fapemig, que apresentou iniciativas para a ind\u00fastria\" \/>\n<meta property=\"og:url\" content=\"https:\/\/www.fiemg.com.br\/associativismo\/noticias\/conselho-de-tecnologia-e-inovacao-define-prioridades-para-gestao\/\" \/>\n<meta property=\"og:site_name\" content=\"Associativismo\" \/>\n<meta property=\"article:modified_time\" content=\"2024-04-26T16:57:59+00:00\" \/>\n<meta property=\"og:image\" content=\"https:\/\/www.fiemg.com.br\/associativismo\/wp-content\/uploads\/sites\/29\/2024\/04\/512-x-512-5.jpg\" \/>\n\t<meta property=\"og:image:width\" content=\"512\" \/>\n\t<meta property=\"og:image:height\" content=\"512\" \/>\n\t<meta property=\"og:image:type\" content=\"image\/jpeg\" \/>\n<meta name=\"twitter:card\" content=\"summary_large_image\" \/>\n<meta name=\"twitter:label1\" content=\"Est. tempo de leitura\" \/>\n\t<meta name=\"twitter:data1\" content=\"3 minutos\" \/>\n<script type=\"application\/ld+json\" class=\"yoast-schema-graph\">{\"@context\":\"https:\/\/schema.org\",\"@graph\":[{\"@type\":\"WebPage\",\"@id\":\"https:\/\/www.fiemg.com.br\/associativismo\/noticias\/conselho-de-tecnologia-e-inovacao-define-prioridades-para-gestao\/\",\"url\":\"https:\/\/www.fiemg.com.br\/associativismo\/noticias\/conselho-de-tecnologia-e-inovacao-define-prioridades-para-gestao\/\",\"name\":\"Conselho de Tecnologia e Inova\u00e7\u00e3o define prioridades para gest\u00e3o - Associativismo\",\"isPartOf\":{\"@id\":\"https:\/\/www.fiemg.com.br\/associativismo\/#website\"},\"primaryImageOfPage\":{\"@id\":\"https:\/\/www.fiemg.com.br\/associativismo\/noticias\/conselho-de-tecnologia-e-inovacao-define-prioridades-para-gestao\/#primaryimage\"},\"image\":{\"@id\":\"https:\/\/www.fiemg.com.br\/associativismo\/noticias\/conselho-de-tecnologia-e-inovacao-define-prioridades-para-gestao\/#primaryimage\"},\"thumbnailUrl\":\"https:\/\/www.fiemg.com.br\/associativismo\/wp-content\/uploads\/sites\/29\/2024\/04\/512-x-512-5.jpg\",\"datePublished\":\"2024-04-26T16:55:53+00:00\",\"dateModified\":\"2024-04-26T16:57:59+00:00\",\"description\":\"Reuni\u00e3o contou com participa\u00e7\u00e3o da Invest Minas, que apresentou investimentos atra\u00eddos para o Estado, e a Fapemig, que apresentou iniciativas para a ind\u00fastria\",\"breadcrumb\":{\"@id\":\"https:\/\/www.fiemg.com.br\/associativismo\/noticias\/conselho-de-tecnologia-e-inovacao-define-prioridades-para-gestao\/#breadcrumb\"},\"inLanguage\":\"pt-BR\",\"potentialAction\":[{\"@type\":\"ReadAction\",\"target\":[\"https:\/\/www.fiemg.com.br\/associativismo\/noticias\/conselho-de-tecnologia-e-inovacao-define-prioridades-para-gestao\/\"]}]},{\"@type\":\"ImageObject\",\"inLanguage\":\"pt-BR\",\"@id\":\"https:\/\/www.fiemg.com.br\/associativismo\/noticias\/conselho-de-tecnologia-e-inovacao-define-prioridades-para-gestao\/#primaryimage\",\"url\":\"https:\/\/www.fiemg.com.br\/associativismo\/wp-content\/uploads\/sites\/29\/2024\/04\/512-x-512-5.jpg\",\"contentUrl\":\"https:\/\/www.fiemg.com.br\/associativismo\/wp-content\/uploads\/sites\/29\/2024\/04\/512-x-512-5.jpg\",\"width\":512,\"height\":512},{\"@type\":\"BreadcrumbList\",\"@id\":\"https:\/\/www.fiemg.com.br\/associativismo\/noticias\/conselho-de-tecnologia-e-inovacao-define-prioridades-para-gestao\/#breadcrumb\",\"itemListElement\":[{\"@type\":\"ListItem\",\"position\":1,\"name\":\"In\u00edcio\",\"item\":\"https:\/\/www.fiemg.com.br\/associativismo\/\"},{\"@type\":\"ListItem\",\"position\":2,\"name\":\"Conselho de Tecnologia e Inova\u00e7\u00e3o define prioridades para gest\u00e3o\"}]},{\"@type\":\"WebSite\",\"@id\":\"https:\/\/www.fiemg.com.br\/associativismo\/#website\",\"url\":\"https:\/\/www.fiemg.com.br\/associativismo\/\",\"name\":\"Associativismo\",\"description\":\"Federa\u00e7\u00e3o das Ind\u00fastrias do Estado de Minas Gerais\",\"publisher\":{\"@id\":\"https:\/\/www.fiemg.com.br\/associativismo\/#organization\"},\"potentialAction\":[{\"@type\":\"SearchAction\",\"target\":{\"@type\":\"EntryPoint\",\"urlTemplate\":\"https:\/\/www.fiemg.com.br\/associativismo\/?s={search_term_string}\"},\"query-input\":{\"@type\":\"PropertyValueSpecification\",\"valueRequired\":true,\"valueName\":\"search_term_string\"}}],\"inLanguage\":\"pt-BR\"},{\"@type\":\"Organization\",\"@id\":\"https:\/\/www.fiemg.com.br\/associativismo\/#organization\",\"name\":\"Associativismo\",\"url\":\"https:\/\/www.fiemg.com.br\/associativismo\/\",\"logo\":{\"@type\":\"ImageObject\",\"inLanguage\":\"pt-BR\",\"@id\":\"https:\/\/www.fiemg.com.br\/associativismo\/#\/schema\/logo\/image\/\",\"url\":\"https:\/\/www.fiemg.com.br\/associativismo\/wp-content\/uploads\/sites\/29\/2023\/02\/fiemg_branco.svg\",\"contentUrl\":\"https:\/\/www.fiemg.com.br\/associativismo\/wp-content\/uploads\/sites\/29\/2023\/02\/fiemg_branco.svg\",\"width\":561,\"height\":147,\"caption\":\"Associativismo\"},\"image\":{\"@id\":\"https:\/\/www.fiemg.com.br\/associativismo\/#\/schema\/logo\/image\/\"}}]}<\/script>\n<!-- \/ Yoast SEO plugin. -->","yoast_head_json":{"title":"Conselho de Tecnologia e Inova\u00e7\u00e3o define prioridades para gest\u00e3o - Associativismo","description":"Reuni\u00e3o contou com participa\u00e7\u00e3o da Invest Minas, que apresentou investimentos atra\u00eddos para o Estado, e a Fapemig, que apresentou iniciativas para a ind\u00fastria","robots":{"index":"index","follow":"follow","max-snippet":"max-snippet:-1","max-image-preview":"max-image-preview:large","max-video-preview":"max-video-preview:-1"},"canonical":"https:\/\/www.fiemg.com.br\/associativismo\/noticias\/conselho-de-tecnologia-e-inovacao-define-prioridades-para-gestao\/","og_locale":"pt_BR","og_type":"article","og_title":"Conselho de Tecnologia e Inova\u00e7\u00e3o define prioridades para gest\u00e3o - Associativismo","og_description":"Reuni\u00e3o contou com participa\u00e7\u00e3o da Invest Minas, que apresentou investimentos atra\u00eddos para o Estado, e a Fapemig, que apresentou iniciativas para a ind\u00fastria","og_url":"https:\/\/www.fiemg.com.br\/associativismo\/noticias\/conselho-de-tecnologia-e-inovacao-define-prioridades-para-gestao\/","og_site_name":"Associativismo","article_modified_time":"2024-04-26T16:57:59+00:00","og_image":[{"width":512,"height":512,"url":"https:\/\/www.fiemg.com.br\/associativismo\/wp-content\/uploads\/sites\/29\/2024\/04\/512-x-512-5.jpg","type":"image\/jpeg"}],"twitter_card":"summary_large_image","twitter_misc":{"Est. tempo de leitura":"3 minutos"},"schema":{"@context":"https:\/\/schema.org","@graph":[{"@type":"WebPage","@id":"https:\/\/www.fiemg.com.br\/associativismo\/noticias\/conselho-de-tecnologia-e-inovacao-define-prioridades-para-gestao\/","url":"https:\/\/www.fiemg.com.br\/associativismo\/noticias\/conselho-de-tecnologia-e-inovacao-define-prioridades-para-gestao\/","name":"Conselho de Tecnologia e Inova\u00e7\u00e3o define prioridades para gest\u00e3o - Associativismo","isPartOf":{"@id":"https:\/\/www.fiemg.com.br\/associativismo\/#website"},"primaryImageOfPage":{"@id":"https:\/\/www.fiemg.com.br\/associativismo\/noticias\/conselho-de-tecnologia-e-inovacao-define-prioridades-para-gestao\/#primaryimage"},"image":{"@id":"https:\/\/www.fiemg.com.br\/associativismo\/noticias\/conselho-de-tecnologia-e-inovacao-define-prioridades-para-gestao\/#primaryimage"},"thumbnailUrl":"https:\/\/www.fiemg.com.br\/associativismo\/wp-content\/uploads\/sites\/29\/2024\/04\/512-x-512-5.jpg","datePublished":"2024-04-26T16:55:53+00:00","dateModified":"2024-04-26T16:57:59+00:00","description":"Reuni\u00e3o contou com participa\u00e7\u00e3o da Invest Minas, que apresentou investimentos atra\u00eddos para o Estado, e a Fapemig, que apresentou iniciativas para a ind\u00fastria","breadcrumb":{"@id":"https:\/\/www.fiemg.com.br\/associativismo\/noticias\/conselho-de-tecnologia-e-inovacao-define-prioridades-para-gestao\/#breadcrumb"},"inLanguage":"pt-BR","potentialAction":[{"@type":"ReadAction","target":["https:\/\/www.fiemg.com.br\/associativismo\/noticias\/conselho-de-tecnologia-e-inovacao-define-prioridades-para-gestao\/"]}]},{"@type":"ImageObject","inLanguage":"pt-BR","@id":"https:\/\/www.fiemg.com.br\/associativismo\/noticias\/conselho-de-tecnologia-e-inovacao-define-prioridades-para-gestao\/#primaryimage","url":"https:\/\/www.fiemg.com.br\/associativismo\/wp-content\/uploads\/sites\/29\/2024\/04\/512-x-512-5.jpg","contentUrl":"https:\/\/www.fiemg.com.br\/associativismo\/wp-content\/uploads\/sites\/29\/2024\/04\/512-x-512-5.jpg","width":512,"height":512},{"@type":"BreadcrumbList","@id":"https:\/\/www.fiemg.com.br\/associativismo\/noticias\/conselho-de-tecnologia-e-inovacao-define-prioridades-para-gestao\/#breadcrumb","itemListElement":[{"@type":"ListItem","position":1,"name":"In\u00edcio","item":"https:\/\/www.fiemg.com.br\/associativismo\/"},{"@type":"ListItem","position":2,"name":"Conselho de Tecnologia e Inova\u00e7\u00e3o define prioridades para gest\u00e3o"}]},{"@type":"WebSite","@id":"https:\/\/www.fiemg.com.br\/associativismo\/#website","url":"https:\/\/www.fiemg.com.br\/associativismo\/","name":"Associativismo","description":"Federa\u00e7\u00e3o das Ind\u00fastrias do Estado de Minas Gerais","publisher":{"@id":"https:\/\/www.fiemg.com.br\/associativismo\/#organization"},"potentialAction":[{"@type":"SearchAction","target":{"@type":"EntryPoint","urlTemplate":"https:\/\/www.fiemg.com.br\/associativismo\/?s={search_term_string}"},"query-input":{"@type":"PropertyValueSpecification","valueRequired":true,"valueName":"search_term_string"}}],"inLanguage":"pt-BR"},{"@type":"Organization","@id":"https:\/\/www.fiemg.com.br\/associativismo\/#organization","name":"Associativismo","url":"https:\/\/www.fiemg.com.br\/associativismo\/","logo":{"@type":"ImageObject","inLanguage":"pt-BR","@id":"https:\/\/www.fiemg.com.br\/associativismo\/#\/schema\/logo\/image\/","url":"https:\/\/www.fiemg.com.br\/associativismo\/wp-content\/uploads\/sites\/29\/2023\/02\/fiemg_branco.svg","contentUrl":"https:\/\/www.fiemg.com.br\/associativismo\/wp-content\/uploads\/sites\/29\/2023\/02\/fiemg_branco.svg","width":561,"height":147,"caption":"Associativismo"},"image":{"@id":"https:\/\/www.fiemg.com.br\/associativismo\/#\/schema\/logo\/image\/"}}]}},"_links":{"self":[{"href":"https:\/\/www.fiemg.com.br\/associativismo\/wp-json\/wp\/v2\/noticias\/2462","targetHints":{"allow":["GET"]}}],"collection":[{"href":"https:\/\/www.fiemg.com.br\/associativismo\/wp-json\/wp\/v2\/noticias"}],"about":[{"href":"https:\/\/www.fiemg.com.br\/associativismo\/wp-json\/wp\/v2\/types\/noticias"}],"wp:featuredmedia":[{"embeddable":true,"href":"https:\/\/www.fiemg.com.br\/associativismo\/wp-json\/wp\/v2\/media\/2464"}],"wp:attachment":[{"href":"https:\/\/www.fiemg.com.br\/associativismo\/wp-json\/wp\/v2\/media?parent=2462"}],"wp:term":[{"taxonomy":"category","embeddable":true,"href":"https:\/\/www.fiemg.com.br\/associativismo\/wp-json\/wp\/v2\/categories?post=2462"},{"taxonomy":"post_tag","embeddable":true,"href":"https:\/\/www.fiemg.com.br\/associativismo\/wp-json\/wp\/v2\/tags?post=2462"}],"curies":[{"name":"wp","href":"https:\/\/api.w.org\/{rel}","templated":true}]}}