{"id":2514,"date":"2024-05-16T16:38:11","date_gmt":"2024-05-16T19:38:11","guid":{"rendered":"https:\/\/www.fiemg.com.br\/associativismo\/noticias\/centro-internacional-de-negocios-cin-promove-capacitacao-sobre-exportacoes-2\/"},"modified":"2024-05-16T16:39:15","modified_gmt":"2024-05-16T19:39:15","slug":"centro-internacional-de-negocios-cin-promove-capacitacao-sobre-exportacoes-2","status":"publish","type":"noticias","link":"https:\/\/www.fiemg.com.br\/associativismo\/noticias\/centro-internacional-de-negocios-cin-promove-capacitacao-sobre-exportacoes-2\/","title":{"rendered":"Centro Internacional de Neg\u00f3cios (CIN) promove capacita\u00e7\u00e3o sobre exporta\u00e7\u00f5es"},"content":{"rendered":"\n<p><\/p>\n\n\n\n<p>O Centro Internacional de Neg\u00f3cios (CIN) da FIEMG promove, nos dias 28 e 29 de maio, a capacita\u00e7\u00e3o \u201cExporta\u00e7\u00e3o na Pr\u00e1tica II\u201d. As aulas ser\u00e3o online, por meio da plataforma Microsoft Teams, das 15h \u00e0s 18h.<\/p>\n\n\n\n<p>Em continua\u00e7\u00e3o ao m\u00f3dulo I do curso, o objetivo do m\u00f3dulo II \u00e9 abordar os principais fatores cr\u00edticos de sucesso e os demais conceitos que&nbsp; possibilitem uma an\u00e1lise da competitividade das empresas em mercados externos, orientando os participantes no entendimento dos processos e adequa\u00e7\u00f5es para exporta\u00e7\u00e3o de produtos e servi\u00e7os.<\/p>\n\n\n\n<p>A capacita\u00e7\u00e3o ser\u00e1 ministrada pela economista e especialista em gest\u00e3o empresarial, professora Gilda Zimmer, e \u00e9 ideal para quem busca expandir os neg\u00f3cios para mercados internacionais.<\/p>\n\n\n\n<p>As inscri\u00e7\u00f5es podem ser realizadas <a href=\"https:\/\/docs.google.com\/forms\/d\/e\/1FAIpQLScP9AEOjICGPG1jsIvOR9LLRK_MJXq6AQKTnhHczwcsboUgLg\/viewform\">neste link<\/a>, onde tamb\u00e9m est\u00e3o dispon\u00edveis todas as informa\u00e7\u00f5es sobre o evento.<\/p>\n\n\n\n<p><em>Tha\u00eds Mota<\/em><br><strong>Imprensa FIEMG<\/strong><\/p>\n","protected":false},"featured_media":2383,"template":"","categories":[5],"tags":[159,231,73,660,661],"class_list":["post-2514","noticias","type-noticias","status-publish","has-post-thumbnail","hentry","category-capacitacao-empresarial","tag-capacitacao","tag-centro-internacional-de-negocios","tag-cin","tag-exportacao-na-pratica","tag-exportacoes"],"acf":[],"yoast_head":"<!-- This site is optimized with the Yoast SEO plugin v26.2 - https:\/\/yoast.com\/wordpress\/plugins\/seo\/ -->\n<title>Centro Internacional de Neg\u00f3cios (CIN) promove capacita\u00e7\u00e3o sobre exporta\u00e7\u00f5es - Associativismo<\/title>\n<meta name=\"description\" content=\"Evento \u00e9 online e acontece nos dias 28 e 29 de maio\" \/>\n<meta name=\"robots\" content=\"index, follow, max-snippet:-1, max-image-preview:large, max-video-preview:-1\" \/>\n<link rel=\"canonical\" href=\"https:\/\/www.fiemg.com.br\/associativismo\/noticias\/centro-internacional-de-negocios-cin-promove-capacitacao-sobre-exportacoes-2\/\" \/>\n<meta property=\"og:locale\" content=\"pt_BR\" \/>\n<meta property=\"og:type\" content=\"article\" \/>\n<meta property=\"og:title\" content=\"Centro Internacional de Neg\u00f3cios (CIN) promove capacita\u00e7\u00e3o sobre exporta\u00e7\u00f5es - Associativismo\" \/>\n<meta property=\"og:description\" content=\"Evento \u00e9 online e acontece nos dias 28 e 29 de maio\" \/>\n<meta property=\"og:url\" content=\"https:\/\/www.fiemg.com.br\/associativismo\/noticias\/centro-internacional-de-negocios-cin-promove-capacitacao-sobre-exportacoes-2\/\" \/>\n<meta property=\"og:site_name\" content=\"Associativismo\" \/>\n<meta property=\"article:modified_time\" content=\"2024-05-16T19:39:15+00:00\" \/>\n<meta property=\"og:image\" content=\"https:\/\/www.fiemg.com.br\/associativismo\/wp-content\/uploads\/sites\/29\/2024\/04\/cin-capacitacao-mercado-internacional.png\" \/>\n\t<meta property=\"og:image:width\" content=\"300\" \/>\n\t<meta property=\"og:image:height\" content=\"200\" \/>\n\t<meta property=\"og:image:type\" content=\"image\/png\" \/>\n<meta name=\"twitter:card\" content=\"summary_large_image\" \/>\n<meta name=\"twitter:label1\" content=\"Est. tempo de leitura\" \/>\n\t<meta name=\"twitter:data1\" content=\"1 minuto\" \/>\n<script type=\"application\/ld+json\" class=\"yoast-schema-graph\">{\"@context\":\"https:\/\/schema.org\",\"@graph\":[{\"@type\":\"WebPage\",\"@id\":\"https:\/\/www.fiemg.com.br\/associativismo\/noticias\/centro-internacional-de-negocios-cin-promove-capacitacao-sobre-exportacoes-2\/\",\"url\":\"https:\/\/www.fiemg.com.br\/associativismo\/noticias\/centro-internacional-de-negocios-cin-promove-capacitacao-sobre-exportacoes-2\/\",\"name\":\"Centro Internacional de Neg\u00f3cios (CIN) promove capacita\u00e7\u00e3o sobre exporta\u00e7\u00f5es - Associativismo\",\"isPartOf\":{\"@id\":\"https:\/\/www.fiemg.com.br\/associativismo\/#website\"},\"primaryImageOfPage\":{\"@id\":\"https:\/\/www.fiemg.com.br\/associativismo\/noticias\/centro-internacional-de-negocios-cin-promove-capacitacao-sobre-exportacoes-2\/#primaryimage\"},\"image\":{\"@id\":\"https:\/\/www.fiemg.com.br\/associativismo\/noticias\/centro-internacional-de-negocios-cin-promove-capacitacao-sobre-exportacoes-2\/#primaryimage\"},\"thumbnailUrl\":\"https:\/\/www.fiemg.com.br\/associativismo\/wp-content\/uploads\/sites\/29\/2024\/04\/cin-capacitacao-mercado-internacional.png\",\"datePublished\":\"2024-05-16T19:38:11+00:00\",\"dateModified\":\"2024-05-16T19:39:15+00:00\",\"description\":\"Evento \u00e9 online e acontece nos dias 28 e 29 de maio\",\"breadcrumb\":{\"@id\":\"https:\/\/www.fiemg.com.br\/associativismo\/noticias\/centro-internacional-de-negocios-cin-promove-capacitacao-sobre-exportacoes-2\/#breadcrumb\"},\"inLanguage\":\"pt-BR\",\"potentialAction\":[{\"@type\":\"ReadAction\",\"target\":[\"https:\/\/www.fiemg.com.br\/associativismo\/noticias\/centro-internacional-de-negocios-cin-promove-capacitacao-sobre-exportacoes-2\/\"]}]},{\"@type\":\"ImageObject\",\"inLanguage\":\"pt-BR\",\"@id\":\"https:\/\/www.fiemg.com.br\/associativismo\/noticias\/centro-internacional-de-negocios-cin-promove-capacitacao-sobre-exportacoes-2\/#primaryimage\",\"url\":\"https:\/\/www.fiemg.com.br\/associativismo\/wp-content\/uploads\/sites\/29\/2024\/04\/cin-capacitacao-mercado-internacional.png\",\"contentUrl\":\"https:\/\/www.fiemg.com.br\/associativismo\/wp-content\/uploads\/sites\/29\/2024\/04\/cin-capacitacao-mercado-internacional.png\",\"width\":300,\"height\":200,\"caption\":\"Sindiextra participa do 2\u00b0 dia de programa\u00e7\u00e3o da Semana Antofagasta \u2013 Brasil\"},{\"@type\":\"BreadcrumbList\",\"@id\":\"https:\/\/www.fiemg.com.br\/associativismo\/noticias\/centro-internacional-de-negocios-cin-promove-capacitacao-sobre-exportacoes-2\/#breadcrumb\",\"itemListElement\":[{\"@type\":\"ListItem\",\"position\":1,\"name\":\"In\u00edcio\",\"item\":\"https:\/\/www.fiemg.com.br\/associativismo\/\"},{\"@type\":\"ListItem\",\"position\":2,\"name\":\"Centro Internacional de Neg\u00f3cios (CIN) promove capacita\u00e7\u00e3o sobre exporta\u00e7\u00f5es\"}]},{\"@type\":\"WebSite\",\"@id\":\"https:\/\/www.fiemg.com.br\/associativismo\/#website\",\"url\":\"https:\/\/www.fiemg.com.br\/associativismo\/\",\"name\":\"Associativismo\",\"description\":\"Federa\u00e7\u00e3o das Ind\u00fastrias do Estado de Minas Gerais\",\"publisher\":{\"@id\":\"https:\/\/www.fiemg.com.br\/associativismo\/#organization\"},\"potentialAction\":[{\"@type\":\"SearchAction\",\"target\":{\"@type\":\"EntryPoint\",\"urlTemplate\":\"https:\/\/www.fiemg.com.br\/associativismo\/?s={search_term_string}\"},\"query-input\":{\"@type\":\"PropertyValueSpecification\",\"valueRequired\":true,\"valueName\":\"search_term_string\"}}],\"inLanguage\":\"pt-BR\"},{\"@type\":\"Organization\",\"@id\":\"https:\/\/www.fiemg.com.br\/associativismo\/#organization\",\"name\":\"Associativismo\",\"url\":\"https:\/\/www.fiemg.com.br\/associativismo\/\",\"logo\":{\"@type\":\"ImageObject\",\"inLanguage\":\"pt-BR\",\"@id\":\"https:\/\/www.fiemg.com.br\/associativismo\/#\/schema\/logo\/image\/\",\"url\":\"https:\/\/www.fiemg.com.br\/associativismo\/wp-content\/uploads\/sites\/29\/2023\/02\/fiemg_branco.svg\",\"contentUrl\":\"https:\/\/www.fiemg.com.br\/associativismo\/wp-content\/uploads\/sites\/29\/2023\/02\/fiemg_branco.svg\",\"width\":561,\"height\":147,\"caption\":\"Associativismo\"},\"image\":{\"@id\":\"https:\/\/www.fiemg.com.br\/associativismo\/#\/schema\/logo\/image\/\"}}]}<\/script>\n<!-- \/ Yoast SEO plugin. -->","yoast_head_json":{"title":"Centro Internacional de Neg\u00f3cios (CIN) promove capacita\u00e7\u00e3o sobre exporta\u00e7\u00f5es - Associativismo","description":"Evento \u00e9 online e acontece nos dias 28 e 29 de maio","robots":{"index":"index","follow":"follow","max-snippet":"max-snippet:-1","max-image-preview":"max-image-preview:large","max-video-preview":"max-video-preview:-1"},"canonical":"https:\/\/www.fiemg.com.br\/associativismo\/noticias\/centro-internacional-de-negocios-cin-promove-capacitacao-sobre-exportacoes-2\/","og_locale":"pt_BR","og_type":"article","og_title":"Centro Internacional de Neg\u00f3cios (CIN) promove capacita\u00e7\u00e3o sobre exporta\u00e7\u00f5es - Associativismo","og_description":"Evento \u00e9 online e acontece nos dias 28 e 29 de maio","og_url":"https:\/\/www.fiemg.com.br\/associativismo\/noticias\/centro-internacional-de-negocios-cin-promove-capacitacao-sobre-exportacoes-2\/","og_site_name":"Associativismo","article_modified_time":"2024-05-16T19:39:15+00:00","og_image":[{"width":300,"height":200,"url":"https:\/\/www.fiemg.com.br\/associativismo\/wp-content\/uploads\/sites\/29\/2024\/04\/cin-capacitacao-mercado-internacional.png","type":"image\/png"}],"twitter_card":"summary_large_image","twitter_misc":{"Est. tempo de leitura":"1 minuto"},"schema":{"@context":"https:\/\/schema.org","@graph":[{"@type":"WebPage","@id":"https:\/\/www.fiemg.com.br\/associativismo\/noticias\/centro-internacional-de-negocios-cin-promove-capacitacao-sobre-exportacoes-2\/","url":"https:\/\/www.fiemg.com.br\/associativismo\/noticias\/centro-internacional-de-negocios-cin-promove-capacitacao-sobre-exportacoes-2\/","name":"Centro Internacional de Neg\u00f3cios (CIN) promove capacita\u00e7\u00e3o sobre exporta\u00e7\u00f5es - Associativismo","isPartOf":{"@id":"https:\/\/www.fiemg.com.br\/associativismo\/#website"},"primaryImageOfPage":{"@id":"https:\/\/www.fiemg.com.br\/associativismo\/noticias\/centro-internacional-de-negocios-cin-promove-capacitacao-sobre-exportacoes-2\/#primaryimage"},"image":{"@id":"https:\/\/www.fiemg.com.br\/associativismo\/noticias\/centro-internacional-de-negocios-cin-promove-capacitacao-sobre-exportacoes-2\/#primaryimage"},"thumbnailUrl":"https:\/\/www.fiemg.com.br\/associativismo\/wp-content\/uploads\/sites\/29\/2024\/04\/cin-capacitacao-mercado-internacional.png","datePublished":"2024-05-16T19:38:11+00:00","dateModified":"2024-05-16T19:39:15+00:00","description":"Evento \u00e9 online e acontece nos dias 28 e 29 de maio","breadcrumb":{"@id":"https:\/\/www.fiemg.com.br\/associativismo\/noticias\/centro-internacional-de-negocios-cin-promove-capacitacao-sobre-exportacoes-2\/#breadcrumb"},"inLanguage":"pt-BR","potentialAction":[{"@type":"ReadAction","target":["https:\/\/www.fiemg.com.br\/associativismo\/noticias\/centro-internacional-de-negocios-cin-promove-capacitacao-sobre-exportacoes-2\/"]}]},{"@type":"ImageObject","inLanguage":"pt-BR","@id":"https:\/\/www.fiemg.com.br\/associativismo\/noticias\/centro-internacional-de-negocios-cin-promove-capacitacao-sobre-exportacoes-2\/#primaryimage","url":"https:\/\/www.fiemg.com.br\/associativismo\/wp-content\/uploads\/sites\/29\/2024\/04\/cin-capacitacao-mercado-internacional.png","contentUrl":"https:\/\/www.fiemg.com.br\/associativismo\/wp-content\/uploads\/sites\/29\/2024\/04\/cin-capacitacao-mercado-internacional.png","width":300,"height":200,"caption":"Sindiextra participa do 2\u00b0 dia de programa\u00e7\u00e3o da Semana Antofagasta \u2013 Brasil"},{"@type":"BreadcrumbList","@id":"https:\/\/www.fiemg.com.br\/associativismo\/noticias\/centro-internacional-de-negocios-cin-promove-capacitacao-sobre-exportacoes-2\/#breadcrumb","itemListElement":[{"@type":"ListItem","position":1,"name":"In\u00edcio","item":"https:\/\/www.fiemg.com.br\/associativismo\/"},{"@type":"ListItem","position":2,"name":"Centro Internacional de Neg\u00f3cios (CIN) promove capacita\u00e7\u00e3o sobre exporta\u00e7\u00f5es"}]},{"@type":"WebSite","@id":"https:\/\/www.fiemg.com.br\/associativismo\/#website","url":"https:\/\/www.fiemg.com.br\/associativismo\/","name":"Associativismo","description":"Federa\u00e7\u00e3o das Ind\u00fastrias do Estado de Minas Gerais","publisher":{"@id":"https:\/\/www.fiemg.com.br\/associativismo\/#organization"},"potentialAction":[{"@type":"SearchAction","target":{"@type":"EntryPoint","urlTemplate":"https:\/\/www.fiemg.com.br\/associativismo\/?s={search_term_string}"},"query-input":{"@type":"PropertyValueSpecification","valueRequired":true,"valueName":"search_term_string"}}],"inLanguage":"pt-BR"},{"@type":"Organization","@id":"https:\/\/www.fiemg.com.br\/associativismo\/#organization","name":"Associativismo","url":"https:\/\/www.fiemg.com.br\/associativismo\/","logo":{"@type":"ImageObject","inLanguage":"pt-BR","@id":"https:\/\/www.fiemg.com.br\/associativismo\/#\/schema\/logo\/image\/","url":"https:\/\/www.fiemg.com.br\/associativismo\/wp-content\/uploads\/sites\/29\/2023\/02\/fiemg_branco.svg","contentUrl":"https:\/\/www.fiemg.com.br\/associativismo\/wp-content\/uploads\/sites\/29\/2023\/02\/fiemg_branco.svg","width":561,"height":147,"caption":"Associativismo"},"image":{"@id":"https:\/\/www.fiemg.com.br\/associativismo\/#\/schema\/logo\/image\/"}}]}},"_links":{"self":[{"href":"https:\/\/www.fiemg.com.br\/associativismo\/wp-json\/wp\/v2\/noticias\/2514","targetHints":{"allow":["GET"]}}],"collection":[{"href":"https:\/\/www.fiemg.com.br\/associativismo\/wp-json\/wp\/v2\/noticias"}],"about":[{"href":"https:\/\/www.fiemg.com.br\/associativismo\/wp-json\/wp\/v2\/types\/noticias"}],"wp:featuredmedia":[{"embeddable":true,"href":"https:\/\/www.fiemg.com.br\/associativismo\/wp-json\/wp\/v2\/media\/2383"}],"wp:attachment":[{"href":"https:\/\/www.fiemg.com.br\/associativismo\/wp-json\/wp\/v2\/media?parent=2514"}],"wp:term":[{"taxonomy":"category","embeddable":true,"href":"https:\/\/www.fiemg.com.br\/associativismo\/wp-json\/wp\/v2\/categories?post=2514"},{"taxonomy":"post_tag","embeddable":true,"href":"https:\/\/www.fiemg.com.br\/associativismo\/wp-json\/wp\/v2\/tags?post=2514"}],"curies":[{"name":"wp","href":"https:\/\/api.w.org\/{rel}","templated":true}]}}