{"id":2555,"date":"2024-05-28T15:57:05","date_gmt":"2024-05-28T18:57:05","guid":{"rendered":"https:\/\/www.fiemg.com.br\/associativismo\/noticias\/visita-da-belgo-arames-ao-cit-parcerias-e-inovacoes-para-a-industria-brasileira\/"},"modified":"2024-06-04T14:52:25","modified_gmt":"2024-06-04T17:52:25","slug":"visita-da-belgo-arames-ao-cit-parcerias-e-inovacoes-para-a-industria-brasileira","status":"publish","type":"noticias","link":"https:\/\/www.fiemg.com.br\/associativismo\/noticias\/visita-da-belgo-arames-ao-cit-parcerias-e-inovacoes-para-a-industria-brasileira\/","title":{"rendered":"Visita da Belgo Arames ao CIT: parcerias e inova\u00e7\u00f5es para a ind\u00fastria brasileira"},"content":{"rendered":"\n<p>Na manh\u00e3 da \u00faltima sexta-feira, 24 de maio, o CEO da Belgo Arames, Rodrigo Archer, acompanhado por uma comitiva de executivos, visitou o Centro de Inova\u00e7\u00e3o e Tecnologia do SENAI (CIT) em Belo Horizonte. A visita incluiu paradas nos Institutos SENAI de Tecnologia Metalmec\u00e2nica (ISTMM), Inova\u00e7\u00e3o em Engenharia de Superf\u00edcies (ISIES) e Inova\u00e7\u00e3o em Metalurgia e Ligas Especiais.<\/p>\n\n\n\n<p>O grupo foi recepcionado pelo gerente de Pesquisa, Desenvolvimento e Inova\u00e7\u00e3o no CIT, Jos\u00e9 Luciano de Assis Pereira, que deu uma vis\u00e3o geral sobre a hist\u00f3ria do CIT, al\u00e9m de ressaltar a parceria com a Belgo Arames e os recentes avan\u00e7os da entidade, como a cria\u00e7\u00e3o do Centro de Descarboniza\u00e7\u00e3o e a aquisi\u00e7\u00e3o do Laborat\u00f3rio de \u00cdm\u00e3s de Terras Raras em Lagoa Santa.<\/p>\n\n\n\n<p>Durante a conversa, o CEO da Belgo Arames enfatizou a necessidade de a ind\u00fastria brasileira ser mais competitiva no cen\u00e1rio internacional. &#8220;Precisamos ter um custo menor, uma performance melhor e ainda mais efici\u00eancia durante os processos,&#8221; afirmou. Ele tamb\u00e9m desafiou o CIT a pensar em formas de automatizar as m\u00e1quinas sem alterar toda a planta industrial, visando reduzir custos e promover a inova\u00e7\u00e3o nos processos.<\/p>\n\n\n\n<p><strong>Visitas aos Institutos &#8211; <\/strong>A primeira parada foi no Instituto SENAI de Tecnologia Metalmec\u00e2nica (ISTMM), onde o coordenador de PDI, J\u00falio Alvarenga, apresentou os laborat\u00f3rios e destacou projetos importantes, como a Pistola de Hidrojateamento e o CDT MADA, principal projeto em parceria com a Belgo Arames.<\/p>\n\n\n\n<p>No Instituto SENAI de Inova\u00e7\u00e3o em Engenharia de Superf\u00edcies (ISIES), Jessica Caroline de Oliveira, analista de Tecnologia, mostrou o rec\u00e9m-adquirido equipamento de \u201cpropulsionamento de telas\u201d um projeto desenvolvido em conjunto com a Belgo Arames. Ela explicou as funcionalidades do equipamento e como ele contribui para os projetos de inova\u00e7\u00e3o.<\/p>\n\n\n\n<p>Thiago Manoel, tamb\u00e9m analista de Tecnologia no ISIES, guiou a comitiva pelo instituto, destacando os testes de desgaste e desenvolvimento de revestimento de superf\u00edcie. Ele exemplificou como o Instituto pode apoiar a Belgo Arames na redu\u00e7\u00e3o de desgastes e otimiza\u00e7\u00e3o da produ\u00e7\u00e3o.<\/p>\n\n\n\n<p>Jos\u00e9 Luciano encerrou a visita reafirmando o compromisso do CIT em apoiar a Belgo Arames em novos projetos. \u201cO CIT est\u00e1 \u00e0 disposi\u00e7\u00e3o para colaborar e desenvolver mais iniciativas em conjunto\u201d, disse.<\/p>\n\n\n\n<p>Para Archer a parceria com o SENAI \u00e9 muito promissora. &#8220;Conseguimos ver outras possibilidades de trabalho conjunto, pois temos o mesmo objetivo \u2013 fortalecer a ind\u00fastria nacional por meio de entregas de qualidade, eficientes e tecnicamente confi\u00e1veis. Juntar a expertise dos centros de pesquisa ligados \u00e0 institui\u00e7\u00e3o ao conhecimento que Belgo, como expoente da ind\u00fastria da transforma\u00e7\u00e3o, det\u00e9m pode gerar \u00f3timos resultados\u201d, elucidou.<\/p>\n\n\n\n<p>A visita do CEO da Belgo Arames foi uma oportunidade para fortalecer a parceria com o CIT SENAI e promover a inova\u00e7\u00e3o e a efici\u00eancia na ind\u00fastria brasileira.<\/p>\n\n\n\n<p><em>Ana Paula Motta<br><\/em><strong>Imprensa FIEMG<\/strong><\/p>\n","protected":false},"featured_media":2565,"template":"","categories":[],"tags":[],"class_list":["post-2555","noticias","type-noticias","status-publish","has-post-thumbnail","hentry"],"acf":[],"yoast_head":"<!-- This site is optimized with the Yoast SEO plugin v26.2 - https:\/\/yoast.com\/wordpress\/plugins\/seo\/ -->\n<title>Visita da Belgo Arames ao CIT: parcerias e inova\u00e7\u00f5es para a ind\u00fastria brasileira - Associativismo<\/title>\n<meta name=\"robots\" content=\"index, follow, max-snippet:-1, max-image-preview:large, max-video-preview:-1\" \/>\n<link rel=\"canonical\" href=\"https:\/\/www.fiemg.com.br\/associativismo\/noticias\/visita-da-belgo-arames-ao-cit-parcerias-e-inovacoes-para-a-industria-brasileira\/\" \/>\n<meta property=\"og:locale\" content=\"pt_BR\" \/>\n<meta property=\"og:type\" content=\"article\" \/>\n<meta property=\"og:title\" content=\"Visita da Belgo Arames ao CIT: parcerias e inova\u00e7\u00f5es para a ind\u00fastria brasileira - Associativismo\" \/>\n<meta property=\"og:description\" content=\"Na manh\u00e3 da \u00faltima sexta-feira, 24 de maio, o CEO da Belgo Arames, Rodrigo Archer, acompanhado por uma comitiva de executivos, visitou o Centro de Inova\u00e7\u00e3o e Tecnologia do SENAI (CIT) em Belo Horizonte. A visita incluiu paradas nos Institutos SENAI de Tecnologia Metalmec\u00e2nica (ISTMM), Inova\u00e7\u00e3o em Engenharia de Superf\u00edcies (ISIES) e Inova\u00e7\u00e3o em Metalurgia [&hellip;]\" \/>\n<meta property=\"og:url\" content=\"https:\/\/www.fiemg.com.br\/associativismo\/noticias\/visita-da-belgo-arames-ao-cit-parcerias-e-inovacoes-para-a-industria-brasileira\/\" \/>\n<meta property=\"og:site_name\" content=\"Associativismo\" \/>\n<meta property=\"article:modified_time\" content=\"2024-06-04T17:52:25+00:00\" \/>\n<meta property=\"og:image\" content=\"https:\/\/www.fiemg.com.br\/associativismo\/wp-content\/uploads\/sites\/29\/2023\/08\/default.png\" \/>\n\t<meta property=\"og:image:width\" content=\"300\" \/>\n\t<meta property=\"og:image:height\" content=\"300\" \/>\n\t<meta property=\"og:image:type\" content=\"image\/png\" \/>\n<meta name=\"twitter:card\" content=\"summary_large_image\" \/>\n<meta name=\"twitter:label1\" content=\"Est. tempo de leitura\" \/>\n\t<meta name=\"twitter:data1\" content=\"2 minutos\" \/>\n<script type=\"application\/ld+json\" class=\"yoast-schema-graph\">{\"@context\":\"https:\/\/schema.org\",\"@graph\":[{\"@type\":\"WebPage\",\"@id\":\"https:\/\/www.fiemg.com.br\/associativismo\/noticias\/visita-da-belgo-arames-ao-cit-parcerias-e-inovacoes-para-a-industria-brasileira\/\",\"url\":\"https:\/\/www.fiemg.com.br\/associativismo\/noticias\/visita-da-belgo-arames-ao-cit-parcerias-e-inovacoes-para-a-industria-brasileira\/\",\"name\":\"Visita da Belgo Arames ao CIT: parcerias e inova\u00e7\u00f5es para a ind\u00fastria brasileira - Associativismo\",\"isPartOf\":{\"@id\":\"https:\/\/www.fiemg.com.br\/associativismo\/#website\"},\"primaryImageOfPage\":{\"@id\":\"https:\/\/www.fiemg.com.br\/associativismo\/noticias\/visita-da-belgo-arames-ao-cit-parcerias-e-inovacoes-para-a-industria-brasileira\/#primaryimage\"},\"image\":{\"@id\":\"https:\/\/www.fiemg.com.br\/associativismo\/noticias\/visita-da-belgo-arames-ao-cit-parcerias-e-inovacoes-para-a-industria-brasileira\/#primaryimage\"},\"thumbnailUrl\":\"https:\/\/www.fiemg.com.br\/associativismo\/wp-content\/uploads\/sites\/29\/2024\/05\/visita-belgo-arames-cit-ceo.jpg\",\"datePublished\":\"2024-05-28T18:57:05+00:00\",\"dateModified\":\"2024-06-04T17:52:25+00:00\",\"breadcrumb\":{\"@id\":\"https:\/\/www.fiemg.com.br\/associativismo\/noticias\/visita-da-belgo-arames-ao-cit-parcerias-e-inovacoes-para-a-industria-brasileira\/#breadcrumb\"},\"inLanguage\":\"pt-BR\",\"potentialAction\":[{\"@type\":\"ReadAction\",\"target\":[\"https:\/\/www.fiemg.com.br\/associativismo\/noticias\/visita-da-belgo-arames-ao-cit-parcerias-e-inovacoes-para-a-industria-brasileira\/\"]}]},{\"@type\":\"ImageObject\",\"inLanguage\":\"pt-BR\",\"@id\":\"https:\/\/www.fiemg.com.br\/associativismo\/noticias\/visita-da-belgo-arames-ao-cit-parcerias-e-inovacoes-para-a-industria-brasileira\/#primaryimage\",\"url\":\"https:\/\/www.fiemg.com.br\/associativismo\/wp-content\/uploads\/sites\/29\/2024\/05\/visita-belgo-arames-cit-ceo.jpg\",\"contentUrl\":\"https:\/\/www.fiemg.com.br\/associativismo\/wp-content\/uploads\/sites\/29\/2024\/05\/visita-belgo-arames-cit-ceo.jpg\",\"width\":512,\"height\":512},{\"@type\":\"BreadcrumbList\",\"@id\":\"https:\/\/www.fiemg.com.br\/associativismo\/noticias\/visita-da-belgo-arames-ao-cit-parcerias-e-inovacoes-para-a-industria-brasileira\/#breadcrumb\",\"itemListElement\":[{\"@type\":\"ListItem\",\"position\":1,\"name\":\"In\u00edcio\",\"item\":\"https:\/\/www.fiemg.com.br\/associativismo\/\"},{\"@type\":\"ListItem\",\"position\":2,\"name\":\"Visita da Belgo Arames ao CIT: parcerias e inova\u00e7\u00f5es para a ind\u00fastria brasileira\"}]},{\"@type\":\"WebSite\",\"@id\":\"https:\/\/www.fiemg.com.br\/associativismo\/#website\",\"url\":\"https:\/\/www.fiemg.com.br\/associativismo\/\",\"name\":\"Associativismo\",\"description\":\"Federa\u00e7\u00e3o das Ind\u00fastrias do Estado de Minas Gerais\",\"publisher\":{\"@id\":\"https:\/\/www.fiemg.com.br\/associativismo\/#organization\"},\"potentialAction\":[{\"@type\":\"SearchAction\",\"target\":{\"@type\":\"EntryPoint\",\"urlTemplate\":\"https:\/\/www.fiemg.com.br\/associativismo\/?s={search_term_string}\"},\"query-input\":{\"@type\":\"PropertyValueSpecification\",\"valueRequired\":true,\"valueName\":\"search_term_string\"}}],\"inLanguage\":\"pt-BR\"},{\"@type\":\"Organization\",\"@id\":\"https:\/\/www.fiemg.com.br\/associativismo\/#organization\",\"name\":\"Associativismo\",\"url\":\"https:\/\/www.fiemg.com.br\/associativismo\/\",\"logo\":{\"@type\":\"ImageObject\",\"inLanguage\":\"pt-BR\",\"@id\":\"https:\/\/www.fiemg.com.br\/associativismo\/#\/schema\/logo\/image\/\",\"url\":\"https:\/\/www.fiemg.com.br\/associativismo\/wp-content\/uploads\/sites\/29\/2023\/02\/fiemg_branco.svg\",\"contentUrl\":\"https:\/\/www.fiemg.com.br\/associativismo\/wp-content\/uploads\/sites\/29\/2023\/02\/fiemg_branco.svg\",\"width\":561,\"height\":147,\"caption\":\"Associativismo\"},\"image\":{\"@id\":\"https:\/\/www.fiemg.com.br\/associativismo\/#\/schema\/logo\/image\/\"}}]}<\/script>\n<!-- \/ Yoast SEO plugin. -->","yoast_head_json":{"title":"Visita da Belgo Arames ao CIT: parcerias e inova\u00e7\u00f5es para a ind\u00fastria brasileira - Associativismo","robots":{"index":"index","follow":"follow","max-snippet":"max-snippet:-1","max-image-preview":"max-image-preview:large","max-video-preview":"max-video-preview:-1"},"canonical":"https:\/\/www.fiemg.com.br\/associativismo\/noticias\/visita-da-belgo-arames-ao-cit-parcerias-e-inovacoes-para-a-industria-brasileira\/","og_locale":"pt_BR","og_type":"article","og_title":"Visita da Belgo Arames ao CIT: parcerias e inova\u00e7\u00f5es para a ind\u00fastria brasileira - Associativismo","og_description":"Na manh\u00e3 da \u00faltima sexta-feira, 24 de maio, o CEO da Belgo Arames, Rodrigo Archer, acompanhado por uma comitiva de executivos, visitou o Centro de Inova\u00e7\u00e3o e Tecnologia do SENAI (CIT) em Belo Horizonte. A visita incluiu paradas nos Institutos SENAI de Tecnologia Metalmec\u00e2nica (ISTMM), Inova\u00e7\u00e3o em Engenharia de Superf\u00edcies (ISIES) e Inova\u00e7\u00e3o em Metalurgia [&hellip;]","og_url":"https:\/\/www.fiemg.com.br\/associativismo\/noticias\/visita-da-belgo-arames-ao-cit-parcerias-e-inovacoes-para-a-industria-brasileira\/","og_site_name":"Associativismo","article_modified_time":"2024-06-04T17:52:25+00:00","og_image":[{"width":300,"height":300,"url":"https:\/\/www.fiemg.com.br\/associativismo\/wp-content\/uploads\/sites\/29\/2023\/08\/default.png","type":"image\/png"}],"twitter_card":"summary_large_image","twitter_misc":{"Est. tempo de leitura":"2 minutos"},"schema":{"@context":"https:\/\/schema.org","@graph":[{"@type":"WebPage","@id":"https:\/\/www.fiemg.com.br\/associativismo\/noticias\/visita-da-belgo-arames-ao-cit-parcerias-e-inovacoes-para-a-industria-brasileira\/","url":"https:\/\/www.fiemg.com.br\/associativismo\/noticias\/visita-da-belgo-arames-ao-cit-parcerias-e-inovacoes-para-a-industria-brasileira\/","name":"Visita da Belgo Arames ao CIT: parcerias e inova\u00e7\u00f5es para a ind\u00fastria brasileira - Associativismo","isPartOf":{"@id":"https:\/\/www.fiemg.com.br\/associativismo\/#website"},"primaryImageOfPage":{"@id":"https:\/\/www.fiemg.com.br\/associativismo\/noticias\/visita-da-belgo-arames-ao-cit-parcerias-e-inovacoes-para-a-industria-brasileira\/#primaryimage"},"image":{"@id":"https:\/\/www.fiemg.com.br\/associativismo\/noticias\/visita-da-belgo-arames-ao-cit-parcerias-e-inovacoes-para-a-industria-brasileira\/#primaryimage"},"thumbnailUrl":"https:\/\/www.fiemg.com.br\/associativismo\/wp-content\/uploads\/sites\/29\/2024\/05\/visita-belgo-arames-cit-ceo.jpg","datePublished":"2024-05-28T18:57:05+00:00","dateModified":"2024-06-04T17:52:25+00:00","breadcrumb":{"@id":"https:\/\/www.fiemg.com.br\/associativismo\/noticias\/visita-da-belgo-arames-ao-cit-parcerias-e-inovacoes-para-a-industria-brasileira\/#breadcrumb"},"inLanguage":"pt-BR","potentialAction":[{"@type":"ReadAction","target":["https:\/\/www.fiemg.com.br\/associativismo\/noticias\/visita-da-belgo-arames-ao-cit-parcerias-e-inovacoes-para-a-industria-brasileira\/"]}]},{"@type":"ImageObject","inLanguage":"pt-BR","@id":"https:\/\/www.fiemg.com.br\/associativismo\/noticias\/visita-da-belgo-arames-ao-cit-parcerias-e-inovacoes-para-a-industria-brasileira\/#primaryimage","url":"https:\/\/www.fiemg.com.br\/associativismo\/wp-content\/uploads\/sites\/29\/2024\/05\/visita-belgo-arames-cit-ceo.jpg","contentUrl":"https:\/\/www.fiemg.com.br\/associativismo\/wp-content\/uploads\/sites\/29\/2024\/05\/visita-belgo-arames-cit-ceo.jpg","width":512,"height":512},{"@type":"BreadcrumbList","@id":"https:\/\/www.fiemg.com.br\/associativismo\/noticias\/visita-da-belgo-arames-ao-cit-parcerias-e-inovacoes-para-a-industria-brasileira\/#breadcrumb","itemListElement":[{"@type":"ListItem","position":1,"name":"In\u00edcio","item":"https:\/\/www.fiemg.com.br\/associativismo\/"},{"@type":"ListItem","position":2,"name":"Visita da Belgo Arames ao CIT: parcerias e inova\u00e7\u00f5es para a ind\u00fastria brasileira"}]},{"@type":"WebSite","@id":"https:\/\/www.fiemg.com.br\/associativismo\/#website","url":"https:\/\/www.fiemg.com.br\/associativismo\/","name":"Associativismo","description":"Federa\u00e7\u00e3o das Ind\u00fastrias do Estado de Minas Gerais","publisher":{"@id":"https:\/\/www.fiemg.com.br\/associativismo\/#organization"},"potentialAction":[{"@type":"SearchAction","target":{"@type":"EntryPoint","urlTemplate":"https:\/\/www.fiemg.com.br\/associativismo\/?s={search_term_string}"},"query-input":{"@type":"PropertyValueSpecification","valueRequired":true,"valueName":"search_term_string"}}],"inLanguage":"pt-BR"},{"@type":"Organization","@id":"https:\/\/www.fiemg.com.br\/associativismo\/#organization","name":"Associativismo","url":"https:\/\/www.fiemg.com.br\/associativismo\/","logo":{"@type":"ImageObject","inLanguage":"pt-BR","@id":"https:\/\/www.fiemg.com.br\/associativismo\/#\/schema\/logo\/image\/","url":"https:\/\/www.fiemg.com.br\/associativismo\/wp-content\/uploads\/sites\/29\/2023\/02\/fiemg_branco.svg","contentUrl":"https:\/\/www.fiemg.com.br\/associativismo\/wp-content\/uploads\/sites\/29\/2023\/02\/fiemg_branco.svg","width":561,"height":147,"caption":"Associativismo"},"image":{"@id":"https:\/\/www.fiemg.com.br\/associativismo\/#\/schema\/logo\/image\/"}}]}},"_links":{"self":[{"href":"https:\/\/www.fiemg.com.br\/associativismo\/wp-json\/wp\/v2\/noticias\/2555","targetHints":{"allow":["GET"]}}],"collection":[{"href":"https:\/\/www.fiemg.com.br\/associativismo\/wp-json\/wp\/v2\/noticias"}],"about":[{"href":"https:\/\/www.fiemg.com.br\/associativismo\/wp-json\/wp\/v2\/types\/noticias"}],"wp:featuredmedia":[{"embeddable":true,"href":"https:\/\/www.fiemg.com.br\/associativismo\/wp-json\/wp\/v2\/media\/2565"}],"wp:attachment":[{"href":"https:\/\/www.fiemg.com.br\/associativismo\/wp-json\/wp\/v2\/media?parent=2555"}],"wp:term":[{"taxonomy":"category","embeddable":true,"href":"https:\/\/www.fiemg.com.br\/associativismo\/wp-json\/wp\/v2\/categories?post=2555"},{"taxonomy":"post_tag","embeddable":true,"href":"https:\/\/www.fiemg.com.br\/associativismo\/wp-json\/wp\/v2\/tags?post=2555"}],"curies":[{"name":"wp","href":"https:\/\/api.w.org\/{rel}","templated":true}]}}