{"id":2644,"date":"2024-06-19T11:34:53","date_gmt":"2024-06-19T14:34:53","guid":{"rendered":"https:\/\/www.fiemg.com.br\/associativismo\/noticias\/sindivest-jf-reune-associados-para-apresentar-acoes-do-primeiro-semestre-e-novos-projetos-no-setor-do-vestuario\/"},"modified":"2024-06-20T11:06:18","modified_gmt":"2024-06-20T14:06:18","slug":"sindivest-jf-reune-associados-para-apresentar-acoes-do-primeiro-semestre-e-novos-projetos-no-setor-do-vestuario","status":"publish","type":"noticias","link":"https:\/\/www.fiemg.com.br\/associativismo\/noticias\/sindivest-jf-reune-associados-para-apresentar-acoes-do-primeiro-semestre-e-novos-projetos-no-setor-do-vestuario\/","title":{"rendered":"Sindivest-JF re\u00fane associados para apresentar a\u00e7\u00f5es do primeiro semestre e novos projetos no setor do Vestu\u00e1rio"},"content":{"rendered":"\n<p>No dia 11 de junho, o Sindicato das Ind\u00fastrias do Vestu\u00e1rio de Juiz de Fora (Sindivest-JF) realizou uma reuni\u00e3o significativa voltada para seus associados. O evento ocorreu na sede da FIEMG Regional Zona da Mata, onde tamb\u00e9m est\u00e1 localizado o Sindicato, e contou com a presen\u00e7a de membros da Diretoria, representantes das empresas associadas e entidades parceiras.<\/p>\n\n\n\n<p>A presidente Mari\u00e2ngela Miranda Marcon iniciou a reuni\u00e3o apresentando uma retrospectiva das atividades do Sindicato no primeiro semestre de 2024. Ela destacou que foi anunciada aos associados a realiza\u00e7\u00e3o de sete feiras industriais, que refor\u00e7am o compromisso do Sindicato em promover o desenvolvimento e a inova\u00e7\u00e3o no setor. Al\u00e9m disso, mais de 10 workshops e palestras gratuitas foram divulgadas aos empres\u00e1rios do setor, tanto online quanto presencialmente, proporcionando uma ampla gama de oportunidades de capacita\u00e7\u00e3o.<\/p>\n\n\n\n<p>Outro ponto de destaque na reuni\u00e3o foi a participa\u00e7\u00e3o de Mari\u00e2ngela Marcon na miss\u00e3o empresarial da FIEMG \u00e0 Alemanha, organizada pela Federa\u00e7\u00e3o com o apoio da Codemge e da Vale. Durante a miss\u00e3o, os empres\u00e1rios mineiros visitaram a Techtextil, uma feira especializada em t\u00eaxteis t\u00e9cnicos, n\u00e3o tecidos, vestu\u00e1rio funcional e tecnologias t\u00eaxteis. Esta feira apresentou inova\u00e7\u00f5es e maquin\u00e1rios espec\u00edficos para o setor, proporcionando uma oportunidade \u00fanica de explorar novas tend\u00eancias e oportunidades no mercado global de t\u00eaxteis. Entre os equipamentos exibidos na Techtextil estavam m\u00e1quinas retas industriais, interloques, overloques, zig-zag, refiladoras, travetes e pespontadeiras.<\/p>\n\n\n\n<p>Como novos projetos, o Sindivest-JF anunciou a oferta de um curso b\u00e1sico de intelig\u00eancia artificial para os 10 primeiros associados que demonstrarem interesse. Esta iniciativa visa capacitar os profissionais do setor, preparando-os para as demandas tecnol\u00f3gicas emergentes. Foi lan\u00e7ada ainda uma nova campanha de prospec\u00e7\u00e3o de empresas, com o objetivo de expandir a rede de associados e fortalecer o setor do Vestu\u00e1rio. Durante a campanha, o Sindicato enviar\u00e1 seu novo portf\u00f3lio a potenciais associados, destacando as vantagens e oportunidades de fazer parte do Sindicato.<\/p>\n\n\n\n<p>Mari\u00e2ngela Marcon anunciou ainda sua proposta de implantar um condom\u00ednio empresarial colaborativo para a instala\u00e7\u00e3o do Arranjo Produtivo Local (APL) Farol da Mata Vestu\u00e1rio e Afins. Inspirado no modelo do condom\u00ednio do Vale do Jequitinhonha, que est\u00e1 sendo desenvolvido pela FIEMG, a presidente apresentou um projeto que concentra a presta\u00e7\u00e3o de v\u00e1rios servi\u00e7os em um \u00fanico local, com a participa\u00e7\u00e3o do SENAI. \u201cEm um cen\u00e1rio econ\u00f4mico competitivo, as empresas buscam otimizar recursos e reduzir custos. Uma alternativa promissora \u00e9 a colabora\u00e7\u00e3o em condom\u00ednios empresariais, onde servi\u00e7os e processos s\u00e3o compartilhados para beneficiar todas as partes envolvidas. Esta abordagem visa enfrentar a escassez de m\u00e3o de obra qualificada e os altos custos de manuten\u00e7\u00e3o de funcion\u00e1rios, promovendo uma colabora\u00e7\u00e3o mais estreita entre as empresas e otimizando o uso dos recursos dispon\u00edveis\u201d, disse.<\/p>\n\n\n\n<p>A presidente tamb\u00e9m falou sobre a realiza\u00e7\u00e3o da Feira Febratex, que ocorrer\u00e1 de 20 a 23 de agosto em Blumenau (SC). A miss\u00e3o empresarial est\u00e1 sendo organizada com o apoio do Sebrae e este evento \u00e9 uma das maiores feiras do setor t\u00eaxtil na Am\u00e9rica Latina, representando uma excelente oportunidade para os associados explorarem novas tecnologias e tend\u00eancias.<\/p>\n\n\n\n<p>Na segunda parte da reuni\u00e3o, Raquel Lopes, do Instituto Euvaldo Lodi (IEL\/FIEMG), apresentou o novo projeto que est\u00e1 sendo desenvolvido pela FIEMG: a instala\u00e7\u00e3o de um Centro Compartilhado no munic\u00edpio de Salinas, na regi\u00e3o do Vale do Jequitinhonha. O objetivo \u00e9 atrair empresas da ind\u00fastria do vestu\u00e1rio para a regi\u00e3o, fomentando a cria\u00e7\u00e3o de empregos locais, a forma\u00e7\u00e3o de m\u00e3o de obra, a gera\u00e7\u00e3o de renda e o crescimento socioecon\u00f4mico. O centro contar\u00e1 com galp\u00e3o do SENAI de produ\u00e7\u00e3o compartilhada; estrutura SENAI para forma\u00e7\u00e3o t\u00e9cnica e treinamento de colaboradores; estrutura SESI de Seguran\u00e7a e Sa\u00fade no Trabalho (SST); estrutura SESI de Refeit\u00f3rio (NUTRI SESI) e estrutura de creche (SESI IN).<\/p>\n\n\n\n<p>Segundo Mari\u00e2ngela Marcon, a reuni\u00e3o do Sindivest-JF reafirmou o compromisso do Sindicato em promover o desenvolvimento do setor do Vestu\u00e1rio, apresentando novas iniciativas e oportunidades de capacita\u00e7\u00e3o para seus associados. Com a participa\u00e7\u00e3o ativa em eventos internacionais e a implementa\u00e7\u00e3o de projetos inovadores, o Sindivest-JF continua a fortalecer sua posi\u00e7\u00e3o como um importante facilitador do crescimento e da inova\u00e7\u00e3o na ind\u00fastria do setor.<\/p>\n\n\n\n<p><em>Graciele Vianna<\/em><\/p>\n\n\n\n<p><strong>Imprensa FIEMG<\/strong><\/p>\n","protected":false},"featured_media":2646,"template":"","categories":[282],"tags":[],"class_list":["post-2644","noticias","type-noticias","status-publish","has-post-thumbnail","hentry","category-associativismo"],"acf":[],"yoast_head":"<!-- This site is optimized with the Yoast SEO plugin v26.2 - https:\/\/yoast.com\/wordpress\/plugins\/seo\/ -->\n<title>Sindivest-JF re\u00fane associados para apresentar a\u00e7\u00f5es do primeiro semestre e novos projetos no setor do Vestu\u00e1rio - Associativismo<\/title>\n<meta name=\"robots\" content=\"index, follow, max-snippet:-1, max-image-preview:large, max-video-preview:-1\" \/>\n<link rel=\"canonical\" href=\"https:\/\/www.fiemg.com.br\/associativismo\/noticias\/sindivest-jf-reune-associados-para-apresentar-acoes-do-primeiro-semestre-e-novos-projetos-no-setor-do-vestuario\/\" \/>\n<meta property=\"og:locale\" content=\"pt_BR\" \/>\n<meta property=\"og:type\" content=\"article\" \/>\n<meta property=\"og:title\" content=\"Sindivest-JF re\u00fane associados para apresentar a\u00e7\u00f5es do primeiro semestre e novos projetos no setor do Vestu\u00e1rio - Associativismo\" \/>\n<meta property=\"og:description\" content=\"No dia 11 de junho, o Sindicato das Ind\u00fastrias do Vestu\u00e1rio de Juiz de Fora (Sindivest-JF) realizou uma reuni\u00e3o significativa voltada para seus associados. O evento ocorreu na sede da FIEMG Regional Zona da Mata, onde tamb\u00e9m est\u00e1 localizado o Sindicato, e contou com a presen\u00e7a de membros da Diretoria, representantes das empresas associadas e [&hellip;]\" \/>\n<meta property=\"og:url\" content=\"https:\/\/www.fiemg.com.br\/associativismo\/noticias\/sindivest-jf-reune-associados-para-apresentar-acoes-do-primeiro-semestre-e-novos-projetos-no-setor-do-vestuario\/\" \/>\n<meta property=\"og:site_name\" content=\"Associativismo\" \/>\n<meta property=\"article:modified_time\" content=\"2024-06-20T14:06:18+00:00\" \/>\n<meta property=\"og:image\" content=\"https:\/\/www.fiemg.com.br\/associativismo\/wp-content\/uploads\/sites\/29\/2024\/06\/sindivest-5.jpg\" \/>\n\t<meta property=\"og:image:width\" content=\"1600\" \/>\n\t<meta property=\"og:image:height\" content=\"901\" \/>\n\t<meta property=\"og:image:type\" content=\"image\/jpeg\" \/>\n<meta name=\"twitter:card\" content=\"summary_large_image\" \/>\n<meta name=\"twitter:label1\" content=\"Est. tempo de leitura\" \/>\n\t<meta name=\"twitter:data1\" content=\"4 minutos\" \/>\n<script type=\"application\/ld+json\" class=\"yoast-schema-graph\">{\"@context\":\"https:\/\/schema.org\",\"@graph\":[{\"@type\":\"WebPage\",\"@id\":\"https:\/\/www.fiemg.com.br\/associativismo\/noticias\/sindivest-jf-reune-associados-para-apresentar-acoes-do-primeiro-semestre-e-novos-projetos-no-setor-do-vestuario\/\",\"url\":\"https:\/\/www.fiemg.com.br\/associativismo\/noticias\/sindivest-jf-reune-associados-para-apresentar-acoes-do-primeiro-semestre-e-novos-projetos-no-setor-do-vestuario\/\",\"name\":\"Sindivest-JF re\u00fane associados para apresentar a\u00e7\u00f5es do primeiro semestre e novos projetos no setor do Vestu\u00e1rio - Associativismo\",\"isPartOf\":{\"@id\":\"https:\/\/www.fiemg.com.br\/associativismo\/#website\"},\"primaryImageOfPage\":{\"@id\":\"https:\/\/www.fiemg.com.br\/associativismo\/noticias\/sindivest-jf-reune-associados-para-apresentar-acoes-do-primeiro-semestre-e-novos-projetos-no-setor-do-vestuario\/#primaryimage\"},\"image\":{\"@id\":\"https:\/\/www.fiemg.com.br\/associativismo\/noticias\/sindivest-jf-reune-associados-para-apresentar-acoes-do-primeiro-semestre-e-novos-projetos-no-setor-do-vestuario\/#primaryimage\"},\"thumbnailUrl\":\"https:\/\/www.fiemg.com.br\/associativismo\/wp-content\/uploads\/sites\/29\/2024\/06\/sindivest-5.jpg\",\"datePublished\":\"2024-06-19T14:34:53+00:00\",\"dateModified\":\"2024-06-20T14:06:18+00:00\",\"breadcrumb\":{\"@id\":\"https:\/\/www.fiemg.com.br\/associativismo\/noticias\/sindivest-jf-reune-associados-para-apresentar-acoes-do-primeiro-semestre-e-novos-projetos-no-setor-do-vestuario\/#breadcrumb\"},\"inLanguage\":\"pt-BR\",\"potentialAction\":[{\"@type\":\"ReadAction\",\"target\":[\"https:\/\/www.fiemg.com.br\/associativismo\/noticias\/sindivest-jf-reune-associados-para-apresentar-acoes-do-primeiro-semestre-e-novos-projetos-no-setor-do-vestuario\/\"]}]},{\"@type\":\"ImageObject\",\"inLanguage\":\"pt-BR\",\"@id\":\"https:\/\/www.fiemg.com.br\/associativismo\/noticias\/sindivest-jf-reune-associados-para-apresentar-acoes-do-primeiro-semestre-e-novos-projetos-no-setor-do-vestuario\/#primaryimage\",\"url\":\"https:\/\/www.fiemg.com.br\/associativismo\/wp-content\/uploads\/sites\/29\/2024\/06\/sindivest-5.jpg\",\"contentUrl\":\"https:\/\/www.fiemg.com.br\/associativismo\/wp-content\/uploads\/sites\/29\/2024\/06\/sindivest-5.jpg\",\"width\":1600,\"height\":901},{\"@type\":\"BreadcrumbList\",\"@id\":\"https:\/\/www.fiemg.com.br\/associativismo\/noticias\/sindivest-jf-reune-associados-para-apresentar-acoes-do-primeiro-semestre-e-novos-projetos-no-setor-do-vestuario\/#breadcrumb\",\"itemListElement\":[{\"@type\":\"ListItem\",\"position\":1,\"name\":\"In\u00edcio\",\"item\":\"https:\/\/www.fiemg.com.br\/associativismo\/\"},{\"@type\":\"ListItem\",\"position\":2,\"name\":\"Sindivest-JF re\u00fane associados para apresentar a\u00e7\u00f5es do primeiro semestre e novos projetos no setor do Vestu\u00e1rio\"}]},{\"@type\":\"WebSite\",\"@id\":\"https:\/\/www.fiemg.com.br\/associativismo\/#website\",\"url\":\"https:\/\/www.fiemg.com.br\/associativismo\/\",\"name\":\"Associativismo\",\"description\":\"Federa\u00e7\u00e3o das Ind\u00fastrias do Estado de Minas Gerais\",\"publisher\":{\"@id\":\"https:\/\/www.fiemg.com.br\/associativismo\/#organization\"},\"potentialAction\":[{\"@type\":\"SearchAction\",\"target\":{\"@type\":\"EntryPoint\",\"urlTemplate\":\"https:\/\/www.fiemg.com.br\/associativismo\/?s={search_term_string}\"},\"query-input\":{\"@type\":\"PropertyValueSpecification\",\"valueRequired\":true,\"valueName\":\"search_term_string\"}}],\"inLanguage\":\"pt-BR\"},{\"@type\":\"Organization\",\"@id\":\"https:\/\/www.fiemg.com.br\/associativismo\/#organization\",\"name\":\"Associativismo\",\"url\":\"https:\/\/www.fiemg.com.br\/associativismo\/\",\"logo\":{\"@type\":\"ImageObject\",\"inLanguage\":\"pt-BR\",\"@id\":\"https:\/\/www.fiemg.com.br\/associativismo\/#\/schema\/logo\/image\/\",\"url\":\"https:\/\/www.fiemg.com.br\/associativismo\/wp-content\/uploads\/sites\/29\/2023\/02\/fiemg_branco.svg\",\"contentUrl\":\"https:\/\/www.fiemg.com.br\/associativismo\/wp-content\/uploads\/sites\/29\/2023\/02\/fiemg_branco.svg\",\"width\":561,\"height\":147,\"caption\":\"Associativismo\"},\"image\":{\"@id\":\"https:\/\/www.fiemg.com.br\/associativismo\/#\/schema\/logo\/image\/\"}}]}<\/script>\n<!-- \/ Yoast SEO plugin. -->","yoast_head_json":{"title":"Sindivest-JF re\u00fane associados para apresentar a\u00e7\u00f5es do primeiro semestre e novos projetos no setor do Vestu\u00e1rio - Associativismo","robots":{"index":"index","follow":"follow","max-snippet":"max-snippet:-1","max-image-preview":"max-image-preview:large","max-video-preview":"max-video-preview:-1"},"canonical":"https:\/\/www.fiemg.com.br\/associativismo\/noticias\/sindivest-jf-reune-associados-para-apresentar-acoes-do-primeiro-semestre-e-novos-projetos-no-setor-do-vestuario\/","og_locale":"pt_BR","og_type":"article","og_title":"Sindivest-JF re\u00fane associados para apresentar a\u00e7\u00f5es do primeiro semestre e novos projetos no setor do Vestu\u00e1rio - Associativismo","og_description":"No dia 11 de junho, o Sindicato das Ind\u00fastrias do Vestu\u00e1rio de Juiz de Fora (Sindivest-JF) realizou uma reuni\u00e3o significativa voltada para seus associados. O evento ocorreu na sede da FIEMG Regional Zona da Mata, onde tamb\u00e9m est\u00e1 localizado o Sindicato, e contou com a presen\u00e7a de membros da Diretoria, representantes das empresas associadas e [&hellip;]","og_url":"https:\/\/www.fiemg.com.br\/associativismo\/noticias\/sindivest-jf-reune-associados-para-apresentar-acoes-do-primeiro-semestre-e-novos-projetos-no-setor-do-vestuario\/","og_site_name":"Associativismo","article_modified_time":"2024-06-20T14:06:18+00:00","og_image":[{"width":1600,"height":901,"url":"https:\/\/www.fiemg.com.br\/associativismo\/wp-content\/uploads\/sites\/29\/2024\/06\/sindivest-5.jpg","type":"image\/jpeg"}],"twitter_card":"summary_large_image","twitter_misc":{"Est. tempo de leitura":"4 minutos"},"schema":{"@context":"https:\/\/schema.org","@graph":[{"@type":"WebPage","@id":"https:\/\/www.fiemg.com.br\/associativismo\/noticias\/sindivest-jf-reune-associados-para-apresentar-acoes-do-primeiro-semestre-e-novos-projetos-no-setor-do-vestuario\/","url":"https:\/\/www.fiemg.com.br\/associativismo\/noticias\/sindivest-jf-reune-associados-para-apresentar-acoes-do-primeiro-semestre-e-novos-projetos-no-setor-do-vestuario\/","name":"Sindivest-JF re\u00fane associados para apresentar a\u00e7\u00f5es do primeiro semestre e novos projetos no setor do Vestu\u00e1rio - Associativismo","isPartOf":{"@id":"https:\/\/www.fiemg.com.br\/associativismo\/#website"},"primaryImageOfPage":{"@id":"https:\/\/www.fiemg.com.br\/associativismo\/noticias\/sindivest-jf-reune-associados-para-apresentar-acoes-do-primeiro-semestre-e-novos-projetos-no-setor-do-vestuario\/#primaryimage"},"image":{"@id":"https:\/\/www.fiemg.com.br\/associativismo\/noticias\/sindivest-jf-reune-associados-para-apresentar-acoes-do-primeiro-semestre-e-novos-projetos-no-setor-do-vestuario\/#primaryimage"},"thumbnailUrl":"https:\/\/www.fiemg.com.br\/associativismo\/wp-content\/uploads\/sites\/29\/2024\/06\/sindivest-5.jpg","datePublished":"2024-06-19T14:34:53+00:00","dateModified":"2024-06-20T14:06:18+00:00","breadcrumb":{"@id":"https:\/\/www.fiemg.com.br\/associativismo\/noticias\/sindivest-jf-reune-associados-para-apresentar-acoes-do-primeiro-semestre-e-novos-projetos-no-setor-do-vestuario\/#breadcrumb"},"inLanguage":"pt-BR","potentialAction":[{"@type":"ReadAction","target":["https:\/\/www.fiemg.com.br\/associativismo\/noticias\/sindivest-jf-reune-associados-para-apresentar-acoes-do-primeiro-semestre-e-novos-projetos-no-setor-do-vestuario\/"]}]},{"@type":"ImageObject","inLanguage":"pt-BR","@id":"https:\/\/www.fiemg.com.br\/associativismo\/noticias\/sindivest-jf-reune-associados-para-apresentar-acoes-do-primeiro-semestre-e-novos-projetos-no-setor-do-vestuario\/#primaryimage","url":"https:\/\/www.fiemg.com.br\/associativismo\/wp-content\/uploads\/sites\/29\/2024\/06\/sindivest-5.jpg","contentUrl":"https:\/\/www.fiemg.com.br\/associativismo\/wp-content\/uploads\/sites\/29\/2024\/06\/sindivest-5.jpg","width":1600,"height":901},{"@type":"BreadcrumbList","@id":"https:\/\/www.fiemg.com.br\/associativismo\/noticias\/sindivest-jf-reune-associados-para-apresentar-acoes-do-primeiro-semestre-e-novos-projetos-no-setor-do-vestuario\/#breadcrumb","itemListElement":[{"@type":"ListItem","position":1,"name":"In\u00edcio","item":"https:\/\/www.fiemg.com.br\/associativismo\/"},{"@type":"ListItem","position":2,"name":"Sindivest-JF re\u00fane associados para apresentar a\u00e7\u00f5es do primeiro semestre e novos projetos no setor do Vestu\u00e1rio"}]},{"@type":"WebSite","@id":"https:\/\/www.fiemg.com.br\/associativismo\/#website","url":"https:\/\/www.fiemg.com.br\/associativismo\/","name":"Associativismo","description":"Federa\u00e7\u00e3o das Ind\u00fastrias do Estado de Minas Gerais","publisher":{"@id":"https:\/\/www.fiemg.com.br\/associativismo\/#organization"},"potentialAction":[{"@type":"SearchAction","target":{"@type":"EntryPoint","urlTemplate":"https:\/\/www.fiemg.com.br\/associativismo\/?s={search_term_string}"},"query-input":{"@type":"PropertyValueSpecification","valueRequired":true,"valueName":"search_term_string"}}],"inLanguage":"pt-BR"},{"@type":"Organization","@id":"https:\/\/www.fiemg.com.br\/associativismo\/#organization","name":"Associativismo","url":"https:\/\/www.fiemg.com.br\/associativismo\/","logo":{"@type":"ImageObject","inLanguage":"pt-BR","@id":"https:\/\/www.fiemg.com.br\/associativismo\/#\/schema\/logo\/image\/","url":"https:\/\/www.fiemg.com.br\/associativismo\/wp-content\/uploads\/sites\/29\/2023\/02\/fiemg_branco.svg","contentUrl":"https:\/\/www.fiemg.com.br\/associativismo\/wp-content\/uploads\/sites\/29\/2023\/02\/fiemg_branco.svg","width":561,"height":147,"caption":"Associativismo"},"image":{"@id":"https:\/\/www.fiemg.com.br\/associativismo\/#\/schema\/logo\/image\/"}}]}},"_links":{"self":[{"href":"https:\/\/www.fiemg.com.br\/associativismo\/wp-json\/wp\/v2\/noticias\/2644","targetHints":{"allow":["GET"]}}],"collection":[{"href":"https:\/\/www.fiemg.com.br\/associativismo\/wp-json\/wp\/v2\/noticias"}],"about":[{"href":"https:\/\/www.fiemg.com.br\/associativismo\/wp-json\/wp\/v2\/types\/noticias"}],"wp:featuredmedia":[{"embeddable":true,"href":"https:\/\/www.fiemg.com.br\/associativismo\/wp-json\/wp\/v2\/media\/2646"}],"wp:attachment":[{"href":"https:\/\/www.fiemg.com.br\/associativismo\/wp-json\/wp\/v2\/media?parent=2644"}],"wp:term":[{"taxonomy":"category","embeddable":true,"href":"https:\/\/www.fiemg.com.br\/associativismo\/wp-json\/wp\/v2\/categories?post=2644"},{"taxonomy":"post_tag","embeddable":true,"href":"https:\/\/www.fiemg.com.br\/associativismo\/wp-json\/wp\/v2\/tags?post=2644"}],"curies":[{"name":"wp","href":"https:\/\/api.w.org\/{rel}","templated":true}]}}