{"id":2657,"date":"2024-06-21T17:34:42","date_gmt":"2024-06-21T20:34:42","guid":{"rendered":"https:\/\/www.fiemg.com.br\/associativismo\/noticias\/conselho-de-tecnologia-debate-iniciativas-de-inovacao-da-fiemg\/"},"modified":"2024-06-21T17:34:43","modified_gmt":"2024-06-21T20:34:43","slug":"conselho-de-tecnologia-debate-iniciativas-de-inovacao-da-fiemg","status":"publish","type":"noticias","link":"https:\/\/www.fiemg.com.br\/associativismo\/noticias\/conselho-de-tecnologia-debate-iniciativas-de-inovacao-da-fiemg\/","title":{"rendered":"Conselho de Tecnologia debate iniciativas de inova\u00e7\u00e3o da FIEMG"},"content":{"rendered":"\n<p><\/p>\n\n\n\n<p>O Conselho de Tecnologia e Inova\u00e7\u00e3o da Ind\u00fastria se reuniu na \u00faltima quarta-feira (19\/6) para debater as iniciativas de inova\u00e7\u00e3o da Federa\u00e7\u00e3o das Ind\u00fastrias de Minas Gerais (FIEMG). O encontro foi o \u00faltimo deste semestre e, na oportunidade, o presidente do colegiado, Matheus Pedrosa, abriu a reuni\u00e3o apresentando o status das a\u00e7\u00f5es do conselho e os pr\u00f3ximos passos.<\/p>\n\n\n\n<p>Em seguida, os conselheiros debateram uma das diretrizes priorit\u00e1rias para o Conselho que \u00e9 a a Capacita\u00e7\u00e3o em Inova\u00e7\u00e3o Aberta. Nesse sentido, a gerente de Tecnologia e Inova\u00e7\u00e3o SENAI, Zenilde Viola, fez uma apresenta\u00e7\u00e3o acerca das solu\u00e7\u00f5es de tecnologia e inova\u00e7\u00e3o para a ind\u00fastria oferecidas pelo CIT Senai nas \u00e1reas de metalmec\u00e2nica, qu\u00edmica, automotiva, alimentos e bebidas, metalurgia, entre outras .<\/p>\n\n\n\n<p>Zenilde apresentou ainda o projeto Sinergia, voltado \u00e0 \u00e1rea de Alimentos e Bebidas, e todas as an\u00e1lises, consultorias, diagn\u00f3sticos e treinamentos disponibilizados pelo CIT para o setor. &#8220;Ent\u00e3o, a gente apresenta uma solu\u00e7\u00e3o que ser\u00e1 personalizada de acordo com a demanda do cliente, e que pode incorporar todas essas \u00e1reas&#8221;, disse.<\/p>\n\n\n\n<p>Na sequ\u00eancia, a gerente de inova\u00e7\u00e3o do Instituto Euvaldo Lodi (IEL), Mariana Yazbeck, e a coordenadora FIEMG Lab, Bruna Silva, apresentaram o FIEMG Lab e sua proposta de impulsionar a inova\u00e7\u00e3o aberta no Estado. &#8220;Uma vez que temos o CIT que entrega solu\u00e7\u00f5es em pesquisa e desenvolvimento, precisamos ter um programa que ajuda a desenvolver e adensar o ecossistemas de startups com solu\u00e7\u00f5es para a ind\u00fastria e, da mesma maneira, apoiar a rela\u00e7\u00e3o da ind\u00fastria com essa startup&#8221;, explicou Mariana. Elas apresentaram tamb\u00e9m as iniciativas do FIEMG Lab no sentido da inova\u00e7\u00e3o aberta, que s\u00e3o o FIEMG Lab 4.0. e o Challenge FIEMG Lab.&nbsp;<\/p>\n\n\n\n<p>J\u00e1 a coordenadora de Educa\u00e7\u00e3o Executiva do IEL, Girlaine Cunha, apresentou tr\u00eas programas empresariais de forma\u00e7\u00e3o de l\u00edderes da institui\u00e7\u00e3o &#8211; o IEL Mindset Lab, programas customizados para os clientes e o Programa de Desenvolvimento de Conselheiros &#8211; e que trazem a inova\u00e7\u00e3o como trilha de desenvolvimento.&nbsp;<\/p>\n\n\n\n<p>Por fim, a coordenadora do SENAI, Natalia Trindade de Souza, apresentou o que a institui\u00e7\u00e3o de ensino tem feito para trazer a inova\u00e7\u00e3o tecnol\u00f3gica para o aprendizado dos alunos. \u201cN\u00f3s somos o \u00fanico Estado onde o SENAI instituiu conte\u00fado de inova\u00e7\u00e3o como curr\u00edculo dentro dos cursos t\u00e9cnicos. Ent\u00e3o, n\u00f3s temos 4 disciplinas onde a gente trabalha o conceito da inova\u00e7\u00e3o. Ent\u00e3o, desde o in\u00edcio do curso, o aluno passa por essa jornada\u201d, destacou.<\/p>\n\n\n\n<p>Ao final das apresenta\u00e7\u00f5es, Matheus Pedrosa encerrou o encontro pontuando o desafio de conectar todas as iniciativas da FIEMG em inova\u00e7\u00e3o e tecnologia. Tamb\u00e9m prop\u00f4s que as pr\u00f3ximas reuni\u00f5es sejam realizadas no CIT, no Centro 4.0 e no FIEMG Lab.<\/p>\n\n\n\n<p><em>Tha\u00eds Mota<\/em><br><strong>Imprensa FIEMG<\/strong><\/p>\n","protected":false},"featured_media":2658,"template":"","categories":[15],"tags":[719,46,86,51],"class_list":["post-2657","noticias","type-noticias","status-publish","has-post-thumbnail","hentry","category-desenvolvimento-industrial","tag-conselho-de-tecnologia-e-inovacao","tag-fiemg","tag-fiemg-lab","tag-senai"],"acf":[],"yoast_head":"<!-- This site is optimized with the Yoast SEO plugin v26.2 - https:\/\/yoast.com\/wordpress\/plugins\/seo\/ -->\n<title>Conselho de Tecnologia debate iniciativas de inova\u00e7\u00e3o da FIEMG - Associativismo<\/title>\n<meta name=\"description\" content=\"Reuni\u00e3o realizada na \u00faltima quarta-feira (19\/6) foi a \u00faltima do semestre; colegiado retoma debates em agosto\" \/>\n<meta name=\"robots\" content=\"index, follow, max-snippet:-1, max-image-preview:large, max-video-preview:-1\" \/>\n<link rel=\"canonical\" href=\"https:\/\/www.fiemg.com.br\/associativismo\/noticias\/conselho-de-tecnologia-debate-iniciativas-de-inovacao-da-fiemg\/\" \/>\n<meta property=\"og:locale\" content=\"pt_BR\" \/>\n<meta property=\"og:type\" content=\"article\" \/>\n<meta property=\"og:title\" content=\"Conselho de Tecnologia debate iniciativas de inova\u00e7\u00e3o da FIEMG - Associativismo\" \/>\n<meta property=\"og:description\" content=\"Reuni\u00e3o realizada na \u00faltima quarta-feira (19\/6) foi a \u00faltima do semestre; colegiado retoma debates em agosto\" \/>\n<meta property=\"og:url\" content=\"https:\/\/www.fiemg.com.br\/associativismo\/noticias\/conselho-de-tecnologia-debate-iniciativas-de-inovacao-da-fiemg\/\" \/>\n<meta property=\"og:site_name\" content=\"Associativismo\" \/>\n<meta property=\"article:modified_time\" content=\"2024-06-21T20:34:43+00:00\" \/>\n<meta property=\"og:image\" content=\"https:\/\/www.fiemg.com.br\/associativismo\/wp-content\/uploads\/sites\/29\/2024\/06\/Reuniao-Conselho-Inovacao-e-Tecnologia-1.jpg\" \/>\n\t<meta property=\"og:image:width\" content=\"512\" \/>\n\t<meta property=\"og:image:height\" content=\"512\" \/>\n\t<meta property=\"og:image:type\" content=\"image\/jpeg\" \/>\n<meta name=\"twitter:card\" content=\"summary_large_image\" \/>\n<meta name=\"twitter:label1\" content=\"Est. tempo de leitura\" \/>\n\t<meta name=\"twitter:data1\" content=\"3 minutos\" \/>\n<script type=\"application\/ld+json\" class=\"yoast-schema-graph\">{\"@context\":\"https:\/\/schema.org\",\"@graph\":[{\"@type\":\"WebPage\",\"@id\":\"https:\/\/www.fiemg.com.br\/associativismo\/noticias\/conselho-de-tecnologia-debate-iniciativas-de-inovacao-da-fiemg\/\",\"url\":\"https:\/\/www.fiemg.com.br\/associativismo\/noticias\/conselho-de-tecnologia-debate-iniciativas-de-inovacao-da-fiemg\/\",\"name\":\"Conselho de Tecnologia debate iniciativas de inova\u00e7\u00e3o da FIEMG - Associativismo\",\"isPartOf\":{\"@id\":\"https:\/\/www.fiemg.com.br\/associativismo\/#website\"},\"primaryImageOfPage\":{\"@id\":\"https:\/\/www.fiemg.com.br\/associativismo\/noticias\/conselho-de-tecnologia-debate-iniciativas-de-inovacao-da-fiemg\/#primaryimage\"},\"image\":{\"@id\":\"https:\/\/www.fiemg.com.br\/associativismo\/noticias\/conselho-de-tecnologia-debate-iniciativas-de-inovacao-da-fiemg\/#primaryimage\"},\"thumbnailUrl\":\"https:\/\/www.fiemg.com.br\/associativismo\/wp-content\/uploads\/sites\/29\/2024\/06\/Reuniao-Conselho-Inovacao-e-Tecnologia-1.jpg\",\"datePublished\":\"2024-06-21T20:34:42+00:00\",\"dateModified\":\"2024-06-21T20:34:43+00:00\",\"description\":\"Reuni\u00e3o realizada na \u00faltima quarta-feira (19\/6) foi a \u00faltima do semestre; colegiado retoma debates em agosto\",\"breadcrumb\":{\"@id\":\"https:\/\/www.fiemg.com.br\/associativismo\/noticias\/conselho-de-tecnologia-debate-iniciativas-de-inovacao-da-fiemg\/#breadcrumb\"},\"inLanguage\":\"pt-BR\",\"potentialAction\":[{\"@type\":\"ReadAction\",\"target\":[\"https:\/\/www.fiemg.com.br\/associativismo\/noticias\/conselho-de-tecnologia-debate-iniciativas-de-inovacao-da-fiemg\/\"]}]},{\"@type\":\"ImageObject\",\"inLanguage\":\"pt-BR\",\"@id\":\"https:\/\/www.fiemg.com.br\/associativismo\/noticias\/conselho-de-tecnologia-debate-iniciativas-de-inovacao-da-fiemg\/#primaryimage\",\"url\":\"https:\/\/www.fiemg.com.br\/associativismo\/wp-content\/uploads\/sites\/29\/2024\/06\/Reuniao-Conselho-Inovacao-e-Tecnologia-1.jpg\",\"contentUrl\":\"https:\/\/www.fiemg.com.br\/associativismo\/wp-content\/uploads\/sites\/29\/2024\/06\/Reuniao-Conselho-Inovacao-e-Tecnologia-1.jpg\",\"width\":512,\"height\":512},{\"@type\":\"BreadcrumbList\",\"@id\":\"https:\/\/www.fiemg.com.br\/associativismo\/noticias\/conselho-de-tecnologia-debate-iniciativas-de-inovacao-da-fiemg\/#breadcrumb\",\"itemListElement\":[{\"@type\":\"ListItem\",\"position\":1,\"name\":\"In\u00edcio\",\"item\":\"https:\/\/www.fiemg.com.br\/associativismo\/\"},{\"@type\":\"ListItem\",\"position\":2,\"name\":\"Conselho de Tecnologia debate iniciativas de inova\u00e7\u00e3o da FIEMG\"}]},{\"@type\":\"WebSite\",\"@id\":\"https:\/\/www.fiemg.com.br\/associativismo\/#website\",\"url\":\"https:\/\/www.fiemg.com.br\/associativismo\/\",\"name\":\"Associativismo\",\"description\":\"Federa\u00e7\u00e3o das Ind\u00fastrias do Estado de Minas Gerais\",\"publisher\":{\"@id\":\"https:\/\/www.fiemg.com.br\/associativismo\/#organization\"},\"potentialAction\":[{\"@type\":\"SearchAction\",\"target\":{\"@type\":\"EntryPoint\",\"urlTemplate\":\"https:\/\/www.fiemg.com.br\/associativismo\/?s={search_term_string}\"},\"query-input\":{\"@type\":\"PropertyValueSpecification\",\"valueRequired\":true,\"valueName\":\"search_term_string\"}}],\"inLanguage\":\"pt-BR\"},{\"@type\":\"Organization\",\"@id\":\"https:\/\/www.fiemg.com.br\/associativismo\/#organization\",\"name\":\"Associativismo\",\"url\":\"https:\/\/www.fiemg.com.br\/associativismo\/\",\"logo\":{\"@type\":\"ImageObject\",\"inLanguage\":\"pt-BR\",\"@id\":\"https:\/\/www.fiemg.com.br\/associativismo\/#\/schema\/logo\/image\/\",\"url\":\"https:\/\/www.fiemg.com.br\/associativismo\/wp-content\/uploads\/sites\/29\/2023\/02\/fiemg_branco.svg\",\"contentUrl\":\"https:\/\/www.fiemg.com.br\/associativismo\/wp-content\/uploads\/sites\/29\/2023\/02\/fiemg_branco.svg\",\"width\":561,\"height\":147,\"caption\":\"Associativismo\"},\"image\":{\"@id\":\"https:\/\/www.fiemg.com.br\/associativismo\/#\/schema\/logo\/image\/\"}}]}<\/script>\n<!-- \/ Yoast SEO plugin. -->","yoast_head_json":{"title":"Conselho de Tecnologia debate iniciativas de inova\u00e7\u00e3o da FIEMG - Associativismo","description":"Reuni\u00e3o realizada na \u00faltima quarta-feira (19\/6) foi a \u00faltima do semestre; colegiado retoma debates em agosto","robots":{"index":"index","follow":"follow","max-snippet":"max-snippet:-1","max-image-preview":"max-image-preview:large","max-video-preview":"max-video-preview:-1"},"canonical":"https:\/\/www.fiemg.com.br\/associativismo\/noticias\/conselho-de-tecnologia-debate-iniciativas-de-inovacao-da-fiemg\/","og_locale":"pt_BR","og_type":"article","og_title":"Conselho de Tecnologia debate iniciativas de inova\u00e7\u00e3o da FIEMG - Associativismo","og_description":"Reuni\u00e3o realizada na \u00faltima quarta-feira (19\/6) foi a \u00faltima do semestre; colegiado retoma debates em agosto","og_url":"https:\/\/www.fiemg.com.br\/associativismo\/noticias\/conselho-de-tecnologia-debate-iniciativas-de-inovacao-da-fiemg\/","og_site_name":"Associativismo","article_modified_time":"2024-06-21T20:34:43+00:00","og_image":[{"width":512,"height":512,"url":"https:\/\/www.fiemg.com.br\/associativismo\/wp-content\/uploads\/sites\/29\/2024\/06\/Reuniao-Conselho-Inovacao-e-Tecnologia-1.jpg","type":"image\/jpeg"}],"twitter_card":"summary_large_image","twitter_misc":{"Est. tempo de leitura":"3 minutos"},"schema":{"@context":"https:\/\/schema.org","@graph":[{"@type":"WebPage","@id":"https:\/\/www.fiemg.com.br\/associativismo\/noticias\/conselho-de-tecnologia-debate-iniciativas-de-inovacao-da-fiemg\/","url":"https:\/\/www.fiemg.com.br\/associativismo\/noticias\/conselho-de-tecnologia-debate-iniciativas-de-inovacao-da-fiemg\/","name":"Conselho de Tecnologia debate iniciativas de inova\u00e7\u00e3o da FIEMG - Associativismo","isPartOf":{"@id":"https:\/\/www.fiemg.com.br\/associativismo\/#website"},"primaryImageOfPage":{"@id":"https:\/\/www.fiemg.com.br\/associativismo\/noticias\/conselho-de-tecnologia-debate-iniciativas-de-inovacao-da-fiemg\/#primaryimage"},"image":{"@id":"https:\/\/www.fiemg.com.br\/associativismo\/noticias\/conselho-de-tecnologia-debate-iniciativas-de-inovacao-da-fiemg\/#primaryimage"},"thumbnailUrl":"https:\/\/www.fiemg.com.br\/associativismo\/wp-content\/uploads\/sites\/29\/2024\/06\/Reuniao-Conselho-Inovacao-e-Tecnologia-1.jpg","datePublished":"2024-06-21T20:34:42+00:00","dateModified":"2024-06-21T20:34:43+00:00","description":"Reuni\u00e3o realizada na \u00faltima quarta-feira (19\/6) foi a \u00faltima do semestre; colegiado retoma debates em agosto","breadcrumb":{"@id":"https:\/\/www.fiemg.com.br\/associativismo\/noticias\/conselho-de-tecnologia-debate-iniciativas-de-inovacao-da-fiemg\/#breadcrumb"},"inLanguage":"pt-BR","potentialAction":[{"@type":"ReadAction","target":["https:\/\/www.fiemg.com.br\/associativismo\/noticias\/conselho-de-tecnologia-debate-iniciativas-de-inovacao-da-fiemg\/"]}]},{"@type":"ImageObject","inLanguage":"pt-BR","@id":"https:\/\/www.fiemg.com.br\/associativismo\/noticias\/conselho-de-tecnologia-debate-iniciativas-de-inovacao-da-fiemg\/#primaryimage","url":"https:\/\/www.fiemg.com.br\/associativismo\/wp-content\/uploads\/sites\/29\/2024\/06\/Reuniao-Conselho-Inovacao-e-Tecnologia-1.jpg","contentUrl":"https:\/\/www.fiemg.com.br\/associativismo\/wp-content\/uploads\/sites\/29\/2024\/06\/Reuniao-Conselho-Inovacao-e-Tecnologia-1.jpg","width":512,"height":512},{"@type":"BreadcrumbList","@id":"https:\/\/www.fiemg.com.br\/associativismo\/noticias\/conselho-de-tecnologia-debate-iniciativas-de-inovacao-da-fiemg\/#breadcrumb","itemListElement":[{"@type":"ListItem","position":1,"name":"In\u00edcio","item":"https:\/\/www.fiemg.com.br\/associativismo\/"},{"@type":"ListItem","position":2,"name":"Conselho de Tecnologia debate iniciativas de inova\u00e7\u00e3o da FIEMG"}]},{"@type":"WebSite","@id":"https:\/\/www.fiemg.com.br\/associativismo\/#website","url":"https:\/\/www.fiemg.com.br\/associativismo\/","name":"Associativismo","description":"Federa\u00e7\u00e3o das Ind\u00fastrias do Estado de Minas Gerais","publisher":{"@id":"https:\/\/www.fiemg.com.br\/associativismo\/#organization"},"potentialAction":[{"@type":"SearchAction","target":{"@type":"EntryPoint","urlTemplate":"https:\/\/www.fiemg.com.br\/associativismo\/?s={search_term_string}"},"query-input":{"@type":"PropertyValueSpecification","valueRequired":true,"valueName":"search_term_string"}}],"inLanguage":"pt-BR"},{"@type":"Organization","@id":"https:\/\/www.fiemg.com.br\/associativismo\/#organization","name":"Associativismo","url":"https:\/\/www.fiemg.com.br\/associativismo\/","logo":{"@type":"ImageObject","inLanguage":"pt-BR","@id":"https:\/\/www.fiemg.com.br\/associativismo\/#\/schema\/logo\/image\/","url":"https:\/\/www.fiemg.com.br\/associativismo\/wp-content\/uploads\/sites\/29\/2023\/02\/fiemg_branco.svg","contentUrl":"https:\/\/www.fiemg.com.br\/associativismo\/wp-content\/uploads\/sites\/29\/2023\/02\/fiemg_branco.svg","width":561,"height":147,"caption":"Associativismo"},"image":{"@id":"https:\/\/www.fiemg.com.br\/associativismo\/#\/schema\/logo\/image\/"}}]}},"_links":{"self":[{"href":"https:\/\/www.fiemg.com.br\/associativismo\/wp-json\/wp\/v2\/noticias\/2657","targetHints":{"allow":["GET"]}}],"collection":[{"href":"https:\/\/www.fiemg.com.br\/associativismo\/wp-json\/wp\/v2\/noticias"}],"about":[{"href":"https:\/\/www.fiemg.com.br\/associativismo\/wp-json\/wp\/v2\/types\/noticias"}],"wp:featuredmedia":[{"embeddable":true,"href":"https:\/\/www.fiemg.com.br\/associativismo\/wp-json\/wp\/v2\/media\/2658"}],"wp:attachment":[{"href":"https:\/\/www.fiemg.com.br\/associativismo\/wp-json\/wp\/v2\/media?parent=2657"}],"wp:term":[{"taxonomy":"category","embeddable":true,"href":"https:\/\/www.fiemg.com.br\/associativismo\/wp-json\/wp\/v2\/categories?post=2657"},{"taxonomy":"post_tag","embeddable":true,"href":"https:\/\/www.fiemg.com.br\/associativismo\/wp-json\/wp\/v2\/tags?post=2657"}],"curies":[{"name":"wp","href":"https:\/\/api.w.org\/{rel}","templated":true}]}}