{"id":2681,"date":"2024-06-28T17:52:39","date_gmt":"2024-06-28T20:52:39","guid":{"rendered":"https:\/\/www.fiemg.com.br\/associativismo\/noticias\/camara-de-obras-industriais-debate-atualizacao-de-catalogo\/"},"modified":"2024-06-28T17:52:40","modified_gmt":"2024-06-28T20:52:40","slug":"camara-de-obras-industriais-debate-atualizacao-de-catalogo","status":"publish","type":"noticias","link":"https:\/\/www.fiemg.com.br\/associativismo\/noticias\/camara-de-obras-industriais-debate-atualizacao-de-catalogo\/","title":{"rendered":"C\u00e2mara de Obras Industriais debate atualiza\u00e7\u00e3o de cat\u00e1logo"},"content":{"rendered":"\n<p><\/p>\n\n\n\n<p>Em reuni\u00e3o nesta sexta-feira (28\/6), a C\u00e2mara de Obras Industriais da FIEMG debateu a atualiza\u00e7\u00e3o do <a href=\"https:\/\/www.fiemg.com.br\/wp-content\/uploads\/2024\/03\/CL001223_CATALOGOOBRAS_CAMARAECONSELHOS_VIRTUAL_MAR24_SAIDA.pdf\" target=\"_blank\" rel=\"noreferrer noopener\">Cat\u00e1logo de Empresas Mineiras \u2013 Obras Industriais e Corporativas<\/a>, lan\u00e7ado no \u00faltimo m\u00eas de maio. A publica\u00e7\u00e3o fez tanto sucesso que outras empresas do setor manifestaram interesse em integrar o cat\u00e1logo e uma nova edi\u00e7\u00e3o deve ser lan\u00e7ada at\u00e9 o final deste ano.<\/p>\n\n\n\n<p>Al\u00e9m disso, os integrantes do colegiado debateram a cria\u00e7\u00e3o de um boletim informativo digital para divulgar as a\u00e7\u00f5es da C\u00e2mara. A ideia \u00e9 que o boletim &#8211; que deve ser lan\u00e7ado em novembro deste ano &#8211; seja editado mensalmente e enviado a representantes do setor.&nbsp;<\/p>\n\n\n\n<p>Ainda na reuni\u00e3o, foi discutida tamb\u00e9m a participa\u00e7\u00e3o da C\u00e2mara na programa\u00e7\u00e3o do Imers\u00e3o Ind\u00fastria, evento organizado pela FIEMG e que tem o objetivo de fomentar o networking entre os participantes e conectar a ind\u00fastria aos maiores especialistas de mercado. A pr\u00f3xima edi\u00e7\u00e3o do evento acontecer\u00e1 em outubro e contar\u00e1 com pelo menos um painel sob curadoria da C\u00e2mara de Obras Industriais.<\/p>\n\n\n\n<p><strong>Projeto Recriar<\/strong><\/p>\n\n\n\n<p>Tamb\u00e9m na reuni\u00e3o desta sexta-feira, a assessora de Educa\u00e7\u00e3o do SESI Minas, Maria Concei\u00e7\u00e3o Caldeira, apresentou aos integrantes da C\u00e2mara o projeto Recriar, que visa&nbsp; aproximar as ind\u00fastrias do SESI e do SENAI com o intuito de recriar a percep\u00e7\u00e3o e impulsionar novas oportunidades, parcerias e neg\u00f3cios.<\/p>\n\n\n\n<p>Segundo Maria Concei\u00e7\u00e3o, a iniciativa tem como objetivo &#8220;patrocinar o potencial de talentos que construir\u00e3o o futuro do Brasil por meio de uma educa\u00e7\u00e3o de alta qualidade, adequada \u00e0s necessidades da sociedade e do mundo do trabalho\u201d. Dessa forma, as ind\u00fastrias podem conceder bolsas de estudos a alunos do SESI e do SENAI, tendo uma contrapartida do SESI\/SENAI. No caso do SESI, se a empresa patrocinar um estudante, o SESI patrocina mais dois alunos indicados pela ind\u00fastria. J\u00e1 no caso do SENAI, a rela\u00e7\u00e3o \u00e9 de um para um.<\/p>\n\n\n\n<p>A iniciativa foi lan\u00e7ada este ano e, no caso do SESI, j\u00e1 beneficia mais de 220 estudantes e conta com 13 empresas parceiras em dez munic\u00edpios. J\u00e1 no caso do SENAI, s\u00e3o mais de 100 estudantes contemplados por duas empresas parceiras em quatro cursos.<\/p>\n\n\n\n<p>Veja mais fotos da reuni\u00e3o, <a href=\"https:\/\/www.flickr.com\/photos\/sistemafiemg\/albums\/72177720318342404\/with\/53821021462\">clicando aq<\/a><a href=\"https:\/\/www.flickr.com\/photos\/sistemafiemg\/albums\/72177720318342404\/with\/53821021462\" target=\"_blank\" rel=\"noreferrer noopener\">ui<\/a><\/p>\n\n\n\n<p><em>Tha\u00eds Mota<\/em><br><strong>Imprensa FIEMG<\/strong><\/p>\n","protected":false},"featured_media":2682,"template":"","categories":[282],"tags":[637,46],"class_list":["post-2681","noticias","type-noticias","status-publish","has-post-thumbnail","hentry","category-associativismo","tag-camara-de-obras-industriais","tag-fiemg"],"acf":[],"yoast_head":"<!-- This site is optimized with the Yoast SEO plugin v26.2 - https:\/\/yoast.com\/wordpress\/plugins\/seo\/ -->\n<title>C\u00e2mara de Obras Industriais debate atualiza\u00e7\u00e3o de cat\u00e1logo - Associativismo<\/title>\n<meta name=\"description\" content=\"Ainda na reuni\u00e3o, os participantes trataram da cria\u00e7\u00e3o de um boletim informativo e sobre a participa\u00e7\u00e3o do colegiado na programa\u00e7\u00e3o do Imers\u00e3o Ind\u00fastria\" \/>\n<meta name=\"robots\" content=\"index, follow, max-snippet:-1, max-image-preview:large, max-video-preview:-1\" \/>\n<link rel=\"canonical\" href=\"https:\/\/www.fiemg.com.br\/associativismo\/noticias\/camara-de-obras-industriais-debate-atualizacao-de-catalogo\/\" \/>\n<meta property=\"og:locale\" content=\"pt_BR\" \/>\n<meta property=\"og:type\" content=\"article\" \/>\n<meta property=\"og:title\" content=\"C\u00e2mara de Obras Industriais debate atualiza\u00e7\u00e3o de cat\u00e1logo - Associativismo\" \/>\n<meta property=\"og:description\" content=\"Ainda na reuni\u00e3o, os participantes trataram da cria\u00e7\u00e3o de um boletim informativo e sobre a participa\u00e7\u00e3o do colegiado na programa\u00e7\u00e3o do Imers\u00e3o Ind\u00fastria\" \/>\n<meta property=\"og:url\" content=\"https:\/\/www.fiemg.com.br\/associativismo\/noticias\/camara-de-obras-industriais-debate-atualizacao-de-catalogo\/\" \/>\n<meta property=\"og:site_name\" content=\"Associativismo\" \/>\n<meta property=\"article:modified_time\" content=\"2024-06-28T20:52:40+00:00\" \/>\n<meta property=\"og:image\" content=\"https:\/\/www.fiemg.com.br\/associativismo\/wp-content\/uploads\/sites\/29\/2024\/06\/Camara-de-Obras-Industriais-28-06-1.jpg\" \/>\n\t<meta property=\"og:image:width\" content=\"512\" \/>\n\t<meta property=\"og:image:height\" content=\"512\" \/>\n\t<meta property=\"og:image:type\" content=\"image\/jpeg\" \/>\n<meta name=\"twitter:card\" content=\"summary_large_image\" \/>\n<meta name=\"twitter:label1\" content=\"Est. tempo de leitura\" \/>\n\t<meta name=\"twitter:data1\" content=\"2 minutos\" \/>\n<script type=\"application\/ld+json\" class=\"yoast-schema-graph\">{\"@context\":\"https:\/\/schema.org\",\"@graph\":[{\"@type\":\"WebPage\",\"@id\":\"https:\/\/www.fiemg.com.br\/associativismo\/noticias\/camara-de-obras-industriais-debate-atualizacao-de-catalogo\/\",\"url\":\"https:\/\/www.fiemg.com.br\/associativismo\/noticias\/camara-de-obras-industriais-debate-atualizacao-de-catalogo\/\",\"name\":\"C\u00e2mara de Obras Industriais debate atualiza\u00e7\u00e3o de cat\u00e1logo - Associativismo\",\"isPartOf\":{\"@id\":\"https:\/\/www.fiemg.com.br\/associativismo\/#website\"},\"primaryImageOfPage\":{\"@id\":\"https:\/\/www.fiemg.com.br\/associativismo\/noticias\/camara-de-obras-industriais-debate-atualizacao-de-catalogo\/#primaryimage\"},\"image\":{\"@id\":\"https:\/\/www.fiemg.com.br\/associativismo\/noticias\/camara-de-obras-industriais-debate-atualizacao-de-catalogo\/#primaryimage\"},\"thumbnailUrl\":\"https:\/\/www.fiemg.com.br\/associativismo\/wp-content\/uploads\/sites\/29\/2024\/06\/Camara-de-Obras-Industriais-28-06-1.jpg\",\"datePublished\":\"2024-06-28T20:52:39+00:00\",\"dateModified\":\"2024-06-28T20:52:40+00:00\",\"description\":\"Ainda na reuni\u00e3o, os participantes trataram da cria\u00e7\u00e3o de um boletim informativo e sobre a participa\u00e7\u00e3o do colegiado na programa\u00e7\u00e3o do Imers\u00e3o Ind\u00fastria\",\"breadcrumb\":{\"@id\":\"https:\/\/www.fiemg.com.br\/associativismo\/noticias\/camara-de-obras-industriais-debate-atualizacao-de-catalogo\/#breadcrumb\"},\"inLanguage\":\"pt-BR\",\"potentialAction\":[{\"@type\":\"ReadAction\",\"target\":[\"https:\/\/www.fiemg.com.br\/associativismo\/noticias\/camara-de-obras-industriais-debate-atualizacao-de-catalogo\/\"]}]},{\"@type\":\"ImageObject\",\"inLanguage\":\"pt-BR\",\"@id\":\"https:\/\/www.fiemg.com.br\/associativismo\/noticias\/camara-de-obras-industriais-debate-atualizacao-de-catalogo\/#primaryimage\",\"url\":\"https:\/\/www.fiemg.com.br\/associativismo\/wp-content\/uploads\/sites\/29\/2024\/06\/Camara-de-Obras-Industriais-28-06-1.jpg\",\"contentUrl\":\"https:\/\/www.fiemg.com.br\/associativismo\/wp-content\/uploads\/sites\/29\/2024\/06\/Camara-de-Obras-Industriais-28-06-1.jpg\",\"width\":512,\"height\":512},{\"@type\":\"BreadcrumbList\",\"@id\":\"https:\/\/www.fiemg.com.br\/associativismo\/noticias\/camara-de-obras-industriais-debate-atualizacao-de-catalogo\/#breadcrumb\",\"itemListElement\":[{\"@type\":\"ListItem\",\"position\":1,\"name\":\"In\u00edcio\",\"item\":\"https:\/\/www.fiemg.com.br\/associativismo\/\"},{\"@type\":\"ListItem\",\"position\":2,\"name\":\"C\u00e2mara de Obras Industriais debate atualiza\u00e7\u00e3o de cat\u00e1logo\"}]},{\"@type\":\"WebSite\",\"@id\":\"https:\/\/www.fiemg.com.br\/associativismo\/#website\",\"url\":\"https:\/\/www.fiemg.com.br\/associativismo\/\",\"name\":\"Associativismo\",\"description\":\"Federa\u00e7\u00e3o das Ind\u00fastrias do Estado de Minas Gerais\",\"publisher\":{\"@id\":\"https:\/\/www.fiemg.com.br\/associativismo\/#organization\"},\"potentialAction\":[{\"@type\":\"SearchAction\",\"target\":{\"@type\":\"EntryPoint\",\"urlTemplate\":\"https:\/\/www.fiemg.com.br\/associativismo\/?s={search_term_string}\"},\"query-input\":{\"@type\":\"PropertyValueSpecification\",\"valueRequired\":true,\"valueName\":\"search_term_string\"}}],\"inLanguage\":\"pt-BR\"},{\"@type\":\"Organization\",\"@id\":\"https:\/\/www.fiemg.com.br\/associativismo\/#organization\",\"name\":\"Associativismo\",\"url\":\"https:\/\/www.fiemg.com.br\/associativismo\/\",\"logo\":{\"@type\":\"ImageObject\",\"inLanguage\":\"pt-BR\",\"@id\":\"https:\/\/www.fiemg.com.br\/associativismo\/#\/schema\/logo\/image\/\",\"url\":\"https:\/\/www.fiemg.com.br\/associativismo\/wp-content\/uploads\/sites\/29\/2023\/02\/fiemg_branco.svg\",\"contentUrl\":\"https:\/\/www.fiemg.com.br\/associativismo\/wp-content\/uploads\/sites\/29\/2023\/02\/fiemg_branco.svg\",\"width\":561,\"height\":147,\"caption\":\"Associativismo\"},\"image\":{\"@id\":\"https:\/\/www.fiemg.com.br\/associativismo\/#\/schema\/logo\/image\/\"}}]}<\/script>\n<!-- \/ Yoast SEO plugin. -->","yoast_head_json":{"title":"C\u00e2mara de Obras Industriais debate atualiza\u00e7\u00e3o de cat\u00e1logo - Associativismo","description":"Ainda na reuni\u00e3o, os participantes trataram da cria\u00e7\u00e3o de um boletim informativo e sobre a participa\u00e7\u00e3o do colegiado na programa\u00e7\u00e3o do Imers\u00e3o Ind\u00fastria","robots":{"index":"index","follow":"follow","max-snippet":"max-snippet:-1","max-image-preview":"max-image-preview:large","max-video-preview":"max-video-preview:-1"},"canonical":"https:\/\/www.fiemg.com.br\/associativismo\/noticias\/camara-de-obras-industriais-debate-atualizacao-de-catalogo\/","og_locale":"pt_BR","og_type":"article","og_title":"C\u00e2mara de Obras Industriais debate atualiza\u00e7\u00e3o de cat\u00e1logo - Associativismo","og_description":"Ainda na reuni\u00e3o, os participantes trataram da cria\u00e7\u00e3o de um boletim informativo e sobre a participa\u00e7\u00e3o do colegiado na programa\u00e7\u00e3o do Imers\u00e3o Ind\u00fastria","og_url":"https:\/\/www.fiemg.com.br\/associativismo\/noticias\/camara-de-obras-industriais-debate-atualizacao-de-catalogo\/","og_site_name":"Associativismo","article_modified_time":"2024-06-28T20:52:40+00:00","og_image":[{"width":512,"height":512,"url":"https:\/\/www.fiemg.com.br\/associativismo\/wp-content\/uploads\/sites\/29\/2024\/06\/Camara-de-Obras-Industriais-28-06-1.jpg","type":"image\/jpeg"}],"twitter_card":"summary_large_image","twitter_misc":{"Est. tempo de leitura":"2 minutos"},"schema":{"@context":"https:\/\/schema.org","@graph":[{"@type":"WebPage","@id":"https:\/\/www.fiemg.com.br\/associativismo\/noticias\/camara-de-obras-industriais-debate-atualizacao-de-catalogo\/","url":"https:\/\/www.fiemg.com.br\/associativismo\/noticias\/camara-de-obras-industriais-debate-atualizacao-de-catalogo\/","name":"C\u00e2mara de Obras Industriais debate atualiza\u00e7\u00e3o de cat\u00e1logo - Associativismo","isPartOf":{"@id":"https:\/\/www.fiemg.com.br\/associativismo\/#website"},"primaryImageOfPage":{"@id":"https:\/\/www.fiemg.com.br\/associativismo\/noticias\/camara-de-obras-industriais-debate-atualizacao-de-catalogo\/#primaryimage"},"image":{"@id":"https:\/\/www.fiemg.com.br\/associativismo\/noticias\/camara-de-obras-industriais-debate-atualizacao-de-catalogo\/#primaryimage"},"thumbnailUrl":"https:\/\/www.fiemg.com.br\/associativismo\/wp-content\/uploads\/sites\/29\/2024\/06\/Camara-de-Obras-Industriais-28-06-1.jpg","datePublished":"2024-06-28T20:52:39+00:00","dateModified":"2024-06-28T20:52:40+00:00","description":"Ainda na reuni\u00e3o, os participantes trataram da cria\u00e7\u00e3o de um boletim informativo e sobre a participa\u00e7\u00e3o do colegiado na programa\u00e7\u00e3o do Imers\u00e3o Ind\u00fastria","breadcrumb":{"@id":"https:\/\/www.fiemg.com.br\/associativismo\/noticias\/camara-de-obras-industriais-debate-atualizacao-de-catalogo\/#breadcrumb"},"inLanguage":"pt-BR","potentialAction":[{"@type":"ReadAction","target":["https:\/\/www.fiemg.com.br\/associativismo\/noticias\/camara-de-obras-industriais-debate-atualizacao-de-catalogo\/"]}]},{"@type":"ImageObject","inLanguage":"pt-BR","@id":"https:\/\/www.fiemg.com.br\/associativismo\/noticias\/camara-de-obras-industriais-debate-atualizacao-de-catalogo\/#primaryimage","url":"https:\/\/www.fiemg.com.br\/associativismo\/wp-content\/uploads\/sites\/29\/2024\/06\/Camara-de-Obras-Industriais-28-06-1.jpg","contentUrl":"https:\/\/www.fiemg.com.br\/associativismo\/wp-content\/uploads\/sites\/29\/2024\/06\/Camara-de-Obras-Industriais-28-06-1.jpg","width":512,"height":512},{"@type":"BreadcrumbList","@id":"https:\/\/www.fiemg.com.br\/associativismo\/noticias\/camara-de-obras-industriais-debate-atualizacao-de-catalogo\/#breadcrumb","itemListElement":[{"@type":"ListItem","position":1,"name":"In\u00edcio","item":"https:\/\/www.fiemg.com.br\/associativismo\/"},{"@type":"ListItem","position":2,"name":"C\u00e2mara de Obras Industriais debate atualiza\u00e7\u00e3o de cat\u00e1logo"}]},{"@type":"WebSite","@id":"https:\/\/www.fiemg.com.br\/associativismo\/#website","url":"https:\/\/www.fiemg.com.br\/associativismo\/","name":"Associativismo","description":"Federa\u00e7\u00e3o das Ind\u00fastrias do Estado de Minas Gerais","publisher":{"@id":"https:\/\/www.fiemg.com.br\/associativismo\/#organization"},"potentialAction":[{"@type":"SearchAction","target":{"@type":"EntryPoint","urlTemplate":"https:\/\/www.fiemg.com.br\/associativismo\/?s={search_term_string}"},"query-input":{"@type":"PropertyValueSpecification","valueRequired":true,"valueName":"search_term_string"}}],"inLanguage":"pt-BR"},{"@type":"Organization","@id":"https:\/\/www.fiemg.com.br\/associativismo\/#organization","name":"Associativismo","url":"https:\/\/www.fiemg.com.br\/associativismo\/","logo":{"@type":"ImageObject","inLanguage":"pt-BR","@id":"https:\/\/www.fiemg.com.br\/associativismo\/#\/schema\/logo\/image\/","url":"https:\/\/www.fiemg.com.br\/associativismo\/wp-content\/uploads\/sites\/29\/2023\/02\/fiemg_branco.svg","contentUrl":"https:\/\/www.fiemg.com.br\/associativismo\/wp-content\/uploads\/sites\/29\/2023\/02\/fiemg_branco.svg","width":561,"height":147,"caption":"Associativismo"},"image":{"@id":"https:\/\/www.fiemg.com.br\/associativismo\/#\/schema\/logo\/image\/"}}]}},"_links":{"self":[{"href":"https:\/\/www.fiemg.com.br\/associativismo\/wp-json\/wp\/v2\/noticias\/2681","targetHints":{"allow":["GET"]}}],"collection":[{"href":"https:\/\/www.fiemg.com.br\/associativismo\/wp-json\/wp\/v2\/noticias"}],"about":[{"href":"https:\/\/www.fiemg.com.br\/associativismo\/wp-json\/wp\/v2\/types\/noticias"}],"wp:featuredmedia":[{"embeddable":true,"href":"https:\/\/www.fiemg.com.br\/associativismo\/wp-json\/wp\/v2\/media\/2682"}],"wp:attachment":[{"href":"https:\/\/www.fiemg.com.br\/associativismo\/wp-json\/wp\/v2\/media?parent=2681"}],"wp:term":[{"taxonomy":"category","embeddable":true,"href":"https:\/\/www.fiemg.com.br\/associativismo\/wp-json\/wp\/v2\/categories?post=2681"},{"taxonomy":"post_tag","embeddable":true,"href":"https:\/\/www.fiemg.com.br\/associativismo\/wp-json\/wp\/v2\/tags?post=2681"}],"curies":[{"name":"wp","href":"https:\/\/api.w.org\/{rel}","templated":true}]}}