{"id":2706,"date":"2024-07-05T13:06:18","date_gmt":"2024-07-05T16:06:18","guid":{"rendered":"https:\/\/www.fiemg.com.br\/associativismo\/noticias\/minha-casa-minha-vida-em-pauta-no-minascon-2024\/"},"modified":"2024-07-05T16:09:01","modified_gmt":"2024-07-05T19:09:01","slug":"minha-casa-minha-vida-em-pauta-no-minascon-2024","status":"publish","type":"noticias","link":"https:\/\/www.fiemg.com.br\/associativismo\/noticias\/minha-casa-minha-vida-em-pauta-no-minascon-2024\/","title":{"rendered":"Minha Casa Minha Vida em pauta no Minascon 2024"},"content":{"rendered":"\n<p>Informa\u00e7\u00f5es relevantes sobre o Minha Casa Minha, programa de habita\u00e7\u00e3o do governo federal, foram apresentadas em um painel durante o segundo dia de atividades do Minascon. O evento da constru\u00e7\u00e3o civil \u00e9 realizado pela primeira vez em Divin\u00f3polis, cidade-p\u00f3lo da Regi\u00e3o Centro-Oeste de Minas Gerais.<\/p>\n\n\n\n<p>O superintendente de Habita\u00e7\u00e3o BH\/Oeste da Caixa Econ\u00f4mica Federal, Leandro Costa, explicou o funcionamento do programa e as suas modalidades para a compra de im\u00f3vel, que envolvem, por exemplo, o Fundo de Garantia por Tempo de Servi\u00e7o (FGTS) e o Fundo de Arrendamento Residencial (FA). Al\u00e9m disso, segundo Costa, o programa atende fam\u00edlias com renda mensal bruta de at\u00e9 R$ 8 mil em \u00e1reas urbanas e de at\u00e9 R$ 96 mil em regi\u00f5es rurais. Os interessados em participar do Minha Casa Minha Vida n\u00e3o podem ter nenhum im\u00f3vel registrado em seu nome.<\/p>\n\n\n\n<p>Leandro Costa citou dados da Associa\u00e7\u00e3o Brasileira de Cr\u00e9dito Imobili\u00e1rio e Poupan\u00e7a (Abecip), que apontou que, em 2023, a Caixa contratou R$ 185 bilh\u00f5es em cr\u00e9dito imobili\u00e1rio, o que representa 73,74% das concess\u00f5es do pa\u00eds. \u201cNo ano passado, foram financiadas 994 mil unidades habitacionais no Brasil, sendo que 500 mil receberam cr\u00e9dito da poupan\u00e7a e o restante via FGTS\u201d.<\/p>\n\n\n\n<p>\u201cEm rela\u00e7\u00e3o \u00e0 regi\u00e3o de Divin\u00f3polis, o financiamento imobili\u00e1rio foi de R$ 241 milh\u00f5es pelo FGTS, sendo R$ 104 mi na cidade, com 670 moradias\u201d, informou. A evid\u00eancia dos dados, prosseguiu Leandro Costa, refor\u00e7a a import\u00e2ncia da parceria da Caixa com a ind\u00fastria da constru\u00e7\u00e3o civil.<\/p>\n\n\n\n<p>Para al\u00e9m dos n\u00fameros, o superintendente considera que o segmento \u00e9 um importante indutor do crescimento do pa\u00eds, sobretudo na gera\u00e7\u00e3o de emprego e renda. \u201cO aumento dos investimentos em habita\u00e7\u00e3o social e infraestrutura \u00e9 fator que torna a constru\u00e7\u00e3o civil essencial no aquecimento da economia\u201d, observou, citando tamb\u00e9m a parceria com a FIEMG na viabiliza\u00e7\u00e3o do programa junto \u00e0s empresas. Ap\u00f3s a apresenta\u00e7\u00e3o, Leandro Costa respondeu \u00e0s perguntas do p\u00fablico sobre o programa. <br><br>Presidente da C\u00e2mara da Ind\u00fastria da Constru\u00e7\u00e3o da Federa\u00e7\u00e3o, Geraldo Linhares J\u00fanior, que participou do painel, destacou a parceria longeva da entidade com o banco na promo\u00e7\u00e3o de neg\u00f3cios habitacionais. Segundo ele, o di\u00e1logo entre as institui\u00e7\u00f5es \u00e9 fundamental para o segmento da constru\u00e7\u00e3o viabilizar os empreendimentos por meio do Minha Casa Minha Vida e desburocratiza\u00e7\u00e3o de processos do programa.<br><br>Na programa\u00e7\u00e3o do Minascon houve tamb\u00e9m uma palestra sobre o papel da Companhia de Desenvolvimento de Minas Gerais (Codemge) no planejamento de infraestrutura e estrutura\u00e7\u00e3o de projetos de parcerias. \u201cA Codemge est\u00e1 em processo de reposicionamento no mercado com uma estruturadora de projetos e eu expliquei como essas a\u00e7\u00f5es est\u00e3o sendo desenvolvidas e de que forma a iniciativa privada pode participar\u201d, disse a Ma\u00edra Vitoriano, coordenadora de planejamento na companhia.<br><br>O Minascon 2024 \u00e9 uma realiza\u00e7\u00e3o da FIEMG, por meio da FIEMG Regional Centro-Oeste, do Sindicato das Ind\u00fastrias da Constru\u00e7\u00e3o Civil do Centro-Oeste, da C\u00e2mara da Ind\u00fastria da Constru\u00e7\u00e3o da FIEMG. Conta tamb\u00e9m com o apoio m\u00e1ster do SEBRAE, patroc\u00ednio ouro da CAIXA e Governo Federal, patroc\u00ednio prata do CREA-MG, Codemge e Governo do Estado de Minas Gerais, al\u00e9m dos apoios do SEST SENAT e institucional do Conselho de Arquitetura e Urbanismo de Minas Gerais (CAU-MG).<\/p>\n\n\n\n<p><em>Rafael Passos<br><\/em><strong>Imprensa FIEMG<\/strong><\/p>\n","protected":false},"featured_media":2707,"template":"","categories":[15],"tags":[295,46,184,192],"class_list":["post-2706","noticias","type-noticias","status-publish","has-post-thumbnail","hentry","category-desenvolvimento-industrial","tag-construcao","tag-fiemg","tag-minascon","tag-minha-casa-minha-vida"],"acf":[],"yoast_head":"<!-- This site is optimized with the Yoast SEO plugin v26.2 - https:\/\/yoast.com\/wordpress\/plugins\/seo\/ -->\n<title>Minha Casa Minha Vida em pauta no Minascon 2024 - Associativismo<\/title>\n<meta name=\"description\" content=\"Programa de habita\u00e7\u00e3o \u00e9 tema de palestra no segundo dia de evento da constru\u00e7\u00e3o civil\" \/>\n<meta name=\"robots\" content=\"index, follow, max-snippet:-1, max-image-preview:large, max-video-preview:-1\" \/>\n<link rel=\"canonical\" href=\"https:\/\/www.fiemg.com.br\/associativismo\/noticias\/minha-casa-minha-vida-em-pauta-no-minascon-2024\/\" \/>\n<meta property=\"og:locale\" content=\"pt_BR\" \/>\n<meta property=\"og:type\" content=\"article\" \/>\n<meta property=\"og:title\" content=\"Minha Casa Minha Vida em pauta no Minascon 2024 - Associativismo\" \/>\n<meta property=\"og:description\" content=\"Programa de habita\u00e7\u00e3o \u00e9 tema de palestra no segundo dia de evento da constru\u00e7\u00e3o civil\" \/>\n<meta property=\"og:url\" content=\"https:\/\/www.fiemg.com.br\/associativismo\/noticias\/minha-casa-minha-vida-em-pauta-no-minascon-2024\/\" \/>\n<meta property=\"og:site_name\" content=\"Associativismo\" \/>\n<meta property=\"article:modified_time\" content=\"2024-07-05T19:09:01+00:00\" \/>\n<meta property=\"og:image\" content=\"https:\/\/www.fiemg.com.br\/associativismo\/wp-content\/uploads\/sites\/29\/2024\/07\/minha-casa-minha-vida_thumb.jpeg\" \/>\n\t<meta property=\"og:image:width\" content=\"512\" \/>\n\t<meta property=\"og:image:height\" content=\"512\" \/>\n\t<meta property=\"og:image:type\" content=\"image\/jpeg\" \/>\n<meta name=\"twitter:card\" content=\"summary_large_image\" \/>\n<meta name=\"twitter:label1\" content=\"Est. tempo de leitura\" \/>\n\t<meta name=\"twitter:data1\" content=\"3 minutos\" \/>\n<script type=\"application\/ld+json\" class=\"yoast-schema-graph\">{\"@context\":\"https:\/\/schema.org\",\"@graph\":[{\"@type\":\"WebPage\",\"@id\":\"https:\/\/www.fiemg.com.br\/associativismo\/noticias\/minha-casa-minha-vida-em-pauta-no-minascon-2024\/\",\"url\":\"https:\/\/www.fiemg.com.br\/associativismo\/noticias\/minha-casa-minha-vida-em-pauta-no-minascon-2024\/\",\"name\":\"Minha Casa Minha Vida em pauta no Minascon 2024 - Associativismo\",\"isPartOf\":{\"@id\":\"https:\/\/www.fiemg.com.br\/associativismo\/#website\"},\"primaryImageOfPage\":{\"@id\":\"https:\/\/www.fiemg.com.br\/associativismo\/noticias\/minha-casa-minha-vida-em-pauta-no-minascon-2024\/#primaryimage\"},\"image\":{\"@id\":\"https:\/\/www.fiemg.com.br\/associativismo\/noticias\/minha-casa-minha-vida-em-pauta-no-minascon-2024\/#primaryimage\"},\"thumbnailUrl\":\"https:\/\/www.fiemg.com.br\/associativismo\/wp-content\/uploads\/sites\/29\/2024\/07\/minha-casa-minha-vida_thumb.jpeg\",\"datePublished\":\"2024-07-05T16:06:18+00:00\",\"dateModified\":\"2024-07-05T19:09:01+00:00\",\"description\":\"Programa de habita\u00e7\u00e3o \u00e9 tema de palestra no segundo dia de evento da constru\u00e7\u00e3o civil\",\"breadcrumb\":{\"@id\":\"https:\/\/www.fiemg.com.br\/associativismo\/noticias\/minha-casa-minha-vida-em-pauta-no-minascon-2024\/#breadcrumb\"},\"inLanguage\":\"pt-BR\",\"potentialAction\":[{\"@type\":\"ReadAction\",\"target\":[\"https:\/\/www.fiemg.com.br\/associativismo\/noticias\/minha-casa-minha-vida-em-pauta-no-minascon-2024\/\"]}]},{\"@type\":\"ImageObject\",\"inLanguage\":\"pt-BR\",\"@id\":\"https:\/\/www.fiemg.com.br\/associativismo\/noticias\/minha-casa-minha-vida-em-pauta-no-minascon-2024\/#primaryimage\",\"url\":\"https:\/\/www.fiemg.com.br\/associativismo\/wp-content\/uploads\/sites\/29\/2024\/07\/minha-casa-minha-vida_thumb.jpeg\",\"contentUrl\":\"https:\/\/www.fiemg.com.br\/associativismo\/wp-content\/uploads\/sites\/29\/2024\/07\/minha-casa-minha-vida_thumb.jpeg\",\"width\":512,\"height\":512,\"caption\":\"Programa de habita\u00e7\u00e3o \u00e9 tema de palestra no segundo dia de evento da constru\u00e7\u00e3o civil\"},{\"@type\":\"BreadcrumbList\",\"@id\":\"https:\/\/www.fiemg.com.br\/associativismo\/noticias\/minha-casa-minha-vida-em-pauta-no-minascon-2024\/#breadcrumb\",\"itemListElement\":[{\"@type\":\"ListItem\",\"position\":1,\"name\":\"In\u00edcio\",\"item\":\"https:\/\/www.fiemg.com.br\/associativismo\/\"},{\"@type\":\"ListItem\",\"position\":2,\"name\":\"Minha Casa Minha Vida em pauta no Minascon 2024\"}]},{\"@type\":\"WebSite\",\"@id\":\"https:\/\/www.fiemg.com.br\/associativismo\/#website\",\"url\":\"https:\/\/www.fiemg.com.br\/associativismo\/\",\"name\":\"Associativismo\",\"description\":\"Federa\u00e7\u00e3o das Ind\u00fastrias do Estado de Minas Gerais\",\"publisher\":{\"@id\":\"https:\/\/www.fiemg.com.br\/associativismo\/#organization\"},\"potentialAction\":[{\"@type\":\"SearchAction\",\"target\":{\"@type\":\"EntryPoint\",\"urlTemplate\":\"https:\/\/www.fiemg.com.br\/associativismo\/?s={search_term_string}\"},\"query-input\":{\"@type\":\"PropertyValueSpecification\",\"valueRequired\":true,\"valueName\":\"search_term_string\"}}],\"inLanguage\":\"pt-BR\"},{\"@type\":\"Organization\",\"@id\":\"https:\/\/www.fiemg.com.br\/associativismo\/#organization\",\"name\":\"Associativismo\",\"url\":\"https:\/\/www.fiemg.com.br\/associativismo\/\",\"logo\":{\"@type\":\"ImageObject\",\"inLanguage\":\"pt-BR\",\"@id\":\"https:\/\/www.fiemg.com.br\/associativismo\/#\/schema\/logo\/image\/\",\"url\":\"https:\/\/www.fiemg.com.br\/associativismo\/wp-content\/uploads\/sites\/29\/2023\/02\/fiemg_branco.svg\",\"contentUrl\":\"https:\/\/www.fiemg.com.br\/associativismo\/wp-content\/uploads\/sites\/29\/2023\/02\/fiemg_branco.svg\",\"width\":561,\"height\":147,\"caption\":\"Associativismo\"},\"image\":{\"@id\":\"https:\/\/www.fiemg.com.br\/associativismo\/#\/schema\/logo\/image\/\"}}]}<\/script>\n<!-- \/ Yoast SEO plugin. -->","yoast_head_json":{"title":"Minha Casa Minha Vida em pauta no Minascon 2024 - Associativismo","description":"Programa de habita\u00e7\u00e3o \u00e9 tema de palestra no segundo dia de evento da constru\u00e7\u00e3o civil","robots":{"index":"index","follow":"follow","max-snippet":"max-snippet:-1","max-image-preview":"max-image-preview:large","max-video-preview":"max-video-preview:-1"},"canonical":"https:\/\/www.fiemg.com.br\/associativismo\/noticias\/minha-casa-minha-vida-em-pauta-no-minascon-2024\/","og_locale":"pt_BR","og_type":"article","og_title":"Minha Casa Minha Vida em pauta no Minascon 2024 - Associativismo","og_description":"Programa de habita\u00e7\u00e3o \u00e9 tema de palestra no segundo dia de evento da constru\u00e7\u00e3o civil","og_url":"https:\/\/www.fiemg.com.br\/associativismo\/noticias\/minha-casa-minha-vida-em-pauta-no-minascon-2024\/","og_site_name":"Associativismo","article_modified_time":"2024-07-05T19:09:01+00:00","og_image":[{"width":512,"height":512,"url":"https:\/\/www.fiemg.com.br\/associativismo\/wp-content\/uploads\/sites\/29\/2024\/07\/minha-casa-minha-vida_thumb.jpeg","type":"image\/jpeg"}],"twitter_card":"summary_large_image","twitter_misc":{"Est. tempo de leitura":"3 minutos"},"schema":{"@context":"https:\/\/schema.org","@graph":[{"@type":"WebPage","@id":"https:\/\/www.fiemg.com.br\/associativismo\/noticias\/minha-casa-minha-vida-em-pauta-no-minascon-2024\/","url":"https:\/\/www.fiemg.com.br\/associativismo\/noticias\/minha-casa-minha-vida-em-pauta-no-minascon-2024\/","name":"Minha Casa Minha Vida em pauta no Minascon 2024 - Associativismo","isPartOf":{"@id":"https:\/\/www.fiemg.com.br\/associativismo\/#website"},"primaryImageOfPage":{"@id":"https:\/\/www.fiemg.com.br\/associativismo\/noticias\/minha-casa-minha-vida-em-pauta-no-minascon-2024\/#primaryimage"},"image":{"@id":"https:\/\/www.fiemg.com.br\/associativismo\/noticias\/minha-casa-minha-vida-em-pauta-no-minascon-2024\/#primaryimage"},"thumbnailUrl":"https:\/\/www.fiemg.com.br\/associativismo\/wp-content\/uploads\/sites\/29\/2024\/07\/minha-casa-minha-vida_thumb.jpeg","datePublished":"2024-07-05T16:06:18+00:00","dateModified":"2024-07-05T19:09:01+00:00","description":"Programa de habita\u00e7\u00e3o \u00e9 tema de palestra no segundo dia de evento da constru\u00e7\u00e3o civil","breadcrumb":{"@id":"https:\/\/www.fiemg.com.br\/associativismo\/noticias\/minha-casa-minha-vida-em-pauta-no-minascon-2024\/#breadcrumb"},"inLanguage":"pt-BR","potentialAction":[{"@type":"ReadAction","target":["https:\/\/www.fiemg.com.br\/associativismo\/noticias\/minha-casa-minha-vida-em-pauta-no-minascon-2024\/"]}]},{"@type":"ImageObject","inLanguage":"pt-BR","@id":"https:\/\/www.fiemg.com.br\/associativismo\/noticias\/minha-casa-minha-vida-em-pauta-no-minascon-2024\/#primaryimage","url":"https:\/\/www.fiemg.com.br\/associativismo\/wp-content\/uploads\/sites\/29\/2024\/07\/minha-casa-minha-vida_thumb.jpeg","contentUrl":"https:\/\/www.fiemg.com.br\/associativismo\/wp-content\/uploads\/sites\/29\/2024\/07\/minha-casa-minha-vida_thumb.jpeg","width":512,"height":512,"caption":"Programa de habita\u00e7\u00e3o \u00e9 tema de palestra no segundo dia de evento da constru\u00e7\u00e3o civil"},{"@type":"BreadcrumbList","@id":"https:\/\/www.fiemg.com.br\/associativismo\/noticias\/minha-casa-minha-vida-em-pauta-no-minascon-2024\/#breadcrumb","itemListElement":[{"@type":"ListItem","position":1,"name":"In\u00edcio","item":"https:\/\/www.fiemg.com.br\/associativismo\/"},{"@type":"ListItem","position":2,"name":"Minha Casa Minha Vida em pauta no Minascon 2024"}]},{"@type":"WebSite","@id":"https:\/\/www.fiemg.com.br\/associativismo\/#website","url":"https:\/\/www.fiemg.com.br\/associativismo\/","name":"Associativismo","description":"Federa\u00e7\u00e3o das Ind\u00fastrias do Estado de Minas Gerais","publisher":{"@id":"https:\/\/www.fiemg.com.br\/associativismo\/#organization"},"potentialAction":[{"@type":"SearchAction","target":{"@type":"EntryPoint","urlTemplate":"https:\/\/www.fiemg.com.br\/associativismo\/?s={search_term_string}"},"query-input":{"@type":"PropertyValueSpecification","valueRequired":true,"valueName":"search_term_string"}}],"inLanguage":"pt-BR"},{"@type":"Organization","@id":"https:\/\/www.fiemg.com.br\/associativismo\/#organization","name":"Associativismo","url":"https:\/\/www.fiemg.com.br\/associativismo\/","logo":{"@type":"ImageObject","inLanguage":"pt-BR","@id":"https:\/\/www.fiemg.com.br\/associativismo\/#\/schema\/logo\/image\/","url":"https:\/\/www.fiemg.com.br\/associativismo\/wp-content\/uploads\/sites\/29\/2023\/02\/fiemg_branco.svg","contentUrl":"https:\/\/www.fiemg.com.br\/associativismo\/wp-content\/uploads\/sites\/29\/2023\/02\/fiemg_branco.svg","width":561,"height":147,"caption":"Associativismo"},"image":{"@id":"https:\/\/www.fiemg.com.br\/associativismo\/#\/schema\/logo\/image\/"}}]}},"_links":{"self":[{"href":"https:\/\/www.fiemg.com.br\/associativismo\/wp-json\/wp\/v2\/noticias\/2706","targetHints":{"allow":["GET"]}}],"collection":[{"href":"https:\/\/www.fiemg.com.br\/associativismo\/wp-json\/wp\/v2\/noticias"}],"about":[{"href":"https:\/\/www.fiemg.com.br\/associativismo\/wp-json\/wp\/v2\/types\/noticias"}],"wp:featuredmedia":[{"embeddable":true,"href":"https:\/\/www.fiemg.com.br\/associativismo\/wp-json\/wp\/v2\/media\/2707"}],"wp:attachment":[{"href":"https:\/\/www.fiemg.com.br\/associativismo\/wp-json\/wp\/v2\/media?parent=2706"}],"wp:term":[{"taxonomy":"category","embeddable":true,"href":"https:\/\/www.fiemg.com.br\/associativismo\/wp-json\/wp\/v2\/categories?post=2706"},{"taxonomy":"post_tag","embeddable":true,"href":"https:\/\/www.fiemg.com.br\/associativismo\/wp-json\/wp\/v2\/tags?post=2706"}],"curies":[{"name":"wp","href":"https:\/\/api.w.org\/{rel}","templated":true}]}}