{"id":2750,"date":"2024-07-15T14:37:25","date_gmt":"2024-07-15T17:37:25","guid":{"rendered":"https:\/\/www.fiemg.com.br\/associativismo\/noticias\/cin-promove-2-modulo-da-capacitacao-em-marketing-e-planejamento-de-vendas-internacionais\/"},"modified":"2024-07-15T14:37:28","modified_gmt":"2024-07-15T17:37:28","slug":"cin-promove-2-modulo-da-capacitacao-em-marketing-e-planejamento-de-vendas-internacionais","status":"publish","type":"noticias","link":"https:\/\/www.fiemg.com.br\/associativismo\/noticias\/cin-promove-2-modulo-da-capacitacao-em-marketing-e-planejamento-de-vendas-internacionais\/","title":{"rendered":"CIN promove 2\u00b0 m\u00f3dulo da capacita\u00e7\u00e3o em marketing e planejamento de vendas internacionais"},"content":{"rendered":"\n<p>Nos dias 24 e 25 de julho, a Federa\u00e7\u00e3o das Ind\u00fastrias de Minas Gerais (FIEMG), por meio do Centro Internacional de Neg\u00f3cios (CIN), vai realizar o segundo m\u00f3dulo da capacita\u00e7\u00e3o \u201cMarketing e Planejamento de Vendas Internacionais\u201d. O curso tem carga hor\u00e1ria total de seis horas e ocorrer\u00e1 por videoconfer\u00eancia ao vivo das 9h \u00e0s 12h.<\/p>\n\n\n\n<p>O treinamento visa auxiliar empresas em suas estrat\u00e9gias de marketing internacional, principalmente no que tange \u00e0 prospec\u00e7\u00e3o e amplia\u00e7\u00e3o de mercados. Tamb\u00e9m ser\u00e3o tratados temas relacionados \u00e0s estrat\u00e9gias comerciais e como adapt\u00e1-las aos diversos mercados. Al\u00e9m disso, o curso abordar\u00e1 as feiras internacionais como a\u00e7\u00f5es estrat\u00e9gicas e que muitas vezes s\u00e3o subutilizadas, fazendo com que as empresas n\u00e3o explorem todo o seu potencial de gera\u00e7\u00e3o de neg\u00f3cios.<\/p>\n\n\n\n<p>Entre os conte\u00fados que ser\u00e3o tratados no curso est\u00e3o:<\/p>\n\n\n\n<ul class=\"wp-block-list\">\n<li>Cultura exportadora e o seu desenvolvimento na empresa;<\/li>\n\n\n\n<li>Crit\u00e9rios para a sele\u00e7\u00e3o de potenciais mercados para a exporta\u00e7\u00e3o;<\/li>\n\n\n\n<li>An\u00e1lise dos potenciais mercados externos;<\/li>\n\n\n\n<li>Informa\u00e7\u00e3o. O grande diferencial competitivo de sua estrat\u00e9gia;<\/li>\n\n\n\n<li>Diferen\u00e7as culturais e comunica\u00e7\u00e3o;<\/li>\n\n\n\n<li>Estrat\u00e9gias de precifica\u00e7\u00e3o;<\/li>\n\n\n\n<li>Feiras Internacionais. Como ter uma participa\u00e7\u00e3o estrat\u00e9gica e foco em resultados efetivos;<\/li>\n\n\n\n<li>Como estruturar um plano de vendas eficaz;<\/li>\n\n\n\n<li>P\u00f3s-venda, an\u00e1lise dos resultados e realinhamento do planejamento.<\/li>\n<\/ul>\n\n\n\n<p>O evento \u00e9 aberto ao p\u00fablico e o investimento \u00e9 de R$240. E para mais de tr\u00eas funcion\u00e1rios da mesma empresa ou estudantes de uma mesma institui\u00e7\u00e3o haver\u00e1 desconto. Os interessados podem se inscrever atrav\u00e9s <a href=\"https:\/\/docs.google.com\/forms\/d\/e\/1FAIpQLSfy9y1DTAKC_oKsDdlkEYbBFeY6hoAwSe4GSEPrtbJJT-o9SQ\/viewform\" target=\"_blank\" rel=\"noreferrer noopener\">deste link<\/a>.\u00a0<\/p>\n\n\n\n<p><strong>Capacita\u00e7\u00e3o em Marketing e Planejamento de Vendas Internacionais<\/strong><br><strong>Data:<\/strong> 24 e 25 de julho de 2024<br><strong>Hor\u00e1rio:<\/strong> 09h \u00e0s 12h<br><strong>Investimento:<\/strong> R$ 240<br>Fa\u00e7a sua inscri\u00e7\u00e3o <a href=\"https:\/\/docs.google.com\/forms\/d\/e\/1FAIpQLSfy9y1DTAKC_oKsDdlkEYbBFeY6hoAwSe4GSEPrtbJJT-o9SQ\/viewform\" target=\"_blank\" rel=\"noreferrer noopener\">aqui<\/a><\/p>\n\n\n\n<p><em>Tha\u00eds Mota<\/em><br><strong>Imprensa FIEMG<\/strong><\/p>\n","protected":false},"featured_media":2751,"template":"","categories":[5],"tags":[159,73,734,161,46,55,735],"class_list":["post-2750","noticias","type-noticias","status-publish","has-post-thumbnail","hentry","category-capacitacao-empresarial","tag-capacitacao","tag-cin","tag-estrategia-de-vendas","tag-exportacao","tag-fiemg","tag-industria","tag-marketing"],"acf":[],"yoast_head":"<!-- This site is optimized with the Yoast SEO plugin v26.2 - https:\/\/yoast.com\/wordpress\/plugins\/seo\/ -->\n<title>CIN promove 2\u00b0 m\u00f3dulo da capacita\u00e7\u00e3o em marketing e planejamento de vendas internacionais - Associativismo<\/title>\n<meta name=\"description\" content=\"Curso visa preparar empresas para o mercado internacional com estrat\u00e9gias comerciais s\u00f3lidas e planejamento de marketing eficaz\" \/>\n<meta name=\"robots\" content=\"index, follow, max-snippet:-1, max-image-preview:large, max-video-preview:-1\" \/>\n<link rel=\"canonical\" href=\"https:\/\/www.fiemg.com.br\/associativismo\/noticias\/cin-promove-2-modulo-da-capacitacao-em-marketing-e-planejamento-de-vendas-internacionais\/\" \/>\n<meta property=\"og:locale\" content=\"pt_BR\" \/>\n<meta property=\"og:type\" content=\"article\" \/>\n<meta property=\"og:title\" content=\"CIN promove 2\u00b0 m\u00f3dulo da capacita\u00e7\u00e3o em marketing e planejamento de vendas internacionais - Associativismo\" \/>\n<meta property=\"og:description\" content=\"Curso visa preparar empresas para o mercado internacional com estrat\u00e9gias comerciais s\u00f3lidas e planejamento de marketing eficaz\" \/>\n<meta property=\"og:url\" content=\"https:\/\/www.fiemg.com.br\/associativismo\/noticias\/cin-promove-2-modulo-da-capacitacao-em-marketing-e-planejamento-de-vendas-internacionais\/\" \/>\n<meta property=\"og:site_name\" content=\"Associativismo\" \/>\n<meta property=\"article:modified_time\" content=\"2024-07-15T17:37:28+00:00\" \/>\n<meta property=\"og:image\" content=\"https:\/\/www.fiemg.com.br\/associativismo\/wp-content\/uploads\/sites\/29\/2024\/07\/CN000724_CIN_NEGOCIOS_300x200.png\" \/>\n\t<meta property=\"og:image:width\" content=\"300\" \/>\n\t<meta property=\"og:image:height\" content=\"200\" \/>\n\t<meta property=\"og:image:type\" content=\"image\/png\" \/>\n<meta name=\"twitter:card\" content=\"summary_large_image\" \/>\n<meta name=\"twitter:label1\" content=\"Est. tempo de leitura\" \/>\n\t<meta name=\"twitter:data1\" content=\"2 minutos\" \/>\n<script type=\"application\/ld+json\" class=\"yoast-schema-graph\">{\"@context\":\"https:\/\/schema.org\",\"@graph\":[{\"@type\":\"WebPage\",\"@id\":\"https:\/\/www.fiemg.com.br\/associativismo\/noticias\/cin-promove-2-modulo-da-capacitacao-em-marketing-e-planejamento-de-vendas-internacionais\/\",\"url\":\"https:\/\/www.fiemg.com.br\/associativismo\/noticias\/cin-promove-2-modulo-da-capacitacao-em-marketing-e-planejamento-de-vendas-internacionais\/\",\"name\":\"CIN promove 2\u00b0 m\u00f3dulo da capacita\u00e7\u00e3o em marketing e planejamento de vendas internacionais - Associativismo\",\"isPartOf\":{\"@id\":\"https:\/\/www.fiemg.com.br\/associativismo\/#website\"},\"primaryImageOfPage\":{\"@id\":\"https:\/\/www.fiemg.com.br\/associativismo\/noticias\/cin-promove-2-modulo-da-capacitacao-em-marketing-e-planejamento-de-vendas-internacionais\/#primaryimage\"},\"image\":{\"@id\":\"https:\/\/www.fiemg.com.br\/associativismo\/noticias\/cin-promove-2-modulo-da-capacitacao-em-marketing-e-planejamento-de-vendas-internacionais\/#primaryimage\"},\"thumbnailUrl\":\"https:\/\/www.fiemg.com.br\/associativismo\/wp-content\/uploads\/sites\/29\/2024\/07\/CN000724_CIN_NEGOCIOS_300x200.png\",\"datePublished\":\"2024-07-15T17:37:25+00:00\",\"dateModified\":\"2024-07-15T17:37:28+00:00\",\"description\":\"Curso visa preparar empresas para o mercado internacional com estrat\u00e9gias comerciais s\u00f3lidas e planejamento de marketing eficaz\",\"breadcrumb\":{\"@id\":\"https:\/\/www.fiemg.com.br\/associativismo\/noticias\/cin-promove-2-modulo-da-capacitacao-em-marketing-e-planejamento-de-vendas-internacionais\/#breadcrumb\"},\"inLanguage\":\"pt-BR\",\"potentialAction\":[{\"@type\":\"ReadAction\",\"target\":[\"https:\/\/www.fiemg.com.br\/associativismo\/noticias\/cin-promove-2-modulo-da-capacitacao-em-marketing-e-planejamento-de-vendas-internacionais\/\"]}]},{\"@type\":\"ImageObject\",\"inLanguage\":\"pt-BR\",\"@id\":\"https:\/\/www.fiemg.com.br\/associativismo\/noticias\/cin-promove-2-modulo-da-capacitacao-em-marketing-e-planejamento-de-vendas-internacionais\/#primaryimage\",\"url\":\"https:\/\/www.fiemg.com.br\/associativismo\/wp-content\/uploads\/sites\/29\/2024\/07\/CN000724_CIN_NEGOCIOS_300x200.png\",\"contentUrl\":\"https:\/\/www.fiemg.com.br\/associativismo\/wp-content\/uploads\/sites\/29\/2024\/07\/CN000724_CIN_NEGOCIOS_300x200.png\",\"width\":300,\"height\":200},{\"@type\":\"BreadcrumbList\",\"@id\":\"https:\/\/www.fiemg.com.br\/associativismo\/noticias\/cin-promove-2-modulo-da-capacitacao-em-marketing-e-planejamento-de-vendas-internacionais\/#breadcrumb\",\"itemListElement\":[{\"@type\":\"ListItem\",\"position\":1,\"name\":\"In\u00edcio\",\"item\":\"https:\/\/www.fiemg.com.br\/associativismo\/\"},{\"@type\":\"ListItem\",\"position\":2,\"name\":\"CIN promove 2\u00b0 m\u00f3dulo da capacita\u00e7\u00e3o em marketing e planejamento de vendas internacionais\"}]},{\"@type\":\"WebSite\",\"@id\":\"https:\/\/www.fiemg.com.br\/associativismo\/#website\",\"url\":\"https:\/\/www.fiemg.com.br\/associativismo\/\",\"name\":\"Associativismo\",\"description\":\"Federa\u00e7\u00e3o das Ind\u00fastrias do Estado de Minas Gerais\",\"publisher\":{\"@id\":\"https:\/\/www.fiemg.com.br\/associativismo\/#organization\"},\"potentialAction\":[{\"@type\":\"SearchAction\",\"target\":{\"@type\":\"EntryPoint\",\"urlTemplate\":\"https:\/\/www.fiemg.com.br\/associativismo\/?s={search_term_string}\"},\"query-input\":{\"@type\":\"PropertyValueSpecification\",\"valueRequired\":true,\"valueName\":\"search_term_string\"}}],\"inLanguage\":\"pt-BR\"},{\"@type\":\"Organization\",\"@id\":\"https:\/\/www.fiemg.com.br\/associativismo\/#organization\",\"name\":\"Associativismo\",\"url\":\"https:\/\/www.fiemg.com.br\/associativismo\/\",\"logo\":{\"@type\":\"ImageObject\",\"inLanguage\":\"pt-BR\",\"@id\":\"https:\/\/www.fiemg.com.br\/associativismo\/#\/schema\/logo\/image\/\",\"url\":\"https:\/\/www.fiemg.com.br\/associativismo\/wp-content\/uploads\/sites\/29\/2023\/02\/fiemg_branco.svg\",\"contentUrl\":\"https:\/\/www.fiemg.com.br\/associativismo\/wp-content\/uploads\/sites\/29\/2023\/02\/fiemg_branco.svg\",\"width\":561,\"height\":147,\"caption\":\"Associativismo\"},\"image\":{\"@id\":\"https:\/\/www.fiemg.com.br\/associativismo\/#\/schema\/logo\/image\/\"}}]}<\/script>\n<!-- \/ Yoast SEO plugin. -->","yoast_head_json":{"title":"CIN promove 2\u00b0 m\u00f3dulo da capacita\u00e7\u00e3o em marketing e planejamento de vendas internacionais - Associativismo","description":"Curso visa preparar empresas para o mercado internacional com estrat\u00e9gias comerciais s\u00f3lidas e planejamento de marketing eficaz","robots":{"index":"index","follow":"follow","max-snippet":"max-snippet:-1","max-image-preview":"max-image-preview:large","max-video-preview":"max-video-preview:-1"},"canonical":"https:\/\/www.fiemg.com.br\/associativismo\/noticias\/cin-promove-2-modulo-da-capacitacao-em-marketing-e-planejamento-de-vendas-internacionais\/","og_locale":"pt_BR","og_type":"article","og_title":"CIN promove 2\u00b0 m\u00f3dulo da capacita\u00e7\u00e3o em marketing e planejamento de vendas internacionais - Associativismo","og_description":"Curso visa preparar empresas para o mercado internacional com estrat\u00e9gias comerciais s\u00f3lidas e planejamento de marketing eficaz","og_url":"https:\/\/www.fiemg.com.br\/associativismo\/noticias\/cin-promove-2-modulo-da-capacitacao-em-marketing-e-planejamento-de-vendas-internacionais\/","og_site_name":"Associativismo","article_modified_time":"2024-07-15T17:37:28+00:00","og_image":[{"width":300,"height":200,"url":"https:\/\/www.fiemg.com.br\/associativismo\/wp-content\/uploads\/sites\/29\/2024\/07\/CN000724_CIN_NEGOCIOS_300x200.png","type":"image\/png"}],"twitter_card":"summary_large_image","twitter_misc":{"Est. tempo de leitura":"2 minutos"},"schema":{"@context":"https:\/\/schema.org","@graph":[{"@type":"WebPage","@id":"https:\/\/www.fiemg.com.br\/associativismo\/noticias\/cin-promove-2-modulo-da-capacitacao-em-marketing-e-planejamento-de-vendas-internacionais\/","url":"https:\/\/www.fiemg.com.br\/associativismo\/noticias\/cin-promove-2-modulo-da-capacitacao-em-marketing-e-planejamento-de-vendas-internacionais\/","name":"CIN promove 2\u00b0 m\u00f3dulo da capacita\u00e7\u00e3o em marketing e planejamento de vendas internacionais - Associativismo","isPartOf":{"@id":"https:\/\/www.fiemg.com.br\/associativismo\/#website"},"primaryImageOfPage":{"@id":"https:\/\/www.fiemg.com.br\/associativismo\/noticias\/cin-promove-2-modulo-da-capacitacao-em-marketing-e-planejamento-de-vendas-internacionais\/#primaryimage"},"image":{"@id":"https:\/\/www.fiemg.com.br\/associativismo\/noticias\/cin-promove-2-modulo-da-capacitacao-em-marketing-e-planejamento-de-vendas-internacionais\/#primaryimage"},"thumbnailUrl":"https:\/\/www.fiemg.com.br\/associativismo\/wp-content\/uploads\/sites\/29\/2024\/07\/CN000724_CIN_NEGOCIOS_300x200.png","datePublished":"2024-07-15T17:37:25+00:00","dateModified":"2024-07-15T17:37:28+00:00","description":"Curso visa preparar empresas para o mercado internacional com estrat\u00e9gias comerciais s\u00f3lidas e planejamento de marketing eficaz","breadcrumb":{"@id":"https:\/\/www.fiemg.com.br\/associativismo\/noticias\/cin-promove-2-modulo-da-capacitacao-em-marketing-e-planejamento-de-vendas-internacionais\/#breadcrumb"},"inLanguage":"pt-BR","potentialAction":[{"@type":"ReadAction","target":["https:\/\/www.fiemg.com.br\/associativismo\/noticias\/cin-promove-2-modulo-da-capacitacao-em-marketing-e-planejamento-de-vendas-internacionais\/"]}]},{"@type":"ImageObject","inLanguage":"pt-BR","@id":"https:\/\/www.fiemg.com.br\/associativismo\/noticias\/cin-promove-2-modulo-da-capacitacao-em-marketing-e-planejamento-de-vendas-internacionais\/#primaryimage","url":"https:\/\/www.fiemg.com.br\/associativismo\/wp-content\/uploads\/sites\/29\/2024\/07\/CN000724_CIN_NEGOCIOS_300x200.png","contentUrl":"https:\/\/www.fiemg.com.br\/associativismo\/wp-content\/uploads\/sites\/29\/2024\/07\/CN000724_CIN_NEGOCIOS_300x200.png","width":300,"height":200},{"@type":"BreadcrumbList","@id":"https:\/\/www.fiemg.com.br\/associativismo\/noticias\/cin-promove-2-modulo-da-capacitacao-em-marketing-e-planejamento-de-vendas-internacionais\/#breadcrumb","itemListElement":[{"@type":"ListItem","position":1,"name":"In\u00edcio","item":"https:\/\/www.fiemg.com.br\/associativismo\/"},{"@type":"ListItem","position":2,"name":"CIN promove 2\u00b0 m\u00f3dulo da capacita\u00e7\u00e3o em marketing e planejamento de vendas internacionais"}]},{"@type":"WebSite","@id":"https:\/\/www.fiemg.com.br\/associativismo\/#website","url":"https:\/\/www.fiemg.com.br\/associativismo\/","name":"Associativismo","description":"Federa\u00e7\u00e3o das Ind\u00fastrias do Estado de Minas Gerais","publisher":{"@id":"https:\/\/www.fiemg.com.br\/associativismo\/#organization"},"potentialAction":[{"@type":"SearchAction","target":{"@type":"EntryPoint","urlTemplate":"https:\/\/www.fiemg.com.br\/associativismo\/?s={search_term_string}"},"query-input":{"@type":"PropertyValueSpecification","valueRequired":true,"valueName":"search_term_string"}}],"inLanguage":"pt-BR"},{"@type":"Organization","@id":"https:\/\/www.fiemg.com.br\/associativismo\/#organization","name":"Associativismo","url":"https:\/\/www.fiemg.com.br\/associativismo\/","logo":{"@type":"ImageObject","inLanguage":"pt-BR","@id":"https:\/\/www.fiemg.com.br\/associativismo\/#\/schema\/logo\/image\/","url":"https:\/\/www.fiemg.com.br\/associativismo\/wp-content\/uploads\/sites\/29\/2023\/02\/fiemg_branco.svg","contentUrl":"https:\/\/www.fiemg.com.br\/associativismo\/wp-content\/uploads\/sites\/29\/2023\/02\/fiemg_branco.svg","width":561,"height":147,"caption":"Associativismo"},"image":{"@id":"https:\/\/www.fiemg.com.br\/associativismo\/#\/schema\/logo\/image\/"}}]}},"_links":{"self":[{"href":"https:\/\/www.fiemg.com.br\/associativismo\/wp-json\/wp\/v2\/noticias\/2750","targetHints":{"allow":["GET"]}}],"collection":[{"href":"https:\/\/www.fiemg.com.br\/associativismo\/wp-json\/wp\/v2\/noticias"}],"about":[{"href":"https:\/\/www.fiemg.com.br\/associativismo\/wp-json\/wp\/v2\/types\/noticias"}],"wp:featuredmedia":[{"embeddable":true,"href":"https:\/\/www.fiemg.com.br\/associativismo\/wp-json\/wp\/v2\/media\/2751"}],"wp:attachment":[{"href":"https:\/\/www.fiemg.com.br\/associativismo\/wp-json\/wp\/v2\/media?parent=2750"}],"wp:term":[{"taxonomy":"category","embeddable":true,"href":"https:\/\/www.fiemg.com.br\/associativismo\/wp-json\/wp\/v2\/categories?post=2750"},{"taxonomy":"post_tag","embeddable":true,"href":"https:\/\/www.fiemg.com.br\/associativismo\/wp-json\/wp\/v2\/tags?post=2750"}],"curies":[{"name":"wp","href":"https:\/\/api.w.org\/{rel}","templated":true}]}}