{"id":2795,"date":"2024-07-26T18:32:15","date_gmt":"2024-07-26T21:32:15","guid":{"rendered":"https:\/\/www.fiemg.com.br\/associativismo\/noticias\/fiemg-recebe-ex-vice-presidente-de-angola\/"},"modified":"2024-07-29T14:40:02","modified_gmt":"2024-07-29T17:40:02","slug":"fiemg-recebe-ex-vice-presidente-de-angola","status":"publish","type":"noticias","link":"https:\/\/www.fiemg.com.br\/associativismo\/noticias\/fiemg-recebe-ex-vice-presidente-de-angola\/","title":{"rendered":"FIEMG recebe ex-vice-presidente de Angola"},"content":{"rendered":"\n<p>O FIEMG recebeu nesta sexta-feira (26\/7) o ex-vice-presidente da Rep\u00fablica de Angola entre 2017 e 2022, Bornito de Sousa. Ele est\u00e1 \u00e0 frente da funda\u00e7\u00e3o que leva o nome dele e foi recebido pelo presidente do Conselho de Rela\u00e7\u00f5es Internacionais da FIEMG, Alexandre Mello. A visita teve como objetivo analisar e debater poss\u00edveis oportunidades de coopera\u00e7\u00e3o entre a ind\u00fastria de Minas Gerais e o pa\u00eds, com foco na infraestrutura, minera\u00e7\u00e3o e agroneg\u00f3cio.<\/p>\n\n\n\n<p>Mello falou sobre as \u00e1reas de atua\u00e7\u00e3o da entidade pelo desenvolvimento do setor produtivo e da sociedade mineira, especialmente no setor energ\u00e9tico. Entre essas a\u00e7\u00f5es, ele destacou o Centro Descarboniza\u00e7\u00e3o Industrial no CIT SENAI, em BH, criado para apoiar a ind\u00fastria mineira no desenvolvimento de tecnologias visando \u00e0 substitui\u00e7\u00e3o dos combust\u00edveis f\u00f3sseis por fontes de energia renov\u00e1vel, e o laborat\u00f3rio especializado na produ\u00e7\u00e3o de \u00edm\u00e3s de terras-raras.<\/p>\n\n\n\n<p>\u201cOutro destaque no nosso estado \u00e9 o l\u00edtio, especialmente no Vale do Jequitinhonha, onde j\u00e1 existem projetos em execu\u00e7\u00e3o e outros na fase de licenciamento\u201d, observou. Alexandre Mello citou ainda o setor sider\u00fargico, que utiliza o carv\u00e3o vegetal na produ\u00e7\u00e3o de a\u00e7o, e a \u00e1rea florestal plantada pelas ind\u00fastrias do setor como compensa\u00e7\u00e3o ambiental.&nbsp;<\/p>\n\n\n\n<p>Bornito de Sousa explicou o trabalho da funda\u00e7\u00e3o, baseado nos eixos de educa\u00e7\u00e3o, juventude e inclus\u00e3o digital, desenvolvimento e inclus\u00e3o social, sustentabilidade ambiental, identidade africana e afrodescendente e cidadania, lideran\u00e7a e governan\u00e7a. Sousa acredita que, a princ\u00edpio, a vertente ambiental \u00e9 a mais convergente com as oportunidades em Minas Gerais.<\/p>\n\n\n\n<p>A funda\u00e7\u00e3o atua na preserva\u00e7\u00e3o dos recursos naturais, especialmente na floresta do Miombo que cobre uma parte importante do territ\u00f3rio angolano. Al\u00e9m da conserva\u00e7\u00e3o, Bornito de Sousa acredita que a regi\u00e3o tem potencial de explora\u00e7\u00e3o sustent\u00e1vel, com destaque para o agroneg\u00f3cio. Por outro lado, Sousa apontou a necessidade de o pa\u00eds investir em infraestrutura de transporte, especialmente rodovi\u00e1ria e ferrovi\u00e1ria.<\/p>\n\n\n\n<p>Em rela\u00e7\u00e3o \u00e0 economia, o volume de exporta\u00e7\u00e3o de Minas Gerais para Angola em 2023 foi de US$25 milh\u00f5es e os principais produtos foram carnes de aves, prepara\u00e7\u00f5es de padaria, confeitaria e diversos e fornos industriais. Al\u00e9m de Alexandre Mello e Bornito de Sousa, CEOs e executivos de empresas participaram da reuni\u00e3o.<\/p>\n\n\n\n<figure class=\"wp-block-image aligncenter size-large\"><img fetchpriority=\"high\" decoding=\"async\" width=\"1024\" height=\"396\" src=\"https:\/\/www.fiemg.com.br\/associativismo\/wp-content\/uploads\/sites\/29\/2024\/07\/angola_interna_1-1024x396.jpeg\" alt=\"FIEMG recebe ex-vice-presidente de Angola\" class=\"wp-image-2797\" srcset=\"https:\/\/www.fiemg.com.br\/associativismo\/wp-content\/uploads\/sites\/29\/2024\/07\/angola_interna_1-1024x396.jpeg 1024w, https:\/\/www.fiemg.com.br\/associativismo\/wp-content\/uploads\/sites\/29\/2024\/07\/angola_interna_1-300x116.jpeg 300w, https:\/\/www.fiemg.com.br\/associativismo\/wp-content\/uploads\/sites\/29\/2024\/07\/angola_interna_1-768x297.jpeg 768w, https:\/\/www.fiemg.com.br\/associativismo\/wp-content\/uploads\/sites\/29\/2024\/07\/angola_interna_1.jpeg 1080w\" sizes=\"(max-width: 1024px) 100vw, 1024px\" \/><\/figure>\n\n\n\n<p><em>Clique <a href=\"https:\/\/www.flickr.com\/photos\/sistemafiemg\/albums\/72177720319172689\/with\/53882357422\/\" target=\"_blank\" rel=\"noreferrer noopener\"><strong>aqui<\/strong><\/a> e veja mais fotos da reuni\u00e3o<\/em><\/p>\n\n\n\n<p><em>Rafael Passos<br><\/em><strong>Imprensa FIEMG<\/strong><\/p>\n","protected":false},"featured_media":2796,"template":"","categories":[22],"tags":[748,46,55,482],"class_list":["post-2795","noticias","type-noticias","status-publish","has-post-thumbnail","hentry","category-negocios-internacionais","tag-angola","tag-fiemg","tag-industria","tag-visita"],"acf":[],"yoast_head":"<!-- This site is optimized with the Yoast SEO plugin v26.2 - https:\/\/yoast.com\/wordpress\/plugins\/seo\/ -->\n<title>FIEMG recebe ex-vice-presidente de Angola - Associativismo<\/title>\n<meta name=\"description\" content=\"Reuni\u00e3o na Federa\u00e7\u00e3o tratou de oportunidades de coopera\u00e7\u00e3o entre a ind\u00fastria mineira e o pa\u00eds\" \/>\n<meta name=\"robots\" content=\"index, follow, max-snippet:-1, max-image-preview:large, max-video-preview:-1\" \/>\n<link rel=\"canonical\" href=\"https:\/\/www.fiemg.com.br\/associativismo\/noticias\/fiemg-recebe-ex-vice-presidente-de-angola\/\" \/>\n<meta property=\"og:locale\" content=\"pt_BR\" \/>\n<meta property=\"og:type\" content=\"article\" \/>\n<meta property=\"og:title\" content=\"FIEMG recebe ex-vice-presidente de Angola - Associativismo\" \/>\n<meta property=\"og:description\" content=\"Reuni\u00e3o na Federa\u00e7\u00e3o tratou de oportunidades de coopera\u00e7\u00e3o entre a ind\u00fastria mineira e o pa\u00eds\" \/>\n<meta property=\"og:url\" content=\"https:\/\/www.fiemg.com.br\/associativismo\/noticias\/fiemg-recebe-ex-vice-presidente-de-angola\/\" \/>\n<meta property=\"og:site_name\" content=\"Associativismo\" \/>\n<meta property=\"article:modified_time\" content=\"2024-07-29T17:40:02+00:00\" \/>\n<meta property=\"og:image\" content=\"https:\/\/www.fiemg.com.br\/associativismo\/wp-content\/uploads\/sites\/29\/2024\/07\/angola_thumb.jpeg\" \/>\n\t<meta property=\"og:image:width\" content=\"512\" \/>\n\t<meta property=\"og:image:height\" content=\"512\" \/>\n\t<meta property=\"og:image:type\" content=\"image\/jpeg\" \/>\n<meta name=\"twitter:card\" content=\"summary_large_image\" \/>\n<meta name=\"twitter:label1\" content=\"Est. tempo de leitura\" \/>\n\t<meta name=\"twitter:data1\" content=\"3 minutos\" \/>\n<script type=\"application\/ld+json\" class=\"yoast-schema-graph\">{\"@context\":\"https:\/\/schema.org\",\"@graph\":[{\"@type\":\"WebPage\",\"@id\":\"https:\/\/www.fiemg.com.br\/associativismo\/noticias\/fiemg-recebe-ex-vice-presidente-de-angola\/\",\"url\":\"https:\/\/www.fiemg.com.br\/associativismo\/noticias\/fiemg-recebe-ex-vice-presidente-de-angola\/\",\"name\":\"FIEMG recebe ex-vice-presidente de Angola - Associativismo\",\"isPartOf\":{\"@id\":\"https:\/\/www.fiemg.com.br\/associativismo\/#website\"},\"primaryImageOfPage\":{\"@id\":\"https:\/\/www.fiemg.com.br\/associativismo\/noticias\/fiemg-recebe-ex-vice-presidente-de-angola\/#primaryimage\"},\"image\":{\"@id\":\"https:\/\/www.fiemg.com.br\/associativismo\/noticias\/fiemg-recebe-ex-vice-presidente-de-angola\/#primaryimage\"},\"thumbnailUrl\":\"https:\/\/www.fiemg.com.br\/associativismo\/wp-content\/uploads\/sites\/29\/2024\/07\/angola_thumb.jpeg\",\"datePublished\":\"2024-07-26T21:32:15+00:00\",\"dateModified\":\"2024-07-29T17:40:02+00:00\",\"description\":\"Reuni\u00e3o na Federa\u00e7\u00e3o tratou de oportunidades de coopera\u00e7\u00e3o entre a ind\u00fastria mineira e o pa\u00eds\",\"breadcrumb\":{\"@id\":\"https:\/\/www.fiemg.com.br\/associativismo\/noticias\/fiemg-recebe-ex-vice-presidente-de-angola\/#breadcrumb\"},\"inLanguage\":\"pt-BR\",\"potentialAction\":[{\"@type\":\"ReadAction\",\"target\":[\"https:\/\/www.fiemg.com.br\/associativismo\/noticias\/fiemg-recebe-ex-vice-presidente-de-angola\/\"]}]},{\"@type\":\"ImageObject\",\"inLanguage\":\"pt-BR\",\"@id\":\"https:\/\/www.fiemg.com.br\/associativismo\/noticias\/fiemg-recebe-ex-vice-presidente-de-angola\/#primaryimage\",\"url\":\"https:\/\/www.fiemg.com.br\/associativismo\/wp-content\/uploads\/sites\/29\/2024\/07\/angola_thumb.jpeg\",\"contentUrl\":\"https:\/\/www.fiemg.com.br\/associativismo\/wp-content\/uploads\/sites\/29\/2024\/07\/angola_thumb.jpeg\",\"width\":512,\"height\":512,\"caption\":\"FIEMG recebe ex-vice-presidente de Angola\"},{\"@type\":\"BreadcrumbList\",\"@id\":\"https:\/\/www.fiemg.com.br\/associativismo\/noticias\/fiemg-recebe-ex-vice-presidente-de-angola\/#breadcrumb\",\"itemListElement\":[{\"@type\":\"ListItem\",\"position\":1,\"name\":\"In\u00edcio\",\"item\":\"https:\/\/www.fiemg.com.br\/associativismo\/\"},{\"@type\":\"ListItem\",\"position\":2,\"name\":\"FIEMG recebe ex-vice-presidente de Angola\"}]},{\"@type\":\"WebSite\",\"@id\":\"https:\/\/www.fiemg.com.br\/associativismo\/#website\",\"url\":\"https:\/\/www.fiemg.com.br\/associativismo\/\",\"name\":\"Associativismo\",\"description\":\"Federa\u00e7\u00e3o das Ind\u00fastrias do Estado de Minas Gerais\",\"publisher\":{\"@id\":\"https:\/\/www.fiemg.com.br\/associativismo\/#organization\"},\"potentialAction\":[{\"@type\":\"SearchAction\",\"target\":{\"@type\":\"EntryPoint\",\"urlTemplate\":\"https:\/\/www.fiemg.com.br\/associativismo\/?s={search_term_string}\"},\"query-input\":{\"@type\":\"PropertyValueSpecification\",\"valueRequired\":true,\"valueName\":\"search_term_string\"}}],\"inLanguage\":\"pt-BR\"},{\"@type\":\"Organization\",\"@id\":\"https:\/\/www.fiemg.com.br\/associativismo\/#organization\",\"name\":\"Associativismo\",\"url\":\"https:\/\/www.fiemg.com.br\/associativismo\/\",\"logo\":{\"@type\":\"ImageObject\",\"inLanguage\":\"pt-BR\",\"@id\":\"https:\/\/www.fiemg.com.br\/associativismo\/#\/schema\/logo\/image\/\",\"url\":\"https:\/\/www.fiemg.com.br\/associativismo\/wp-content\/uploads\/sites\/29\/2023\/02\/fiemg_branco.svg\",\"contentUrl\":\"https:\/\/www.fiemg.com.br\/associativismo\/wp-content\/uploads\/sites\/29\/2023\/02\/fiemg_branco.svg\",\"width\":561,\"height\":147,\"caption\":\"Associativismo\"},\"image\":{\"@id\":\"https:\/\/www.fiemg.com.br\/associativismo\/#\/schema\/logo\/image\/\"}}]}<\/script>\n<!-- \/ Yoast SEO plugin. -->","yoast_head_json":{"title":"FIEMG recebe ex-vice-presidente de Angola - Associativismo","description":"Reuni\u00e3o na Federa\u00e7\u00e3o tratou de oportunidades de coopera\u00e7\u00e3o entre a ind\u00fastria mineira e o pa\u00eds","robots":{"index":"index","follow":"follow","max-snippet":"max-snippet:-1","max-image-preview":"max-image-preview:large","max-video-preview":"max-video-preview:-1"},"canonical":"https:\/\/www.fiemg.com.br\/associativismo\/noticias\/fiemg-recebe-ex-vice-presidente-de-angola\/","og_locale":"pt_BR","og_type":"article","og_title":"FIEMG recebe ex-vice-presidente de Angola - Associativismo","og_description":"Reuni\u00e3o na Federa\u00e7\u00e3o tratou de oportunidades de coopera\u00e7\u00e3o entre a ind\u00fastria mineira e o pa\u00eds","og_url":"https:\/\/www.fiemg.com.br\/associativismo\/noticias\/fiemg-recebe-ex-vice-presidente-de-angola\/","og_site_name":"Associativismo","article_modified_time":"2024-07-29T17:40:02+00:00","og_image":[{"width":512,"height":512,"url":"https:\/\/www.fiemg.com.br\/associativismo\/wp-content\/uploads\/sites\/29\/2024\/07\/angola_thumb.jpeg","type":"image\/jpeg"}],"twitter_card":"summary_large_image","twitter_misc":{"Est. tempo de leitura":"3 minutos"},"schema":{"@context":"https:\/\/schema.org","@graph":[{"@type":"WebPage","@id":"https:\/\/www.fiemg.com.br\/associativismo\/noticias\/fiemg-recebe-ex-vice-presidente-de-angola\/","url":"https:\/\/www.fiemg.com.br\/associativismo\/noticias\/fiemg-recebe-ex-vice-presidente-de-angola\/","name":"FIEMG recebe ex-vice-presidente de Angola - Associativismo","isPartOf":{"@id":"https:\/\/www.fiemg.com.br\/associativismo\/#website"},"primaryImageOfPage":{"@id":"https:\/\/www.fiemg.com.br\/associativismo\/noticias\/fiemg-recebe-ex-vice-presidente-de-angola\/#primaryimage"},"image":{"@id":"https:\/\/www.fiemg.com.br\/associativismo\/noticias\/fiemg-recebe-ex-vice-presidente-de-angola\/#primaryimage"},"thumbnailUrl":"https:\/\/www.fiemg.com.br\/associativismo\/wp-content\/uploads\/sites\/29\/2024\/07\/angola_thumb.jpeg","datePublished":"2024-07-26T21:32:15+00:00","dateModified":"2024-07-29T17:40:02+00:00","description":"Reuni\u00e3o na Federa\u00e7\u00e3o tratou de oportunidades de coopera\u00e7\u00e3o entre a ind\u00fastria mineira e o pa\u00eds","breadcrumb":{"@id":"https:\/\/www.fiemg.com.br\/associativismo\/noticias\/fiemg-recebe-ex-vice-presidente-de-angola\/#breadcrumb"},"inLanguage":"pt-BR","potentialAction":[{"@type":"ReadAction","target":["https:\/\/www.fiemg.com.br\/associativismo\/noticias\/fiemg-recebe-ex-vice-presidente-de-angola\/"]}]},{"@type":"ImageObject","inLanguage":"pt-BR","@id":"https:\/\/www.fiemg.com.br\/associativismo\/noticias\/fiemg-recebe-ex-vice-presidente-de-angola\/#primaryimage","url":"https:\/\/www.fiemg.com.br\/associativismo\/wp-content\/uploads\/sites\/29\/2024\/07\/angola_thumb.jpeg","contentUrl":"https:\/\/www.fiemg.com.br\/associativismo\/wp-content\/uploads\/sites\/29\/2024\/07\/angola_thumb.jpeg","width":512,"height":512,"caption":"FIEMG recebe ex-vice-presidente de Angola"},{"@type":"BreadcrumbList","@id":"https:\/\/www.fiemg.com.br\/associativismo\/noticias\/fiemg-recebe-ex-vice-presidente-de-angola\/#breadcrumb","itemListElement":[{"@type":"ListItem","position":1,"name":"In\u00edcio","item":"https:\/\/www.fiemg.com.br\/associativismo\/"},{"@type":"ListItem","position":2,"name":"FIEMG recebe ex-vice-presidente de Angola"}]},{"@type":"WebSite","@id":"https:\/\/www.fiemg.com.br\/associativismo\/#website","url":"https:\/\/www.fiemg.com.br\/associativismo\/","name":"Associativismo","description":"Federa\u00e7\u00e3o das Ind\u00fastrias do Estado de Minas Gerais","publisher":{"@id":"https:\/\/www.fiemg.com.br\/associativismo\/#organization"},"potentialAction":[{"@type":"SearchAction","target":{"@type":"EntryPoint","urlTemplate":"https:\/\/www.fiemg.com.br\/associativismo\/?s={search_term_string}"},"query-input":{"@type":"PropertyValueSpecification","valueRequired":true,"valueName":"search_term_string"}}],"inLanguage":"pt-BR"},{"@type":"Organization","@id":"https:\/\/www.fiemg.com.br\/associativismo\/#organization","name":"Associativismo","url":"https:\/\/www.fiemg.com.br\/associativismo\/","logo":{"@type":"ImageObject","inLanguage":"pt-BR","@id":"https:\/\/www.fiemg.com.br\/associativismo\/#\/schema\/logo\/image\/","url":"https:\/\/www.fiemg.com.br\/associativismo\/wp-content\/uploads\/sites\/29\/2023\/02\/fiemg_branco.svg","contentUrl":"https:\/\/www.fiemg.com.br\/associativismo\/wp-content\/uploads\/sites\/29\/2023\/02\/fiemg_branco.svg","width":561,"height":147,"caption":"Associativismo"},"image":{"@id":"https:\/\/www.fiemg.com.br\/associativismo\/#\/schema\/logo\/image\/"}}]}},"_links":{"self":[{"href":"https:\/\/www.fiemg.com.br\/associativismo\/wp-json\/wp\/v2\/noticias\/2795","targetHints":{"allow":["GET"]}}],"collection":[{"href":"https:\/\/www.fiemg.com.br\/associativismo\/wp-json\/wp\/v2\/noticias"}],"about":[{"href":"https:\/\/www.fiemg.com.br\/associativismo\/wp-json\/wp\/v2\/types\/noticias"}],"wp:featuredmedia":[{"embeddable":true,"href":"https:\/\/www.fiemg.com.br\/associativismo\/wp-json\/wp\/v2\/media\/2796"}],"wp:attachment":[{"href":"https:\/\/www.fiemg.com.br\/associativismo\/wp-json\/wp\/v2\/media?parent=2795"}],"wp:term":[{"taxonomy":"category","embeddable":true,"href":"https:\/\/www.fiemg.com.br\/associativismo\/wp-json\/wp\/v2\/categories?post=2795"},{"taxonomy":"post_tag","embeddable":true,"href":"https:\/\/www.fiemg.com.br\/associativismo\/wp-json\/wp\/v2\/tags?post=2795"}],"curies":[{"name":"wp","href":"https:\/\/api.w.org\/{rel}","templated":true}]}}