{"id":2803,"date":"2024-07-29T10:24:11","date_gmt":"2024-07-29T13:24:11","guid":{"rendered":"https:\/\/www.fiemg.com.br\/associativismo\/noticias\/belo-horizonte-recebe-evento-anual-da-industria-de-ceramica-vermelha\/"},"modified":"2024-07-29T12:52:05","modified_gmt":"2024-07-29T15:52:05","slug":"belo-horizonte-recebe-evento-anual-da-industria-de-ceramica-vermelha","status":"publish","type":"noticias","link":"https:\/\/www.fiemg.com.br\/associativismo\/noticias\/belo-horizonte-recebe-evento-anual-da-industria-de-ceramica-vermelha\/","title":{"rendered":"Belo Horizonte recebe evento anual da ind\u00fastria de cer\u00e2mica vermelha"},"content":{"rendered":"\n<p><\/p>\n\n\n\n<p>Belo Horizonte sedia, entre 14 e 16 de agosto, o 51\u00ba Encontro Nacional da Ind\u00fastria de Cer\u00e2mica Vermelha, um dos eventos mais aguardados do segmento. O encontro acontecer\u00e1 no Expominas e promete reunir mais de 1.500 empres\u00e1rios e profissionais do setor.<\/p>\n\n\n\n<p>O evento, que conta com a Federa\u00e7\u00e3o das Ind\u00fastrias do Estado de Minas Gerais (FIEMG), o SESI e o SENAI como co-realizadores, contar\u00e1 com uma programa\u00e7\u00e3o diversificada para atender \u00e0s necessidades e interesses variados dos participantes.&nbsp;<\/p>\n\n\n\n<p>Entre os destaques da programa\u00e7\u00e3o est\u00e3o:<\/p>\n\n\n\n<p><strong>Minicursos:<\/strong> sess\u00f5es pr\u00e1ticas e educativas lideradas por especialistas da ind\u00fastria, proporcionando uma oportunidade \u00fanica de aprendizado e aprimoramento de habilidades.<\/p>\n\n\n\n<p><strong>F\u00f3runs:<\/strong> discuss\u00f5es aprofundadas sobre as tend\u00eancias e desafios atuais da ind\u00fastria de cer\u00e2mica vermelha, reunindo l\u00edderes de pensamento e profissionais renomados.<\/p>\n\n\n\n<p><strong>Visitas T\u00e9cnicas:<\/strong> oportunidade para os participantes explorarem instala\u00e7\u00f5es industriais locais e adquirirem insights pr\u00e1ticos sobre as \u00faltimas tecnologias e pr\u00e1ticas de fabrica\u00e7\u00e3o.<\/p>\n\n\n\n<p><strong>Espa\u00e7o de Neg\u00f3cios: <\/strong>uma exposi\u00e7\u00e3o abrangente de produtos e servi\u00e7os, destacando as inova\u00e7\u00f5es mais recentes em m\u00e1quinas e equipamentos para a ind\u00fastria de cer\u00e2mica vermelha.<\/p>\n\n\n\n<p>As inscri\u00e7\u00f5es para participar do 51\u00ba Encontro Nacional da Ind\u00fastria de Cer\u00e2mica Vermelha e a programa\u00e7\u00e3o completa do evento podem ser acessadas <a href=\"https:\/\/www.hbatools.com.br\/51o-encontro-nacional-da-industria-de-ceramica-vermelha__1665\" target=\"_blank\" rel=\"noreferrer noopener\">c<\/a><a href=\"https:\/\/www.hbatools.com.br\/51o-encontro-nacional-da-industria-de-ceramica-vermelha__1665\">licando aqui<\/a>. <\/p>\n\n\n\n<p><strong>Troca de experi\u00eancia<\/strong><\/p>\n\n\n\n<p>O 51\u00ba Encontro Nacional da Ind\u00fastria de Cer\u00e2mica Vermelha oferecer\u00e1 um cen\u00e1rio \u00fanico para networking, troca de conhecimento e discuss\u00f5es colaborativas entre os participantes. Empres\u00e1rios, acad\u00eamicos e profissionais do setor est\u00e3o convidados a participar deste evento enriquecedor. Para mais informa\u00e7\u00f5es sobre o evento, credenciamento e programa\u00e7\u00e3o completa, visite o site oficial: www.anicer.com.br\/e51<\/p>\n\n\n\n<p>O 51\u00ba Encontro Nacional \u00e9 uma realiza\u00e7\u00e3o da Associa\u00e7\u00e3o Nacional da Ind\u00fastria Cer\u00e2mica (Anicer), com apoio do Sindicer\/MG, Sincotap, Acemc e Anfamec. Co-realiza\u00e7\u00e3o: FIEMG, SESI e SENAI; e patroc\u00ednio do Sebrae.<\/p>\n\n\n\n<p><strong>51\u00ba Encontro Nacional da Ind\u00fastria de Cer\u00e2mica Vermelha\u00a0<\/strong><br><strong>Data:<\/strong> 14 a 16 de agosto de 2024\u00a0<br><strong>Local:<\/strong> Expominas (Belo Horizonte &#8211; MG)\u00a0<br><strong>Abertura Oficial:<\/strong> Dia 14\/08 \u2013 14h \u00e0s 15h<br><strong>Para inscri\u00e7\u00f5es e mais informa\u00e7\u00f5es, <a href=\"https:\/\/www.hbatools.com.br\/51o-encontro-nacional-da-industria-de-ceramica-vermelha__1665\" target=\"_blank\" rel=\"noreferrer noopener\">clique aqui<\/a> <\/strong><\/p>\n\n\n\n<p><strong>Imprensa FIEMG<\/strong><\/p>\n","protected":false},"featured_media":2807,"template":"","categories":[5],"tags":[750,751,752],"class_list":["post-2803","noticias","type-noticias","status-publish","has-post-thumbnail","hentry","category-capacitacao-empresarial","tag-51o-encontro-nacional-da-industria-de-ceramica-vermelha","tag-anicer","tag-expominas"],"acf":[],"yoast_head":"<!-- This site is optimized with the Yoast SEO plugin v26.2 - https:\/\/yoast.com\/wordpress\/plugins\/seo\/ -->\n<title>Belo Horizonte recebe evento anual da ind\u00fastria de cer\u00e2mica vermelha - Associativismo<\/title>\n<meta name=\"description\" content=\"Evento mais tradicional do setor acontece em agosto e est\u00e1 repleto de novidades\" \/>\n<meta name=\"robots\" content=\"index, follow, max-snippet:-1, max-image-preview:large, max-video-preview:-1\" \/>\n<link rel=\"canonical\" href=\"https:\/\/www.fiemg.com.br\/associativismo\/noticias\/belo-horizonte-recebe-evento-anual-da-industria-de-ceramica-vermelha\/\" \/>\n<meta property=\"og:locale\" content=\"pt_BR\" \/>\n<meta property=\"og:type\" content=\"article\" \/>\n<meta property=\"og:title\" content=\"Belo Horizonte recebe evento anual da ind\u00fastria de cer\u00e2mica vermelha - Associativismo\" \/>\n<meta property=\"og:description\" content=\"Evento mais tradicional do setor acontece em agosto e est\u00e1 repleto de novidades\" \/>\n<meta property=\"og:url\" content=\"https:\/\/www.fiemg.com.br\/associativismo\/noticias\/belo-horizonte-recebe-evento-anual-da-industria-de-ceramica-vermelha\/\" \/>\n<meta property=\"og:site_name\" content=\"Associativismo\" \/>\n<meta property=\"article:modified_time\" content=\"2024-07-29T15:52:05+00:00\" \/>\n<meta property=\"og:image\" content=\"https:\/\/www.fiemg.com.br\/associativismo\/wp-content\/uploads\/sites\/29\/2024\/07\/Foto-capa-1080-x-418-13.jpg\" \/>\n\t<meta property=\"og:image:width\" content=\"1080\" \/>\n\t<meta property=\"og:image:height\" content=\"418\" \/>\n\t<meta property=\"og:image:type\" content=\"image\/jpeg\" \/>\n<meta name=\"twitter:card\" content=\"summary_large_image\" \/>\n<meta name=\"twitter:label1\" content=\"Est. tempo de leitura\" \/>\n\t<meta name=\"twitter:data1\" content=\"2 minutos\" \/>\n<script type=\"application\/ld+json\" class=\"yoast-schema-graph\">{\"@context\":\"https:\/\/schema.org\",\"@graph\":[{\"@type\":\"WebPage\",\"@id\":\"https:\/\/www.fiemg.com.br\/associativismo\/noticias\/belo-horizonte-recebe-evento-anual-da-industria-de-ceramica-vermelha\/\",\"url\":\"https:\/\/www.fiemg.com.br\/associativismo\/noticias\/belo-horizonte-recebe-evento-anual-da-industria-de-ceramica-vermelha\/\",\"name\":\"Belo Horizonte recebe evento anual da ind\u00fastria de cer\u00e2mica vermelha - Associativismo\",\"isPartOf\":{\"@id\":\"https:\/\/www.fiemg.com.br\/associativismo\/#website\"},\"primaryImageOfPage\":{\"@id\":\"https:\/\/www.fiemg.com.br\/associativismo\/noticias\/belo-horizonte-recebe-evento-anual-da-industria-de-ceramica-vermelha\/#primaryimage\"},\"image\":{\"@id\":\"https:\/\/www.fiemg.com.br\/associativismo\/noticias\/belo-horizonte-recebe-evento-anual-da-industria-de-ceramica-vermelha\/#primaryimage\"},\"thumbnailUrl\":\"https:\/\/www.fiemg.com.br\/associativismo\/wp-content\/uploads\/sites\/29\/2024\/07\/512-x-512-8-2.jpg\",\"datePublished\":\"2024-07-29T13:24:11+00:00\",\"dateModified\":\"2024-07-29T15:52:05+00:00\",\"description\":\"Evento mais tradicional do setor acontece em agosto e est\u00e1 repleto de novidades\",\"breadcrumb\":{\"@id\":\"https:\/\/www.fiemg.com.br\/associativismo\/noticias\/belo-horizonte-recebe-evento-anual-da-industria-de-ceramica-vermelha\/#breadcrumb\"},\"inLanguage\":\"pt-BR\",\"potentialAction\":[{\"@type\":\"ReadAction\",\"target\":[\"https:\/\/www.fiemg.com.br\/associativismo\/noticias\/belo-horizonte-recebe-evento-anual-da-industria-de-ceramica-vermelha\/\"]}]},{\"@type\":\"ImageObject\",\"inLanguage\":\"pt-BR\",\"@id\":\"https:\/\/www.fiemg.com.br\/associativismo\/noticias\/belo-horizonte-recebe-evento-anual-da-industria-de-ceramica-vermelha\/#primaryimage\",\"url\":\"https:\/\/www.fiemg.com.br\/associativismo\/wp-content\/uploads\/sites\/29\/2024\/07\/512-x-512-8-2.jpg\",\"contentUrl\":\"https:\/\/www.fiemg.com.br\/associativismo\/wp-content\/uploads\/sites\/29\/2024\/07\/512-x-512-8-2.jpg\",\"width\":512,\"height\":512},{\"@type\":\"BreadcrumbList\",\"@id\":\"https:\/\/www.fiemg.com.br\/associativismo\/noticias\/belo-horizonte-recebe-evento-anual-da-industria-de-ceramica-vermelha\/#breadcrumb\",\"itemListElement\":[{\"@type\":\"ListItem\",\"position\":1,\"name\":\"In\u00edcio\",\"item\":\"https:\/\/www.fiemg.com.br\/associativismo\/\"},{\"@type\":\"ListItem\",\"position\":2,\"name\":\"Belo Horizonte recebe evento anual da ind\u00fastria de cer\u00e2mica vermelha\"}]},{\"@type\":\"WebSite\",\"@id\":\"https:\/\/www.fiemg.com.br\/associativismo\/#website\",\"url\":\"https:\/\/www.fiemg.com.br\/associativismo\/\",\"name\":\"Associativismo\",\"description\":\"Federa\u00e7\u00e3o das Ind\u00fastrias do Estado de Minas Gerais\",\"publisher\":{\"@id\":\"https:\/\/www.fiemg.com.br\/associativismo\/#organization\"},\"potentialAction\":[{\"@type\":\"SearchAction\",\"target\":{\"@type\":\"EntryPoint\",\"urlTemplate\":\"https:\/\/www.fiemg.com.br\/associativismo\/?s={search_term_string}\"},\"query-input\":{\"@type\":\"PropertyValueSpecification\",\"valueRequired\":true,\"valueName\":\"search_term_string\"}}],\"inLanguage\":\"pt-BR\"},{\"@type\":\"Organization\",\"@id\":\"https:\/\/www.fiemg.com.br\/associativismo\/#organization\",\"name\":\"Associativismo\",\"url\":\"https:\/\/www.fiemg.com.br\/associativismo\/\",\"logo\":{\"@type\":\"ImageObject\",\"inLanguage\":\"pt-BR\",\"@id\":\"https:\/\/www.fiemg.com.br\/associativismo\/#\/schema\/logo\/image\/\",\"url\":\"https:\/\/www.fiemg.com.br\/associativismo\/wp-content\/uploads\/sites\/29\/2023\/02\/fiemg_branco.svg\",\"contentUrl\":\"https:\/\/www.fiemg.com.br\/associativismo\/wp-content\/uploads\/sites\/29\/2023\/02\/fiemg_branco.svg\",\"width\":561,\"height\":147,\"caption\":\"Associativismo\"},\"image\":{\"@id\":\"https:\/\/www.fiemg.com.br\/associativismo\/#\/schema\/logo\/image\/\"}}]}<\/script>\n<!-- \/ Yoast SEO plugin. -->","yoast_head_json":{"title":"Belo Horizonte recebe evento anual da ind\u00fastria de cer\u00e2mica vermelha - Associativismo","description":"Evento mais tradicional do setor acontece em agosto e est\u00e1 repleto de novidades","robots":{"index":"index","follow":"follow","max-snippet":"max-snippet:-1","max-image-preview":"max-image-preview:large","max-video-preview":"max-video-preview:-1"},"canonical":"https:\/\/www.fiemg.com.br\/associativismo\/noticias\/belo-horizonte-recebe-evento-anual-da-industria-de-ceramica-vermelha\/","og_locale":"pt_BR","og_type":"article","og_title":"Belo Horizonte recebe evento anual da ind\u00fastria de cer\u00e2mica vermelha - Associativismo","og_description":"Evento mais tradicional do setor acontece em agosto e est\u00e1 repleto de novidades","og_url":"https:\/\/www.fiemg.com.br\/associativismo\/noticias\/belo-horizonte-recebe-evento-anual-da-industria-de-ceramica-vermelha\/","og_site_name":"Associativismo","article_modified_time":"2024-07-29T15:52:05+00:00","og_image":[{"width":1080,"height":418,"url":"https:\/\/www.fiemg.com.br\/associativismo\/wp-content\/uploads\/sites\/29\/2024\/07\/Foto-capa-1080-x-418-13.jpg","type":"image\/jpeg"}],"twitter_card":"summary_large_image","twitter_misc":{"Est. tempo de leitura":"2 minutos"},"schema":{"@context":"https:\/\/schema.org","@graph":[{"@type":"WebPage","@id":"https:\/\/www.fiemg.com.br\/associativismo\/noticias\/belo-horizonte-recebe-evento-anual-da-industria-de-ceramica-vermelha\/","url":"https:\/\/www.fiemg.com.br\/associativismo\/noticias\/belo-horizonte-recebe-evento-anual-da-industria-de-ceramica-vermelha\/","name":"Belo Horizonte recebe evento anual da ind\u00fastria de cer\u00e2mica vermelha - Associativismo","isPartOf":{"@id":"https:\/\/www.fiemg.com.br\/associativismo\/#website"},"primaryImageOfPage":{"@id":"https:\/\/www.fiemg.com.br\/associativismo\/noticias\/belo-horizonte-recebe-evento-anual-da-industria-de-ceramica-vermelha\/#primaryimage"},"image":{"@id":"https:\/\/www.fiemg.com.br\/associativismo\/noticias\/belo-horizonte-recebe-evento-anual-da-industria-de-ceramica-vermelha\/#primaryimage"},"thumbnailUrl":"https:\/\/www.fiemg.com.br\/associativismo\/wp-content\/uploads\/sites\/29\/2024\/07\/512-x-512-8-2.jpg","datePublished":"2024-07-29T13:24:11+00:00","dateModified":"2024-07-29T15:52:05+00:00","description":"Evento mais tradicional do setor acontece em agosto e est\u00e1 repleto de novidades","breadcrumb":{"@id":"https:\/\/www.fiemg.com.br\/associativismo\/noticias\/belo-horizonte-recebe-evento-anual-da-industria-de-ceramica-vermelha\/#breadcrumb"},"inLanguage":"pt-BR","potentialAction":[{"@type":"ReadAction","target":["https:\/\/www.fiemg.com.br\/associativismo\/noticias\/belo-horizonte-recebe-evento-anual-da-industria-de-ceramica-vermelha\/"]}]},{"@type":"ImageObject","inLanguage":"pt-BR","@id":"https:\/\/www.fiemg.com.br\/associativismo\/noticias\/belo-horizonte-recebe-evento-anual-da-industria-de-ceramica-vermelha\/#primaryimage","url":"https:\/\/www.fiemg.com.br\/associativismo\/wp-content\/uploads\/sites\/29\/2024\/07\/512-x-512-8-2.jpg","contentUrl":"https:\/\/www.fiemg.com.br\/associativismo\/wp-content\/uploads\/sites\/29\/2024\/07\/512-x-512-8-2.jpg","width":512,"height":512},{"@type":"BreadcrumbList","@id":"https:\/\/www.fiemg.com.br\/associativismo\/noticias\/belo-horizonte-recebe-evento-anual-da-industria-de-ceramica-vermelha\/#breadcrumb","itemListElement":[{"@type":"ListItem","position":1,"name":"In\u00edcio","item":"https:\/\/www.fiemg.com.br\/associativismo\/"},{"@type":"ListItem","position":2,"name":"Belo Horizonte recebe evento anual da ind\u00fastria de cer\u00e2mica vermelha"}]},{"@type":"WebSite","@id":"https:\/\/www.fiemg.com.br\/associativismo\/#website","url":"https:\/\/www.fiemg.com.br\/associativismo\/","name":"Associativismo","description":"Federa\u00e7\u00e3o das Ind\u00fastrias do Estado de Minas Gerais","publisher":{"@id":"https:\/\/www.fiemg.com.br\/associativismo\/#organization"},"potentialAction":[{"@type":"SearchAction","target":{"@type":"EntryPoint","urlTemplate":"https:\/\/www.fiemg.com.br\/associativismo\/?s={search_term_string}"},"query-input":{"@type":"PropertyValueSpecification","valueRequired":true,"valueName":"search_term_string"}}],"inLanguage":"pt-BR"},{"@type":"Organization","@id":"https:\/\/www.fiemg.com.br\/associativismo\/#organization","name":"Associativismo","url":"https:\/\/www.fiemg.com.br\/associativismo\/","logo":{"@type":"ImageObject","inLanguage":"pt-BR","@id":"https:\/\/www.fiemg.com.br\/associativismo\/#\/schema\/logo\/image\/","url":"https:\/\/www.fiemg.com.br\/associativismo\/wp-content\/uploads\/sites\/29\/2023\/02\/fiemg_branco.svg","contentUrl":"https:\/\/www.fiemg.com.br\/associativismo\/wp-content\/uploads\/sites\/29\/2023\/02\/fiemg_branco.svg","width":561,"height":147,"caption":"Associativismo"},"image":{"@id":"https:\/\/www.fiemg.com.br\/associativismo\/#\/schema\/logo\/image\/"}}]}},"_links":{"self":[{"href":"https:\/\/www.fiemg.com.br\/associativismo\/wp-json\/wp\/v2\/noticias\/2803","targetHints":{"allow":["GET"]}}],"collection":[{"href":"https:\/\/www.fiemg.com.br\/associativismo\/wp-json\/wp\/v2\/noticias"}],"about":[{"href":"https:\/\/www.fiemg.com.br\/associativismo\/wp-json\/wp\/v2\/types\/noticias"}],"wp:featuredmedia":[{"embeddable":true,"href":"https:\/\/www.fiemg.com.br\/associativismo\/wp-json\/wp\/v2\/media\/2807"}],"wp:attachment":[{"href":"https:\/\/www.fiemg.com.br\/associativismo\/wp-json\/wp\/v2\/media?parent=2803"}],"wp:term":[{"taxonomy":"category","embeddable":true,"href":"https:\/\/www.fiemg.com.br\/associativismo\/wp-json\/wp\/v2\/categories?post=2803"},{"taxonomy":"post_tag","embeddable":true,"href":"https:\/\/www.fiemg.com.br\/associativismo\/wp-json\/wp\/v2\/tags?post=2803"}],"curies":[{"name":"wp","href":"https:\/\/api.w.org\/{rel}","templated":true}]}}