{"id":2819,"date":"2024-07-30T16:25:25","date_gmt":"2024-07-30T19:25:25","guid":{"rendered":"https:\/\/www.fiemg.com.br\/associativismo\/noticias\/senai-oferece-qualificacao-em-mestre-de-obras-em-parceria-com-fassa-bortolo\/"},"modified":"2024-08-06T13:58:36","modified_gmt":"2024-08-06T16:58:36","slug":"senai-oferece-qualificacao-em-mestre-de-obras-em-parceria-com-fassa-bortolo","status":"publish","type":"noticias","link":"https:\/\/www.fiemg.com.br\/associativismo\/noticias\/senai-oferece-qualificacao-em-mestre-de-obras-em-parceria-com-fassa-bortolo\/","title":{"rendered":"SENAI oferece qualifica\u00e7\u00e3o em mestre de obras em parceria com Fassa Bortolo"},"content":{"rendered":"\n<p>O SENAI, em parceria com a Fassa Bortolo, renomada fabricante de argamassas e rejuntes, e fornecedora do Sistema Fassa Silo de proje\u00e7\u00e3o de argamassas, est\u00e1 com as inscri\u00e7\u00f5es abertas para a pr\u00e9-matr\u00edcula do curso de Qualifica\u00e7\u00e3o em Mestre de Obras. Esta iniciativa visa capacitar, gratuitamente, profissionais da constru\u00e7\u00e3o civil, como pedreiros e ajudantes, para atuarem como Mestres de Obras. <strong>As vagas s\u00e3o limitadas.<\/strong> A pr\u00e9-matr\u00edcula pode ser realizada at\u00e9 o dia 9 de agosto. Clique <strong><a href=\"https:\/\/forms.office.com\/r\/6DKZ0FSmZM\" target=\"_blank\" rel=\"noreferrer noopener\">aqui<\/a><\/strong> para se inscrever gratuitamente.<\/p>\n\n\n\n<p>O curso tem como principal objetivo preparar profissionais para supervisionar as atividades desenvolvidas no canteiro de obras da constru\u00e7\u00e3o civil. Esta \u00e9 uma excelente oportunidade para se tornar um especialista na \u00e1rea e ocupar uma das posi\u00e7\u00f5es mais procuradas do mercado.<\/p>\n\n\n\n<p><strong>Compet\u00eancias desenvolvidas<\/strong> &#8211; Ap\u00f3s a conclus\u00e3o do curso, os alunos estar\u00e3o aptos a:<\/p>\n\n\n\n<p>&#8211; Participar do planejamento executivo de obras;<br>&#8211; Interpretar projetos, fazer c\u00e1lculos e gerenciar processos de constru\u00e7\u00e3o;<br>&#8211; Gerenciar equipes de trabalho em canteiros de obras;<br>&#8211; Supervisionar o andamento das obras conforme as normas t\u00e9cnicas de qualidade, seguran\u00e7a, sa\u00fade e meio ambiente.<\/p>\n\n\n\n<p><strong>Sobre o curso &#8211; <\/strong>Qualifica\u00e7\u00e3o em Mestre de Obras<\/p>\n\n\n\n<p><strong>Per\u00edodo:<\/strong> 19 de agosto a 10 de dezembro de 2024<br><strong>Carga Hor\u00e1ria:<\/strong> 300 horas<br><strong>Hor\u00e1rio: <\/strong>de segunda a sexta, das 18h30 \u00e0s 22h30<br><strong>N\u00famero de Vagas:<\/strong> 25 vagas<\/p>\n\n\n\n<p><strong>Sobre as matr\u00edculas &#8211; <\/strong>Os <strong>selecionados da pr\u00e9-inscri\u00e7\u00e3o poder\u00e3o realizar a matr\u00edcula entre os dias 12 e 14\/08<\/strong>, presencialmente, de 8h30 \u00e0s 20h, na unidade do SENAI Paulo de Tarso (SENAI da Constru\u00e7\u00e3o), no endere\u00e7o:<strong> <\/strong>Via Expressa, 3220, Cora\u00e7\u00e3o Eucar\u00edstico, BH, MG.<\/p>\n\n\n\n<p><strong>Documentos necess\u00e1rios<\/strong> <strong>no ato da matr\u00edcula &#8211; <\/strong>Para efetuar a matr\u00edcula, \u00e9 necess\u00e1rio apresentar os seguintes documentos (original e c\u00f3pia):<\/p>\n\n\n\n<p>1. Carteira de Identidade<br>2. CPF, caso n\u00e3o conste na Carteira de Identidade<br>3. Documento oficial de identifica\u00e7\u00e3o com foto do respons\u00e1vel legal e CPF (para menores de idade)<br>4. Comprovante de endere\u00e7o<\/p>\n\n\n\n<p><strong>Para mais informa\u00e7\u00f5es:<\/strong> (31) 3419-0900 \/ WhatsApp: (31) 99681-2038<\/p>\n\n\n\n<p>Essa \u00e9 uma a oportunidade \u00fanica de aprimorar habilidades e destacar-se no mercado da constru\u00e7\u00e3o civil.<\/p>\n\n\n\n<p><em>Ana Paula Motta<\/em><br><strong>Imprensa FIEMG<\/strong><\/p>\n","protected":false},"featured_media":2821,"template":"","categories":[15],"tags":[],"class_list":["post-2819","noticias","type-noticias","status-publish","has-post-thumbnail","hentry","category-desenvolvimento-industrial"],"acf":[],"yoast_head":"<!-- This site is optimized with the Yoast SEO plugin v26.2 - https:\/\/yoast.com\/wordpress\/plugins\/seo\/ -->\n<title>SENAI oferece qualifica\u00e7\u00e3o em mestre de obras em parceria com Fassa Bortolo - Associativismo<\/title>\n<meta name=\"robots\" content=\"index, follow, max-snippet:-1, max-image-preview:large, max-video-preview:-1\" \/>\n<link rel=\"canonical\" href=\"https:\/\/www.fiemg.com.br\/associativismo\/noticias\/senai-oferece-qualificacao-em-mestre-de-obras-em-parceria-com-fassa-bortolo\/\" \/>\n<meta property=\"og:locale\" content=\"pt_BR\" \/>\n<meta property=\"og:type\" content=\"article\" \/>\n<meta property=\"og:title\" content=\"SENAI oferece qualifica\u00e7\u00e3o em mestre de obras em parceria com Fassa Bortolo - Associativismo\" \/>\n<meta property=\"og:description\" content=\"O SENAI, em parceria com a Fassa Bortolo, renomada fabricante de argamassas e rejuntes, e fornecedora do Sistema Fassa Silo de proje\u00e7\u00e3o de argamassas, est\u00e1 com as inscri\u00e7\u00f5es abertas para a pr\u00e9-matr\u00edcula do curso de Qualifica\u00e7\u00e3o em Mestre de Obras. Esta iniciativa visa capacitar, gratuitamente, profissionais da constru\u00e7\u00e3o civil, como pedreiros e ajudantes, para atuarem [&hellip;]\" \/>\n<meta property=\"og:url\" content=\"https:\/\/www.fiemg.com.br\/associativismo\/noticias\/senai-oferece-qualificacao-em-mestre-de-obras-em-parceria-com-fassa-bortolo\/\" \/>\n<meta property=\"og:site_name\" content=\"Associativismo\" \/>\n<meta property=\"article:modified_time\" content=\"2024-08-06T16:58:36+00:00\" \/>\n<meta property=\"og:image\" content=\"https:\/\/www.fiemg.com.br\/associativismo\/wp-content\/uploads\/sites\/29\/2024\/07\/curso-senai-fassa-bortolo-1.jpg\" \/>\n\t<meta property=\"og:image:width\" content=\"512\" \/>\n\t<meta property=\"og:image:height\" content=\"512\" \/>\n\t<meta property=\"og:image:type\" content=\"image\/jpeg\" \/>\n<meta name=\"twitter:card\" content=\"summary_large_image\" \/>\n<meta name=\"twitter:label1\" content=\"Est. tempo de leitura\" \/>\n\t<meta name=\"twitter:data1\" content=\"2 minutos\" \/>\n<script type=\"application\/ld+json\" class=\"yoast-schema-graph\">{\"@context\":\"https:\/\/schema.org\",\"@graph\":[{\"@type\":\"WebPage\",\"@id\":\"https:\/\/www.fiemg.com.br\/associativismo\/noticias\/senai-oferece-qualificacao-em-mestre-de-obras-em-parceria-com-fassa-bortolo\/\",\"url\":\"https:\/\/www.fiemg.com.br\/associativismo\/noticias\/senai-oferece-qualificacao-em-mestre-de-obras-em-parceria-com-fassa-bortolo\/\",\"name\":\"SENAI oferece qualifica\u00e7\u00e3o em mestre de obras em parceria com Fassa Bortolo - Associativismo\",\"isPartOf\":{\"@id\":\"https:\/\/www.fiemg.com.br\/associativismo\/#website\"},\"primaryImageOfPage\":{\"@id\":\"https:\/\/www.fiemg.com.br\/associativismo\/noticias\/senai-oferece-qualificacao-em-mestre-de-obras-em-parceria-com-fassa-bortolo\/#primaryimage\"},\"image\":{\"@id\":\"https:\/\/www.fiemg.com.br\/associativismo\/noticias\/senai-oferece-qualificacao-em-mestre-de-obras-em-parceria-com-fassa-bortolo\/#primaryimage\"},\"thumbnailUrl\":\"https:\/\/www.fiemg.com.br\/associativismo\/wp-content\/uploads\/sites\/29\/2024\/07\/curso-senai-fassa-bortolo-1.jpg\",\"datePublished\":\"2024-07-30T19:25:25+00:00\",\"dateModified\":\"2024-08-06T16:58:36+00:00\",\"breadcrumb\":{\"@id\":\"https:\/\/www.fiemg.com.br\/associativismo\/noticias\/senai-oferece-qualificacao-em-mestre-de-obras-em-parceria-com-fassa-bortolo\/#breadcrumb\"},\"inLanguage\":\"pt-BR\",\"potentialAction\":[{\"@type\":\"ReadAction\",\"target\":[\"https:\/\/www.fiemg.com.br\/associativismo\/noticias\/senai-oferece-qualificacao-em-mestre-de-obras-em-parceria-com-fassa-bortolo\/\"]}]},{\"@type\":\"ImageObject\",\"inLanguage\":\"pt-BR\",\"@id\":\"https:\/\/www.fiemg.com.br\/associativismo\/noticias\/senai-oferece-qualificacao-em-mestre-de-obras-em-parceria-com-fassa-bortolo\/#primaryimage\",\"url\":\"https:\/\/www.fiemg.com.br\/associativismo\/wp-content\/uploads\/sites\/29\/2024\/07\/curso-senai-fassa-bortolo-1.jpg\",\"contentUrl\":\"https:\/\/www.fiemg.com.br\/associativismo\/wp-content\/uploads\/sites\/29\/2024\/07\/curso-senai-fassa-bortolo-1.jpg\",\"width\":512,\"height\":512},{\"@type\":\"BreadcrumbList\",\"@id\":\"https:\/\/www.fiemg.com.br\/associativismo\/noticias\/senai-oferece-qualificacao-em-mestre-de-obras-em-parceria-com-fassa-bortolo\/#breadcrumb\",\"itemListElement\":[{\"@type\":\"ListItem\",\"position\":1,\"name\":\"In\u00edcio\",\"item\":\"https:\/\/www.fiemg.com.br\/associativismo\/\"},{\"@type\":\"ListItem\",\"position\":2,\"name\":\"SENAI oferece qualifica\u00e7\u00e3o em mestre de obras em parceria com Fassa Bortolo\"}]},{\"@type\":\"WebSite\",\"@id\":\"https:\/\/www.fiemg.com.br\/associativismo\/#website\",\"url\":\"https:\/\/www.fiemg.com.br\/associativismo\/\",\"name\":\"Associativismo\",\"description\":\"Federa\u00e7\u00e3o das Ind\u00fastrias do Estado de Minas Gerais\",\"publisher\":{\"@id\":\"https:\/\/www.fiemg.com.br\/associativismo\/#organization\"},\"potentialAction\":[{\"@type\":\"SearchAction\",\"target\":{\"@type\":\"EntryPoint\",\"urlTemplate\":\"https:\/\/www.fiemg.com.br\/associativismo\/?s={search_term_string}\"},\"query-input\":{\"@type\":\"PropertyValueSpecification\",\"valueRequired\":true,\"valueName\":\"search_term_string\"}}],\"inLanguage\":\"pt-BR\"},{\"@type\":\"Organization\",\"@id\":\"https:\/\/www.fiemg.com.br\/associativismo\/#organization\",\"name\":\"Associativismo\",\"url\":\"https:\/\/www.fiemg.com.br\/associativismo\/\",\"logo\":{\"@type\":\"ImageObject\",\"inLanguage\":\"pt-BR\",\"@id\":\"https:\/\/www.fiemg.com.br\/associativismo\/#\/schema\/logo\/image\/\",\"url\":\"https:\/\/www.fiemg.com.br\/associativismo\/wp-content\/uploads\/sites\/29\/2023\/02\/fiemg_branco.svg\",\"contentUrl\":\"https:\/\/www.fiemg.com.br\/associativismo\/wp-content\/uploads\/sites\/29\/2023\/02\/fiemg_branco.svg\",\"width\":561,\"height\":147,\"caption\":\"Associativismo\"},\"image\":{\"@id\":\"https:\/\/www.fiemg.com.br\/associativismo\/#\/schema\/logo\/image\/\"}}]}<\/script>\n<!-- \/ Yoast SEO plugin. -->","yoast_head_json":{"title":"SENAI oferece qualifica\u00e7\u00e3o em mestre de obras em parceria com Fassa Bortolo - Associativismo","robots":{"index":"index","follow":"follow","max-snippet":"max-snippet:-1","max-image-preview":"max-image-preview:large","max-video-preview":"max-video-preview:-1"},"canonical":"https:\/\/www.fiemg.com.br\/associativismo\/noticias\/senai-oferece-qualificacao-em-mestre-de-obras-em-parceria-com-fassa-bortolo\/","og_locale":"pt_BR","og_type":"article","og_title":"SENAI oferece qualifica\u00e7\u00e3o em mestre de obras em parceria com Fassa Bortolo - Associativismo","og_description":"O SENAI, em parceria com a Fassa Bortolo, renomada fabricante de argamassas e rejuntes, e fornecedora do Sistema Fassa Silo de proje\u00e7\u00e3o de argamassas, est\u00e1 com as inscri\u00e7\u00f5es abertas para a pr\u00e9-matr\u00edcula do curso de Qualifica\u00e7\u00e3o em Mestre de Obras. Esta iniciativa visa capacitar, gratuitamente, profissionais da constru\u00e7\u00e3o civil, como pedreiros e ajudantes, para atuarem [&hellip;]","og_url":"https:\/\/www.fiemg.com.br\/associativismo\/noticias\/senai-oferece-qualificacao-em-mestre-de-obras-em-parceria-com-fassa-bortolo\/","og_site_name":"Associativismo","article_modified_time":"2024-08-06T16:58:36+00:00","og_image":[{"width":512,"height":512,"url":"https:\/\/www.fiemg.com.br\/associativismo\/wp-content\/uploads\/sites\/29\/2024\/07\/curso-senai-fassa-bortolo-1.jpg","type":"image\/jpeg"}],"twitter_card":"summary_large_image","twitter_misc":{"Est. tempo de leitura":"2 minutos"},"schema":{"@context":"https:\/\/schema.org","@graph":[{"@type":"WebPage","@id":"https:\/\/www.fiemg.com.br\/associativismo\/noticias\/senai-oferece-qualificacao-em-mestre-de-obras-em-parceria-com-fassa-bortolo\/","url":"https:\/\/www.fiemg.com.br\/associativismo\/noticias\/senai-oferece-qualificacao-em-mestre-de-obras-em-parceria-com-fassa-bortolo\/","name":"SENAI oferece qualifica\u00e7\u00e3o em mestre de obras em parceria com Fassa Bortolo - Associativismo","isPartOf":{"@id":"https:\/\/www.fiemg.com.br\/associativismo\/#website"},"primaryImageOfPage":{"@id":"https:\/\/www.fiemg.com.br\/associativismo\/noticias\/senai-oferece-qualificacao-em-mestre-de-obras-em-parceria-com-fassa-bortolo\/#primaryimage"},"image":{"@id":"https:\/\/www.fiemg.com.br\/associativismo\/noticias\/senai-oferece-qualificacao-em-mestre-de-obras-em-parceria-com-fassa-bortolo\/#primaryimage"},"thumbnailUrl":"https:\/\/www.fiemg.com.br\/associativismo\/wp-content\/uploads\/sites\/29\/2024\/07\/curso-senai-fassa-bortolo-1.jpg","datePublished":"2024-07-30T19:25:25+00:00","dateModified":"2024-08-06T16:58:36+00:00","breadcrumb":{"@id":"https:\/\/www.fiemg.com.br\/associativismo\/noticias\/senai-oferece-qualificacao-em-mestre-de-obras-em-parceria-com-fassa-bortolo\/#breadcrumb"},"inLanguage":"pt-BR","potentialAction":[{"@type":"ReadAction","target":["https:\/\/www.fiemg.com.br\/associativismo\/noticias\/senai-oferece-qualificacao-em-mestre-de-obras-em-parceria-com-fassa-bortolo\/"]}]},{"@type":"ImageObject","inLanguage":"pt-BR","@id":"https:\/\/www.fiemg.com.br\/associativismo\/noticias\/senai-oferece-qualificacao-em-mestre-de-obras-em-parceria-com-fassa-bortolo\/#primaryimage","url":"https:\/\/www.fiemg.com.br\/associativismo\/wp-content\/uploads\/sites\/29\/2024\/07\/curso-senai-fassa-bortolo-1.jpg","contentUrl":"https:\/\/www.fiemg.com.br\/associativismo\/wp-content\/uploads\/sites\/29\/2024\/07\/curso-senai-fassa-bortolo-1.jpg","width":512,"height":512},{"@type":"BreadcrumbList","@id":"https:\/\/www.fiemg.com.br\/associativismo\/noticias\/senai-oferece-qualificacao-em-mestre-de-obras-em-parceria-com-fassa-bortolo\/#breadcrumb","itemListElement":[{"@type":"ListItem","position":1,"name":"In\u00edcio","item":"https:\/\/www.fiemg.com.br\/associativismo\/"},{"@type":"ListItem","position":2,"name":"SENAI oferece qualifica\u00e7\u00e3o em mestre de obras em parceria com Fassa Bortolo"}]},{"@type":"WebSite","@id":"https:\/\/www.fiemg.com.br\/associativismo\/#website","url":"https:\/\/www.fiemg.com.br\/associativismo\/","name":"Associativismo","description":"Federa\u00e7\u00e3o das Ind\u00fastrias do Estado de Minas Gerais","publisher":{"@id":"https:\/\/www.fiemg.com.br\/associativismo\/#organization"},"potentialAction":[{"@type":"SearchAction","target":{"@type":"EntryPoint","urlTemplate":"https:\/\/www.fiemg.com.br\/associativismo\/?s={search_term_string}"},"query-input":{"@type":"PropertyValueSpecification","valueRequired":true,"valueName":"search_term_string"}}],"inLanguage":"pt-BR"},{"@type":"Organization","@id":"https:\/\/www.fiemg.com.br\/associativismo\/#organization","name":"Associativismo","url":"https:\/\/www.fiemg.com.br\/associativismo\/","logo":{"@type":"ImageObject","inLanguage":"pt-BR","@id":"https:\/\/www.fiemg.com.br\/associativismo\/#\/schema\/logo\/image\/","url":"https:\/\/www.fiemg.com.br\/associativismo\/wp-content\/uploads\/sites\/29\/2023\/02\/fiemg_branco.svg","contentUrl":"https:\/\/www.fiemg.com.br\/associativismo\/wp-content\/uploads\/sites\/29\/2023\/02\/fiemg_branco.svg","width":561,"height":147,"caption":"Associativismo"},"image":{"@id":"https:\/\/www.fiemg.com.br\/associativismo\/#\/schema\/logo\/image\/"}}]}},"_links":{"self":[{"href":"https:\/\/www.fiemg.com.br\/associativismo\/wp-json\/wp\/v2\/noticias\/2819","targetHints":{"allow":["GET"]}}],"collection":[{"href":"https:\/\/www.fiemg.com.br\/associativismo\/wp-json\/wp\/v2\/noticias"}],"about":[{"href":"https:\/\/www.fiemg.com.br\/associativismo\/wp-json\/wp\/v2\/types\/noticias"}],"wp:featuredmedia":[{"embeddable":true,"href":"https:\/\/www.fiemg.com.br\/associativismo\/wp-json\/wp\/v2\/media\/2821"}],"wp:attachment":[{"href":"https:\/\/www.fiemg.com.br\/associativismo\/wp-json\/wp\/v2\/media?parent=2819"}],"wp:term":[{"taxonomy":"category","embeddable":true,"href":"https:\/\/www.fiemg.com.br\/associativismo\/wp-json\/wp\/v2\/categories?post=2819"},{"taxonomy":"post_tag","embeddable":true,"href":"https:\/\/www.fiemg.com.br\/associativismo\/wp-json\/wp\/v2\/tags?post=2819"}],"curies":[{"name":"wp","href":"https:\/\/api.w.org\/{rel}","templated":true}]}}