{"id":2858,"date":"2024-08-07T15:14:46","date_gmt":"2024-08-07T18:14:46","guid":{"rendered":"https:\/\/www.fiemg.com.br\/associativismo\/noticias\/fiemg-e-amm-vao-oferecer-capacitacao-politica-sobre-eleicoes-municipais\/"},"modified":"2024-08-07T17:23:48","modified_gmt":"2024-08-07T20:23:48","slug":"fiemg-e-amm-vao-oferecer-capacitacao-politica-sobre-eleicoes-municipais","status":"publish","type":"noticias","link":"https:\/\/www.fiemg.com.br\/associativismo\/noticias\/fiemg-e-amm-vao-oferecer-capacitacao-politica-sobre-eleicoes-municipais\/","title":{"rendered":"FIEMG e AMM v\u00e3o oferecer capacita\u00e7\u00e3o pol\u00edtica sobre elei\u00e7\u00f5es municipais"},"content":{"rendered":"\n<p>A FIEMG vai disponibilizar, de 12 a 16 de agosto, uma capacita\u00e7\u00e3o pol\u00edtica voltada para as elei\u00e7\u00f5es municipais que ser\u00e3o realizadas em outubro de 2024. Em parceria com a Associa\u00e7\u00e3o Mineira de Munic\u00edpios (AMM), a Federa\u00e7\u00e3o produziu uma s\u00e9rie de videoaulas com pol\u00edticos, empres\u00e1rios, gestores e especialistas que abordam conte\u00fados pr\u00e1ticos e atualizados a respeito do tema. As inscri\u00e7\u00f5es podem ser realizadas neste <a href=\"https:\/\/www.sympla.com.br\/evento-online\/capacitacao-politica-da-fiemg-2024-elegendo-pessoas-capacitadas-em-parceria-com-amm\/2508329\" target=\"_blank\" rel=\"noreferrer noopener\"><strong>link<\/strong><\/a>, onde o interessado encontra mais informa\u00e7\u00f5es.<\/p>\n\n\n\n<p>Ap\u00f3s se inscrever, o participante vai receber um e-mail com as orienta\u00e7\u00f5es para acessar o conte\u00fado. Direito eleitoral, estrutura\u00e7\u00e3o de campanha, estrat\u00e9gia de comunica\u00e7\u00e3o, marketing digital e eleitoral, desenvolvimento econ\u00f4mico e autonomia municipal s\u00e3o alguns temas do curso.<\/p>\n\n\n\n<p>A aula magna \u00e9 do ex-governador de Minas Gerais e ministro do Tribunal de Contas da Uni\u00e3o (TCU), Antonio Anastasia. Os presidentes da FIEMG, Fl\u00e1vio Roscoe, e da AMM, Marcos Vinicius da Silva, v\u00e3o participar da capacita\u00e7\u00e3o como palestrantes.<\/p>\n\n\n\n<p>Assessora executiva do presid\u00eancia da FIEMG, Fl\u00e1via Viegas, explicou que o curso foi elaborado com o intuito de oferecer conhecimentos e habilidades essenciais a candidatos, assessores parlamentares e at\u00e9 mesmo para interessados em se aprofundar sobre o processo eleitoral. \u201cO conte\u00fado da capacita\u00e7\u00e3o foi pensado por pessoas tanto da FIEMG quanto da AMM que possuem muita experi\u00eancia em campanhas eleitorais\u201d, acrescentou.<\/p>\n\n\n\n<p>O diretor de Rela\u00e7\u00f5es Institucionais da AMM, Ibiraty Martins, afirmou que a capacita\u00e7\u00e3o \u00e9 resultado da parceria da associa\u00e7\u00e3o com a FIEMG e reafirma o compromisso das entidades pelo desenvolvimento, sustentabilidade e autonomia dos munic\u00edpios mineiros. \u201cO curso vai abordar quest\u00f5es que s\u00e3o importantes, o que \u00e9 permitido, o que \u00e9 vedado, mas que muitas vezes passam despercebidas pelos candidatos durante a elei\u00e7\u00e3o\u201d.<br><br><em>Rafael Passos<br><\/em><strong>Imprensa FIEMG<\/strong><\/p>\n","protected":false},"featured_media":2859,"template":"","categories":[15],"tags":[760,159,761,46],"class_list":["post-2858","noticias","type-noticias","status-publish","has-post-thumbnail","hentry","category-desenvolvimento-industrial","tag-amm","tag-capacitacao","tag-eleicoes-municipais","tag-fiemg"],"acf":[],"yoast_head":"<!-- This site is optimized with the Yoast SEO plugin v26.2 - https:\/\/yoast.com\/wordpress\/plugins\/seo\/ -->\n<title>FIEMG e AMM v\u00e3o oferecer capacita\u00e7\u00e3o pol\u00edtica sobre elei\u00e7\u00f5es municipais - Associativismo<\/title>\n<meta name=\"description\" content=\"No formato on-line, curso tem como palestrantes pol\u00edticos, empres\u00e1rios e especialistas que abordar temas relacionados ao pleito eleitoral\" \/>\n<meta name=\"robots\" content=\"index, follow, max-snippet:-1, max-image-preview:large, max-video-preview:-1\" \/>\n<link rel=\"canonical\" href=\"https:\/\/www.fiemg.com.br\/associativismo\/noticias\/fiemg-e-amm-vao-oferecer-capacitacao-politica-sobre-eleicoes-municipais\/\" \/>\n<meta property=\"og:locale\" content=\"pt_BR\" \/>\n<meta property=\"og:type\" content=\"article\" \/>\n<meta property=\"og:title\" content=\"FIEMG e AMM v\u00e3o oferecer capacita\u00e7\u00e3o pol\u00edtica sobre elei\u00e7\u00f5es municipais - Associativismo\" \/>\n<meta property=\"og:description\" content=\"No formato on-line, curso tem como palestrantes pol\u00edticos, empres\u00e1rios e especialistas que abordar temas relacionados ao pleito eleitoral\" \/>\n<meta property=\"og:url\" content=\"https:\/\/www.fiemg.com.br\/associativismo\/noticias\/fiemg-e-amm-vao-oferecer-capacitacao-politica-sobre-eleicoes-municipais\/\" \/>\n<meta property=\"og:site_name\" content=\"Associativismo\" \/>\n<meta property=\"article:modified_time\" content=\"2024-08-07T20:23:48+00:00\" \/>\n<meta property=\"og:image\" content=\"https:\/\/www.fiemg.com.br\/associativismo\/wp-content\/uploads\/sites\/29\/2024\/08\/capacitacao_thumb.jpeg\" \/>\n\t<meta property=\"og:image:width\" content=\"512\" \/>\n\t<meta property=\"og:image:height\" content=\"512\" \/>\n\t<meta property=\"og:image:type\" content=\"image\/jpeg\" \/>\n<meta name=\"twitter:card\" content=\"summary_large_image\" \/>\n<meta name=\"twitter:label1\" content=\"Est. tempo de leitura\" \/>\n\t<meta name=\"twitter:data1\" content=\"2 minutos\" \/>\n<script type=\"application\/ld+json\" class=\"yoast-schema-graph\">{\"@context\":\"https:\/\/schema.org\",\"@graph\":[{\"@type\":\"WebPage\",\"@id\":\"https:\/\/www.fiemg.com.br\/associativismo\/noticias\/fiemg-e-amm-vao-oferecer-capacitacao-politica-sobre-eleicoes-municipais\/\",\"url\":\"https:\/\/www.fiemg.com.br\/associativismo\/noticias\/fiemg-e-amm-vao-oferecer-capacitacao-politica-sobre-eleicoes-municipais\/\",\"name\":\"FIEMG e AMM v\u00e3o oferecer capacita\u00e7\u00e3o pol\u00edtica sobre elei\u00e7\u00f5es municipais - Associativismo\",\"isPartOf\":{\"@id\":\"https:\/\/www.fiemg.com.br\/associativismo\/#website\"},\"primaryImageOfPage\":{\"@id\":\"https:\/\/www.fiemg.com.br\/associativismo\/noticias\/fiemg-e-amm-vao-oferecer-capacitacao-politica-sobre-eleicoes-municipais\/#primaryimage\"},\"image\":{\"@id\":\"https:\/\/www.fiemg.com.br\/associativismo\/noticias\/fiemg-e-amm-vao-oferecer-capacitacao-politica-sobre-eleicoes-municipais\/#primaryimage\"},\"thumbnailUrl\":\"https:\/\/www.fiemg.com.br\/associativismo\/wp-content\/uploads\/sites\/29\/2024\/08\/capacitacao_thumb.jpeg\",\"datePublished\":\"2024-08-07T18:14:46+00:00\",\"dateModified\":\"2024-08-07T20:23:48+00:00\",\"description\":\"No formato on-line, curso tem como palestrantes pol\u00edticos, empres\u00e1rios e especialistas que abordar temas relacionados ao pleito eleitoral\",\"breadcrumb\":{\"@id\":\"https:\/\/www.fiemg.com.br\/associativismo\/noticias\/fiemg-e-amm-vao-oferecer-capacitacao-politica-sobre-eleicoes-municipais\/#breadcrumb\"},\"inLanguage\":\"pt-BR\",\"potentialAction\":[{\"@type\":\"ReadAction\",\"target\":[\"https:\/\/www.fiemg.com.br\/associativismo\/noticias\/fiemg-e-amm-vao-oferecer-capacitacao-politica-sobre-eleicoes-municipais\/\"]}]},{\"@type\":\"ImageObject\",\"inLanguage\":\"pt-BR\",\"@id\":\"https:\/\/www.fiemg.com.br\/associativismo\/noticias\/fiemg-e-amm-vao-oferecer-capacitacao-politica-sobre-eleicoes-municipais\/#primaryimage\",\"url\":\"https:\/\/www.fiemg.com.br\/associativismo\/wp-content\/uploads\/sites\/29\/2024\/08\/capacitacao_thumb.jpeg\",\"contentUrl\":\"https:\/\/www.fiemg.com.br\/associativismo\/wp-content\/uploads\/sites\/29\/2024\/08\/capacitacao_thumb.jpeg\",\"width\":512,\"height\":512,\"caption\":\"FIEMG e AMM v\u00e3o oferecer capacita\u00e7\u00e3o pol\u00edtica sobre elei\u00e7\u00f5es municipais\"},{\"@type\":\"BreadcrumbList\",\"@id\":\"https:\/\/www.fiemg.com.br\/associativismo\/noticias\/fiemg-e-amm-vao-oferecer-capacitacao-politica-sobre-eleicoes-municipais\/#breadcrumb\",\"itemListElement\":[{\"@type\":\"ListItem\",\"position\":1,\"name\":\"In\u00edcio\",\"item\":\"https:\/\/www.fiemg.com.br\/associativismo\/\"},{\"@type\":\"ListItem\",\"position\":2,\"name\":\"FIEMG e AMM v\u00e3o oferecer capacita\u00e7\u00e3o pol\u00edtica sobre elei\u00e7\u00f5es municipais\"}]},{\"@type\":\"WebSite\",\"@id\":\"https:\/\/www.fiemg.com.br\/associativismo\/#website\",\"url\":\"https:\/\/www.fiemg.com.br\/associativismo\/\",\"name\":\"Associativismo\",\"description\":\"Federa\u00e7\u00e3o das Ind\u00fastrias do Estado de Minas Gerais\",\"publisher\":{\"@id\":\"https:\/\/www.fiemg.com.br\/associativismo\/#organization\"},\"potentialAction\":[{\"@type\":\"SearchAction\",\"target\":{\"@type\":\"EntryPoint\",\"urlTemplate\":\"https:\/\/www.fiemg.com.br\/associativismo\/?s={search_term_string}\"},\"query-input\":{\"@type\":\"PropertyValueSpecification\",\"valueRequired\":true,\"valueName\":\"search_term_string\"}}],\"inLanguage\":\"pt-BR\"},{\"@type\":\"Organization\",\"@id\":\"https:\/\/www.fiemg.com.br\/associativismo\/#organization\",\"name\":\"Associativismo\",\"url\":\"https:\/\/www.fiemg.com.br\/associativismo\/\",\"logo\":{\"@type\":\"ImageObject\",\"inLanguage\":\"pt-BR\",\"@id\":\"https:\/\/www.fiemg.com.br\/associativismo\/#\/schema\/logo\/image\/\",\"url\":\"https:\/\/www.fiemg.com.br\/associativismo\/wp-content\/uploads\/sites\/29\/2023\/02\/fiemg_branco.svg\",\"contentUrl\":\"https:\/\/www.fiemg.com.br\/associativismo\/wp-content\/uploads\/sites\/29\/2023\/02\/fiemg_branco.svg\",\"width\":561,\"height\":147,\"caption\":\"Associativismo\"},\"image\":{\"@id\":\"https:\/\/www.fiemg.com.br\/associativismo\/#\/schema\/logo\/image\/\"}}]}<\/script>\n<!-- \/ Yoast SEO plugin. -->","yoast_head_json":{"title":"FIEMG e AMM v\u00e3o oferecer capacita\u00e7\u00e3o pol\u00edtica sobre elei\u00e7\u00f5es municipais - Associativismo","description":"No formato on-line, curso tem como palestrantes pol\u00edticos, empres\u00e1rios e especialistas que abordar temas relacionados ao pleito eleitoral","robots":{"index":"index","follow":"follow","max-snippet":"max-snippet:-1","max-image-preview":"max-image-preview:large","max-video-preview":"max-video-preview:-1"},"canonical":"https:\/\/www.fiemg.com.br\/associativismo\/noticias\/fiemg-e-amm-vao-oferecer-capacitacao-politica-sobre-eleicoes-municipais\/","og_locale":"pt_BR","og_type":"article","og_title":"FIEMG e AMM v\u00e3o oferecer capacita\u00e7\u00e3o pol\u00edtica sobre elei\u00e7\u00f5es municipais - Associativismo","og_description":"No formato on-line, curso tem como palestrantes pol\u00edticos, empres\u00e1rios e especialistas que abordar temas relacionados ao pleito eleitoral","og_url":"https:\/\/www.fiemg.com.br\/associativismo\/noticias\/fiemg-e-amm-vao-oferecer-capacitacao-politica-sobre-eleicoes-municipais\/","og_site_name":"Associativismo","article_modified_time":"2024-08-07T20:23:48+00:00","og_image":[{"width":512,"height":512,"url":"https:\/\/www.fiemg.com.br\/associativismo\/wp-content\/uploads\/sites\/29\/2024\/08\/capacitacao_thumb.jpeg","type":"image\/jpeg"}],"twitter_card":"summary_large_image","twitter_misc":{"Est. tempo de leitura":"2 minutos"},"schema":{"@context":"https:\/\/schema.org","@graph":[{"@type":"WebPage","@id":"https:\/\/www.fiemg.com.br\/associativismo\/noticias\/fiemg-e-amm-vao-oferecer-capacitacao-politica-sobre-eleicoes-municipais\/","url":"https:\/\/www.fiemg.com.br\/associativismo\/noticias\/fiemg-e-amm-vao-oferecer-capacitacao-politica-sobre-eleicoes-municipais\/","name":"FIEMG e AMM v\u00e3o oferecer capacita\u00e7\u00e3o pol\u00edtica sobre elei\u00e7\u00f5es municipais - Associativismo","isPartOf":{"@id":"https:\/\/www.fiemg.com.br\/associativismo\/#website"},"primaryImageOfPage":{"@id":"https:\/\/www.fiemg.com.br\/associativismo\/noticias\/fiemg-e-amm-vao-oferecer-capacitacao-politica-sobre-eleicoes-municipais\/#primaryimage"},"image":{"@id":"https:\/\/www.fiemg.com.br\/associativismo\/noticias\/fiemg-e-amm-vao-oferecer-capacitacao-politica-sobre-eleicoes-municipais\/#primaryimage"},"thumbnailUrl":"https:\/\/www.fiemg.com.br\/associativismo\/wp-content\/uploads\/sites\/29\/2024\/08\/capacitacao_thumb.jpeg","datePublished":"2024-08-07T18:14:46+00:00","dateModified":"2024-08-07T20:23:48+00:00","description":"No formato on-line, curso tem como palestrantes pol\u00edticos, empres\u00e1rios e especialistas que abordar temas relacionados ao pleito eleitoral","breadcrumb":{"@id":"https:\/\/www.fiemg.com.br\/associativismo\/noticias\/fiemg-e-amm-vao-oferecer-capacitacao-politica-sobre-eleicoes-municipais\/#breadcrumb"},"inLanguage":"pt-BR","potentialAction":[{"@type":"ReadAction","target":["https:\/\/www.fiemg.com.br\/associativismo\/noticias\/fiemg-e-amm-vao-oferecer-capacitacao-politica-sobre-eleicoes-municipais\/"]}]},{"@type":"ImageObject","inLanguage":"pt-BR","@id":"https:\/\/www.fiemg.com.br\/associativismo\/noticias\/fiemg-e-amm-vao-oferecer-capacitacao-politica-sobre-eleicoes-municipais\/#primaryimage","url":"https:\/\/www.fiemg.com.br\/associativismo\/wp-content\/uploads\/sites\/29\/2024\/08\/capacitacao_thumb.jpeg","contentUrl":"https:\/\/www.fiemg.com.br\/associativismo\/wp-content\/uploads\/sites\/29\/2024\/08\/capacitacao_thumb.jpeg","width":512,"height":512,"caption":"FIEMG e AMM v\u00e3o oferecer capacita\u00e7\u00e3o pol\u00edtica sobre elei\u00e7\u00f5es municipais"},{"@type":"BreadcrumbList","@id":"https:\/\/www.fiemg.com.br\/associativismo\/noticias\/fiemg-e-amm-vao-oferecer-capacitacao-politica-sobre-eleicoes-municipais\/#breadcrumb","itemListElement":[{"@type":"ListItem","position":1,"name":"In\u00edcio","item":"https:\/\/www.fiemg.com.br\/associativismo\/"},{"@type":"ListItem","position":2,"name":"FIEMG e AMM v\u00e3o oferecer capacita\u00e7\u00e3o pol\u00edtica sobre elei\u00e7\u00f5es municipais"}]},{"@type":"WebSite","@id":"https:\/\/www.fiemg.com.br\/associativismo\/#website","url":"https:\/\/www.fiemg.com.br\/associativismo\/","name":"Associativismo","description":"Federa\u00e7\u00e3o das Ind\u00fastrias do Estado de Minas Gerais","publisher":{"@id":"https:\/\/www.fiemg.com.br\/associativismo\/#organization"},"potentialAction":[{"@type":"SearchAction","target":{"@type":"EntryPoint","urlTemplate":"https:\/\/www.fiemg.com.br\/associativismo\/?s={search_term_string}"},"query-input":{"@type":"PropertyValueSpecification","valueRequired":true,"valueName":"search_term_string"}}],"inLanguage":"pt-BR"},{"@type":"Organization","@id":"https:\/\/www.fiemg.com.br\/associativismo\/#organization","name":"Associativismo","url":"https:\/\/www.fiemg.com.br\/associativismo\/","logo":{"@type":"ImageObject","inLanguage":"pt-BR","@id":"https:\/\/www.fiemg.com.br\/associativismo\/#\/schema\/logo\/image\/","url":"https:\/\/www.fiemg.com.br\/associativismo\/wp-content\/uploads\/sites\/29\/2023\/02\/fiemg_branco.svg","contentUrl":"https:\/\/www.fiemg.com.br\/associativismo\/wp-content\/uploads\/sites\/29\/2023\/02\/fiemg_branco.svg","width":561,"height":147,"caption":"Associativismo"},"image":{"@id":"https:\/\/www.fiemg.com.br\/associativismo\/#\/schema\/logo\/image\/"}}]}},"_links":{"self":[{"href":"https:\/\/www.fiemg.com.br\/associativismo\/wp-json\/wp\/v2\/noticias\/2858","targetHints":{"allow":["GET"]}}],"collection":[{"href":"https:\/\/www.fiemg.com.br\/associativismo\/wp-json\/wp\/v2\/noticias"}],"about":[{"href":"https:\/\/www.fiemg.com.br\/associativismo\/wp-json\/wp\/v2\/types\/noticias"}],"wp:featuredmedia":[{"embeddable":true,"href":"https:\/\/www.fiemg.com.br\/associativismo\/wp-json\/wp\/v2\/media\/2859"}],"wp:attachment":[{"href":"https:\/\/www.fiemg.com.br\/associativismo\/wp-json\/wp\/v2\/media?parent=2858"}],"wp:term":[{"taxonomy":"category","embeddable":true,"href":"https:\/\/www.fiemg.com.br\/associativismo\/wp-json\/wp\/v2\/categories?post=2858"},{"taxonomy":"post_tag","embeddable":true,"href":"https:\/\/www.fiemg.com.br\/associativismo\/wp-json\/wp\/v2\/tags?post=2858"}],"curies":[{"name":"wp","href":"https:\/\/api.w.org\/{rel}","templated":true}]}}