{"id":2918,"date":"2024-08-16T13:06:00","date_gmt":"2024-08-16T16:06:00","guid":{"rendered":"https:\/\/www.fiemg.com.br\/associativismo\/noticias\/premio-iel-de-talentos-e-entregue-em-cerimonia-no-p7-criativo\/"},"modified":"2024-08-19T16:33:37","modified_gmt":"2024-08-19T19:33:37","slug":"premio-iel-de-talentos-e-entregue-em-cerimonia-no-p7-criativo","status":"publish","type":"noticias","link":"https:\/\/www.fiemg.com.br\/associativismo\/noticias\/premio-iel-de-talentos-e-entregue-em-cerimonia-no-p7-criativo\/","title":{"rendered":"Pr\u00eamio IEL de Talentos \u00e9 entregue em cerim\u00f4nia no P7 Criativo"},"content":{"rendered":"\n<p><\/p>\n\n\n\n<p>Em uma cerim\u00f4nia realizada na quarta-feira (14\/08), no P7 Criativo, o Instituto Euvaldo Lodi (IEL) promoveu a entrega do Pr\u00eamio IEL de Talentos, que reconhece projetos inovadores executados pelas empresas, estudantes e institui\u00e7\u00f5es de ensino, durante o programa de est\u00e1gio em n\u00edvel nacional, al\u00e9m de promover a intera\u00e7\u00e3o com grandes empresas.&nbsp;<\/p>\n\n\n\n<figure class=\"wp-block-image alignleft size-large is-resized\"><img decoding=\"async\" src=\"https:\/\/www.fiemg.com.br\/associativismo\/wp-content\/uploads\/sites\/29\/2024\/08\/LN_PROGRAMA-DESENVOLVIMENTO-CONSELHEIROS_14AGO24_FOTO-22-1024x683.jpg\" alt=\"\" class=\"wp-image-2922\" style=\"width:331px;height:auto\" \/><\/figure>\n\n\n\n<p>Nesta edi\u00e7\u00e3o, foi reconhecida na categoria Empresa Inovadora \u2013 etapa regional &#8211; a empresa Evolua Energia, que recebeu o trof\u00e9u de 1\u00ba lugar, e foi representada pela L\u00edvia Adami. J\u00e1 na categoria Educa\u00e7\u00e3o Inovadora &#8211; tamb\u00e9m na etapa Regional &#8211; a PUC Minas foi premiada em 1\u00ba lugar, sendo representada pela professora Evanilde Maria Martins.&nbsp;<\/p>\n\n\n\n<p>A partir de agora, os projetos apresentados pelas duas institui\u00e7\u00f5es passam a concorrer na etapa nacional do Pr\u00eamio IEL de Talentos, que engloba tamb\u00e9m as categorias Estagi\u00e1rio Inovador e Inova Talentos.<\/p>\n\n\n\n<p>\u201cO Pr\u00eamio IEL de Talentos estimula o empreendedorismo, a qualifica\u00e7\u00e3o de talentos, o desenvolvimento das empresas, contribuindo para que tenhamos uma ind\u00fastria mais forte e competitiva\u201d, destacou a gerente de Educa\u00e7\u00e3o Executiva e Hub de Carreiras do IEL, Marcia Andrade Carmo Azevedo, durante a apresenta\u00e7\u00e3o do pr\u00eamio.<\/p>\n\n\n\n<figure class=\"wp-block-image alignright size-large is-resized\"><img decoding=\"async\" src=\"https:\/\/www.fiemg.com.br\/associativismo\/wp-content\/uploads\/sites\/29\/2024\/08\/LN_PROGRAMA-DESENVOLVIMENTO-CONSELHEIROS_14AGO24_FOTO-19-1024x685.jpg\" alt=\"\" class=\"wp-image-2920\" style=\"width:332px;height:auto\" \/><\/figure>\n\n\n\n<p><strong>IEL<\/strong><\/p>\n\n\n\n<p>O Instituto Euvaldo Lodi (IEL) \u00e9 uma institui\u00e7\u00e3o da Federa\u00e7\u00e3o das Ind\u00fastrias do Estado de Minas Gerais (FIEMG) que atua como interlocutora e promotora da intera\u00e7\u00e3o entre empresas e centros de conhecimento em Minas Gerais.&nbsp;<\/p>\n\n\n\n<p>Sua miss\u00e3o \u00e9 promover a competitividade da ind\u00fastria mineira por meio de solu\u00e7\u00f5es em inova\u00e7\u00e3o, capacita\u00e7\u00e3o e intera\u00e7\u00e3o entre empresas e centros de conhecimento, universidades e institui\u00e7\u00f5es de fomento.<\/p>\n\n\n\n<p>Veja mais fotos da premia\u00e7\u00e3o, <a href=\"https:\/\/www.flickr.com\/photos\/sistemafiemg\/albums\/72177720319629811\/with\/53932479817\">clicando aqu<\/a><a href=\"https:\/\/www.flickr.com\/photos\/sistemafiemg\/albums\/72177720319629811\/with\/53932479817\" target=\"_blank\" rel=\"noreferrer noopener\">i<\/a><\/p>\n\n\n\n<p><em>Tha\u00eds Mota<\/em><br><strong>Imprensa FIEMG<\/strong><\/p>\n\n\n\n<p><\/p>\n","protected":false},"featured_media":2923,"template":"","categories":[15],"tags":[779,780,46,42,229,781,782],"class_list":["post-2918","noticias","type-noticias","status-publish","has-post-thumbnail","hentry","category-desenvolvimento-industrial","tag-estagio","tag-evolua-energia","tag-fiemg","tag-iel","tag-p7-criativo","tag-premio-iel-de-talentos","tag-puc-minas"],"acf":[],"yoast_head":"<!-- This site is optimized with the Yoast SEO plugin v26.2 - https:\/\/yoast.com\/wordpress\/plugins\/seo\/ -->\n<title>Pr\u00eamio IEL de Talentos \u00e9 entregue em cerim\u00f4nia no P7 Criativo - Associativismo<\/title>\n<meta name=\"description\" content=\"Evolua Energia e PUC Minas Foram reconhecidas nas categorias empresa Inovadora e Educa\u00e7\u00e3o Inovadora respectivamente\" \/>\n<meta name=\"robots\" content=\"index, follow, max-snippet:-1, max-image-preview:large, max-video-preview:-1\" \/>\n<link rel=\"canonical\" href=\"https:\/\/www.fiemg.com.br\/associativismo\/noticias\/premio-iel-de-talentos-e-entregue-em-cerimonia-no-p7-criativo\/\" \/>\n<meta property=\"og:locale\" content=\"pt_BR\" \/>\n<meta property=\"og:type\" content=\"article\" \/>\n<meta property=\"og:title\" content=\"Pr\u00eamio IEL de Talentos \u00e9 entregue em cerim\u00f4nia no P7 Criativo - Associativismo\" \/>\n<meta property=\"og:description\" content=\"Evolua Energia e PUC Minas Foram reconhecidas nas categorias empresa Inovadora e Educa\u00e7\u00e3o Inovadora respectivamente\" \/>\n<meta property=\"og:url\" content=\"https:\/\/www.fiemg.com.br\/associativismo\/noticias\/premio-iel-de-talentos-e-entregue-em-cerimonia-no-p7-criativo\/\" \/>\n<meta property=\"og:site_name\" content=\"Associativismo\" \/>\n<meta property=\"article:modified_time\" content=\"2024-08-19T19:33:37+00:00\" \/>\n<meta property=\"og:image\" content=\"https:\/\/www.fiemg.com.br\/associativismo\/wp-content\/uploads\/sites\/29\/2024\/08\/Premio-IEL-1.jpg\" \/>\n\t<meta property=\"og:image:width\" content=\"512\" \/>\n\t<meta property=\"og:image:height\" content=\"512\" \/>\n\t<meta property=\"og:image:type\" content=\"image\/jpeg\" \/>\n<meta name=\"twitter:card\" content=\"summary_large_image\" \/>\n<meta name=\"twitter:label1\" content=\"Est. tempo de leitura\" \/>\n\t<meta name=\"twitter:data1\" content=\"2 minutos\" \/>\n<script type=\"application\/ld+json\" class=\"yoast-schema-graph\">{\"@context\":\"https:\/\/schema.org\",\"@graph\":[{\"@type\":\"WebPage\",\"@id\":\"https:\/\/www.fiemg.com.br\/associativismo\/noticias\/premio-iel-de-talentos-e-entregue-em-cerimonia-no-p7-criativo\/\",\"url\":\"https:\/\/www.fiemg.com.br\/associativismo\/noticias\/premio-iel-de-talentos-e-entregue-em-cerimonia-no-p7-criativo\/\",\"name\":\"Pr\u00eamio IEL de Talentos \u00e9 entregue em cerim\u00f4nia no P7 Criativo - Associativismo\",\"isPartOf\":{\"@id\":\"https:\/\/www.fiemg.com.br\/associativismo\/#website\"},\"primaryImageOfPage\":{\"@id\":\"https:\/\/www.fiemg.com.br\/associativismo\/noticias\/premio-iel-de-talentos-e-entregue-em-cerimonia-no-p7-criativo\/#primaryimage\"},\"image\":{\"@id\":\"https:\/\/www.fiemg.com.br\/associativismo\/noticias\/premio-iel-de-talentos-e-entregue-em-cerimonia-no-p7-criativo\/#primaryimage\"},\"thumbnailUrl\":\"https:\/\/www.fiemg.com.br\/associativismo\/wp-content\/uploads\/sites\/29\/2024\/08\/Premio-IEL-1.jpg\",\"datePublished\":\"2024-08-16T16:06:00+00:00\",\"dateModified\":\"2024-08-19T19:33:37+00:00\",\"description\":\"Evolua Energia e PUC Minas Foram reconhecidas nas categorias empresa Inovadora e Educa\u00e7\u00e3o Inovadora respectivamente\",\"breadcrumb\":{\"@id\":\"https:\/\/www.fiemg.com.br\/associativismo\/noticias\/premio-iel-de-talentos-e-entregue-em-cerimonia-no-p7-criativo\/#breadcrumb\"},\"inLanguage\":\"pt-BR\",\"potentialAction\":[{\"@type\":\"ReadAction\",\"target\":[\"https:\/\/www.fiemg.com.br\/associativismo\/noticias\/premio-iel-de-talentos-e-entregue-em-cerimonia-no-p7-criativo\/\"]}]},{\"@type\":\"ImageObject\",\"inLanguage\":\"pt-BR\",\"@id\":\"https:\/\/www.fiemg.com.br\/associativismo\/noticias\/premio-iel-de-talentos-e-entregue-em-cerimonia-no-p7-criativo\/#primaryimage\",\"url\":\"https:\/\/www.fiemg.com.br\/associativismo\/wp-content\/uploads\/sites\/29\/2024\/08\/Premio-IEL-1.jpg\",\"contentUrl\":\"https:\/\/www.fiemg.com.br\/associativismo\/wp-content\/uploads\/sites\/29\/2024\/08\/Premio-IEL-1.jpg\",\"width\":512,\"height\":512},{\"@type\":\"BreadcrumbList\",\"@id\":\"https:\/\/www.fiemg.com.br\/associativismo\/noticias\/premio-iel-de-talentos-e-entregue-em-cerimonia-no-p7-criativo\/#breadcrumb\",\"itemListElement\":[{\"@type\":\"ListItem\",\"position\":1,\"name\":\"In\u00edcio\",\"item\":\"https:\/\/www.fiemg.com.br\/associativismo\/\"},{\"@type\":\"ListItem\",\"position\":2,\"name\":\"Pr\u00eamio IEL de Talentos \u00e9 entregue em cerim\u00f4nia no P7 Criativo\"}]},{\"@type\":\"WebSite\",\"@id\":\"https:\/\/www.fiemg.com.br\/associativismo\/#website\",\"url\":\"https:\/\/www.fiemg.com.br\/associativismo\/\",\"name\":\"Associativismo\",\"description\":\"Federa\u00e7\u00e3o das Ind\u00fastrias do Estado de Minas Gerais\",\"publisher\":{\"@id\":\"https:\/\/www.fiemg.com.br\/associativismo\/#organization\"},\"potentialAction\":[{\"@type\":\"SearchAction\",\"target\":{\"@type\":\"EntryPoint\",\"urlTemplate\":\"https:\/\/www.fiemg.com.br\/associativismo\/?s={search_term_string}\"},\"query-input\":{\"@type\":\"PropertyValueSpecification\",\"valueRequired\":true,\"valueName\":\"search_term_string\"}}],\"inLanguage\":\"pt-BR\"},{\"@type\":\"Organization\",\"@id\":\"https:\/\/www.fiemg.com.br\/associativismo\/#organization\",\"name\":\"Associativismo\",\"url\":\"https:\/\/www.fiemg.com.br\/associativismo\/\",\"logo\":{\"@type\":\"ImageObject\",\"inLanguage\":\"pt-BR\",\"@id\":\"https:\/\/www.fiemg.com.br\/associativismo\/#\/schema\/logo\/image\/\",\"url\":\"https:\/\/www.fiemg.com.br\/associativismo\/wp-content\/uploads\/sites\/29\/2023\/02\/fiemg_branco.svg\",\"contentUrl\":\"https:\/\/www.fiemg.com.br\/associativismo\/wp-content\/uploads\/sites\/29\/2023\/02\/fiemg_branco.svg\",\"width\":561,\"height\":147,\"caption\":\"Associativismo\"},\"image\":{\"@id\":\"https:\/\/www.fiemg.com.br\/associativismo\/#\/schema\/logo\/image\/\"}}]}<\/script>\n<!-- \/ Yoast SEO plugin. -->","yoast_head_json":{"title":"Pr\u00eamio IEL de Talentos \u00e9 entregue em cerim\u00f4nia no P7 Criativo - Associativismo","description":"Evolua Energia e PUC Minas Foram reconhecidas nas categorias empresa Inovadora e Educa\u00e7\u00e3o Inovadora respectivamente","robots":{"index":"index","follow":"follow","max-snippet":"max-snippet:-1","max-image-preview":"max-image-preview:large","max-video-preview":"max-video-preview:-1"},"canonical":"https:\/\/www.fiemg.com.br\/associativismo\/noticias\/premio-iel-de-talentos-e-entregue-em-cerimonia-no-p7-criativo\/","og_locale":"pt_BR","og_type":"article","og_title":"Pr\u00eamio IEL de Talentos \u00e9 entregue em cerim\u00f4nia no P7 Criativo - Associativismo","og_description":"Evolua Energia e PUC Minas Foram reconhecidas nas categorias empresa Inovadora e Educa\u00e7\u00e3o Inovadora respectivamente","og_url":"https:\/\/www.fiemg.com.br\/associativismo\/noticias\/premio-iel-de-talentos-e-entregue-em-cerimonia-no-p7-criativo\/","og_site_name":"Associativismo","article_modified_time":"2024-08-19T19:33:37+00:00","og_image":[{"width":512,"height":512,"url":"https:\/\/www.fiemg.com.br\/associativismo\/wp-content\/uploads\/sites\/29\/2024\/08\/Premio-IEL-1.jpg","type":"image\/jpeg"}],"twitter_card":"summary_large_image","twitter_misc":{"Est. tempo de leitura":"2 minutos"},"schema":{"@context":"https:\/\/schema.org","@graph":[{"@type":"WebPage","@id":"https:\/\/www.fiemg.com.br\/associativismo\/noticias\/premio-iel-de-talentos-e-entregue-em-cerimonia-no-p7-criativo\/","url":"https:\/\/www.fiemg.com.br\/associativismo\/noticias\/premio-iel-de-talentos-e-entregue-em-cerimonia-no-p7-criativo\/","name":"Pr\u00eamio IEL de Talentos \u00e9 entregue em cerim\u00f4nia no P7 Criativo - Associativismo","isPartOf":{"@id":"https:\/\/www.fiemg.com.br\/associativismo\/#website"},"primaryImageOfPage":{"@id":"https:\/\/www.fiemg.com.br\/associativismo\/noticias\/premio-iel-de-talentos-e-entregue-em-cerimonia-no-p7-criativo\/#primaryimage"},"image":{"@id":"https:\/\/www.fiemg.com.br\/associativismo\/noticias\/premio-iel-de-talentos-e-entregue-em-cerimonia-no-p7-criativo\/#primaryimage"},"thumbnailUrl":"https:\/\/www.fiemg.com.br\/associativismo\/wp-content\/uploads\/sites\/29\/2024\/08\/Premio-IEL-1.jpg","datePublished":"2024-08-16T16:06:00+00:00","dateModified":"2024-08-19T19:33:37+00:00","description":"Evolua Energia e PUC Minas Foram reconhecidas nas categorias empresa Inovadora e Educa\u00e7\u00e3o Inovadora respectivamente","breadcrumb":{"@id":"https:\/\/www.fiemg.com.br\/associativismo\/noticias\/premio-iel-de-talentos-e-entregue-em-cerimonia-no-p7-criativo\/#breadcrumb"},"inLanguage":"pt-BR","potentialAction":[{"@type":"ReadAction","target":["https:\/\/www.fiemg.com.br\/associativismo\/noticias\/premio-iel-de-talentos-e-entregue-em-cerimonia-no-p7-criativo\/"]}]},{"@type":"ImageObject","inLanguage":"pt-BR","@id":"https:\/\/www.fiemg.com.br\/associativismo\/noticias\/premio-iel-de-talentos-e-entregue-em-cerimonia-no-p7-criativo\/#primaryimage","url":"https:\/\/www.fiemg.com.br\/associativismo\/wp-content\/uploads\/sites\/29\/2024\/08\/Premio-IEL-1.jpg","contentUrl":"https:\/\/www.fiemg.com.br\/associativismo\/wp-content\/uploads\/sites\/29\/2024\/08\/Premio-IEL-1.jpg","width":512,"height":512},{"@type":"BreadcrumbList","@id":"https:\/\/www.fiemg.com.br\/associativismo\/noticias\/premio-iel-de-talentos-e-entregue-em-cerimonia-no-p7-criativo\/#breadcrumb","itemListElement":[{"@type":"ListItem","position":1,"name":"In\u00edcio","item":"https:\/\/www.fiemg.com.br\/associativismo\/"},{"@type":"ListItem","position":2,"name":"Pr\u00eamio IEL de Talentos \u00e9 entregue em cerim\u00f4nia no P7 Criativo"}]},{"@type":"WebSite","@id":"https:\/\/www.fiemg.com.br\/associativismo\/#website","url":"https:\/\/www.fiemg.com.br\/associativismo\/","name":"Associativismo","description":"Federa\u00e7\u00e3o das Ind\u00fastrias do Estado de Minas Gerais","publisher":{"@id":"https:\/\/www.fiemg.com.br\/associativismo\/#organization"},"potentialAction":[{"@type":"SearchAction","target":{"@type":"EntryPoint","urlTemplate":"https:\/\/www.fiemg.com.br\/associativismo\/?s={search_term_string}"},"query-input":{"@type":"PropertyValueSpecification","valueRequired":true,"valueName":"search_term_string"}}],"inLanguage":"pt-BR"},{"@type":"Organization","@id":"https:\/\/www.fiemg.com.br\/associativismo\/#organization","name":"Associativismo","url":"https:\/\/www.fiemg.com.br\/associativismo\/","logo":{"@type":"ImageObject","inLanguage":"pt-BR","@id":"https:\/\/www.fiemg.com.br\/associativismo\/#\/schema\/logo\/image\/","url":"https:\/\/www.fiemg.com.br\/associativismo\/wp-content\/uploads\/sites\/29\/2023\/02\/fiemg_branco.svg","contentUrl":"https:\/\/www.fiemg.com.br\/associativismo\/wp-content\/uploads\/sites\/29\/2023\/02\/fiemg_branco.svg","width":561,"height":147,"caption":"Associativismo"},"image":{"@id":"https:\/\/www.fiemg.com.br\/associativismo\/#\/schema\/logo\/image\/"}}]}},"_links":{"self":[{"href":"https:\/\/www.fiemg.com.br\/associativismo\/wp-json\/wp\/v2\/noticias\/2918","targetHints":{"allow":["GET"]}}],"collection":[{"href":"https:\/\/www.fiemg.com.br\/associativismo\/wp-json\/wp\/v2\/noticias"}],"about":[{"href":"https:\/\/www.fiemg.com.br\/associativismo\/wp-json\/wp\/v2\/types\/noticias"}],"wp:featuredmedia":[{"embeddable":true,"href":"https:\/\/www.fiemg.com.br\/associativismo\/wp-json\/wp\/v2\/media\/2923"}],"wp:attachment":[{"href":"https:\/\/www.fiemg.com.br\/associativismo\/wp-json\/wp\/v2\/media?parent=2918"}],"wp:term":[{"taxonomy":"category","embeddable":true,"href":"https:\/\/www.fiemg.com.br\/associativismo\/wp-json\/wp\/v2\/categories?post=2918"},{"taxonomy":"post_tag","embeddable":true,"href":"https:\/\/www.fiemg.com.br\/associativismo\/wp-json\/wp\/v2\/tags?post=2918"}],"curies":[{"name":"wp","href":"https:\/\/api.w.org\/{rel}","templated":true}]}}