{"id":3018,"date":"2024-09-09T13:25:52","date_gmt":"2024-09-09T16:25:52","guid":{"rendered":"https:\/\/www.fiemg.com.br\/associativismo\/noticias\/industria-mineira-mantem-crescimento-com-alta-de-faturamento-em-julho\/"},"modified":"2024-09-09T13:25:53","modified_gmt":"2024-09-09T16:25:53","slug":"industria-mineira-mantem-crescimento-com-alta-de-faturamento-em-julho","status":"publish","type":"noticias","link":"https:\/\/www.fiemg.com.br\/associativismo\/noticias\/industria-mineira-mantem-crescimento-com-alta-de-faturamento-em-julho\/","title":{"rendered":"Ind\u00fastria mineira mant\u00e9m crescimento com alta de faturamento em julho"},"content":{"rendered":"\n<p>A<strong>&nbsp;Pesquisa Indicadores Industriais<\/strong>&nbsp;da Federa\u00e7\u00e3o das Ind\u00fastrias de Minas Gerais (FIEMG), divulgada nesta segunda-feira, 09\/9, registrou uma eleva\u00e7\u00e3o de 3,2% no faturamento da ind\u00fastria mineira em julho, em rela\u00e7\u00e3o a junho. Este \u00e9 o segundo m\u00eas consecutivo de alta no indicador, impulsionado pela maior quantidade de pedidos na ind\u00fastria de transforma\u00e7\u00e3o.<\/p>\n\n\n\n<p>Entretanto, as&nbsp;<strong>horas trabalhadas na produ\u00e7\u00e3o<\/strong>&nbsp;recuaram 1,6%, reflexo de uma maior concentra\u00e7\u00e3o de funcion\u00e1rios em f\u00e9rias durante o per\u00edodo. Por outro lado, o&nbsp;<strong>emprego<\/strong>&nbsp;teve um leve avan\u00e7o de 0,3%, puxado pelas contrata\u00e7\u00f5es na ind\u00fastria extrativa mineral.<\/p>\n\n\n\n<p>Al\u00e9m disso, a&nbsp;<strong>massa salarial real<\/strong>&nbsp;apresentou crescimento, influenciado pelo aumento no emprego e pelos pagamentos de gratifica\u00e7\u00f5es e adiantamentos de 13\u00ba sal\u00e1rio, fortalecendo o rendimento dos trabalhadores.<\/p>\n\n\n\n<p>O cen\u00e1rio positivo deve se manter nos pr\u00f3ximos meses, com fatores como o&nbsp;<strong>consumo dom\u00e9stico aquecido<\/strong>, fortalecido pela expans\u00e3o do cr\u00e9dito e pela estabilidade do mercado de trabalho, colaborando para o bom desempenho da ind\u00fastria mineira.<\/p>\n\n\n\n<p>Essa an\u00e1lise \u00e9 fundamental para entender as tend\u00eancias do setor e acompanhar o desenvolvimento econ\u00f4mico de Minas Gerais, conforme dados levantados junto a 180 empresas da ind\u00fastria local.<\/p>\n\n\n\n<p>Acesse mais detalhes da pesquisa <a href=\"https:\/\/www.fiemg.com.br\/area-de-interesse\/estudos-economicos\/fiemg-index-2\/\">neste link<\/a>.<\/p>\n\n\n\n<p><em>Ana Paula Motta<\/em><br><strong>Imprensa FIEMG<\/strong><\/p>\n","protected":false},"featured_media":3019,"template":"","categories":[],"tags":[],"class_list":["post-3018","noticias","type-noticias","status-publish","has-post-thumbnail","hentry"],"acf":[],"yoast_head":"<!-- This site is optimized with the Yoast SEO plugin v26.2 - https:\/\/yoast.com\/wordpress\/plugins\/seo\/ -->\n<title>Ind\u00fastria mineira mant\u00e9m crescimento com alta de faturamento em julho - Associativismo<\/title>\n<meta name=\"robots\" content=\"index, follow, max-snippet:-1, max-image-preview:large, max-video-preview:-1\" \/>\n<link rel=\"canonical\" href=\"https:\/\/www.fiemg.com.br\/associativismo\/noticias\/industria-mineira-mantem-crescimento-com-alta-de-faturamento-em-julho\/\" \/>\n<meta property=\"og:locale\" content=\"pt_BR\" \/>\n<meta property=\"og:type\" content=\"article\" \/>\n<meta property=\"og:title\" content=\"Ind\u00fastria mineira mant\u00e9m crescimento com alta de faturamento em julho - Associativismo\" \/>\n<meta property=\"og:description\" content=\"A&nbsp;Pesquisa Indicadores Industriais&nbsp;da Federa\u00e7\u00e3o das Ind\u00fastrias de Minas Gerais (FIEMG), divulgada nesta segunda-feira, 09\/9, registrou uma eleva\u00e7\u00e3o de 3,2% no faturamento da ind\u00fastria mineira em julho, em rela\u00e7\u00e3o a junho. Este \u00e9 o segundo m\u00eas consecutivo de alta no indicador, impulsionado pela maior quantidade de pedidos na ind\u00fastria de transforma\u00e7\u00e3o. Entretanto, as&nbsp;horas trabalhadas na produ\u00e7\u00e3o&nbsp;recuaram [&hellip;]\" \/>\n<meta property=\"og:url\" content=\"https:\/\/www.fiemg.com.br\/associativismo\/noticias\/industria-mineira-mantem-crescimento-com-alta-de-faturamento-em-julho\/\" \/>\n<meta property=\"og:site_name\" content=\"Associativismo\" \/>\n<meta property=\"article:modified_time\" content=\"2024-09-09T16:25:53+00:00\" \/>\n<meta property=\"og:image\" content=\"https:\/\/www.fiemg.com.br\/associativismo\/wp-content\/uploads\/sites\/29\/2024\/09\/INDEX-MINI-NOVO.png\" \/>\n\t<meta property=\"og:image:width\" content=\"225\" \/>\n\t<meta property=\"og:image:height\" content=\"225\" \/>\n\t<meta property=\"og:image:type\" content=\"image\/png\" \/>\n<meta name=\"twitter:card\" content=\"summary_large_image\" \/>\n<meta name=\"twitter:label1\" content=\"Est. tempo de leitura\" \/>\n\t<meta name=\"twitter:data1\" content=\"2 minutos\" \/>\n<script type=\"application\/ld+json\" class=\"yoast-schema-graph\">{\"@context\":\"https:\/\/schema.org\",\"@graph\":[{\"@type\":\"WebPage\",\"@id\":\"https:\/\/www.fiemg.com.br\/associativismo\/noticias\/industria-mineira-mantem-crescimento-com-alta-de-faturamento-em-julho\/\",\"url\":\"https:\/\/www.fiemg.com.br\/associativismo\/noticias\/industria-mineira-mantem-crescimento-com-alta-de-faturamento-em-julho\/\",\"name\":\"Ind\u00fastria mineira mant\u00e9m crescimento com alta de faturamento em julho - Associativismo\",\"isPartOf\":{\"@id\":\"https:\/\/www.fiemg.com.br\/associativismo\/#website\"},\"primaryImageOfPage\":{\"@id\":\"https:\/\/www.fiemg.com.br\/associativismo\/noticias\/industria-mineira-mantem-crescimento-com-alta-de-faturamento-em-julho\/#primaryimage\"},\"image\":{\"@id\":\"https:\/\/www.fiemg.com.br\/associativismo\/noticias\/industria-mineira-mantem-crescimento-com-alta-de-faturamento-em-julho\/#primaryimage\"},\"thumbnailUrl\":\"https:\/\/www.fiemg.com.br\/associativismo\/wp-content\/uploads\/sites\/29\/2024\/09\/INDEX-MINI-NOVO.png\",\"datePublished\":\"2024-09-09T16:25:52+00:00\",\"dateModified\":\"2024-09-09T16:25:53+00:00\",\"breadcrumb\":{\"@id\":\"https:\/\/www.fiemg.com.br\/associativismo\/noticias\/industria-mineira-mantem-crescimento-com-alta-de-faturamento-em-julho\/#breadcrumb\"},\"inLanguage\":\"pt-BR\",\"potentialAction\":[{\"@type\":\"ReadAction\",\"target\":[\"https:\/\/www.fiemg.com.br\/associativismo\/noticias\/industria-mineira-mantem-crescimento-com-alta-de-faturamento-em-julho\/\"]}]},{\"@type\":\"ImageObject\",\"inLanguage\":\"pt-BR\",\"@id\":\"https:\/\/www.fiemg.com.br\/associativismo\/noticias\/industria-mineira-mantem-crescimento-com-alta-de-faturamento-em-julho\/#primaryimage\",\"url\":\"https:\/\/www.fiemg.com.br\/associativismo\/wp-content\/uploads\/sites\/29\/2024\/09\/INDEX-MINI-NOVO.png\",\"contentUrl\":\"https:\/\/www.fiemg.com.br\/associativismo\/wp-content\/uploads\/sites\/29\/2024\/09\/INDEX-MINI-NOVO.png\",\"width\":225,\"height\":225},{\"@type\":\"BreadcrumbList\",\"@id\":\"https:\/\/www.fiemg.com.br\/associativismo\/noticias\/industria-mineira-mantem-crescimento-com-alta-de-faturamento-em-julho\/#breadcrumb\",\"itemListElement\":[{\"@type\":\"ListItem\",\"position\":1,\"name\":\"In\u00edcio\",\"item\":\"https:\/\/www.fiemg.com.br\/associativismo\/\"},{\"@type\":\"ListItem\",\"position\":2,\"name\":\"Ind\u00fastria mineira mant\u00e9m crescimento com alta de faturamento em julho\"}]},{\"@type\":\"WebSite\",\"@id\":\"https:\/\/www.fiemg.com.br\/associativismo\/#website\",\"url\":\"https:\/\/www.fiemg.com.br\/associativismo\/\",\"name\":\"Associativismo\",\"description\":\"Federa\u00e7\u00e3o das Ind\u00fastrias do Estado de Minas Gerais\",\"publisher\":{\"@id\":\"https:\/\/www.fiemg.com.br\/associativismo\/#organization\"},\"potentialAction\":[{\"@type\":\"SearchAction\",\"target\":{\"@type\":\"EntryPoint\",\"urlTemplate\":\"https:\/\/www.fiemg.com.br\/associativismo\/?s={search_term_string}\"},\"query-input\":{\"@type\":\"PropertyValueSpecification\",\"valueRequired\":true,\"valueName\":\"search_term_string\"}}],\"inLanguage\":\"pt-BR\"},{\"@type\":\"Organization\",\"@id\":\"https:\/\/www.fiemg.com.br\/associativismo\/#organization\",\"name\":\"Associativismo\",\"url\":\"https:\/\/www.fiemg.com.br\/associativismo\/\",\"logo\":{\"@type\":\"ImageObject\",\"inLanguage\":\"pt-BR\",\"@id\":\"https:\/\/www.fiemg.com.br\/associativismo\/#\/schema\/logo\/image\/\",\"url\":\"https:\/\/www.fiemg.com.br\/associativismo\/wp-content\/uploads\/sites\/29\/2023\/02\/fiemg_branco.svg\",\"contentUrl\":\"https:\/\/www.fiemg.com.br\/associativismo\/wp-content\/uploads\/sites\/29\/2023\/02\/fiemg_branco.svg\",\"width\":561,\"height\":147,\"caption\":\"Associativismo\"},\"image\":{\"@id\":\"https:\/\/www.fiemg.com.br\/associativismo\/#\/schema\/logo\/image\/\"}}]}<\/script>\n<!-- \/ Yoast SEO plugin. -->","yoast_head_json":{"title":"Ind\u00fastria mineira mant\u00e9m crescimento com alta de faturamento em julho - Associativismo","robots":{"index":"index","follow":"follow","max-snippet":"max-snippet:-1","max-image-preview":"max-image-preview:large","max-video-preview":"max-video-preview:-1"},"canonical":"https:\/\/www.fiemg.com.br\/associativismo\/noticias\/industria-mineira-mantem-crescimento-com-alta-de-faturamento-em-julho\/","og_locale":"pt_BR","og_type":"article","og_title":"Ind\u00fastria mineira mant\u00e9m crescimento com alta de faturamento em julho - Associativismo","og_description":"A&nbsp;Pesquisa Indicadores Industriais&nbsp;da Federa\u00e7\u00e3o das Ind\u00fastrias de Minas Gerais (FIEMG), divulgada nesta segunda-feira, 09\/9, registrou uma eleva\u00e7\u00e3o de 3,2% no faturamento da ind\u00fastria mineira em julho, em rela\u00e7\u00e3o a junho. Este \u00e9 o segundo m\u00eas consecutivo de alta no indicador, impulsionado pela maior quantidade de pedidos na ind\u00fastria de transforma\u00e7\u00e3o. Entretanto, as&nbsp;horas trabalhadas na produ\u00e7\u00e3o&nbsp;recuaram [&hellip;]","og_url":"https:\/\/www.fiemg.com.br\/associativismo\/noticias\/industria-mineira-mantem-crescimento-com-alta-de-faturamento-em-julho\/","og_site_name":"Associativismo","article_modified_time":"2024-09-09T16:25:53+00:00","og_image":[{"width":225,"height":225,"url":"https:\/\/www.fiemg.com.br\/associativismo\/wp-content\/uploads\/sites\/29\/2024\/09\/INDEX-MINI-NOVO.png","type":"image\/png"}],"twitter_card":"summary_large_image","twitter_misc":{"Est. tempo de leitura":"2 minutos"},"schema":{"@context":"https:\/\/schema.org","@graph":[{"@type":"WebPage","@id":"https:\/\/www.fiemg.com.br\/associativismo\/noticias\/industria-mineira-mantem-crescimento-com-alta-de-faturamento-em-julho\/","url":"https:\/\/www.fiemg.com.br\/associativismo\/noticias\/industria-mineira-mantem-crescimento-com-alta-de-faturamento-em-julho\/","name":"Ind\u00fastria mineira mant\u00e9m crescimento com alta de faturamento em julho - Associativismo","isPartOf":{"@id":"https:\/\/www.fiemg.com.br\/associativismo\/#website"},"primaryImageOfPage":{"@id":"https:\/\/www.fiemg.com.br\/associativismo\/noticias\/industria-mineira-mantem-crescimento-com-alta-de-faturamento-em-julho\/#primaryimage"},"image":{"@id":"https:\/\/www.fiemg.com.br\/associativismo\/noticias\/industria-mineira-mantem-crescimento-com-alta-de-faturamento-em-julho\/#primaryimage"},"thumbnailUrl":"https:\/\/www.fiemg.com.br\/associativismo\/wp-content\/uploads\/sites\/29\/2024\/09\/INDEX-MINI-NOVO.png","datePublished":"2024-09-09T16:25:52+00:00","dateModified":"2024-09-09T16:25:53+00:00","breadcrumb":{"@id":"https:\/\/www.fiemg.com.br\/associativismo\/noticias\/industria-mineira-mantem-crescimento-com-alta-de-faturamento-em-julho\/#breadcrumb"},"inLanguage":"pt-BR","potentialAction":[{"@type":"ReadAction","target":["https:\/\/www.fiemg.com.br\/associativismo\/noticias\/industria-mineira-mantem-crescimento-com-alta-de-faturamento-em-julho\/"]}]},{"@type":"ImageObject","inLanguage":"pt-BR","@id":"https:\/\/www.fiemg.com.br\/associativismo\/noticias\/industria-mineira-mantem-crescimento-com-alta-de-faturamento-em-julho\/#primaryimage","url":"https:\/\/www.fiemg.com.br\/associativismo\/wp-content\/uploads\/sites\/29\/2024\/09\/INDEX-MINI-NOVO.png","contentUrl":"https:\/\/www.fiemg.com.br\/associativismo\/wp-content\/uploads\/sites\/29\/2024\/09\/INDEX-MINI-NOVO.png","width":225,"height":225},{"@type":"BreadcrumbList","@id":"https:\/\/www.fiemg.com.br\/associativismo\/noticias\/industria-mineira-mantem-crescimento-com-alta-de-faturamento-em-julho\/#breadcrumb","itemListElement":[{"@type":"ListItem","position":1,"name":"In\u00edcio","item":"https:\/\/www.fiemg.com.br\/associativismo\/"},{"@type":"ListItem","position":2,"name":"Ind\u00fastria mineira mant\u00e9m crescimento com alta de faturamento em julho"}]},{"@type":"WebSite","@id":"https:\/\/www.fiemg.com.br\/associativismo\/#website","url":"https:\/\/www.fiemg.com.br\/associativismo\/","name":"Associativismo","description":"Federa\u00e7\u00e3o das Ind\u00fastrias do Estado de Minas Gerais","publisher":{"@id":"https:\/\/www.fiemg.com.br\/associativismo\/#organization"},"potentialAction":[{"@type":"SearchAction","target":{"@type":"EntryPoint","urlTemplate":"https:\/\/www.fiemg.com.br\/associativismo\/?s={search_term_string}"},"query-input":{"@type":"PropertyValueSpecification","valueRequired":true,"valueName":"search_term_string"}}],"inLanguage":"pt-BR"},{"@type":"Organization","@id":"https:\/\/www.fiemg.com.br\/associativismo\/#organization","name":"Associativismo","url":"https:\/\/www.fiemg.com.br\/associativismo\/","logo":{"@type":"ImageObject","inLanguage":"pt-BR","@id":"https:\/\/www.fiemg.com.br\/associativismo\/#\/schema\/logo\/image\/","url":"https:\/\/www.fiemg.com.br\/associativismo\/wp-content\/uploads\/sites\/29\/2023\/02\/fiemg_branco.svg","contentUrl":"https:\/\/www.fiemg.com.br\/associativismo\/wp-content\/uploads\/sites\/29\/2023\/02\/fiemg_branco.svg","width":561,"height":147,"caption":"Associativismo"},"image":{"@id":"https:\/\/www.fiemg.com.br\/associativismo\/#\/schema\/logo\/image\/"}}]}},"_links":{"self":[{"href":"https:\/\/www.fiemg.com.br\/associativismo\/wp-json\/wp\/v2\/noticias\/3018","targetHints":{"allow":["GET"]}}],"collection":[{"href":"https:\/\/www.fiemg.com.br\/associativismo\/wp-json\/wp\/v2\/noticias"}],"about":[{"href":"https:\/\/www.fiemg.com.br\/associativismo\/wp-json\/wp\/v2\/types\/noticias"}],"wp:featuredmedia":[{"embeddable":true,"href":"https:\/\/www.fiemg.com.br\/associativismo\/wp-json\/wp\/v2\/media\/3019"}],"wp:attachment":[{"href":"https:\/\/www.fiemg.com.br\/associativismo\/wp-json\/wp\/v2\/media?parent=3018"}],"wp:term":[{"taxonomy":"category","embeddable":true,"href":"https:\/\/www.fiemg.com.br\/associativismo\/wp-json\/wp\/v2\/categories?post=3018"},{"taxonomy":"post_tag","embeddable":true,"href":"https:\/\/www.fiemg.com.br\/associativismo\/wp-json\/wp\/v2\/tags?post=3018"}],"curies":[{"name":"wp","href":"https:\/\/api.w.org\/{rel}","templated":true}]}}