{"id":3099,"date":"2024-09-20T15:57:50","date_gmt":"2024-09-20T18:57:50","guid":{"rendered":"https:\/\/www.fiemg.com.br\/associativismo\/noticias\/conselho-de-inovacao-e-tecnologia-da-fiemg-realiza-o-innovation-day\/"},"modified":"2024-09-20T15:57:52","modified_gmt":"2024-09-20T18:57:52","slug":"conselho-de-inovacao-e-tecnologia-da-fiemg-realiza-o-innovation-day","status":"publish","type":"noticias","link":"https:\/\/www.fiemg.com.br\/associativismo\/noticias\/conselho-de-inovacao-e-tecnologia-da-fiemg-realiza-o-innovation-day\/","title":{"rendered":"Conselho de Inova\u00e7\u00e3o e Tecnologia da FIEMG realiza o \u2018Innovation Day\u2019"},"content":{"rendered":"\n<p><\/p>\n\n\n\n<p>O Conselho de Inova\u00e7\u00e3o e Tecnologia da FIEMG, em parceria com a empresa Schneider Electric, realizou na \u00faltima quinta-feira (19\/09) o Innovation Day, no Centro de Treinamento de Desenvolvimento da Ind\u00fastria 4.0, em Contagem. O evento reuniu representantes de m\u00e9dias e grandes ind\u00fastrias mineiras, discutiu tend\u00eancias e tecnologias que est\u00e3o moldando o futuro da ind\u00fastria e tamb\u00e9m contou com uma apresenta\u00e7\u00e3o das linhas de financiamento p\u00fablico para investimento em inova\u00e7\u00e3o industrial.<\/p>\n\n\n\n<p>O Innovation Day teve uma abertura e um debate mediados pelo presidente do Conselho, Matheus Pedrosa, que falou sobre a import\u00e2ncia do evento como uma oportunidade de debate sobre a aplica\u00e7\u00e3o da tecnologia e da inova\u00e7\u00e3o como formas de fazer frente \u00e0 queda da produtividade brasileira e ganho de competitividade mundial, especialmente diante de desafios postos pela atual conjuntura internacional.<\/p>\n\n\n\n<p>Em seguida, o vice-presidente de Automa\u00e7\u00e3o Industrial e Digitaliza\u00e7\u00e3o da Schneider Eletric Brasil, R\u00e9gis Ata\u00eddes, apresentou um painel sobre \u201cMegatend\u00eancias: Redefinindo o Amanh\u00e3\u201d, em que trouxe um panorama das 5 principais tend\u00eancias mundiais e como elas podem ser interpretadas como oportunidades para as empresas brasileiras. S\u00e3o elas: mudan\u00e7a clim\u00e1tica; novo equil\u00edbrio global; digitaliza\u00e7\u00e3o e Intelig\u00eancia Artificial; transi\u00e7\u00e3o energ\u00e9tica; e evolu\u00e7\u00e3o da riqueza.<\/p>\n\n\n\n<p>\u201cS\u00e3o cinco megatend\u00eancias e quando olhamos para elas, podemos pensar em problemas ou oportunidades. Eu vejo oportunidade para os nossos neg\u00f3cios e para o nosso pa\u00eds, eu vejo oportunidades para a nossa ind\u00fastria crescer e se desenvolver, eu vejo oportunidades para o agroneg\u00f3cio se desenvolver cada vez mais\u201d, comentou R\u00e9gis.&nbsp;<\/p>\n\n\n\n<p>Ele destacou ainda a import\u00e2ncia da sustentabilidade na realidade atual e acredita que ela seja resultado da soma da digitaliza\u00e7\u00e3o e da eletrifica\u00e7\u00e3o. \u201cA gente n\u00e3o vai conseguir um mundo mais sustent\u00e1vel sem eletrificar e digitalizar esse mundo. E isso come\u00e7a dentro dos nossos pr\u00f3prios neg\u00f3cios\u201d, disse. Em sua palestra, ele trouxe o dado de mais de 1 bilh\u00e3o de pessoas sem acesso \u00e0 energia el\u00e9trica no mundo atualmente e destacou as vantagens do Brasil nesse cen\u00e1rio, uma vez que mais de 90% da matriz el\u00e9trica brasileira \u00e9 limpa.<\/p>\n\n\n\n<p>Por fim, R\u00e9gis Ata\u00eddes disse acreditar que o atual momento do mundo \u00e9 de grandes oportunidades para o Brasil. \u201cNossos neg\u00f3cios t\u00eam oportunidades nas 5 megatend\u00eancias e podem crescer de maneira exponencial nos pr\u00f3ximos 10, 15 ou 20 anos, se a gente souber olhar para isso como oportunidade. O mundo est\u00e1 mudando e precisamos estar atentos a essas mudan\u00e7as\u201d, concluiu.<\/p>\n\n\n\n<p>Na sequ\u00eancia, Matheus Pedrosa conduziu um painel sobre \u201cInvestimentos para Impulsionar a Ind\u00fastria 4.0\u201d, com participa\u00e7\u00e3o do gerente de neg\u00f3cios do Banco de Desenvolvimento de Minas Gerais (BDMG), Jorge Leonardo Duarte de Oliveira, e o gerente setorial do Departamento de Tecnologia da \u00c1rea Industrial do Banco Nacional de Desenvolvimento Social (BNDES), Bruno Plattek de Ara\u00fajo.<\/p>\n\n\n\n<p>Ambos apresentaram linhas de cr\u00e9dito para financiar projetos de inova\u00e7\u00e3o nas ind\u00fastrias brasileiras com taxas subsidiadas. O representante do BNDES tamb\u00e9m detalhou um pouco mais o Nova Ind\u00fastria Brasil e o Plano Mais Produ\u00e7\u00e3o, lan\u00e7ados pelo governo federal no in\u00edcio do ano para impulsionar a ind\u00fastria nacional<\/p>\n\n\n\n<p>O Nova Ind\u00fastria Brasil \u00e9 dividido em miss\u00f5es, sendo uma delas a Transforma\u00e7\u00e3o Digital da Ind\u00fastria para Ampliar a Produtividade. Dentro dessa miss\u00e3o, o Plano Mais Produ\u00e7\u00e3o visa incentivar e financiar projetos que busquem ampliar a inova\u00e7\u00e3o e digitaliza\u00e7\u00e3o, a exporta\u00e7\u00e3o, a produ\u00e7\u00e3o e a sustentabilidade da ind\u00fastria brasileira.<\/p>\n\n\n\n<p>Veja mais fotos do evento, <a href=\"https:\/\/www.flickr.com\/photos\/sistemafiemg\/albums\/72177720320445636\/with\/54006195402\">clicando aqu<\/a><a href=\"https:\/\/www.flickr.com\/photos\/sistemafiemg\/albums\/72177720320445636\/with\/54006195402\" target=\"_blank\" rel=\"noreferrer noopener\">i<\/a><\/p>\n\n\n\n<p><em>Tha\u00eds Mota<\/em><br><strong>Imprensa FIEMG<\/strong><\/p>\n\n\n\n<p><\/p>\n","protected":false},"featured_media":3100,"template":"","categories":[15],"tags":[574,609,218,629,841,829,579,842,843,51],"class_list":["post-3099","noticias","type-noticias","status-publish","has-post-thumbnail","hentry","category-desenvolvimento-industrial","tag-bdmg","tag-bndes","tag-centro-4-0","tag-conselho-de-inovacao-e-tecnologia","tag-innovation-dat","tag-innovation-day","tag-matheus-pedrosa","tag-megatendencias-redefinindo-o-amanha","tag-schneider-electric","tag-senai"],"acf":[],"yoast_head":"<!-- This site is optimized with the Yoast SEO plugin v26.2 - https:\/\/yoast.com\/wordpress\/plugins\/seo\/ -->\n<title>Conselho de Inova\u00e7\u00e3o e Tecnologia da FIEMG realiza o \u2018Innovation Day\u2019 - Associativismo<\/title>\n<meta name=\"description\" content=\"Evento reuniu representantes de m\u00e9dias e grandes ind\u00fastrias e discutiu as megatend\u00eancias globais na \u00e1rea da tecnologia\u00a0\" \/>\n<meta name=\"robots\" content=\"index, follow, max-snippet:-1, max-image-preview:large, max-video-preview:-1\" \/>\n<link rel=\"canonical\" href=\"https:\/\/www.fiemg.com.br\/associativismo\/noticias\/conselho-de-inovacao-e-tecnologia-da-fiemg-realiza-o-innovation-day\/\" \/>\n<meta property=\"og:locale\" content=\"pt_BR\" \/>\n<meta property=\"og:type\" content=\"article\" \/>\n<meta property=\"og:title\" content=\"Conselho de Inova\u00e7\u00e3o e Tecnologia da FIEMG realiza o \u2018Innovation Day\u2019 - Associativismo\" \/>\n<meta property=\"og:description\" content=\"Evento reuniu representantes de m\u00e9dias e grandes ind\u00fastrias e discutiu as megatend\u00eancias globais na \u00e1rea da tecnologia\u00a0\" \/>\n<meta property=\"og:url\" content=\"https:\/\/www.fiemg.com.br\/associativismo\/noticias\/conselho-de-inovacao-e-tecnologia-da-fiemg-realiza-o-innovation-day\/\" \/>\n<meta property=\"og:site_name\" content=\"Associativismo\" \/>\n<meta property=\"article:modified_time\" content=\"2024-09-20T18:57:52+00:00\" \/>\n<meta property=\"og:image\" content=\"https:\/\/www.fiemg.com.br\/associativismo\/wp-content\/uploads\/sites\/29\/2024\/09\/Innovation-Day-2.jpg\" \/>\n\t<meta property=\"og:image:width\" content=\"512\" \/>\n\t<meta property=\"og:image:height\" content=\"512\" \/>\n\t<meta property=\"og:image:type\" content=\"image\/jpeg\" \/>\n<meta name=\"twitter:card\" content=\"summary_large_image\" \/>\n<meta name=\"twitter:label1\" content=\"Est. tempo de leitura\" \/>\n\t<meta name=\"twitter:data1\" content=\"4 minutos\" \/>\n<script type=\"application\/ld+json\" class=\"yoast-schema-graph\">{\"@context\":\"https:\/\/schema.org\",\"@graph\":[{\"@type\":\"WebPage\",\"@id\":\"https:\/\/www.fiemg.com.br\/associativismo\/noticias\/conselho-de-inovacao-e-tecnologia-da-fiemg-realiza-o-innovation-day\/\",\"url\":\"https:\/\/www.fiemg.com.br\/associativismo\/noticias\/conselho-de-inovacao-e-tecnologia-da-fiemg-realiza-o-innovation-day\/\",\"name\":\"Conselho de Inova\u00e7\u00e3o e Tecnologia da FIEMG realiza o \u2018Innovation Day\u2019 - Associativismo\",\"isPartOf\":{\"@id\":\"https:\/\/www.fiemg.com.br\/associativismo\/#website\"},\"primaryImageOfPage\":{\"@id\":\"https:\/\/www.fiemg.com.br\/associativismo\/noticias\/conselho-de-inovacao-e-tecnologia-da-fiemg-realiza-o-innovation-day\/#primaryimage\"},\"image\":{\"@id\":\"https:\/\/www.fiemg.com.br\/associativismo\/noticias\/conselho-de-inovacao-e-tecnologia-da-fiemg-realiza-o-innovation-day\/#primaryimage\"},\"thumbnailUrl\":\"https:\/\/www.fiemg.com.br\/associativismo\/wp-content\/uploads\/sites\/29\/2024\/09\/Innovation-Day-2.jpg\",\"datePublished\":\"2024-09-20T18:57:50+00:00\",\"dateModified\":\"2024-09-20T18:57:52+00:00\",\"description\":\"Evento reuniu representantes de m\u00e9dias e grandes ind\u00fastrias e discutiu as megatend\u00eancias globais na \u00e1rea da tecnologia\u00a0\",\"breadcrumb\":{\"@id\":\"https:\/\/www.fiemg.com.br\/associativismo\/noticias\/conselho-de-inovacao-e-tecnologia-da-fiemg-realiza-o-innovation-day\/#breadcrumb\"},\"inLanguage\":\"pt-BR\",\"potentialAction\":[{\"@type\":\"ReadAction\",\"target\":[\"https:\/\/www.fiemg.com.br\/associativismo\/noticias\/conselho-de-inovacao-e-tecnologia-da-fiemg-realiza-o-innovation-day\/\"]}]},{\"@type\":\"ImageObject\",\"inLanguage\":\"pt-BR\",\"@id\":\"https:\/\/www.fiemg.com.br\/associativismo\/noticias\/conselho-de-inovacao-e-tecnologia-da-fiemg-realiza-o-innovation-day\/#primaryimage\",\"url\":\"https:\/\/www.fiemg.com.br\/associativismo\/wp-content\/uploads\/sites\/29\/2024\/09\/Innovation-Day-2.jpg\",\"contentUrl\":\"https:\/\/www.fiemg.com.br\/associativismo\/wp-content\/uploads\/sites\/29\/2024\/09\/Innovation-Day-2.jpg\",\"width\":512,\"height\":512},{\"@type\":\"BreadcrumbList\",\"@id\":\"https:\/\/www.fiemg.com.br\/associativismo\/noticias\/conselho-de-inovacao-e-tecnologia-da-fiemg-realiza-o-innovation-day\/#breadcrumb\",\"itemListElement\":[{\"@type\":\"ListItem\",\"position\":1,\"name\":\"In\u00edcio\",\"item\":\"https:\/\/www.fiemg.com.br\/associativismo\/\"},{\"@type\":\"ListItem\",\"position\":2,\"name\":\"Conselho de Inova\u00e7\u00e3o e Tecnologia da FIEMG realiza o \u2018Innovation Day\u2019\"}]},{\"@type\":\"WebSite\",\"@id\":\"https:\/\/www.fiemg.com.br\/associativismo\/#website\",\"url\":\"https:\/\/www.fiemg.com.br\/associativismo\/\",\"name\":\"Associativismo\",\"description\":\"Federa\u00e7\u00e3o das Ind\u00fastrias do Estado de Minas Gerais\",\"publisher\":{\"@id\":\"https:\/\/www.fiemg.com.br\/associativismo\/#organization\"},\"potentialAction\":[{\"@type\":\"SearchAction\",\"target\":{\"@type\":\"EntryPoint\",\"urlTemplate\":\"https:\/\/www.fiemg.com.br\/associativismo\/?s={search_term_string}\"},\"query-input\":{\"@type\":\"PropertyValueSpecification\",\"valueRequired\":true,\"valueName\":\"search_term_string\"}}],\"inLanguage\":\"pt-BR\"},{\"@type\":\"Organization\",\"@id\":\"https:\/\/www.fiemg.com.br\/associativismo\/#organization\",\"name\":\"Associativismo\",\"url\":\"https:\/\/www.fiemg.com.br\/associativismo\/\",\"logo\":{\"@type\":\"ImageObject\",\"inLanguage\":\"pt-BR\",\"@id\":\"https:\/\/www.fiemg.com.br\/associativismo\/#\/schema\/logo\/image\/\",\"url\":\"https:\/\/www.fiemg.com.br\/associativismo\/wp-content\/uploads\/sites\/29\/2023\/02\/fiemg_branco.svg\",\"contentUrl\":\"https:\/\/www.fiemg.com.br\/associativismo\/wp-content\/uploads\/sites\/29\/2023\/02\/fiemg_branco.svg\",\"width\":561,\"height\":147,\"caption\":\"Associativismo\"},\"image\":{\"@id\":\"https:\/\/www.fiemg.com.br\/associativismo\/#\/schema\/logo\/image\/\"}}]}<\/script>\n<!-- \/ Yoast SEO plugin. -->","yoast_head_json":{"title":"Conselho de Inova\u00e7\u00e3o e Tecnologia da FIEMG realiza o \u2018Innovation Day\u2019 - Associativismo","description":"Evento reuniu representantes de m\u00e9dias e grandes ind\u00fastrias e discutiu as megatend\u00eancias globais na \u00e1rea da tecnologia\u00a0","robots":{"index":"index","follow":"follow","max-snippet":"max-snippet:-1","max-image-preview":"max-image-preview:large","max-video-preview":"max-video-preview:-1"},"canonical":"https:\/\/www.fiemg.com.br\/associativismo\/noticias\/conselho-de-inovacao-e-tecnologia-da-fiemg-realiza-o-innovation-day\/","og_locale":"pt_BR","og_type":"article","og_title":"Conselho de Inova\u00e7\u00e3o e Tecnologia da FIEMG realiza o \u2018Innovation Day\u2019 - Associativismo","og_description":"Evento reuniu representantes de m\u00e9dias e grandes ind\u00fastrias e discutiu as megatend\u00eancias globais na \u00e1rea da tecnologia\u00a0","og_url":"https:\/\/www.fiemg.com.br\/associativismo\/noticias\/conselho-de-inovacao-e-tecnologia-da-fiemg-realiza-o-innovation-day\/","og_site_name":"Associativismo","article_modified_time":"2024-09-20T18:57:52+00:00","og_image":[{"width":512,"height":512,"url":"https:\/\/www.fiemg.com.br\/associativismo\/wp-content\/uploads\/sites\/29\/2024\/09\/Innovation-Day-2.jpg","type":"image\/jpeg"}],"twitter_card":"summary_large_image","twitter_misc":{"Est. tempo de leitura":"4 minutos"},"schema":{"@context":"https:\/\/schema.org","@graph":[{"@type":"WebPage","@id":"https:\/\/www.fiemg.com.br\/associativismo\/noticias\/conselho-de-inovacao-e-tecnologia-da-fiemg-realiza-o-innovation-day\/","url":"https:\/\/www.fiemg.com.br\/associativismo\/noticias\/conselho-de-inovacao-e-tecnologia-da-fiemg-realiza-o-innovation-day\/","name":"Conselho de Inova\u00e7\u00e3o e Tecnologia da FIEMG realiza o \u2018Innovation Day\u2019 - Associativismo","isPartOf":{"@id":"https:\/\/www.fiemg.com.br\/associativismo\/#website"},"primaryImageOfPage":{"@id":"https:\/\/www.fiemg.com.br\/associativismo\/noticias\/conselho-de-inovacao-e-tecnologia-da-fiemg-realiza-o-innovation-day\/#primaryimage"},"image":{"@id":"https:\/\/www.fiemg.com.br\/associativismo\/noticias\/conselho-de-inovacao-e-tecnologia-da-fiemg-realiza-o-innovation-day\/#primaryimage"},"thumbnailUrl":"https:\/\/www.fiemg.com.br\/associativismo\/wp-content\/uploads\/sites\/29\/2024\/09\/Innovation-Day-2.jpg","datePublished":"2024-09-20T18:57:50+00:00","dateModified":"2024-09-20T18:57:52+00:00","description":"Evento reuniu representantes de m\u00e9dias e grandes ind\u00fastrias e discutiu as megatend\u00eancias globais na \u00e1rea da tecnologia\u00a0","breadcrumb":{"@id":"https:\/\/www.fiemg.com.br\/associativismo\/noticias\/conselho-de-inovacao-e-tecnologia-da-fiemg-realiza-o-innovation-day\/#breadcrumb"},"inLanguage":"pt-BR","potentialAction":[{"@type":"ReadAction","target":["https:\/\/www.fiemg.com.br\/associativismo\/noticias\/conselho-de-inovacao-e-tecnologia-da-fiemg-realiza-o-innovation-day\/"]}]},{"@type":"ImageObject","inLanguage":"pt-BR","@id":"https:\/\/www.fiemg.com.br\/associativismo\/noticias\/conselho-de-inovacao-e-tecnologia-da-fiemg-realiza-o-innovation-day\/#primaryimage","url":"https:\/\/www.fiemg.com.br\/associativismo\/wp-content\/uploads\/sites\/29\/2024\/09\/Innovation-Day-2.jpg","contentUrl":"https:\/\/www.fiemg.com.br\/associativismo\/wp-content\/uploads\/sites\/29\/2024\/09\/Innovation-Day-2.jpg","width":512,"height":512},{"@type":"BreadcrumbList","@id":"https:\/\/www.fiemg.com.br\/associativismo\/noticias\/conselho-de-inovacao-e-tecnologia-da-fiemg-realiza-o-innovation-day\/#breadcrumb","itemListElement":[{"@type":"ListItem","position":1,"name":"In\u00edcio","item":"https:\/\/www.fiemg.com.br\/associativismo\/"},{"@type":"ListItem","position":2,"name":"Conselho de Inova\u00e7\u00e3o e Tecnologia da FIEMG realiza o \u2018Innovation Day\u2019"}]},{"@type":"WebSite","@id":"https:\/\/www.fiemg.com.br\/associativismo\/#website","url":"https:\/\/www.fiemg.com.br\/associativismo\/","name":"Associativismo","description":"Federa\u00e7\u00e3o das Ind\u00fastrias do Estado de Minas Gerais","publisher":{"@id":"https:\/\/www.fiemg.com.br\/associativismo\/#organization"},"potentialAction":[{"@type":"SearchAction","target":{"@type":"EntryPoint","urlTemplate":"https:\/\/www.fiemg.com.br\/associativismo\/?s={search_term_string}"},"query-input":{"@type":"PropertyValueSpecification","valueRequired":true,"valueName":"search_term_string"}}],"inLanguage":"pt-BR"},{"@type":"Organization","@id":"https:\/\/www.fiemg.com.br\/associativismo\/#organization","name":"Associativismo","url":"https:\/\/www.fiemg.com.br\/associativismo\/","logo":{"@type":"ImageObject","inLanguage":"pt-BR","@id":"https:\/\/www.fiemg.com.br\/associativismo\/#\/schema\/logo\/image\/","url":"https:\/\/www.fiemg.com.br\/associativismo\/wp-content\/uploads\/sites\/29\/2023\/02\/fiemg_branco.svg","contentUrl":"https:\/\/www.fiemg.com.br\/associativismo\/wp-content\/uploads\/sites\/29\/2023\/02\/fiemg_branco.svg","width":561,"height":147,"caption":"Associativismo"},"image":{"@id":"https:\/\/www.fiemg.com.br\/associativismo\/#\/schema\/logo\/image\/"}}]}},"_links":{"self":[{"href":"https:\/\/www.fiemg.com.br\/associativismo\/wp-json\/wp\/v2\/noticias\/3099","targetHints":{"allow":["GET"]}}],"collection":[{"href":"https:\/\/www.fiemg.com.br\/associativismo\/wp-json\/wp\/v2\/noticias"}],"about":[{"href":"https:\/\/www.fiemg.com.br\/associativismo\/wp-json\/wp\/v2\/types\/noticias"}],"wp:featuredmedia":[{"embeddable":true,"href":"https:\/\/www.fiemg.com.br\/associativismo\/wp-json\/wp\/v2\/media\/3100"}],"wp:attachment":[{"href":"https:\/\/www.fiemg.com.br\/associativismo\/wp-json\/wp\/v2\/media?parent=3099"}],"wp:term":[{"taxonomy":"category","embeddable":true,"href":"https:\/\/www.fiemg.com.br\/associativismo\/wp-json\/wp\/v2\/categories?post=3099"},{"taxonomy":"post_tag","embeddable":true,"href":"https:\/\/www.fiemg.com.br\/associativismo\/wp-json\/wp\/v2\/tags?post=3099"}],"curies":[{"name":"wp","href":"https:\/\/api.w.org\/{rel}","templated":true}]}}