{"id":3141,"date":"2024-10-01T15:13:10","date_gmt":"2024-10-01T18:13:10","guid":{"rendered":"https:\/\/www.fiemg.com.br\/associativismo\/noticias\/fiemg-lanca-selo-de-industria-responsavel-para-reconhecer-empresas-com-atuacao-esg\/"},"modified":"2024-10-01T17:36:21","modified_gmt":"2024-10-01T20:36:21","slug":"fiemg-lanca-selo-de-industria-responsavel-para-reconhecer-empresas-com-atuacao-esg","status":"publish","type":"noticias","link":"https:\/\/www.fiemg.com.br\/associativismo\/noticias\/fiemg-lanca-selo-de-industria-responsavel-para-reconhecer-empresas-com-atuacao-esg\/","title":{"rendered":"FIEMG lan\u00e7a selo de ind\u00fastria respons\u00e1vel para reconhecer empresas com atua\u00e7\u00e3o ESG"},"content":{"rendered":"\n<p><\/p>\n\n\n\n<p>A Federa\u00e7\u00e3o das Ind\u00fastrias do Estado de Minas Gerais (FIEMG) lan\u00e7ou nesta ter\u00e7a-feira (1\u00b0\/10), durante a abertura do Imers\u00e3o Ind\u00fastria, o <a href=\"https:\/\/www.fiemg.com.br\/selo-industria-responsavel\/\">Selo Ind\u00fastria Respons\u00e1vel<\/a>, que tem como objetivo avaliar e reconhecer as empresas com alto n\u00edvel de maturidade em pr\u00e1ticas ESG e que impactam positivamente o planeta.<\/p>\n\n\n\n<p>\u201cN\u00f3s estamos lan\u00e7ando o nosso Selo ESG. Ent\u00e3o, quem ainda n\u00e3o sabe, a FIEMG d\u00e1 consultoria na \u00e1rea ESG para fazer com que as ind\u00fastrias estejam aptas a enfrentar essa nova realidade de tend\u00eancia mundial\u201d, disse o presidente da Federa\u00e7\u00e3o Fl\u00e1vio Roscoe, ao final de sua <a href=\"https:\/\/www.fiemg.com.br\/noticias\/fiemg-lanca-campanha-contra-energia-eletrica-suja-para-combater-as-mudancas-climaticas-no-imersao-industria\/\" target=\"_blank\" rel=\"noreferrer noopener\">palestra \u201cCombatendo as Mudan\u00e7as Clim\u00e1ticas: a matriz el\u00e9trica e as estrat\u00e9gias para um futuro mais sustent\u00e1vel\u201d<\/a>.<\/p>\n\n\n\n<figure class=\"wp-block-image aligncenter size-full\"><img fetchpriority=\"high\" decoding=\"async\" width=\"751\" height=\"232\" src=\"https:\/\/www.fiemg.com.br\/associativismo\/wp-content\/uploads\/sites\/29\/2024\/10\/Selos-ESG.jpg\" alt=\"\" class=\"wp-image-3142\" srcset=\"https:\/\/www.fiemg.com.br\/associativismo\/wp-content\/uploads\/sites\/29\/2024\/10\/Selos-ESG.jpg 751w, https:\/\/www.fiemg.com.br\/associativismo\/wp-content\/uploads\/sites\/29\/2024\/10\/Selos-ESG-300x93.jpg 300w\" sizes=\"(max-width: 751px) 100vw, 751px\" \/><\/figure>\n\n\n\n<p>O selo ser\u00e1 concedido com base em uma avalia\u00e7\u00e3o de maturidade das pr\u00e1ticas ESG de cada ind\u00fastria. De acordo com o n\u00edvel de desenvolvimento, a empresa poder\u00e1 receber: o selo &#8220;evolutivo&#8221;, quando adota algumas a\u00e7\u00f5es ESG, mas ainda de forma isolada e sem uma estrat\u00e9gia clara; o selo &#8220;estrat\u00e9gico&#8221;, quando integra os crit\u00e9rios ESG em seu planejamento estrat\u00e9gico, avaliando riscos, impactos e comunicando seus resultados; ou o selo &#8220;transformador&#8221;, quando a organiza\u00e7\u00e3o lidera mudan\u00e7as no setor, influenciando sua cadeia de valor, superando metas ESG e ampliando impactos positivos com compromissos proativos.<\/p>\n\n\n\n<p>O Selo Ind\u00fastria Respons\u00e1vel oferece uma s\u00e9rie de benef\u00edcios para as empresas, incluindo maior competitividade, credibilidade e novas oportunidades de neg\u00f3cios, tanto nacionais quanto internacionais. No entanto, para que esse valor seja realmente percebido, \u00e9 essencial que o reconhecimento venha tamb\u00e9m dos consumidores e do p\u00fablico em geral.<\/p>\n\n\n\n<p>E para as empresas que ainda n\u00e3o possuem uma atua\u00e7\u00e3o ESG consolidada ou madura, a FIEMG oferece diversas solu\u00e7\u00f5es que podem ser consultadas, clicando aqui. Al\u00e9m disso, as ind\u00fastrias interessadas em adotar ou expandir as pr\u00e1ticas ESG em suas unidades podem realizar um um diagn\u00f3stico de maturidade gratuitamente, <a href=\"https:\/\/www.fiemg.com.br\/esg\/\" target=\"_blank\" rel=\"noreferrer noopener\">clicand<\/a><a href=\"https:\/\/www.fiemg.com.br\/esg\/\">o aqui<\/a>.<\/p>\n\n\n\n<p>O Imers\u00e3o Ind\u00fastria \u00e9 realizado pela FIEMG, SESI e SENAI, com patroc\u00ednio m\u00e1ster da ArcelorMittal, Codemge, CNI e Vale; apoio m\u00e1ster do SEBRAE; patroc\u00ednio ouro da Herculano Minera\u00e7\u00e3o, Gerdau, Eletrobras, Schneider Eletric; patroc\u00ednio prata do Sicoob Credfiemg, Copasa, CBMM, Souza Cruz\/BAT Brasil, USIMINAS e Nanum Nanotecnologia; e apoio do BDMG, Localiza, Bemisa, Sambatec, FAEMG e Fecom\u00e9rcio.<\/p>\n\n\n\n<p>Veja mais fotos do evento, <a href=\"https:\/\/www.flickr.com\/photos\/sistemafiemg\/albums\/72177720320760675\/\" target=\"_blank\" rel=\"noreferrer noopener\">aqui<\/a><\/p>\n\n\n\n<p><em>Tha\u00eds Mota<\/em><br><strong>Imprensa FIEMG<\/strong><\/p>\n\n\n\n<p><\/p>\n\n\n\n<p><\/p>\n\n\n\n<p><\/p>\n","protected":false},"featured_media":3143,"template":"","categories":[847],"tags":[848,849,769,850,851,852],"class_list":["post-3141","noticias","type-noticias","status-publish","has-post-thumbnail","hentry","category-esg","tag-estrategico","tag-evolutivo","tag-industria-2","tag-selo-esg","tag-solucoes-esg","tag-transformador"],"acf":[],"yoast_head":"<!-- This site is optimized with the Yoast SEO plugin v26.2 - https:\/\/yoast.com\/wordpress\/plugins\/seo\/ -->\n<title>FIEMG lan\u00e7a selo de ind\u00fastria respons\u00e1vel para reconhecer empresas com atua\u00e7\u00e3o ESG - Associativismo<\/title>\n<meta name=\"description\" content=\"Iniciativa visa certificar ind\u00fastrias com alto n\u00edvel de maturidade e ajudar organiza\u00e7\u00f5es a implementarem suas pr\u00e1ticas em ESG\" \/>\n<meta name=\"robots\" content=\"index, follow, max-snippet:-1, max-image-preview:large, max-video-preview:-1\" \/>\n<link rel=\"canonical\" href=\"https:\/\/www.fiemg.com.br\/associativismo\/noticias\/fiemg-lanca-selo-de-industria-responsavel-para-reconhecer-empresas-com-atuacao-esg\/\" \/>\n<meta property=\"og:locale\" content=\"pt_BR\" \/>\n<meta property=\"og:type\" content=\"article\" \/>\n<meta property=\"og:title\" content=\"FIEMG lan\u00e7a selo de ind\u00fastria respons\u00e1vel para reconhecer empresas com atua\u00e7\u00e3o ESG - Associativismo\" \/>\n<meta property=\"og:description\" content=\"Iniciativa visa certificar ind\u00fastrias com alto n\u00edvel de maturidade e ajudar organiza\u00e7\u00f5es a implementarem suas pr\u00e1ticas em ESG\" \/>\n<meta property=\"og:url\" content=\"https:\/\/www.fiemg.com.br\/associativismo\/noticias\/fiemg-lanca-selo-de-industria-responsavel-para-reconhecer-empresas-com-atuacao-esg\/\" \/>\n<meta property=\"og:site_name\" content=\"Associativismo\" \/>\n<meta property=\"article:modified_time\" content=\"2024-10-01T20:36:21+00:00\" \/>\n<meta property=\"og:image\" content=\"https:\/\/www.fiemg.com.br\/associativismo\/wp-content\/uploads\/sites\/29\/2024\/10\/512-x-512-11.jpg\" \/>\n\t<meta property=\"og:image:width\" content=\"512\" \/>\n\t<meta property=\"og:image:height\" content=\"512\" \/>\n\t<meta property=\"og:image:type\" content=\"image\/jpeg\" \/>\n<meta name=\"twitter:card\" content=\"summary_large_image\" \/>\n<meta name=\"twitter:label1\" content=\"Est. tempo de leitura\" \/>\n\t<meta name=\"twitter:data1\" content=\"3 minutos\" \/>\n<script type=\"application\/ld+json\" class=\"yoast-schema-graph\">{\"@context\":\"https:\/\/schema.org\",\"@graph\":[{\"@type\":\"WebPage\",\"@id\":\"https:\/\/www.fiemg.com.br\/associativismo\/noticias\/fiemg-lanca-selo-de-industria-responsavel-para-reconhecer-empresas-com-atuacao-esg\/\",\"url\":\"https:\/\/www.fiemg.com.br\/associativismo\/noticias\/fiemg-lanca-selo-de-industria-responsavel-para-reconhecer-empresas-com-atuacao-esg\/\",\"name\":\"FIEMG lan\u00e7a selo de ind\u00fastria respons\u00e1vel para reconhecer empresas com atua\u00e7\u00e3o ESG - Associativismo\",\"isPartOf\":{\"@id\":\"https:\/\/www.fiemg.com.br\/associativismo\/#website\"},\"primaryImageOfPage\":{\"@id\":\"https:\/\/www.fiemg.com.br\/associativismo\/noticias\/fiemg-lanca-selo-de-industria-responsavel-para-reconhecer-empresas-com-atuacao-esg\/#primaryimage\"},\"image\":{\"@id\":\"https:\/\/www.fiemg.com.br\/associativismo\/noticias\/fiemg-lanca-selo-de-industria-responsavel-para-reconhecer-empresas-com-atuacao-esg\/#primaryimage\"},\"thumbnailUrl\":\"https:\/\/www.fiemg.com.br\/associativismo\/wp-content\/uploads\/sites\/29\/2024\/10\/512-x-512-11.jpg\",\"datePublished\":\"2024-10-01T18:13:10+00:00\",\"dateModified\":\"2024-10-01T20:36:21+00:00\",\"description\":\"Iniciativa visa certificar ind\u00fastrias com alto n\u00edvel de maturidade e ajudar organiza\u00e7\u00f5es a implementarem suas pr\u00e1ticas em ESG\",\"breadcrumb\":{\"@id\":\"https:\/\/www.fiemg.com.br\/associativismo\/noticias\/fiemg-lanca-selo-de-industria-responsavel-para-reconhecer-empresas-com-atuacao-esg\/#breadcrumb\"},\"inLanguage\":\"pt-BR\",\"potentialAction\":[{\"@type\":\"ReadAction\",\"target\":[\"https:\/\/www.fiemg.com.br\/associativismo\/noticias\/fiemg-lanca-selo-de-industria-responsavel-para-reconhecer-empresas-com-atuacao-esg\/\"]}]},{\"@type\":\"ImageObject\",\"inLanguage\":\"pt-BR\",\"@id\":\"https:\/\/www.fiemg.com.br\/associativismo\/noticias\/fiemg-lanca-selo-de-industria-responsavel-para-reconhecer-empresas-com-atuacao-esg\/#primaryimage\",\"url\":\"https:\/\/www.fiemg.com.br\/associativismo\/wp-content\/uploads\/sites\/29\/2024\/10\/512-x-512-11.jpg\",\"contentUrl\":\"https:\/\/www.fiemg.com.br\/associativismo\/wp-content\/uploads\/sites\/29\/2024\/10\/512-x-512-11.jpg\",\"width\":512,\"height\":512},{\"@type\":\"BreadcrumbList\",\"@id\":\"https:\/\/www.fiemg.com.br\/associativismo\/noticias\/fiemg-lanca-selo-de-industria-responsavel-para-reconhecer-empresas-com-atuacao-esg\/#breadcrumb\",\"itemListElement\":[{\"@type\":\"ListItem\",\"position\":1,\"name\":\"In\u00edcio\",\"item\":\"https:\/\/www.fiemg.com.br\/associativismo\/\"},{\"@type\":\"ListItem\",\"position\":2,\"name\":\"FIEMG lan\u00e7a selo de ind\u00fastria respons\u00e1vel para reconhecer empresas com atua\u00e7\u00e3o ESG\"}]},{\"@type\":\"WebSite\",\"@id\":\"https:\/\/www.fiemg.com.br\/associativismo\/#website\",\"url\":\"https:\/\/www.fiemg.com.br\/associativismo\/\",\"name\":\"Associativismo\",\"description\":\"Federa\u00e7\u00e3o das Ind\u00fastrias do Estado de Minas Gerais\",\"publisher\":{\"@id\":\"https:\/\/www.fiemg.com.br\/associativismo\/#organization\"},\"potentialAction\":[{\"@type\":\"SearchAction\",\"target\":{\"@type\":\"EntryPoint\",\"urlTemplate\":\"https:\/\/www.fiemg.com.br\/associativismo\/?s={search_term_string}\"},\"query-input\":{\"@type\":\"PropertyValueSpecification\",\"valueRequired\":true,\"valueName\":\"search_term_string\"}}],\"inLanguage\":\"pt-BR\"},{\"@type\":\"Organization\",\"@id\":\"https:\/\/www.fiemg.com.br\/associativismo\/#organization\",\"name\":\"Associativismo\",\"url\":\"https:\/\/www.fiemg.com.br\/associativismo\/\",\"logo\":{\"@type\":\"ImageObject\",\"inLanguage\":\"pt-BR\",\"@id\":\"https:\/\/www.fiemg.com.br\/associativismo\/#\/schema\/logo\/image\/\",\"url\":\"https:\/\/www.fiemg.com.br\/associativismo\/wp-content\/uploads\/sites\/29\/2023\/02\/fiemg_branco.svg\",\"contentUrl\":\"https:\/\/www.fiemg.com.br\/associativismo\/wp-content\/uploads\/sites\/29\/2023\/02\/fiemg_branco.svg\",\"width\":561,\"height\":147,\"caption\":\"Associativismo\"},\"image\":{\"@id\":\"https:\/\/www.fiemg.com.br\/associativismo\/#\/schema\/logo\/image\/\"}}]}<\/script>\n<!-- \/ Yoast SEO plugin. -->","yoast_head_json":{"title":"FIEMG lan\u00e7a selo de ind\u00fastria respons\u00e1vel para reconhecer empresas com atua\u00e7\u00e3o ESG - Associativismo","description":"Iniciativa visa certificar ind\u00fastrias com alto n\u00edvel de maturidade e ajudar organiza\u00e7\u00f5es a implementarem suas pr\u00e1ticas em ESG","robots":{"index":"index","follow":"follow","max-snippet":"max-snippet:-1","max-image-preview":"max-image-preview:large","max-video-preview":"max-video-preview:-1"},"canonical":"https:\/\/www.fiemg.com.br\/associativismo\/noticias\/fiemg-lanca-selo-de-industria-responsavel-para-reconhecer-empresas-com-atuacao-esg\/","og_locale":"pt_BR","og_type":"article","og_title":"FIEMG lan\u00e7a selo de ind\u00fastria respons\u00e1vel para reconhecer empresas com atua\u00e7\u00e3o ESG - Associativismo","og_description":"Iniciativa visa certificar ind\u00fastrias com alto n\u00edvel de maturidade e ajudar organiza\u00e7\u00f5es a implementarem suas pr\u00e1ticas em ESG","og_url":"https:\/\/www.fiemg.com.br\/associativismo\/noticias\/fiemg-lanca-selo-de-industria-responsavel-para-reconhecer-empresas-com-atuacao-esg\/","og_site_name":"Associativismo","article_modified_time":"2024-10-01T20:36:21+00:00","og_image":[{"width":512,"height":512,"url":"https:\/\/www.fiemg.com.br\/associativismo\/wp-content\/uploads\/sites\/29\/2024\/10\/512-x-512-11.jpg","type":"image\/jpeg"}],"twitter_card":"summary_large_image","twitter_misc":{"Est. tempo de leitura":"3 minutos"},"schema":{"@context":"https:\/\/schema.org","@graph":[{"@type":"WebPage","@id":"https:\/\/www.fiemg.com.br\/associativismo\/noticias\/fiemg-lanca-selo-de-industria-responsavel-para-reconhecer-empresas-com-atuacao-esg\/","url":"https:\/\/www.fiemg.com.br\/associativismo\/noticias\/fiemg-lanca-selo-de-industria-responsavel-para-reconhecer-empresas-com-atuacao-esg\/","name":"FIEMG lan\u00e7a selo de ind\u00fastria respons\u00e1vel para reconhecer empresas com atua\u00e7\u00e3o ESG - Associativismo","isPartOf":{"@id":"https:\/\/www.fiemg.com.br\/associativismo\/#website"},"primaryImageOfPage":{"@id":"https:\/\/www.fiemg.com.br\/associativismo\/noticias\/fiemg-lanca-selo-de-industria-responsavel-para-reconhecer-empresas-com-atuacao-esg\/#primaryimage"},"image":{"@id":"https:\/\/www.fiemg.com.br\/associativismo\/noticias\/fiemg-lanca-selo-de-industria-responsavel-para-reconhecer-empresas-com-atuacao-esg\/#primaryimage"},"thumbnailUrl":"https:\/\/www.fiemg.com.br\/associativismo\/wp-content\/uploads\/sites\/29\/2024\/10\/512-x-512-11.jpg","datePublished":"2024-10-01T18:13:10+00:00","dateModified":"2024-10-01T20:36:21+00:00","description":"Iniciativa visa certificar ind\u00fastrias com alto n\u00edvel de maturidade e ajudar organiza\u00e7\u00f5es a implementarem suas pr\u00e1ticas em ESG","breadcrumb":{"@id":"https:\/\/www.fiemg.com.br\/associativismo\/noticias\/fiemg-lanca-selo-de-industria-responsavel-para-reconhecer-empresas-com-atuacao-esg\/#breadcrumb"},"inLanguage":"pt-BR","potentialAction":[{"@type":"ReadAction","target":["https:\/\/www.fiemg.com.br\/associativismo\/noticias\/fiemg-lanca-selo-de-industria-responsavel-para-reconhecer-empresas-com-atuacao-esg\/"]}]},{"@type":"ImageObject","inLanguage":"pt-BR","@id":"https:\/\/www.fiemg.com.br\/associativismo\/noticias\/fiemg-lanca-selo-de-industria-responsavel-para-reconhecer-empresas-com-atuacao-esg\/#primaryimage","url":"https:\/\/www.fiemg.com.br\/associativismo\/wp-content\/uploads\/sites\/29\/2024\/10\/512-x-512-11.jpg","contentUrl":"https:\/\/www.fiemg.com.br\/associativismo\/wp-content\/uploads\/sites\/29\/2024\/10\/512-x-512-11.jpg","width":512,"height":512},{"@type":"BreadcrumbList","@id":"https:\/\/www.fiemg.com.br\/associativismo\/noticias\/fiemg-lanca-selo-de-industria-responsavel-para-reconhecer-empresas-com-atuacao-esg\/#breadcrumb","itemListElement":[{"@type":"ListItem","position":1,"name":"In\u00edcio","item":"https:\/\/www.fiemg.com.br\/associativismo\/"},{"@type":"ListItem","position":2,"name":"FIEMG lan\u00e7a selo de ind\u00fastria respons\u00e1vel para reconhecer empresas com atua\u00e7\u00e3o ESG"}]},{"@type":"WebSite","@id":"https:\/\/www.fiemg.com.br\/associativismo\/#website","url":"https:\/\/www.fiemg.com.br\/associativismo\/","name":"Associativismo","description":"Federa\u00e7\u00e3o das Ind\u00fastrias do Estado de Minas Gerais","publisher":{"@id":"https:\/\/www.fiemg.com.br\/associativismo\/#organization"},"potentialAction":[{"@type":"SearchAction","target":{"@type":"EntryPoint","urlTemplate":"https:\/\/www.fiemg.com.br\/associativismo\/?s={search_term_string}"},"query-input":{"@type":"PropertyValueSpecification","valueRequired":true,"valueName":"search_term_string"}}],"inLanguage":"pt-BR"},{"@type":"Organization","@id":"https:\/\/www.fiemg.com.br\/associativismo\/#organization","name":"Associativismo","url":"https:\/\/www.fiemg.com.br\/associativismo\/","logo":{"@type":"ImageObject","inLanguage":"pt-BR","@id":"https:\/\/www.fiemg.com.br\/associativismo\/#\/schema\/logo\/image\/","url":"https:\/\/www.fiemg.com.br\/associativismo\/wp-content\/uploads\/sites\/29\/2023\/02\/fiemg_branco.svg","contentUrl":"https:\/\/www.fiemg.com.br\/associativismo\/wp-content\/uploads\/sites\/29\/2023\/02\/fiemg_branco.svg","width":561,"height":147,"caption":"Associativismo"},"image":{"@id":"https:\/\/www.fiemg.com.br\/associativismo\/#\/schema\/logo\/image\/"}}]}},"_links":{"self":[{"href":"https:\/\/www.fiemg.com.br\/associativismo\/wp-json\/wp\/v2\/noticias\/3141","targetHints":{"allow":["GET"]}}],"collection":[{"href":"https:\/\/www.fiemg.com.br\/associativismo\/wp-json\/wp\/v2\/noticias"}],"about":[{"href":"https:\/\/www.fiemg.com.br\/associativismo\/wp-json\/wp\/v2\/types\/noticias"}],"wp:featuredmedia":[{"embeddable":true,"href":"https:\/\/www.fiemg.com.br\/associativismo\/wp-json\/wp\/v2\/media\/3143"}],"wp:attachment":[{"href":"https:\/\/www.fiemg.com.br\/associativismo\/wp-json\/wp\/v2\/media?parent=3141"}],"wp:term":[{"taxonomy":"category","embeddable":true,"href":"https:\/\/www.fiemg.com.br\/associativismo\/wp-json\/wp\/v2\/categories?post=3141"},{"taxonomy":"post_tag","embeddable":true,"href":"https:\/\/www.fiemg.com.br\/associativismo\/wp-json\/wp\/v2\/tags?post=3141"}],"curies":[{"name":"wp","href":"https:\/\/api.w.org\/{rel}","templated":true}]}}