{"id":3148,"date":"2024-10-01T21:05:02","date_gmt":"2024-10-02T00:05:02","guid":{"rendered":"https:\/\/www.fiemg.com.br\/associativismo\/noticias\/tecnologia-e-humanidade-no-centro-das-empresas-do-futuro\/"},"modified":"2024-10-01T21:05:02","modified_gmt":"2024-10-02T00:05:02","slug":"tecnologia-e-humanidade-no-centro-das-empresas-do-futuro","status":"publish","type":"noticias","link":"https:\/\/www.fiemg.com.br\/associativismo\/noticias\/tecnologia-e-humanidade-no-centro-das-empresas-do-futuro\/","title":{"rendered":"Tecnologia e humanidade no centro das empresas do futuro"},"content":{"rendered":"\n<p>Como equilibrar o avan\u00e7o tecnol\u00f3gico com a centralidade das pessoas no ambiente corporativo? Foi com essa reflex\u00e3o que se iniciou o painel &#8220;O impacto nas empresas e a transforma\u00e7\u00e3o tecnol\u00f3gica&#8221;, parte da programa\u00e7\u00e3o do Imers\u00e3o Ind\u00fastria, evento realizado pela FIEMG, nesta ter\u00e7a-feira, 1\u00ba de outubro, no Minascentro, em Belo Horizonte.&nbsp;<\/p>\n\n\n\n<p>No palco, Sofia Trombetta, diretora de Pessoas da ArcelorMittal LATAM e Minera\u00e7\u00e3o, e o Doutor Gustavo Donato, professor associado da Funda\u00e7\u00e3o Dom Cabral (FDC) e ex-reitor do Centro Universit\u00e1rio FEI, compartilharam suas vis\u00f5es sobre como tecnologia e pessoas devem caminhar juntas para moldar o futuro das organiza\u00e7\u00f5es.<\/p>\n\n\n\n<p>Donato abriu o debate enfatizando que a evolu\u00e7\u00e3o da sociedade e dos profissionais est\u00e1 atrelada \u00e0 capacidade de reaprendizado constante. Segundo ele, nas pr\u00f3ximas d\u00e9cadas de 2030 e 2040, cerca de 80% dos profissionais precisar\u00e3o ser &#8220;<em>lifelong learners<\/em>&#8220;, ou seja, aprender ao longo de toda a vida, desaprendendo e reaprendendo conforme novos paradigmas se apresentem. Nesse cen\u00e1rio, a tecnologia \u00e9 uma presen\u00e7a fundamental. Ele recomendou a leitura do &#8220;Tech Trends Report&#8221; do Future Today Institutes, divulgado anualmente no festival SXSW, nos Estados Unidos, como uma ferramenta para entender os principais eixos de transforma\u00e7\u00e3o tecnol\u00f3gica, com destaque para o papel da intelig\u00eancia artificial (IA).<\/p>\n\n\n\n<figure class=\"wp-block-image alignleft size-large is-resized\"><img decoding=\"async\" src=\"https:\/\/www.fiemg.com.br\/associativismo\/wp-content\/uploads\/sites\/29\/2024\/10\/ImersaoIndustria5-17-683x1024.jpg\" alt=\"\" class=\"wp-image-3151\" style=\"width:433px;height:auto\" \/><\/figure>\n\n\n\n<p>Sobre a IA, o professor-doutor, j\u00e1 est\u00e1 redesenhando \u00e1reas como sa\u00fade personalizada, clima e energia, mobilidade, rob\u00f3tica e log\u00edstica. No entanto, alertou sobre o uso cada vez menor da &#8220;intelig\u00eancia natural&#8221; das pessoas. &#8220;Meu grande medo \u00e9 que estamos usando menos a intelig\u00eancia natural&#8221;, afirmou, ressaltando que o excesso de est\u00edmulos tecnol\u00f3gicos tem levado a uma perda de foco, aumento de ansiedade e um fen\u00f4meno de &#8220;colapso do conhecimento&#8221;. Ele tamb\u00e9m trouxe o conceito do &#8220;nexialista&#8221; \u2014 um profissional do futuro que cria conex\u00f5es entre \u00e1reas do saber n\u00e3o \u00f3bvias, sendo um agente de inova\u00e7\u00e3o em ambientes complexos e interdisciplinares.<\/p>\n\n\n\n<p>Sofia Trombetta, por sua vez, abordou a import\u00e2ncia de colocar as pessoas no centro desse processo de transforma\u00e7\u00e3o tecnol\u00f3gica. &#8220;Falar de ci\u00eancia e tecnologia sem falar de pessoas n\u00e3o \u00e9 poss\u00edvel&#8221;, declarou. Ela destacou o desafio que as organiza\u00e7\u00f5es enfrentam em um contexto em que quatro gera\u00e7\u00f5es est\u00e3o convivendo no mesmo ambiente de trabalho, o que gera um &#8220;caos geracional&#8221;. Para Sofia, o papel das \u00e1reas de gest\u00e3o de pessoas \u00e9 fundamental para assegurar que os colaboradores possam enfrentar a transforma\u00e7\u00e3o tecnol\u00f3gica de forma org\u00e2nica e sem medo.<\/p>\n\n\n\n<p>Na ArcelorMittal, Sofia explicou que a empresa est\u00e1 investindo na prepara\u00e7\u00e3o de lideran\u00e7as para lidar com as inova\u00e7\u00f5es tecnol\u00f3gicas h\u00e1 alguns anos. &#8220;Antes de tudo, falamos de \u00e9tica, da intelig\u00eancia e das rela\u00e7\u00f5es humanas&#8221;, disse, destacando a import\u00e2ncia de n\u00e3o perder de vista que, apesar de todo o avan\u00e7o tecnol\u00f3gico, s\u00e3o as pessoas que fazem a diferen\u00e7a nas empresas.<\/p>\n\n\n\n<p>O painel no Imers\u00e3o Ind\u00fastria evidenciou que o futuro das empresas passa, inevitavelmente, pela integra\u00e7\u00e3o entre pessoas e tecnologia. A inova\u00e7\u00e3o, segundo os palestrantes, s\u00f3 ser\u00e1 bem-sucedida se as organiza\u00e7\u00f5es souberem equilibrar o poder transformador da intelig\u00eancia artificial com o cuidado com o ser humano. O desafio est\u00e1 em navegar pela transforma\u00e7\u00e3o tecnol\u00f3gica, mantendo as pessoas no centro, como protagonistas das mudan\u00e7as que moldar\u00e3o as organiza\u00e7\u00f5es do futuro.<\/p>\n\n\n\n<p>O Imers\u00e3o Ind\u00fastria \u00e9 realizado pela FIEMG, SESI e SENAI, com patroc\u00ednio m\u00e1ster da ArcelorMittal, Codemge, CNI e Vale; apoio m\u00e1ster do SEBRAE; patroc\u00ednio ouro da Herculano Minera\u00e7\u00e3o, Gerdau, Eletrobras, Schneider Eletric; patroc\u00ednio prata do Sicoob Credfiemg, Copasa, CBMM, Souza Cruz\/BAT Brasil, USIMINAS e Nanum Nanotecnologia; e apoio do BDMG, Localiza, Bemisa, Sambatec, FAEMG e Fecom\u00e9rcio.<\/p>\n\n\n\n<p><em>Ana Paula Motta<\/em><strong><br>Imprensa FIEMG<\/strong><\/p>\n","protected":false},"featured_media":3150,"template":"","categories":[15],"tags":[],"class_list":["post-3148","noticias","type-noticias","status-publish","has-post-thumbnail","hentry","category-desenvolvimento-industrial"],"acf":[],"yoast_head":"<!-- This site is optimized with the Yoast SEO plugin v26.2 - https:\/\/yoast.com\/wordpress\/plugins\/seo\/ -->\n<title>Tecnologia e humanidade no centro das empresas do futuro - Associativismo<\/title>\n<meta name=\"robots\" content=\"index, follow, max-snippet:-1, max-image-preview:large, max-video-preview:-1\" \/>\n<link rel=\"canonical\" href=\"https:\/\/www.fiemg.com.br\/associativismo\/noticias\/tecnologia-e-humanidade-no-centro-das-empresas-do-futuro\/\" \/>\n<meta property=\"og:locale\" content=\"pt_BR\" \/>\n<meta property=\"og:type\" content=\"article\" \/>\n<meta property=\"og:title\" content=\"Tecnologia e humanidade no centro das empresas do futuro - Associativismo\" \/>\n<meta property=\"og:description\" content=\"Como equilibrar o avan\u00e7o tecnol\u00f3gico com a centralidade das pessoas no ambiente corporativo? Foi com essa reflex\u00e3o que se iniciou o painel &#8220;O impacto nas empresas e a transforma\u00e7\u00e3o tecnol\u00f3gica&#8221;, parte da programa\u00e7\u00e3o do Imers\u00e3o Ind\u00fastria, evento realizado pela FIEMG, nesta ter\u00e7a-feira, 1\u00ba de outubro, no Minascentro, em Belo Horizonte.&nbsp; No palco, Sofia Trombetta, diretora [&hellip;]\" \/>\n<meta property=\"og:url\" content=\"https:\/\/www.fiemg.com.br\/associativismo\/noticias\/tecnologia-e-humanidade-no-centro-das-empresas-do-futuro\/\" \/>\n<meta property=\"og:site_name\" content=\"Associativismo\" \/>\n<meta property=\"og:image\" content=\"https:\/\/www.fiemg.com.br\/associativismo\/wp-content\/uploads\/sites\/29\/2024\/10\/ia-sofia-trombetta-gustavo-donato-2.jpg\" \/>\n\t<meta property=\"og:image:width\" content=\"512\" \/>\n\t<meta property=\"og:image:height\" content=\"512\" \/>\n\t<meta property=\"og:image:type\" content=\"image\/jpeg\" \/>\n<meta name=\"twitter:card\" content=\"summary_large_image\" \/>\n<meta name=\"twitter:label1\" content=\"Est. tempo de leitura\" \/>\n\t<meta name=\"twitter:data1\" content=\"4 minutos\" \/>\n<script type=\"application\/ld+json\" class=\"yoast-schema-graph\">{\"@context\":\"https:\/\/schema.org\",\"@graph\":[{\"@type\":\"WebPage\",\"@id\":\"https:\/\/www.fiemg.com.br\/associativismo\/noticias\/tecnologia-e-humanidade-no-centro-das-empresas-do-futuro\/\",\"url\":\"https:\/\/www.fiemg.com.br\/associativismo\/noticias\/tecnologia-e-humanidade-no-centro-das-empresas-do-futuro\/\",\"name\":\"Tecnologia e humanidade no centro das empresas do futuro - Associativismo\",\"isPartOf\":{\"@id\":\"https:\/\/www.fiemg.com.br\/associativismo\/#website\"},\"primaryImageOfPage\":{\"@id\":\"https:\/\/www.fiemg.com.br\/associativismo\/noticias\/tecnologia-e-humanidade-no-centro-das-empresas-do-futuro\/#primaryimage\"},\"image\":{\"@id\":\"https:\/\/www.fiemg.com.br\/associativismo\/noticias\/tecnologia-e-humanidade-no-centro-das-empresas-do-futuro\/#primaryimage\"},\"thumbnailUrl\":\"https:\/\/www.fiemg.com.br\/associativismo\/wp-content\/uploads\/sites\/29\/2024\/10\/ia-sofia-trombetta-gustavo-donato-2.jpg\",\"datePublished\":\"2024-10-02T00:05:02+00:00\",\"breadcrumb\":{\"@id\":\"https:\/\/www.fiemg.com.br\/associativismo\/noticias\/tecnologia-e-humanidade-no-centro-das-empresas-do-futuro\/#breadcrumb\"},\"inLanguage\":\"pt-BR\",\"potentialAction\":[{\"@type\":\"ReadAction\",\"target\":[\"https:\/\/www.fiemg.com.br\/associativismo\/noticias\/tecnologia-e-humanidade-no-centro-das-empresas-do-futuro\/\"]}]},{\"@type\":\"ImageObject\",\"inLanguage\":\"pt-BR\",\"@id\":\"https:\/\/www.fiemg.com.br\/associativismo\/noticias\/tecnologia-e-humanidade-no-centro-das-empresas-do-futuro\/#primaryimage\",\"url\":\"https:\/\/www.fiemg.com.br\/associativismo\/wp-content\/uploads\/sites\/29\/2024\/10\/ia-sofia-trombetta-gustavo-donato-2.jpg\",\"contentUrl\":\"https:\/\/www.fiemg.com.br\/associativismo\/wp-content\/uploads\/sites\/29\/2024\/10\/ia-sofia-trombetta-gustavo-donato-2.jpg\",\"width\":512,\"height\":512},{\"@type\":\"BreadcrumbList\",\"@id\":\"https:\/\/www.fiemg.com.br\/associativismo\/noticias\/tecnologia-e-humanidade-no-centro-das-empresas-do-futuro\/#breadcrumb\",\"itemListElement\":[{\"@type\":\"ListItem\",\"position\":1,\"name\":\"In\u00edcio\",\"item\":\"https:\/\/www.fiemg.com.br\/associativismo\/\"},{\"@type\":\"ListItem\",\"position\":2,\"name\":\"Tecnologia e humanidade no centro das empresas do futuro\"}]},{\"@type\":\"WebSite\",\"@id\":\"https:\/\/www.fiemg.com.br\/associativismo\/#website\",\"url\":\"https:\/\/www.fiemg.com.br\/associativismo\/\",\"name\":\"Associativismo\",\"description\":\"Federa\u00e7\u00e3o das Ind\u00fastrias do Estado de Minas Gerais\",\"publisher\":{\"@id\":\"https:\/\/www.fiemg.com.br\/associativismo\/#organization\"},\"potentialAction\":[{\"@type\":\"SearchAction\",\"target\":{\"@type\":\"EntryPoint\",\"urlTemplate\":\"https:\/\/www.fiemg.com.br\/associativismo\/?s={search_term_string}\"},\"query-input\":{\"@type\":\"PropertyValueSpecification\",\"valueRequired\":true,\"valueName\":\"search_term_string\"}}],\"inLanguage\":\"pt-BR\"},{\"@type\":\"Organization\",\"@id\":\"https:\/\/www.fiemg.com.br\/associativismo\/#organization\",\"name\":\"Associativismo\",\"url\":\"https:\/\/www.fiemg.com.br\/associativismo\/\",\"logo\":{\"@type\":\"ImageObject\",\"inLanguage\":\"pt-BR\",\"@id\":\"https:\/\/www.fiemg.com.br\/associativismo\/#\/schema\/logo\/image\/\",\"url\":\"https:\/\/www.fiemg.com.br\/associativismo\/wp-content\/uploads\/sites\/29\/2023\/02\/fiemg_branco.svg\",\"contentUrl\":\"https:\/\/www.fiemg.com.br\/associativismo\/wp-content\/uploads\/sites\/29\/2023\/02\/fiemg_branco.svg\",\"width\":561,\"height\":147,\"caption\":\"Associativismo\"},\"image\":{\"@id\":\"https:\/\/www.fiemg.com.br\/associativismo\/#\/schema\/logo\/image\/\"}}]}<\/script>\n<!-- \/ Yoast SEO plugin. -->","yoast_head_json":{"title":"Tecnologia e humanidade no centro das empresas do futuro - Associativismo","robots":{"index":"index","follow":"follow","max-snippet":"max-snippet:-1","max-image-preview":"max-image-preview:large","max-video-preview":"max-video-preview:-1"},"canonical":"https:\/\/www.fiemg.com.br\/associativismo\/noticias\/tecnologia-e-humanidade-no-centro-das-empresas-do-futuro\/","og_locale":"pt_BR","og_type":"article","og_title":"Tecnologia e humanidade no centro das empresas do futuro - Associativismo","og_description":"Como equilibrar o avan\u00e7o tecnol\u00f3gico com a centralidade das pessoas no ambiente corporativo? Foi com essa reflex\u00e3o que se iniciou o painel &#8220;O impacto nas empresas e a transforma\u00e7\u00e3o tecnol\u00f3gica&#8221;, parte da programa\u00e7\u00e3o do Imers\u00e3o Ind\u00fastria, evento realizado pela FIEMG, nesta ter\u00e7a-feira, 1\u00ba de outubro, no Minascentro, em Belo Horizonte.&nbsp; No palco, Sofia Trombetta, diretora [&hellip;]","og_url":"https:\/\/www.fiemg.com.br\/associativismo\/noticias\/tecnologia-e-humanidade-no-centro-das-empresas-do-futuro\/","og_site_name":"Associativismo","og_image":[{"width":512,"height":512,"url":"https:\/\/www.fiemg.com.br\/associativismo\/wp-content\/uploads\/sites\/29\/2024\/10\/ia-sofia-trombetta-gustavo-donato-2.jpg","type":"image\/jpeg"}],"twitter_card":"summary_large_image","twitter_misc":{"Est. tempo de leitura":"4 minutos"},"schema":{"@context":"https:\/\/schema.org","@graph":[{"@type":"WebPage","@id":"https:\/\/www.fiemg.com.br\/associativismo\/noticias\/tecnologia-e-humanidade-no-centro-das-empresas-do-futuro\/","url":"https:\/\/www.fiemg.com.br\/associativismo\/noticias\/tecnologia-e-humanidade-no-centro-das-empresas-do-futuro\/","name":"Tecnologia e humanidade no centro das empresas do futuro - Associativismo","isPartOf":{"@id":"https:\/\/www.fiemg.com.br\/associativismo\/#website"},"primaryImageOfPage":{"@id":"https:\/\/www.fiemg.com.br\/associativismo\/noticias\/tecnologia-e-humanidade-no-centro-das-empresas-do-futuro\/#primaryimage"},"image":{"@id":"https:\/\/www.fiemg.com.br\/associativismo\/noticias\/tecnologia-e-humanidade-no-centro-das-empresas-do-futuro\/#primaryimage"},"thumbnailUrl":"https:\/\/www.fiemg.com.br\/associativismo\/wp-content\/uploads\/sites\/29\/2024\/10\/ia-sofia-trombetta-gustavo-donato-2.jpg","datePublished":"2024-10-02T00:05:02+00:00","breadcrumb":{"@id":"https:\/\/www.fiemg.com.br\/associativismo\/noticias\/tecnologia-e-humanidade-no-centro-das-empresas-do-futuro\/#breadcrumb"},"inLanguage":"pt-BR","potentialAction":[{"@type":"ReadAction","target":["https:\/\/www.fiemg.com.br\/associativismo\/noticias\/tecnologia-e-humanidade-no-centro-das-empresas-do-futuro\/"]}]},{"@type":"ImageObject","inLanguage":"pt-BR","@id":"https:\/\/www.fiemg.com.br\/associativismo\/noticias\/tecnologia-e-humanidade-no-centro-das-empresas-do-futuro\/#primaryimage","url":"https:\/\/www.fiemg.com.br\/associativismo\/wp-content\/uploads\/sites\/29\/2024\/10\/ia-sofia-trombetta-gustavo-donato-2.jpg","contentUrl":"https:\/\/www.fiemg.com.br\/associativismo\/wp-content\/uploads\/sites\/29\/2024\/10\/ia-sofia-trombetta-gustavo-donato-2.jpg","width":512,"height":512},{"@type":"BreadcrumbList","@id":"https:\/\/www.fiemg.com.br\/associativismo\/noticias\/tecnologia-e-humanidade-no-centro-das-empresas-do-futuro\/#breadcrumb","itemListElement":[{"@type":"ListItem","position":1,"name":"In\u00edcio","item":"https:\/\/www.fiemg.com.br\/associativismo\/"},{"@type":"ListItem","position":2,"name":"Tecnologia e humanidade no centro das empresas do futuro"}]},{"@type":"WebSite","@id":"https:\/\/www.fiemg.com.br\/associativismo\/#website","url":"https:\/\/www.fiemg.com.br\/associativismo\/","name":"Associativismo","description":"Federa\u00e7\u00e3o das Ind\u00fastrias do Estado de Minas Gerais","publisher":{"@id":"https:\/\/www.fiemg.com.br\/associativismo\/#organization"},"potentialAction":[{"@type":"SearchAction","target":{"@type":"EntryPoint","urlTemplate":"https:\/\/www.fiemg.com.br\/associativismo\/?s={search_term_string}"},"query-input":{"@type":"PropertyValueSpecification","valueRequired":true,"valueName":"search_term_string"}}],"inLanguage":"pt-BR"},{"@type":"Organization","@id":"https:\/\/www.fiemg.com.br\/associativismo\/#organization","name":"Associativismo","url":"https:\/\/www.fiemg.com.br\/associativismo\/","logo":{"@type":"ImageObject","inLanguage":"pt-BR","@id":"https:\/\/www.fiemg.com.br\/associativismo\/#\/schema\/logo\/image\/","url":"https:\/\/www.fiemg.com.br\/associativismo\/wp-content\/uploads\/sites\/29\/2023\/02\/fiemg_branco.svg","contentUrl":"https:\/\/www.fiemg.com.br\/associativismo\/wp-content\/uploads\/sites\/29\/2023\/02\/fiemg_branco.svg","width":561,"height":147,"caption":"Associativismo"},"image":{"@id":"https:\/\/www.fiemg.com.br\/associativismo\/#\/schema\/logo\/image\/"}}]}},"_links":{"self":[{"href":"https:\/\/www.fiemg.com.br\/associativismo\/wp-json\/wp\/v2\/noticias\/3148","targetHints":{"allow":["GET"]}}],"collection":[{"href":"https:\/\/www.fiemg.com.br\/associativismo\/wp-json\/wp\/v2\/noticias"}],"about":[{"href":"https:\/\/www.fiemg.com.br\/associativismo\/wp-json\/wp\/v2\/types\/noticias"}],"wp:featuredmedia":[{"embeddable":true,"href":"https:\/\/www.fiemg.com.br\/associativismo\/wp-json\/wp\/v2\/media\/3150"}],"wp:attachment":[{"href":"https:\/\/www.fiemg.com.br\/associativismo\/wp-json\/wp\/v2\/media?parent=3148"}],"wp:term":[{"taxonomy":"category","embeddable":true,"href":"https:\/\/www.fiemg.com.br\/associativismo\/wp-json\/wp\/v2\/categories?post=3148"},{"taxonomy":"post_tag","embeddable":true,"href":"https:\/\/www.fiemg.com.br\/associativismo\/wp-json\/wp\/v2\/tags?post=3148"}],"curies":[{"name":"wp","href":"https:\/\/api.w.org\/{rel}","templated":true}]}}