{"id":3156,"date":"2024-10-02T22:56:49","date_gmt":"2024-10-03T01:56:49","guid":{"rendered":"https:\/\/www.fiemg.com.br\/associativismo\/noticias\/inovacao-e-esg-especialistas-discutem-caminhos-para-estrategias-sustentaveis-no-imersao-industria\/"},"modified":"2024-10-02T22:56:50","modified_gmt":"2024-10-03T01:56:50","slug":"inovacao-e-esg-especialistas-discutem-caminhos-para-estrategias-sustentaveis-no-imersao-industria","status":"publish","type":"noticias","link":"https:\/\/www.fiemg.com.br\/associativismo\/noticias\/inovacao-e-esg-especialistas-discutem-caminhos-para-estrategias-sustentaveis-no-imersao-industria\/","title":{"rendered":"Inova\u00e7\u00e3o e ESG: especialistas discutem caminhos para estrat\u00e9gias sustent\u00e1veis no Imers\u00e3o Ind\u00fastria"},"content":{"rendered":"\n<p>Inova\u00e7\u00e3o e ESG (Ambiental, Social e de Governan\u00e7a) s\u00e3o os motores que impulsionam o futuro das empresas. Como integrar essas pr\u00e1ticas \u00e0s estrat\u00e9gias corporativas e, ao mesmo tempo, garantir competitividade no mercado? Foi essa a discuss\u00e3o central do painel &#8220;Inova\u00e7\u00e3o e ESG: Caminhos para Estrat\u00e9gias Sustent\u00e1veis&#8221;, realizado nesta quarta-feira, 2\/10, no Imers\u00e3o Ind\u00fastria, em Belo Horizonte. O evento reuniu duas grandes refer\u00eancias na \u00e1rea da sa\u00fade, a ind\u00fastria farmac\u00eautica Hypofarma e o Hospital Israelita Albert Einstein, evidenciando que a sustentabilidade n\u00e3o \u00e9 apenas uma exig\u00eancia atual, mas um diferencial essencial para as organiza\u00e7\u00f5es que buscam um crescimento s\u00f3lido e respons\u00e1vel.<\/p>\n\n\n\n<p>Abrindo o debate, as anfitri\u00e3s Kamila Vilela, coordenadora de Sustentabilidade do IEL\/FIEMG, e Gabriela Parreira, consultora do N\u00facleo de Governan\u00e7a e Inova\u00e7\u00e3o Estrat\u00e9gica do IEL\/FIEMG, abordaram a import\u00e2ncia da implementa\u00e7\u00e3o de estrat\u00e9gias de ESG dentro das empresas. \u201cEmbora o ponto central do ESG seja a incorpora\u00e7\u00e3o de aspectos socioambientais para gerenciar riscos e seus poss\u00edveis impactos nos resultados econ\u00f4micos, o termo ESG tem sido utilizado de maneira mais ampla, nos permitindo entender como a sustentabilidade \u00e9 fundamental para o sucesso e a perenidade dos neg\u00f3cios das organiza\u00e7\u00f5es\u201d, disse.<\/p>\n\n\n\n<p>Giana Marcellini, presidente do Conselho de Administra\u00e7\u00e3o da Hypofarma, trouxe \u00e0 discuss\u00e3o a perspectiva da ind\u00fastria farmac\u00eautica. \u201cO compromisso ESG \u00e9 uma prioridade na nossa ind\u00fastria, evidenciado desde 2020 com avan\u00e7os significativos. Nos aspectos ambientais e sociais, a empresa implementou iniciativas focadas na sa\u00fade, bem-estar e sustentabilidade\u201d, enfatizou. Marcellini ainda explicou como o setor farmac\u00eautico tem um papel fundamental n\u00e3o s\u00f3 na sustentabilidade ambiental, mas tamb\u00e9m na responsabilidade social, ao fornecer produtos que contribuem para a sa\u00fade p\u00fablica com pr\u00e1ticas respons\u00e1veis e inovadoras.<\/p>\n\n\n\n<p>Na sequ\u00eancia, Helena Capraro, consultora de Planejamento Estrat\u00e9gico e Intelig\u00eancia de Mercado do Hospital Israelita Albert Einstein, destacou sua equipe observa a tecnologia da hiper complexidade que nasce com a pr\u00f3pria sustentabilidade. \u201cN\u00e3o existem causas \u00fanicas. Toda mudan\u00e7a \u00e9 baseada em causas conjuntas, que nem sempre a gente consegue perceber onde elas est\u00e3o. Dito isso, o setor da sa\u00fade est\u00e1 hiper complexo\u201d, analisou.<\/p>\n\n\n\n<p>Capraro tamb\u00e9m enfatizou que, no contexto da sa\u00fade, a sustentabilidade passa por uma gest\u00e3o eficiente de recursos e pela cria\u00e7\u00e3o de solu\u00e7\u00f5es que beneficiem tanto o meio ambiente quanto as comunidades envolvidas.<\/p>\n\n\n\n<p>O painel finalizou com uma discuss\u00e3o aberta sobre como a inova\u00e7\u00e3o pode ser um motor para acelerar o cumprimento de metas de sustentabilidade, proporcionando n\u00e3o s\u00f3 resultados econ\u00f4micos mais robustos, mas tamb\u00e9m impactos sociais e ambientais positivos.<\/p>\n\n\n\n<p>O Imers\u00e3o Ind\u00fastria \u00e9 realizado pela FIEMG, SESI e SENAI, com patroc\u00ednio m\u00e1ster da ArcelorMittal, Codemge, CNI e Vale; apoio m\u00e1ster do SEBRAE; patroc\u00ednio ouro da Herculano Minera\u00e7\u00e3o, Gerdau, Eletrobras, Schneider Eletric; patroc\u00ednio prata do Sicoob Credfiemg, Copasa, CBMM, Souza Cruz\/BAT Brasil, USIMINAS e Nanum Nanotecnologia; e apoio do BDMG, Localiza, Bemisa, Sambatec, FAEMG e Fecom\u00e9rcio.<\/p>\n\n\n\n<p><em>Ana Paula Motta<br><\/em><strong>Imprensa FIEMG<\/strong><\/p>\n","protected":false},"featured_media":3157,"template":"","categories":[15,847],"tags":[],"class_list":["post-3156","noticias","type-noticias","status-publish","has-post-thumbnail","hentry","category-desenvolvimento-industrial","category-esg"],"acf":[],"yoast_head":"<!-- This site is optimized with the Yoast SEO plugin v26.2 - https:\/\/yoast.com\/wordpress\/plugins\/seo\/ -->\n<title>Inova\u00e7\u00e3o e ESG: especialistas discutem caminhos para estrat\u00e9gias sustent\u00e1veis no Imers\u00e3o Ind\u00fastria - Associativismo<\/title>\n<meta name=\"robots\" content=\"index, follow, max-snippet:-1, max-image-preview:large, max-video-preview:-1\" \/>\n<link rel=\"canonical\" href=\"https:\/\/www.fiemg.com.br\/associativismo\/noticias\/inovacao-e-esg-especialistas-discutem-caminhos-para-estrategias-sustentaveis-no-imersao-industria\/\" \/>\n<meta property=\"og:locale\" content=\"pt_BR\" \/>\n<meta property=\"og:type\" content=\"article\" \/>\n<meta property=\"og:title\" content=\"Inova\u00e7\u00e3o e ESG: especialistas discutem caminhos para estrat\u00e9gias sustent\u00e1veis no Imers\u00e3o Ind\u00fastria - Associativismo\" \/>\n<meta property=\"og:description\" content=\"Inova\u00e7\u00e3o e ESG (Ambiental, Social e de Governan\u00e7a) s\u00e3o os motores que impulsionam o futuro das empresas. Como integrar essas pr\u00e1ticas \u00e0s estrat\u00e9gias corporativas e, ao mesmo tempo, garantir competitividade no mercado? Foi essa a discuss\u00e3o central do painel &#8220;Inova\u00e7\u00e3o e ESG: Caminhos para Estrat\u00e9gias Sustent\u00e1veis&#8221;, realizado nesta quarta-feira, 2\/10, no Imers\u00e3o Ind\u00fastria, em Belo [&hellip;]\" \/>\n<meta property=\"og:url\" content=\"https:\/\/www.fiemg.com.br\/associativismo\/noticias\/inovacao-e-esg-especialistas-discutem-caminhos-para-estrategias-sustentaveis-no-imersao-industria\/\" \/>\n<meta property=\"og:site_name\" content=\"Associativismo\" \/>\n<meta property=\"article:modified_time\" content=\"2024-10-03T01:56:50+00:00\" \/>\n<meta property=\"og:image\" content=\"https:\/\/www.fiemg.com.br\/associativismo\/wp-content\/uploads\/sites\/29\/2024\/10\/Thumb-Noticia-11.jpg\" \/>\n\t<meta property=\"og:image:width\" content=\"512\" \/>\n\t<meta property=\"og:image:height\" content=\"512\" \/>\n\t<meta property=\"og:image:type\" content=\"image\/jpeg\" \/>\n<meta name=\"twitter:card\" content=\"summary_large_image\" \/>\n<meta name=\"twitter:label1\" content=\"Est. tempo de leitura\" \/>\n\t<meta name=\"twitter:data1\" content=\"3 minutos\" \/>\n<script type=\"application\/ld+json\" class=\"yoast-schema-graph\">{\"@context\":\"https:\/\/schema.org\",\"@graph\":[{\"@type\":\"WebPage\",\"@id\":\"https:\/\/www.fiemg.com.br\/associativismo\/noticias\/inovacao-e-esg-especialistas-discutem-caminhos-para-estrategias-sustentaveis-no-imersao-industria\/\",\"url\":\"https:\/\/www.fiemg.com.br\/associativismo\/noticias\/inovacao-e-esg-especialistas-discutem-caminhos-para-estrategias-sustentaveis-no-imersao-industria\/\",\"name\":\"Inova\u00e7\u00e3o e ESG: especialistas discutem caminhos para estrat\u00e9gias sustent\u00e1veis no Imers\u00e3o Ind\u00fastria - Associativismo\",\"isPartOf\":{\"@id\":\"https:\/\/www.fiemg.com.br\/associativismo\/#website\"},\"primaryImageOfPage\":{\"@id\":\"https:\/\/www.fiemg.com.br\/associativismo\/noticias\/inovacao-e-esg-especialistas-discutem-caminhos-para-estrategias-sustentaveis-no-imersao-industria\/#primaryimage\"},\"image\":{\"@id\":\"https:\/\/www.fiemg.com.br\/associativismo\/noticias\/inovacao-e-esg-especialistas-discutem-caminhos-para-estrategias-sustentaveis-no-imersao-industria\/#primaryimage\"},\"thumbnailUrl\":\"https:\/\/www.fiemg.com.br\/associativismo\/wp-content\/uploads\/sites\/29\/2024\/10\/Thumb-Noticia-11.jpg\",\"datePublished\":\"2024-10-03T01:56:49+00:00\",\"dateModified\":\"2024-10-03T01:56:50+00:00\",\"breadcrumb\":{\"@id\":\"https:\/\/www.fiemg.com.br\/associativismo\/noticias\/inovacao-e-esg-especialistas-discutem-caminhos-para-estrategias-sustentaveis-no-imersao-industria\/#breadcrumb\"},\"inLanguage\":\"pt-BR\",\"potentialAction\":[{\"@type\":\"ReadAction\",\"target\":[\"https:\/\/www.fiemg.com.br\/associativismo\/noticias\/inovacao-e-esg-especialistas-discutem-caminhos-para-estrategias-sustentaveis-no-imersao-industria\/\"]}]},{\"@type\":\"ImageObject\",\"inLanguage\":\"pt-BR\",\"@id\":\"https:\/\/www.fiemg.com.br\/associativismo\/noticias\/inovacao-e-esg-especialistas-discutem-caminhos-para-estrategias-sustentaveis-no-imersao-industria\/#primaryimage\",\"url\":\"https:\/\/www.fiemg.com.br\/associativismo\/wp-content\/uploads\/sites\/29\/2024\/10\/Thumb-Noticia-11.jpg\",\"contentUrl\":\"https:\/\/www.fiemg.com.br\/associativismo\/wp-content\/uploads\/sites\/29\/2024\/10\/Thumb-Noticia-11.jpg\",\"width\":512,\"height\":512},{\"@type\":\"BreadcrumbList\",\"@id\":\"https:\/\/www.fiemg.com.br\/associativismo\/noticias\/inovacao-e-esg-especialistas-discutem-caminhos-para-estrategias-sustentaveis-no-imersao-industria\/#breadcrumb\",\"itemListElement\":[{\"@type\":\"ListItem\",\"position\":1,\"name\":\"In\u00edcio\",\"item\":\"https:\/\/www.fiemg.com.br\/associativismo\/\"},{\"@type\":\"ListItem\",\"position\":2,\"name\":\"Inova\u00e7\u00e3o e ESG: especialistas discutem caminhos para estrat\u00e9gias sustent\u00e1veis no Imers\u00e3o Ind\u00fastria\"}]},{\"@type\":\"WebSite\",\"@id\":\"https:\/\/www.fiemg.com.br\/associativismo\/#website\",\"url\":\"https:\/\/www.fiemg.com.br\/associativismo\/\",\"name\":\"Associativismo\",\"description\":\"Federa\u00e7\u00e3o das Ind\u00fastrias do Estado de Minas Gerais\",\"publisher\":{\"@id\":\"https:\/\/www.fiemg.com.br\/associativismo\/#organization\"},\"potentialAction\":[{\"@type\":\"SearchAction\",\"target\":{\"@type\":\"EntryPoint\",\"urlTemplate\":\"https:\/\/www.fiemg.com.br\/associativismo\/?s={search_term_string}\"},\"query-input\":{\"@type\":\"PropertyValueSpecification\",\"valueRequired\":true,\"valueName\":\"search_term_string\"}}],\"inLanguage\":\"pt-BR\"},{\"@type\":\"Organization\",\"@id\":\"https:\/\/www.fiemg.com.br\/associativismo\/#organization\",\"name\":\"Associativismo\",\"url\":\"https:\/\/www.fiemg.com.br\/associativismo\/\",\"logo\":{\"@type\":\"ImageObject\",\"inLanguage\":\"pt-BR\",\"@id\":\"https:\/\/www.fiemg.com.br\/associativismo\/#\/schema\/logo\/image\/\",\"url\":\"https:\/\/www.fiemg.com.br\/associativismo\/wp-content\/uploads\/sites\/29\/2023\/02\/fiemg_branco.svg\",\"contentUrl\":\"https:\/\/www.fiemg.com.br\/associativismo\/wp-content\/uploads\/sites\/29\/2023\/02\/fiemg_branco.svg\",\"width\":561,\"height\":147,\"caption\":\"Associativismo\"},\"image\":{\"@id\":\"https:\/\/www.fiemg.com.br\/associativismo\/#\/schema\/logo\/image\/\"}}]}<\/script>\n<!-- \/ Yoast SEO plugin. -->","yoast_head_json":{"title":"Inova\u00e7\u00e3o e ESG: especialistas discutem caminhos para estrat\u00e9gias sustent\u00e1veis no Imers\u00e3o Ind\u00fastria - Associativismo","robots":{"index":"index","follow":"follow","max-snippet":"max-snippet:-1","max-image-preview":"max-image-preview:large","max-video-preview":"max-video-preview:-1"},"canonical":"https:\/\/www.fiemg.com.br\/associativismo\/noticias\/inovacao-e-esg-especialistas-discutem-caminhos-para-estrategias-sustentaveis-no-imersao-industria\/","og_locale":"pt_BR","og_type":"article","og_title":"Inova\u00e7\u00e3o e ESG: especialistas discutem caminhos para estrat\u00e9gias sustent\u00e1veis no Imers\u00e3o Ind\u00fastria - Associativismo","og_description":"Inova\u00e7\u00e3o e ESG (Ambiental, Social e de Governan\u00e7a) s\u00e3o os motores que impulsionam o futuro das empresas. Como integrar essas pr\u00e1ticas \u00e0s estrat\u00e9gias corporativas e, ao mesmo tempo, garantir competitividade no mercado? Foi essa a discuss\u00e3o central do painel &#8220;Inova\u00e7\u00e3o e ESG: Caminhos para Estrat\u00e9gias Sustent\u00e1veis&#8221;, realizado nesta quarta-feira, 2\/10, no Imers\u00e3o Ind\u00fastria, em Belo [&hellip;]","og_url":"https:\/\/www.fiemg.com.br\/associativismo\/noticias\/inovacao-e-esg-especialistas-discutem-caminhos-para-estrategias-sustentaveis-no-imersao-industria\/","og_site_name":"Associativismo","article_modified_time":"2024-10-03T01:56:50+00:00","og_image":[{"width":512,"height":512,"url":"https:\/\/www.fiemg.com.br\/associativismo\/wp-content\/uploads\/sites\/29\/2024\/10\/Thumb-Noticia-11.jpg","type":"image\/jpeg"}],"twitter_card":"summary_large_image","twitter_misc":{"Est. tempo de leitura":"3 minutos"},"schema":{"@context":"https:\/\/schema.org","@graph":[{"@type":"WebPage","@id":"https:\/\/www.fiemg.com.br\/associativismo\/noticias\/inovacao-e-esg-especialistas-discutem-caminhos-para-estrategias-sustentaveis-no-imersao-industria\/","url":"https:\/\/www.fiemg.com.br\/associativismo\/noticias\/inovacao-e-esg-especialistas-discutem-caminhos-para-estrategias-sustentaveis-no-imersao-industria\/","name":"Inova\u00e7\u00e3o e ESG: especialistas discutem caminhos para estrat\u00e9gias sustent\u00e1veis no Imers\u00e3o Ind\u00fastria - Associativismo","isPartOf":{"@id":"https:\/\/www.fiemg.com.br\/associativismo\/#website"},"primaryImageOfPage":{"@id":"https:\/\/www.fiemg.com.br\/associativismo\/noticias\/inovacao-e-esg-especialistas-discutem-caminhos-para-estrategias-sustentaveis-no-imersao-industria\/#primaryimage"},"image":{"@id":"https:\/\/www.fiemg.com.br\/associativismo\/noticias\/inovacao-e-esg-especialistas-discutem-caminhos-para-estrategias-sustentaveis-no-imersao-industria\/#primaryimage"},"thumbnailUrl":"https:\/\/www.fiemg.com.br\/associativismo\/wp-content\/uploads\/sites\/29\/2024\/10\/Thumb-Noticia-11.jpg","datePublished":"2024-10-03T01:56:49+00:00","dateModified":"2024-10-03T01:56:50+00:00","breadcrumb":{"@id":"https:\/\/www.fiemg.com.br\/associativismo\/noticias\/inovacao-e-esg-especialistas-discutem-caminhos-para-estrategias-sustentaveis-no-imersao-industria\/#breadcrumb"},"inLanguage":"pt-BR","potentialAction":[{"@type":"ReadAction","target":["https:\/\/www.fiemg.com.br\/associativismo\/noticias\/inovacao-e-esg-especialistas-discutem-caminhos-para-estrategias-sustentaveis-no-imersao-industria\/"]}]},{"@type":"ImageObject","inLanguage":"pt-BR","@id":"https:\/\/www.fiemg.com.br\/associativismo\/noticias\/inovacao-e-esg-especialistas-discutem-caminhos-para-estrategias-sustentaveis-no-imersao-industria\/#primaryimage","url":"https:\/\/www.fiemg.com.br\/associativismo\/wp-content\/uploads\/sites\/29\/2024\/10\/Thumb-Noticia-11.jpg","contentUrl":"https:\/\/www.fiemg.com.br\/associativismo\/wp-content\/uploads\/sites\/29\/2024\/10\/Thumb-Noticia-11.jpg","width":512,"height":512},{"@type":"BreadcrumbList","@id":"https:\/\/www.fiemg.com.br\/associativismo\/noticias\/inovacao-e-esg-especialistas-discutem-caminhos-para-estrategias-sustentaveis-no-imersao-industria\/#breadcrumb","itemListElement":[{"@type":"ListItem","position":1,"name":"In\u00edcio","item":"https:\/\/www.fiemg.com.br\/associativismo\/"},{"@type":"ListItem","position":2,"name":"Inova\u00e7\u00e3o e ESG: especialistas discutem caminhos para estrat\u00e9gias sustent\u00e1veis no Imers\u00e3o Ind\u00fastria"}]},{"@type":"WebSite","@id":"https:\/\/www.fiemg.com.br\/associativismo\/#website","url":"https:\/\/www.fiemg.com.br\/associativismo\/","name":"Associativismo","description":"Federa\u00e7\u00e3o das Ind\u00fastrias do Estado de Minas Gerais","publisher":{"@id":"https:\/\/www.fiemg.com.br\/associativismo\/#organization"},"potentialAction":[{"@type":"SearchAction","target":{"@type":"EntryPoint","urlTemplate":"https:\/\/www.fiemg.com.br\/associativismo\/?s={search_term_string}"},"query-input":{"@type":"PropertyValueSpecification","valueRequired":true,"valueName":"search_term_string"}}],"inLanguage":"pt-BR"},{"@type":"Organization","@id":"https:\/\/www.fiemg.com.br\/associativismo\/#organization","name":"Associativismo","url":"https:\/\/www.fiemg.com.br\/associativismo\/","logo":{"@type":"ImageObject","inLanguage":"pt-BR","@id":"https:\/\/www.fiemg.com.br\/associativismo\/#\/schema\/logo\/image\/","url":"https:\/\/www.fiemg.com.br\/associativismo\/wp-content\/uploads\/sites\/29\/2023\/02\/fiemg_branco.svg","contentUrl":"https:\/\/www.fiemg.com.br\/associativismo\/wp-content\/uploads\/sites\/29\/2023\/02\/fiemg_branco.svg","width":561,"height":147,"caption":"Associativismo"},"image":{"@id":"https:\/\/www.fiemg.com.br\/associativismo\/#\/schema\/logo\/image\/"}}]}},"_links":{"self":[{"href":"https:\/\/www.fiemg.com.br\/associativismo\/wp-json\/wp\/v2\/noticias\/3156","targetHints":{"allow":["GET"]}}],"collection":[{"href":"https:\/\/www.fiemg.com.br\/associativismo\/wp-json\/wp\/v2\/noticias"}],"about":[{"href":"https:\/\/www.fiemg.com.br\/associativismo\/wp-json\/wp\/v2\/types\/noticias"}],"wp:featuredmedia":[{"embeddable":true,"href":"https:\/\/www.fiemg.com.br\/associativismo\/wp-json\/wp\/v2\/media\/3157"}],"wp:attachment":[{"href":"https:\/\/www.fiemg.com.br\/associativismo\/wp-json\/wp\/v2\/media?parent=3156"}],"wp:term":[{"taxonomy":"category","embeddable":true,"href":"https:\/\/www.fiemg.com.br\/associativismo\/wp-json\/wp\/v2\/categories?post=3156"},{"taxonomy":"post_tag","embeddable":true,"href":"https:\/\/www.fiemg.com.br\/associativismo\/wp-json\/wp\/v2\/tags?post=3156"}],"curies":[{"name":"wp","href":"https:\/\/api.w.org\/{rel}","templated":true}]}}