{"id":3160,"date":"2024-10-03T12:34:25","date_gmt":"2024-10-03T15:34:25","guid":{"rendered":"https:\/\/www.fiemg.com.br\/associativismo\/?post_type=noticias&#038;p=3160"},"modified":"2024-10-03T12:34:26","modified_gmt":"2024-10-03T15:34:26","slug":"imersao-industria-avalia-desdobramentos-da-reforma-tributaria","status":"publish","type":"noticias","link":"https:\/\/www.fiemg.com.br\/associativismo\/noticias\/imersao-industria-avalia-desdobramentos-da-reforma-tributaria\/","title":{"rendered":"Imers\u00e3o Ind\u00fastria avalia desdobramentos da Reforma Tribut\u00e1ria"},"content":{"rendered":"\n<p>Os desafios na implementa\u00e7\u00e3o de mecanismos de regula\u00e7\u00e3o tribut\u00e1ria com ganhos de produtividade foram destaque do painel &#8220;Reformas necess\u00e1rias no Brasil para o desenvolvimento econ\u00f4mico, industrial e social&#8221; no Imers\u00e3o Ind\u00fastria &#8211;\u00a0 maior evento do setor em Minas Gerais &#8211; realizado no Minascentro.<\/p>\n\n\n\n<p>Doutor em Economia, professor e chefe do Centro de Crescimento Econ\u00f4mico do Instituto Brasileiro de Economia (FGV), Samuel Pess\u00f4a acredita que a busca da sustentabilidade macroecon\u00f4mica \u00e9 fundamental para que o Brasil retome uma rota consistente de crescimento. Ele aponta a baixa poupan\u00e7a, economia fechada e complexidade tribut\u00e1ria como entraves que precisam ser superados com vis\u00e3o realista. &#8220;Dar passos maiores que as pernas n\u00e3o \u00e9 bom e \u00e9 preciso sabedoria para enfrentar desafios econ\u00f4micos&#8221;, ensinou.<\/p>\n\n\n\n<p>Ele v\u00ea como fundamental a manuten\u00e7\u00e3o do di\u00e1logo com a sociedade e a ado\u00e7\u00e3o de avalia\u00e7\u00e3o sistem\u00e1tica das pol\u00edticas p\u00fablicas ouvindo sempre o setor produtivo. &#8220;Quem mais sofre com a complexidade tribut\u00e1ria \u00e9 a ind\u00fastria de transforma\u00e7\u00e3o que tem cadeias produtivas mais longas&#8221;, concluiu.<\/p>\n\n\n\n<p>Por sua vez, diretor do Centro de Cidadania Fiscal, Eurico de Santi, que atuou na linha de frente da discuss\u00e3o da Reforma Tribut\u00e1ria, destacou o papel importante de Minas Gerais no processo. Ele lembrou que a premissa de buscar equil\u00edbrio entre tributa\u00e7\u00e3o e desenvolvimento foi fundamental. &#8220;Di\u00e1logo com o setor produtivo com empresas que atuam no mercado nacional foi essencial para viabilizar a proposta de reforma tribut\u00e1ria&#8221;, ressaltou.<\/p>\n\n\n\n<p>De acordo com ele, outra vantagem conseguida&nbsp; \u00e9 a amplitude da Reforma. &#8220;Pela primeira vez na hist\u00f3ria, as esferas, federal, estaduais e municipais est\u00e3o dialogando e examinando a mesma proposta de aprimoramento tribut\u00e1rio,&#8221; observou.<\/p>\n\n\n\n<p>O painel teve a media\u00e7\u00e3o da&nbsp; jornalista, rep\u00f3rter e colunista de pol\u00edtica da Itatiaia, Edilene Lopes.<\/p>\n\n\n\n<p>O Imers\u00e3o Ind\u00fastria \u00e9 realizado pela FIEMG, SESI e SENAI, com patroc\u00ednio m\u00e1ster da ArcelorMittal, Codemge, CNI e Vale; apoio m\u00e1ster do SEBRAE; patroc\u00ednio ouro da Herculano Minera\u00e7\u00e3o, Gerdau, Eletrobras, Schneider Eletric; patroc\u00ednio prata do Sicoob Credfiemg, Copasa, CBMM, Souza Cruz\/BAT Brasil, USIMINAS e Nanum Nanotecnologia; e apoio do BDMG, Localiza, Bemisa, Sambatec, FAEMG e Fecom\u00e9rcio.<\/p>\n\n\n\n<p><em>Trajano Raposo<br><\/em><strong>Imprensa FIEMG<\/strong><\/p>\n","protected":false},"featured_media":3164,"template":"","categories":[15],"tags":[],"class_list":["post-3160","noticias","type-noticias","status-publish","has-post-thumbnail","hentry","category-desenvolvimento-industrial"],"acf":[],"yoast_head":"<!-- This site is optimized with the Yoast SEO plugin v26.2 - https:\/\/yoast.com\/wordpress\/plugins\/seo\/ -->\n<title>Imers\u00e3o Ind\u00fastria avalia desdobramentos da Reforma Tribut\u00e1ria - Associativismo<\/title>\n<meta name=\"robots\" content=\"index, follow, max-snippet:-1, max-image-preview:large, max-video-preview:-1\" \/>\n<link rel=\"canonical\" href=\"https:\/\/www.fiemg.com.br\/associativismo\/noticias\/imersao-industria-avalia-desdobramentos-da-reforma-tributaria\/\" \/>\n<meta property=\"og:locale\" content=\"pt_BR\" \/>\n<meta property=\"og:type\" content=\"article\" \/>\n<meta property=\"og:title\" content=\"Imers\u00e3o Ind\u00fastria avalia desdobramentos da Reforma Tribut\u00e1ria - Associativismo\" \/>\n<meta property=\"og:description\" content=\"Os desafios na implementa\u00e7\u00e3o de mecanismos de regula\u00e7\u00e3o tribut\u00e1ria com ganhos de produtividade foram destaque do painel &#8220;Reformas necess\u00e1rias no Brasil para o desenvolvimento econ\u00f4mico, industrial e social&#8221; no Imers\u00e3o Ind\u00fastria &#8211;\u00a0 maior evento do setor em Minas Gerais &#8211; realizado no Minascentro. Doutor em Economia, professor e chefe do Centro de Crescimento Econ\u00f4mico do [&hellip;]\" \/>\n<meta property=\"og:url\" content=\"https:\/\/www.fiemg.com.br\/associativismo\/noticias\/imersao-industria-avalia-desdobramentos-da-reforma-tributaria\/\" \/>\n<meta property=\"og:site_name\" content=\"Associativismo\" \/>\n<meta property=\"article:modified_time\" content=\"2024-10-03T15:34:26+00:00\" \/>\n<meta property=\"og:image\" content=\"https:\/\/www.fiemg.com.br\/associativismo\/wp-content\/uploads\/sites\/29\/2024\/10\/imin-2.jpg\" \/>\n\t<meta property=\"og:image:width\" content=\"512\" \/>\n\t<meta property=\"og:image:height\" content=\"512\" \/>\n\t<meta property=\"og:image:type\" content=\"image\/jpeg\" \/>\n<meta name=\"twitter:card\" content=\"summary_large_image\" \/>\n<meta name=\"twitter:label1\" content=\"Est. tempo de leitura\" \/>\n\t<meta name=\"twitter:data1\" content=\"3 minutos\" \/>\n<script type=\"application\/ld+json\" class=\"yoast-schema-graph\">{\"@context\":\"https:\/\/schema.org\",\"@graph\":[{\"@type\":\"WebPage\",\"@id\":\"https:\/\/www.fiemg.com.br\/associativismo\/noticias\/imersao-industria-avalia-desdobramentos-da-reforma-tributaria\/\",\"url\":\"https:\/\/www.fiemg.com.br\/associativismo\/noticias\/imersao-industria-avalia-desdobramentos-da-reforma-tributaria\/\",\"name\":\"Imers\u00e3o Ind\u00fastria avalia desdobramentos da Reforma Tribut\u00e1ria - Associativismo\",\"isPartOf\":{\"@id\":\"https:\/\/www.fiemg.com.br\/associativismo\/#website\"},\"primaryImageOfPage\":{\"@id\":\"https:\/\/www.fiemg.com.br\/associativismo\/noticias\/imersao-industria-avalia-desdobramentos-da-reforma-tributaria\/#primaryimage\"},\"image\":{\"@id\":\"https:\/\/www.fiemg.com.br\/associativismo\/noticias\/imersao-industria-avalia-desdobramentos-da-reforma-tributaria\/#primaryimage\"},\"thumbnailUrl\":\"https:\/\/www.fiemg.com.br\/associativismo\/wp-content\/uploads\/sites\/29\/2024\/10\/imin-2.jpg\",\"datePublished\":\"2024-10-03T15:34:25+00:00\",\"dateModified\":\"2024-10-03T15:34:26+00:00\",\"breadcrumb\":{\"@id\":\"https:\/\/www.fiemg.com.br\/associativismo\/noticias\/imersao-industria-avalia-desdobramentos-da-reforma-tributaria\/#breadcrumb\"},\"inLanguage\":\"pt-BR\",\"potentialAction\":[{\"@type\":\"ReadAction\",\"target\":[\"https:\/\/www.fiemg.com.br\/associativismo\/noticias\/imersao-industria-avalia-desdobramentos-da-reforma-tributaria\/\"]}]},{\"@type\":\"ImageObject\",\"inLanguage\":\"pt-BR\",\"@id\":\"https:\/\/www.fiemg.com.br\/associativismo\/noticias\/imersao-industria-avalia-desdobramentos-da-reforma-tributaria\/#primaryimage\",\"url\":\"https:\/\/www.fiemg.com.br\/associativismo\/wp-content\/uploads\/sites\/29\/2024\/10\/imin-2.jpg\",\"contentUrl\":\"https:\/\/www.fiemg.com.br\/associativismo\/wp-content\/uploads\/sites\/29\/2024\/10\/imin-2.jpg\",\"width\":512,\"height\":512},{\"@type\":\"BreadcrumbList\",\"@id\":\"https:\/\/www.fiemg.com.br\/associativismo\/noticias\/imersao-industria-avalia-desdobramentos-da-reforma-tributaria\/#breadcrumb\",\"itemListElement\":[{\"@type\":\"ListItem\",\"position\":1,\"name\":\"In\u00edcio\",\"item\":\"https:\/\/www.fiemg.com.br\/associativismo\/\"},{\"@type\":\"ListItem\",\"position\":2,\"name\":\"Imers\u00e3o Ind\u00fastria avalia desdobramentos da Reforma Tribut\u00e1ria\"}]},{\"@type\":\"WebSite\",\"@id\":\"https:\/\/www.fiemg.com.br\/associativismo\/#website\",\"url\":\"https:\/\/www.fiemg.com.br\/associativismo\/\",\"name\":\"Associativismo\",\"description\":\"Federa\u00e7\u00e3o das Ind\u00fastrias do Estado de Minas Gerais\",\"publisher\":{\"@id\":\"https:\/\/www.fiemg.com.br\/associativismo\/#organization\"},\"potentialAction\":[{\"@type\":\"SearchAction\",\"target\":{\"@type\":\"EntryPoint\",\"urlTemplate\":\"https:\/\/www.fiemg.com.br\/associativismo\/?s={search_term_string}\"},\"query-input\":{\"@type\":\"PropertyValueSpecification\",\"valueRequired\":true,\"valueName\":\"search_term_string\"}}],\"inLanguage\":\"pt-BR\"},{\"@type\":\"Organization\",\"@id\":\"https:\/\/www.fiemg.com.br\/associativismo\/#organization\",\"name\":\"Associativismo\",\"url\":\"https:\/\/www.fiemg.com.br\/associativismo\/\",\"logo\":{\"@type\":\"ImageObject\",\"inLanguage\":\"pt-BR\",\"@id\":\"https:\/\/www.fiemg.com.br\/associativismo\/#\/schema\/logo\/image\/\",\"url\":\"https:\/\/www.fiemg.com.br\/associativismo\/wp-content\/uploads\/sites\/29\/2023\/02\/fiemg_branco.svg\",\"contentUrl\":\"https:\/\/www.fiemg.com.br\/associativismo\/wp-content\/uploads\/sites\/29\/2023\/02\/fiemg_branco.svg\",\"width\":561,\"height\":147,\"caption\":\"Associativismo\"},\"image\":{\"@id\":\"https:\/\/www.fiemg.com.br\/associativismo\/#\/schema\/logo\/image\/\"}}]}<\/script>\n<!-- \/ Yoast SEO plugin. -->","yoast_head_json":{"title":"Imers\u00e3o Ind\u00fastria avalia desdobramentos da Reforma Tribut\u00e1ria - Associativismo","robots":{"index":"index","follow":"follow","max-snippet":"max-snippet:-1","max-image-preview":"max-image-preview:large","max-video-preview":"max-video-preview:-1"},"canonical":"https:\/\/www.fiemg.com.br\/associativismo\/noticias\/imersao-industria-avalia-desdobramentos-da-reforma-tributaria\/","og_locale":"pt_BR","og_type":"article","og_title":"Imers\u00e3o Ind\u00fastria avalia desdobramentos da Reforma Tribut\u00e1ria - Associativismo","og_description":"Os desafios na implementa\u00e7\u00e3o de mecanismos de regula\u00e7\u00e3o tribut\u00e1ria com ganhos de produtividade foram destaque do painel &#8220;Reformas necess\u00e1rias no Brasil para o desenvolvimento econ\u00f4mico, industrial e social&#8221; no Imers\u00e3o Ind\u00fastria &#8211;\u00a0 maior evento do setor em Minas Gerais &#8211; realizado no Minascentro. Doutor em Economia, professor e chefe do Centro de Crescimento Econ\u00f4mico do [&hellip;]","og_url":"https:\/\/www.fiemg.com.br\/associativismo\/noticias\/imersao-industria-avalia-desdobramentos-da-reforma-tributaria\/","og_site_name":"Associativismo","article_modified_time":"2024-10-03T15:34:26+00:00","og_image":[{"width":512,"height":512,"url":"https:\/\/www.fiemg.com.br\/associativismo\/wp-content\/uploads\/sites\/29\/2024\/10\/imin-2.jpg","type":"image\/jpeg"}],"twitter_card":"summary_large_image","twitter_misc":{"Est. tempo de leitura":"3 minutos"},"schema":{"@context":"https:\/\/schema.org","@graph":[{"@type":"WebPage","@id":"https:\/\/www.fiemg.com.br\/associativismo\/noticias\/imersao-industria-avalia-desdobramentos-da-reforma-tributaria\/","url":"https:\/\/www.fiemg.com.br\/associativismo\/noticias\/imersao-industria-avalia-desdobramentos-da-reforma-tributaria\/","name":"Imers\u00e3o Ind\u00fastria avalia desdobramentos da Reforma Tribut\u00e1ria - Associativismo","isPartOf":{"@id":"https:\/\/www.fiemg.com.br\/associativismo\/#website"},"primaryImageOfPage":{"@id":"https:\/\/www.fiemg.com.br\/associativismo\/noticias\/imersao-industria-avalia-desdobramentos-da-reforma-tributaria\/#primaryimage"},"image":{"@id":"https:\/\/www.fiemg.com.br\/associativismo\/noticias\/imersao-industria-avalia-desdobramentos-da-reforma-tributaria\/#primaryimage"},"thumbnailUrl":"https:\/\/www.fiemg.com.br\/associativismo\/wp-content\/uploads\/sites\/29\/2024\/10\/imin-2.jpg","datePublished":"2024-10-03T15:34:25+00:00","dateModified":"2024-10-03T15:34:26+00:00","breadcrumb":{"@id":"https:\/\/www.fiemg.com.br\/associativismo\/noticias\/imersao-industria-avalia-desdobramentos-da-reforma-tributaria\/#breadcrumb"},"inLanguage":"pt-BR","potentialAction":[{"@type":"ReadAction","target":["https:\/\/www.fiemg.com.br\/associativismo\/noticias\/imersao-industria-avalia-desdobramentos-da-reforma-tributaria\/"]}]},{"@type":"ImageObject","inLanguage":"pt-BR","@id":"https:\/\/www.fiemg.com.br\/associativismo\/noticias\/imersao-industria-avalia-desdobramentos-da-reforma-tributaria\/#primaryimage","url":"https:\/\/www.fiemg.com.br\/associativismo\/wp-content\/uploads\/sites\/29\/2024\/10\/imin-2.jpg","contentUrl":"https:\/\/www.fiemg.com.br\/associativismo\/wp-content\/uploads\/sites\/29\/2024\/10\/imin-2.jpg","width":512,"height":512},{"@type":"BreadcrumbList","@id":"https:\/\/www.fiemg.com.br\/associativismo\/noticias\/imersao-industria-avalia-desdobramentos-da-reforma-tributaria\/#breadcrumb","itemListElement":[{"@type":"ListItem","position":1,"name":"In\u00edcio","item":"https:\/\/www.fiemg.com.br\/associativismo\/"},{"@type":"ListItem","position":2,"name":"Imers\u00e3o Ind\u00fastria avalia desdobramentos da Reforma Tribut\u00e1ria"}]},{"@type":"WebSite","@id":"https:\/\/www.fiemg.com.br\/associativismo\/#website","url":"https:\/\/www.fiemg.com.br\/associativismo\/","name":"Associativismo","description":"Federa\u00e7\u00e3o das Ind\u00fastrias do Estado de Minas Gerais","publisher":{"@id":"https:\/\/www.fiemg.com.br\/associativismo\/#organization"},"potentialAction":[{"@type":"SearchAction","target":{"@type":"EntryPoint","urlTemplate":"https:\/\/www.fiemg.com.br\/associativismo\/?s={search_term_string}"},"query-input":{"@type":"PropertyValueSpecification","valueRequired":true,"valueName":"search_term_string"}}],"inLanguage":"pt-BR"},{"@type":"Organization","@id":"https:\/\/www.fiemg.com.br\/associativismo\/#organization","name":"Associativismo","url":"https:\/\/www.fiemg.com.br\/associativismo\/","logo":{"@type":"ImageObject","inLanguage":"pt-BR","@id":"https:\/\/www.fiemg.com.br\/associativismo\/#\/schema\/logo\/image\/","url":"https:\/\/www.fiemg.com.br\/associativismo\/wp-content\/uploads\/sites\/29\/2023\/02\/fiemg_branco.svg","contentUrl":"https:\/\/www.fiemg.com.br\/associativismo\/wp-content\/uploads\/sites\/29\/2023\/02\/fiemg_branco.svg","width":561,"height":147,"caption":"Associativismo"},"image":{"@id":"https:\/\/www.fiemg.com.br\/associativismo\/#\/schema\/logo\/image\/"}}]}},"_links":{"self":[{"href":"https:\/\/www.fiemg.com.br\/associativismo\/wp-json\/wp\/v2\/noticias\/3160","targetHints":{"allow":["GET"]}}],"collection":[{"href":"https:\/\/www.fiemg.com.br\/associativismo\/wp-json\/wp\/v2\/noticias"}],"about":[{"href":"https:\/\/www.fiemg.com.br\/associativismo\/wp-json\/wp\/v2\/types\/noticias"}],"wp:featuredmedia":[{"embeddable":true,"href":"https:\/\/www.fiemg.com.br\/associativismo\/wp-json\/wp\/v2\/media\/3164"}],"wp:attachment":[{"href":"https:\/\/www.fiemg.com.br\/associativismo\/wp-json\/wp\/v2\/media?parent=3160"}],"wp:term":[{"taxonomy":"category","embeddable":true,"href":"https:\/\/www.fiemg.com.br\/associativismo\/wp-json\/wp\/v2\/categories?post=3160"},{"taxonomy":"post_tag","embeddable":true,"href":"https:\/\/www.fiemg.com.br\/associativismo\/wp-json\/wp\/v2\/tags?post=3160"}],"curies":[{"name":"wp","href":"https:\/\/api.w.org\/{rel}","templated":true}]}}