{"id":3260,"date":"2024-10-24T16:57:56","date_gmt":"2024-10-24T19:57:56","guid":{"rendered":"https:\/\/www.fiemg.com.br\/associativismo\/noticias\/centro-universitario-una-marca-presenca-na-32a-edicao-do-minas-trend\/"},"modified":"2024-10-24T16:57:57","modified_gmt":"2024-10-24T19:57:57","slug":"centro-universitario-una-marca-presenca-na-32a-edicao-do-minas-trend","status":"publish","type":"noticias","link":"https:\/\/www.fiemg.com.br\/associativismo\/noticias\/centro-universitario-una-marca-presenca-na-32a-edicao-do-minas-trend\/","title":{"rendered":"Centro Universit\u00e1rio Una marca presen\u00e7a na 32\u00aa edi\u00e7\u00e3o do Minas Trend"},"content":{"rendered":"\n<p>Pela 6\u00aa vez consecutiva, o Centro Universit\u00e1rio Una, integrante do Ecossistema \u00c2nima, marcou presen\u00e7a no Minas Trend, um dos maiores sal\u00f5es de neg\u00f3cios de moda da Am\u00e9rica Latina, que chegou \u00e0 sua 32\u00aa edi\u00e7\u00e3o entre os dias 22 e 24 de outubro, no BH Shopping. Com o tema \u201cReflexos da Moda: Revelando Horizontes\u201d, o evento trouxe uma programa\u00e7\u00e3o que inclui atividades pr\u00e1ticas no Senai, al\u00e9m de desfiles e exposi\u00e7\u00f5es.<\/p>\n\n\n\n<p>A parceria entre a Una e a FIEMG consolida o Minas Trend como um espa\u00e7o estrat\u00e9gico para a forma\u00e7\u00e3o de futuros profissionais. Karolina Oliveira, l\u00edder da F\u00e1brica, N\u00facleo da Economia Criativa e professora da Una, destaca o valor da intera\u00e7\u00e3o entre estudantes e grandes nomes do mercado, refor\u00e7ando a relev\u00e2ncia de participar de um evento desse porte. \u201cEssa experi\u00eancia proporciona aos alunos uma viv\u00eancia \u00fanica, permitindo que eles apliquem na pr\u00e1tica o que aprendem em sala de aula, al\u00e9m de estreitarem la\u00e7os com profissionais renomados, fornecedores, marcas relevantes e entenderem as din\u00e2micas do mundo do trabalho\u201d, ressalta.<\/p>\n\n\n\n<p>Let\u00edcia Dias, supervisora do N\u00facleo de Moda da Una, que faz parte da F\u00e1brica, cita a oportunidade oferecida \u00e0 equipe multidisciplinar formada por alunos de Cinema e Audiovisual, Jornalismo, Moda e Publicidade e Propaganda. Eles puderam atuar tanto na cobertura do evento quanto na produ\u00e7\u00e3o de conte\u00fado para as redes sociais do Minas Trend e da FIEMG. &#8220;O trabalho em equipe permite que os alunos aprendam a valorizar a diversidade de pensamentos e habilidades, essenciais para enfrentar os desafios do mercado. Essa troca entre \u00e1reas cria um ambiente de aprendizado mais rico e prepara os alunos para atuarem de maneira integrada e eficiente no futuro profissional&#8221;, explica.<\/p>\n\n\n\n<p>De acordo com a supervisora, proporcionar experi\u00eancias reais, aproximar os alunos do mercado e gerar network s\u00e3o os principais objetivos da Una no sal\u00e3o de neg\u00f3cios. \u201cProporcionar a chance de se conectar diretamente com o mercado, ultrapassando as paredes da universidade, ampliando a rede de contatos e destacando habilidades em um cen\u00e1rio profissional, faz parte do processo de forma\u00e7\u00e3o para que tenhamos profissionais mais bem preparados ao ingressar no mercado de trabalho&#8221;, finaliza Let\u00edcia.<\/p>\n\n\n\n<p>J\u00e1 Andressa Castro, respons\u00e1vel por coordenar a equipe de alunos na gest\u00e3o de conte\u00fado para as redes sociais do evento, em parceria com a FIEMG, destaca o crescimento dos estudantes durante essa experi\u00eancia. &#8220;\u00c9 incr\u00edvel acompanhar o crescimento deles ao longo desses tr\u00eas dias. Participar de um grande evento de moda e ter a oportunidade de produzir conte\u00fado em parceria com assessorias de imprensa, alinhado \u00e0s estrat\u00e9gias de marcas como Una, Fiemg e Minas Trend, transforma a compreens\u00e3o de mercado dos nossos alunos. Al\u00e9m de promover o desenvolvimento pessoal, essa experi\u00eancia possibilita a intera\u00e7\u00e3o direta com os principais agentes do setor.&#8221;<\/p>\n\n\n\n<p><strong>Experi\u00eancia e empregabilidade<\/strong><\/p>\n\n\n\n<p>A intera\u00e7\u00e3o entre academia e ind\u00fastria tem o intuito de levar novas solu\u00e7\u00f5es para produtos e servi\u00e7os, formar profissionais mais preparados e unir conhecimento t\u00e9cnico e te\u00f3rico com a pr\u00e1tica da atividade reais.<\/p>\n\n\n\n<p>Estudante do 2\u00ba per\u00edodo de Jornalismo, Emmanuel Victor garante que a experi\u00eancia tem sido enriquecedora. \u201cFuturamente, pretendo trabalhar na \u00e1rea de moda, e esse primeiro contato \u00e9 um verdadeiro divisor de \u00e1guas. Est\u00e1 sendo fant\u00e1stico! Estou ampliando meu conhecimento para al\u00e9m do jornalismo\u201d, diz.<\/p>\n\n\n\n<p>Para Samara Lage, que est\u00e1 cursando o 2\u00ba per\u00edodo de Moda, participar do Minas Trend torna sua jornada acad\u00eamica mais produtiva. \u201cEstar presente nesses grandes eventos desde o in\u00edcio faz com que adquiramos mais conhecimento, conte\u00fado e networking, e isso agrega muito \u00e0 forma\u00e7\u00e3o\u201d, comenta.<\/p>\n\n\n\n<p><strong>Parcerias<\/strong><\/p>\n\n\n\n<p>O Minas Trend \u00e9 uma realiza\u00e7\u00e3o da FIEMG, por iniciativa de sua C\u00e2mara da Ind\u00fastria do Vestu\u00e1rio e Acess\u00f3rios, e suas entidades SESI e SENAI, com patroc\u00ednio m\u00e1ster da Companhia de Desenvolvimento de Minas Gerais (CODEMGE), patroc\u00ednios da C\u00e2mara de Dirigentes Lojistas de Belo Horizonte (CDL\/BH), do Servi\u00e7o Nacional de Aprendizagem Comercial \u2013 SENAC\/Fecom\u00e9rcio e da Ventana Serra do Brasil e apoio m\u00e1ster do SEBRAE Minas e apoio do Centro Universit\u00e1rio UNA.<\/p>\n","protected":false},"featured_media":3261,"template":"","categories":[15],"tags":[],"class_list":["post-3260","noticias","type-noticias","status-publish","has-post-thumbnail","hentry","category-desenvolvimento-industrial"],"acf":[],"yoast_head":"<!-- This site is optimized with the Yoast SEO plugin v26.2 - https:\/\/yoast.com\/wordpress\/plugins\/seo\/ -->\n<title>Centro Universit\u00e1rio Una marca presen\u00e7a na 32\u00aa edi\u00e7\u00e3o do Minas Trend - Associativismo<\/title>\n<meta name=\"robots\" content=\"index, follow, max-snippet:-1, max-image-preview:large, max-video-preview:-1\" \/>\n<link rel=\"canonical\" href=\"https:\/\/www.fiemg.com.br\/associativismo\/noticias\/centro-universitario-una-marca-presenca-na-32a-edicao-do-minas-trend\/\" \/>\n<meta property=\"og:locale\" content=\"pt_BR\" \/>\n<meta property=\"og:type\" content=\"article\" \/>\n<meta property=\"og:title\" content=\"Centro Universit\u00e1rio Una marca presen\u00e7a na 32\u00aa edi\u00e7\u00e3o do Minas Trend - Associativismo\" \/>\n<meta property=\"og:description\" content=\"Pela 6\u00aa vez consecutiva, o Centro Universit\u00e1rio Una, integrante do Ecossistema \u00c2nima, marcou presen\u00e7a no Minas Trend, um dos maiores sal\u00f5es de neg\u00f3cios de moda da Am\u00e9rica Latina, que chegou \u00e0 sua 32\u00aa edi\u00e7\u00e3o entre os dias 22 e 24 de outubro, no BH Shopping. Com o tema \u201cReflexos da Moda: Revelando Horizontes\u201d, o evento [&hellip;]\" \/>\n<meta property=\"og:url\" content=\"https:\/\/www.fiemg.com.br\/associativismo\/noticias\/centro-universitario-una-marca-presenca-na-32a-edicao-do-minas-trend\/\" \/>\n<meta property=\"og:site_name\" content=\"Associativismo\" \/>\n<meta property=\"article:modified_time\" content=\"2024-10-24T19:57:57+00:00\" \/>\n<meta property=\"og:image\" content=\"https:\/\/www.fiemg.com.br\/associativismo\/wp-content\/uploads\/sites\/29\/2024\/10\/Thumb-Noticia-19.jpg\" \/>\n\t<meta property=\"og:image:width\" content=\"512\" \/>\n\t<meta property=\"og:image:height\" content=\"512\" \/>\n\t<meta property=\"og:image:type\" content=\"image\/jpeg\" \/>\n<meta name=\"twitter:card\" content=\"summary_large_image\" \/>\n<meta name=\"twitter:label1\" content=\"Est. tempo de leitura\" \/>\n\t<meta name=\"twitter:data1\" content=\"4 minutos\" \/>\n<script type=\"application\/ld+json\" class=\"yoast-schema-graph\">{\"@context\":\"https:\/\/schema.org\",\"@graph\":[{\"@type\":\"WebPage\",\"@id\":\"https:\/\/www.fiemg.com.br\/associativismo\/noticias\/centro-universitario-una-marca-presenca-na-32a-edicao-do-minas-trend\/\",\"url\":\"https:\/\/www.fiemg.com.br\/associativismo\/noticias\/centro-universitario-una-marca-presenca-na-32a-edicao-do-minas-trend\/\",\"name\":\"Centro Universit\u00e1rio Una marca presen\u00e7a na 32\u00aa edi\u00e7\u00e3o do Minas Trend - Associativismo\",\"isPartOf\":{\"@id\":\"https:\/\/www.fiemg.com.br\/associativismo\/#website\"},\"primaryImageOfPage\":{\"@id\":\"https:\/\/www.fiemg.com.br\/associativismo\/noticias\/centro-universitario-una-marca-presenca-na-32a-edicao-do-minas-trend\/#primaryimage\"},\"image\":{\"@id\":\"https:\/\/www.fiemg.com.br\/associativismo\/noticias\/centro-universitario-una-marca-presenca-na-32a-edicao-do-minas-trend\/#primaryimage\"},\"thumbnailUrl\":\"https:\/\/www.fiemg.com.br\/associativismo\/wp-content\/uploads\/sites\/29\/2024\/10\/Thumb-Noticia-19.jpg\",\"datePublished\":\"2024-10-24T19:57:56+00:00\",\"dateModified\":\"2024-10-24T19:57:57+00:00\",\"breadcrumb\":{\"@id\":\"https:\/\/www.fiemg.com.br\/associativismo\/noticias\/centro-universitario-una-marca-presenca-na-32a-edicao-do-minas-trend\/#breadcrumb\"},\"inLanguage\":\"pt-BR\",\"potentialAction\":[{\"@type\":\"ReadAction\",\"target\":[\"https:\/\/www.fiemg.com.br\/associativismo\/noticias\/centro-universitario-una-marca-presenca-na-32a-edicao-do-minas-trend\/\"]}]},{\"@type\":\"ImageObject\",\"inLanguage\":\"pt-BR\",\"@id\":\"https:\/\/www.fiemg.com.br\/associativismo\/noticias\/centro-universitario-una-marca-presenca-na-32a-edicao-do-minas-trend\/#primaryimage\",\"url\":\"https:\/\/www.fiemg.com.br\/associativismo\/wp-content\/uploads\/sites\/29\/2024\/10\/Thumb-Noticia-19.jpg\",\"contentUrl\":\"https:\/\/www.fiemg.com.br\/associativismo\/wp-content\/uploads\/sites\/29\/2024\/10\/Thumb-Noticia-19.jpg\",\"width\":512,\"height\":512},{\"@type\":\"BreadcrumbList\",\"@id\":\"https:\/\/www.fiemg.com.br\/associativismo\/noticias\/centro-universitario-una-marca-presenca-na-32a-edicao-do-minas-trend\/#breadcrumb\",\"itemListElement\":[{\"@type\":\"ListItem\",\"position\":1,\"name\":\"In\u00edcio\",\"item\":\"https:\/\/www.fiemg.com.br\/associativismo\/\"},{\"@type\":\"ListItem\",\"position\":2,\"name\":\"Centro Universit\u00e1rio Una marca presen\u00e7a na 32\u00aa edi\u00e7\u00e3o do Minas Trend\"}]},{\"@type\":\"WebSite\",\"@id\":\"https:\/\/www.fiemg.com.br\/associativismo\/#website\",\"url\":\"https:\/\/www.fiemg.com.br\/associativismo\/\",\"name\":\"Associativismo\",\"description\":\"Federa\u00e7\u00e3o das Ind\u00fastrias do Estado de Minas Gerais\",\"publisher\":{\"@id\":\"https:\/\/www.fiemg.com.br\/associativismo\/#organization\"},\"potentialAction\":[{\"@type\":\"SearchAction\",\"target\":{\"@type\":\"EntryPoint\",\"urlTemplate\":\"https:\/\/www.fiemg.com.br\/associativismo\/?s={search_term_string}\"},\"query-input\":{\"@type\":\"PropertyValueSpecification\",\"valueRequired\":true,\"valueName\":\"search_term_string\"}}],\"inLanguage\":\"pt-BR\"},{\"@type\":\"Organization\",\"@id\":\"https:\/\/www.fiemg.com.br\/associativismo\/#organization\",\"name\":\"Associativismo\",\"url\":\"https:\/\/www.fiemg.com.br\/associativismo\/\",\"logo\":{\"@type\":\"ImageObject\",\"inLanguage\":\"pt-BR\",\"@id\":\"https:\/\/www.fiemg.com.br\/associativismo\/#\/schema\/logo\/image\/\",\"url\":\"https:\/\/www.fiemg.com.br\/associativismo\/wp-content\/uploads\/sites\/29\/2023\/02\/fiemg_branco.svg\",\"contentUrl\":\"https:\/\/www.fiemg.com.br\/associativismo\/wp-content\/uploads\/sites\/29\/2023\/02\/fiemg_branco.svg\",\"width\":561,\"height\":147,\"caption\":\"Associativismo\"},\"image\":{\"@id\":\"https:\/\/www.fiemg.com.br\/associativismo\/#\/schema\/logo\/image\/\"}}]}<\/script>\n<!-- \/ Yoast SEO plugin. -->","yoast_head_json":{"title":"Centro Universit\u00e1rio Una marca presen\u00e7a na 32\u00aa edi\u00e7\u00e3o do Minas Trend - Associativismo","robots":{"index":"index","follow":"follow","max-snippet":"max-snippet:-1","max-image-preview":"max-image-preview:large","max-video-preview":"max-video-preview:-1"},"canonical":"https:\/\/www.fiemg.com.br\/associativismo\/noticias\/centro-universitario-una-marca-presenca-na-32a-edicao-do-minas-trend\/","og_locale":"pt_BR","og_type":"article","og_title":"Centro Universit\u00e1rio Una marca presen\u00e7a na 32\u00aa edi\u00e7\u00e3o do Minas Trend - Associativismo","og_description":"Pela 6\u00aa vez consecutiva, o Centro Universit\u00e1rio Una, integrante do Ecossistema \u00c2nima, marcou presen\u00e7a no Minas Trend, um dos maiores sal\u00f5es de neg\u00f3cios de moda da Am\u00e9rica Latina, que chegou \u00e0 sua 32\u00aa edi\u00e7\u00e3o entre os dias 22 e 24 de outubro, no BH Shopping. Com o tema \u201cReflexos da Moda: Revelando Horizontes\u201d, o evento [&hellip;]","og_url":"https:\/\/www.fiemg.com.br\/associativismo\/noticias\/centro-universitario-una-marca-presenca-na-32a-edicao-do-minas-trend\/","og_site_name":"Associativismo","article_modified_time":"2024-10-24T19:57:57+00:00","og_image":[{"width":512,"height":512,"url":"https:\/\/www.fiemg.com.br\/associativismo\/wp-content\/uploads\/sites\/29\/2024\/10\/Thumb-Noticia-19.jpg","type":"image\/jpeg"}],"twitter_card":"summary_large_image","twitter_misc":{"Est. tempo de leitura":"4 minutos"},"schema":{"@context":"https:\/\/schema.org","@graph":[{"@type":"WebPage","@id":"https:\/\/www.fiemg.com.br\/associativismo\/noticias\/centro-universitario-una-marca-presenca-na-32a-edicao-do-minas-trend\/","url":"https:\/\/www.fiemg.com.br\/associativismo\/noticias\/centro-universitario-una-marca-presenca-na-32a-edicao-do-minas-trend\/","name":"Centro Universit\u00e1rio Una marca presen\u00e7a na 32\u00aa edi\u00e7\u00e3o do Minas Trend - Associativismo","isPartOf":{"@id":"https:\/\/www.fiemg.com.br\/associativismo\/#website"},"primaryImageOfPage":{"@id":"https:\/\/www.fiemg.com.br\/associativismo\/noticias\/centro-universitario-una-marca-presenca-na-32a-edicao-do-minas-trend\/#primaryimage"},"image":{"@id":"https:\/\/www.fiemg.com.br\/associativismo\/noticias\/centro-universitario-una-marca-presenca-na-32a-edicao-do-minas-trend\/#primaryimage"},"thumbnailUrl":"https:\/\/www.fiemg.com.br\/associativismo\/wp-content\/uploads\/sites\/29\/2024\/10\/Thumb-Noticia-19.jpg","datePublished":"2024-10-24T19:57:56+00:00","dateModified":"2024-10-24T19:57:57+00:00","breadcrumb":{"@id":"https:\/\/www.fiemg.com.br\/associativismo\/noticias\/centro-universitario-una-marca-presenca-na-32a-edicao-do-minas-trend\/#breadcrumb"},"inLanguage":"pt-BR","potentialAction":[{"@type":"ReadAction","target":["https:\/\/www.fiemg.com.br\/associativismo\/noticias\/centro-universitario-una-marca-presenca-na-32a-edicao-do-minas-trend\/"]}]},{"@type":"ImageObject","inLanguage":"pt-BR","@id":"https:\/\/www.fiemg.com.br\/associativismo\/noticias\/centro-universitario-una-marca-presenca-na-32a-edicao-do-minas-trend\/#primaryimage","url":"https:\/\/www.fiemg.com.br\/associativismo\/wp-content\/uploads\/sites\/29\/2024\/10\/Thumb-Noticia-19.jpg","contentUrl":"https:\/\/www.fiemg.com.br\/associativismo\/wp-content\/uploads\/sites\/29\/2024\/10\/Thumb-Noticia-19.jpg","width":512,"height":512},{"@type":"BreadcrumbList","@id":"https:\/\/www.fiemg.com.br\/associativismo\/noticias\/centro-universitario-una-marca-presenca-na-32a-edicao-do-minas-trend\/#breadcrumb","itemListElement":[{"@type":"ListItem","position":1,"name":"In\u00edcio","item":"https:\/\/www.fiemg.com.br\/associativismo\/"},{"@type":"ListItem","position":2,"name":"Centro Universit\u00e1rio Una marca presen\u00e7a na 32\u00aa edi\u00e7\u00e3o do Minas Trend"}]},{"@type":"WebSite","@id":"https:\/\/www.fiemg.com.br\/associativismo\/#website","url":"https:\/\/www.fiemg.com.br\/associativismo\/","name":"Associativismo","description":"Federa\u00e7\u00e3o das Ind\u00fastrias do Estado de Minas Gerais","publisher":{"@id":"https:\/\/www.fiemg.com.br\/associativismo\/#organization"},"potentialAction":[{"@type":"SearchAction","target":{"@type":"EntryPoint","urlTemplate":"https:\/\/www.fiemg.com.br\/associativismo\/?s={search_term_string}"},"query-input":{"@type":"PropertyValueSpecification","valueRequired":true,"valueName":"search_term_string"}}],"inLanguage":"pt-BR"},{"@type":"Organization","@id":"https:\/\/www.fiemg.com.br\/associativismo\/#organization","name":"Associativismo","url":"https:\/\/www.fiemg.com.br\/associativismo\/","logo":{"@type":"ImageObject","inLanguage":"pt-BR","@id":"https:\/\/www.fiemg.com.br\/associativismo\/#\/schema\/logo\/image\/","url":"https:\/\/www.fiemg.com.br\/associativismo\/wp-content\/uploads\/sites\/29\/2023\/02\/fiemg_branco.svg","contentUrl":"https:\/\/www.fiemg.com.br\/associativismo\/wp-content\/uploads\/sites\/29\/2023\/02\/fiemg_branco.svg","width":561,"height":147,"caption":"Associativismo"},"image":{"@id":"https:\/\/www.fiemg.com.br\/associativismo\/#\/schema\/logo\/image\/"}}]}},"_links":{"self":[{"href":"https:\/\/www.fiemg.com.br\/associativismo\/wp-json\/wp\/v2\/noticias\/3260","targetHints":{"allow":["GET"]}}],"collection":[{"href":"https:\/\/www.fiemg.com.br\/associativismo\/wp-json\/wp\/v2\/noticias"}],"about":[{"href":"https:\/\/www.fiemg.com.br\/associativismo\/wp-json\/wp\/v2\/types\/noticias"}],"wp:featuredmedia":[{"embeddable":true,"href":"https:\/\/www.fiemg.com.br\/associativismo\/wp-json\/wp\/v2\/media\/3261"}],"wp:attachment":[{"href":"https:\/\/www.fiemg.com.br\/associativismo\/wp-json\/wp\/v2\/media?parent=3260"}],"wp:term":[{"taxonomy":"category","embeddable":true,"href":"https:\/\/www.fiemg.com.br\/associativismo\/wp-json\/wp\/v2\/categories?post=3260"},{"taxonomy":"post_tag","embeddable":true,"href":"https:\/\/www.fiemg.com.br\/associativismo\/wp-json\/wp\/v2\/tags?post=3260"}],"curies":[{"name":"wp","href":"https:\/\/api.w.org\/{rel}","templated":true}]}}