{"id":3301,"date":"2024-10-31T13:43:51","date_gmt":"2024-10-31T16:43:51","guid":{"rendered":"https:\/\/www.fiemg.com.br\/associativismo\/noticias\/governador-romeu-zema-confirma-participacao-em-missao-da-fiemg-a-china\/"},"modified":"2024-10-31T14:22:47","modified_gmt":"2024-10-31T17:22:47","slug":"governador-romeu-zema-confirma-participacao-em-missao-da-fiemg-a-china","status":"publish","type":"noticias","link":"https:\/\/www.fiemg.com.br\/associativismo\/noticias\/governador-romeu-zema-confirma-participacao-em-missao-da-fiemg-a-china\/","title":{"rendered":"Governador Romeu Zema confirma participa\u00e7\u00e3o em miss\u00e3o da FIEMG \u00e0 China"},"content":{"rendered":"\n<p><\/p>\n\n\n\n<p>O governador Romeu Zema participar\u00e1, a partir do dia 4 de novembro, da Miss\u00e3o China, organizada pela Federa\u00e7\u00e3o das Ind\u00fastrias do Estado de Minas Gerais (FIEMG). O objetivo da iniciativa \u00e9 levar empres\u00e1rios mineiros, lideran\u00e7as sindicais e autoridades governamentais para conhecer o mercado chin\u00eas, buscar fornecedores e investimentos e ampliar a presen\u00e7a de produtos mineiros no mercado internacional.<\/p>\n\n\n\n<p>Al\u00e9m do governador, v\u00e3o compor a delega\u00e7\u00e3o mineira os secret\u00e1rios de Estado da Casa Civil, Marcelo Aro, e de Desenvolvimento Econ\u00f4mico, Fernando Passalio, e o presidente da Invest Minas, Jo\u00e3o Paulo Braga. Uma comitiva de parlamentares mineiros, al\u00e9m da prefeita de Vespasiano, Ilce Rocha, tamb\u00e9m participar\u00e3o da Miss\u00e3o.<\/p>\n\n\n\n<p>J\u00e1 a delega\u00e7\u00e3o empresarial \u00e9 formada por 42 industriais dos setores de extrativismo e minera\u00e7\u00e3o, alimentos e bebidas, m\u00e1quinas e equipamentos, constru\u00e7\u00e3o civil e metal mec\u00e2nica.<\/p>\n\n\n\n<p>A miss\u00e3o acontecer\u00e1 entre 4 e 8 de novembro e conta com capacita\u00e7\u00f5es empresariais, visitas t\u00e9cnicas a ind\u00fastrias chinesas e a participa\u00e7\u00e3o na China International Import Expo (CIIE), considerada a maior feira de importa\u00e7\u00e3o do pa\u00eds. Al\u00e9m disso, a programa\u00e7\u00e3o prev\u00ea ainda a realiza\u00e7\u00e3o do Brazil China Business Forum, voltado aos participantes da miss\u00e3o e empres\u00e1rios chineses cujo objetivo \u00e9 discutir temas fundamentais para as rela\u00e7\u00f5es comerciais e econ\u00f4micas entre os pa\u00edses, visando oportunidades de neg\u00f3cios e networking.<\/p>\n\n\n\n<p>Al\u00e9m do f\u00f3rum, a FIEMG tamb\u00e9m promover\u00e1 durante a Miss\u00e3o China o jantar &#8220;The Bearer of The Future&#8221;, que vai homenagear um empres\u00e1rio mineiro comprometido em desenvolver solu\u00e7\u00f5es sustent\u00e1veis para garantir o amanh\u00e3.<\/p>\n\n\n\n<p>A Miss\u00e3o \u00e9 uma realiza\u00e7\u00e3o da FIEMG e tem patroc\u00ednio m\u00e1ster da Companhia de Desenvolvimento de Minas Gerais (Codemge), patroc\u00ednio ouro da CBMM, J. Mendes e Vale e patroc\u00ednio prata da Anglo American.<\/p>\n\n\n\n<p><strong>Miss\u00e3o China<\/strong><\/p>\n\n\n\n<p>Essa \u00e9 a segunda edi\u00e7\u00e3o da Miss\u00e3o China, que aconteceu pela primeira vez no ano passado e trouxe importantes retornos aos empres\u00e1rios que participaram. Na ocasi\u00e3o, a FIEMG levou ao pa\u00eds asi\u00e1tico uma delega\u00e7\u00e3o composta por 185 empres\u00e1rios mineiros, parlamentares e o governador Romeu Zema.<\/p>\n\n\n\n<p>Ao todo foram realizadas 15 visitas t\u00e9cnicas, al\u00e9m da participa\u00e7\u00e3o na China International Import Expo (CIIE), considerada uma das dez maiores feiras multissetoriais do mundo. O saldo foram investimentos da ordem de R$800 milh\u00f5es para Minas e o an\u00fancio da instala\u00e7\u00e3o de unidades de quatro empresas chinesas no Estado.<\/p>\n\n\n\n<p><em>Tha\u00eds Mota<\/em><br><strong>Imprensa FIEMG<\/strong><\/p>\n","protected":false},"featured_media":2889,"template":"","categories":[15],"tags":[46,918,424,659],"class_list":["post-3301","noticias","type-noticias","status-publish","has-post-thumbnail","hentry","category-desenvolvimento-industrial","tag-fiemg","tag-governador","tag-missao-china","tag-romeu-zema"],"acf":[],"yoast_head":"<!-- This site is optimized with the Yoast SEO plugin v26.2 - https:\/\/yoast.com\/wordpress\/plugins\/seo\/ -->\n<title>Governador Romeu Zema confirma participa\u00e7\u00e3o em miss\u00e3o da FIEMG \u00e0 China - Associativismo<\/title>\n<meta name=\"description\" content=\"Miss\u00e3o China, realizada entre os dias 4 e 8 de novembro, visa ampliar as rela\u00e7\u00f5es comerciais entre Minas e o pa\u00eds asi\u00e1tico\" \/>\n<meta name=\"robots\" content=\"index, follow, max-snippet:-1, max-image-preview:large, max-video-preview:-1\" \/>\n<link rel=\"canonical\" href=\"https:\/\/www.fiemg.com.br\/associativismo\/noticias\/governador-romeu-zema-confirma-participacao-em-missao-da-fiemg-a-china\/\" \/>\n<meta property=\"og:locale\" content=\"pt_BR\" \/>\n<meta property=\"og:type\" content=\"article\" \/>\n<meta property=\"og:title\" content=\"Governador Romeu Zema confirma participa\u00e7\u00e3o em miss\u00e3o da FIEMG \u00e0 China - Associativismo\" \/>\n<meta property=\"og:description\" content=\"Miss\u00e3o China, realizada entre os dias 4 e 8 de novembro, visa ampliar as rela\u00e7\u00f5es comerciais entre Minas e o pa\u00eds asi\u00e1tico\" \/>\n<meta property=\"og:url\" content=\"https:\/\/www.fiemg.com.br\/associativismo\/noticias\/governador-romeu-zema-confirma-participacao-em-missao-da-fiemg-a-china\/\" \/>\n<meta property=\"og:site_name\" content=\"Associativismo\" \/>\n<meta property=\"article:modified_time\" content=\"2024-10-31T17:22:47+00:00\" \/>\n<meta property=\"og:image\" content=\"https:\/\/www.fiemg.com.br\/associativismo\/wp-content\/uploads\/sites\/29\/2024\/08\/Missao_China_512x512.png\" \/>\n\t<meta property=\"og:image:width\" content=\"512\" \/>\n\t<meta property=\"og:image:height\" content=\"512\" \/>\n\t<meta property=\"og:image:type\" content=\"image\/png\" \/>\n<meta name=\"twitter:card\" content=\"summary_large_image\" \/>\n<meta name=\"twitter:label1\" content=\"Est. tempo de leitura\" \/>\n\t<meta name=\"twitter:data1\" content=\"3 minutos\" \/>\n<script type=\"application\/ld+json\" class=\"yoast-schema-graph\">{\"@context\":\"https:\/\/schema.org\",\"@graph\":[{\"@type\":\"WebPage\",\"@id\":\"https:\/\/www.fiemg.com.br\/associativismo\/noticias\/governador-romeu-zema-confirma-participacao-em-missao-da-fiemg-a-china\/\",\"url\":\"https:\/\/www.fiemg.com.br\/associativismo\/noticias\/governador-romeu-zema-confirma-participacao-em-missao-da-fiemg-a-china\/\",\"name\":\"Governador Romeu Zema confirma participa\u00e7\u00e3o em miss\u00e3o da FIEMG \u00e0 China - Associativismo\",\"isPartOf\":{\"@id\":\"https:\/\/www.fiemg.com.br\/associativismo\/#website\"},\"primaryImageOfPage\":{\"@id\":\"https:\/\/www.fiemg.com.br\/associativismo\/noticias\/governador-romeu-zema-confirma-participacao-em-missao-da-fiemg-a-china\/#primaryimage\"},\"image\":{\"@id\":\"https:\/\/www.fiemg.com.br\/associativismo\/noticias\/governador-romeu-zema-confirma-participacao-em-missao-da-fiemg-a-china\/#primaryimage\"},\"thumbnailUrl\":\"https:\/\/www.fiemg.com.br\/associativismo\/wp-content\/uploads\/sites\/29\/2024\/08\/Missao_China_512x512.png\",\"datePublished\":\"2024-10-31T16:43:51+00:00\",\"dateModified\":\"2024-10-31T17:22:47+00:00\",\"description\":\"Miss\u00e3o China, realizada entre os dias 4 e 8 de novembro, visa ampliar as rela\u00e7\u00f5es comerciais entre Minas e o pa\u00eds asi\u00e1tico\",\"breadcrumb\":{\"@id\":\"https:\/\/www.fiemg.com.br\/associativismo\/noticias\/governador-romeu-zema-confirma-participacao-em-missao-da-fiemg-a-china\/#breadcrumb\"},\"inLanguage\":\"pt-BR\",\"potentialAction\":[{\"@type\":\"ReadAction\",\"target\":[\"https:\/\/www.fiemg.com.br\/associativismo\/noticias\/governador-romeu-zema-confirma-participacao-em-missao-da-fiemg-a-china\/\"]}]},{\"@type\":\"ImageObject\",\"inLanguage\":\"pt-BR\",\"@id\":\"https:\/\/www.fiemg.com.br\/associativismo\/noticias\/governador-romeu-zema-confirma-participacao-em-missao-da-fiemg-a-china\/#primaryimage\",\"url\":\"https:\/\/www.fiemg.com.br\/associativismo\/wp-content\/uploads\/sites\/29\/2024\/08\/Missao_China_512x512.png\",\"contentUrl\":\"https:\/\/www.fiemg.com.br\/associativismo\/wp-content\/uploads\/sites\/29\/2024\/08\/Missao_China_512x512.png\",\"width\":512,\"height\":512},{\"@type\":\"BreadcrumbList\",\"@id\":\"https:\/\/www.fiemg.com.br\/associativismo\/noticias\/governador-romeu-zema-confirma-participacao-em-missao-da-fiemg-a-china\/#breadcrumb\",\"itemListElement\":[{\"@type\":\"ListItem\",\"position\":1,\"name\":\"In\u00edcio\",\"item\":\"https:\/\/www.fiemg.com.br\/associativismo\/\"},{\"@type\":\"ListItem\",\"position\":2,\"name\":\"Governador Romeu Zema confirma participa\u00e7\u00e3o em miss\u00e3o da FIEMG \u00e0 China\"}]},{\"@type\":\"WebSite\",\"@id\":\"https:\/\/www.fiemg.com.br\/associativismo\/#website\",\"url\":\"https:\/\/www.fiemg.com.br\/associativismo\/\",\"name\":\"Associativismo\",\"description\":\"Federa\u00e7\u00e3o das Ind\u00fastrias do Estado de Minas Gerais\",\"publisher\":{\"@id\":\"https:\/\/www.fiemg.com.br\/associativismo\/#organization\"},\"potentialAction\":[{\"@type\":\"SearchAction\",\"target\":{\"@type\":\"EntryPoint\",\"urlTemplate\":\"https:\/\/www.fiemg.com.br\/associativismo\/?s={search_term_string}\"},\"query-input\":{\"@type\":\"PropertyValueSpecification\",\"valueRequired\":true,\"valueName\":\"search_term_string\"}}],\"inLanguage\":\"pt-BR\"},{\"@type\":\"Organization\",\"@id\":\"https:\/\/www.fiemg.com.br\/associativismo\/#organization\",\"name\":\"Associativismo\",\"url\":\"https:\/\/www.fiemg.com.br\/associativismo\/\",\"logo\":{\"@type\":\"ImageObject\",\"inLanguage\":\"pt-BR\",\"@id\":\"https:\/\/www.fiemg.com.br\/associativismo\/#\/schema\/logo\/image\/\",\"url\":\"https:\/\/www.fiemg.com.br\/associativismo\/wp-content\/uploads\/sites\/29\/2023\/02\/fiemg_branco.svg\",\"contentUrl\":\"https:\/\/www.fiemg.com.br\/associativismo\/wp-content\/uploads\/sites\/29\/2023\/02\/fiemg_branco.svg\",\"width\":561,\"height\":147,\"caption\":\"Associativismo\"},\"image\":{\"@id\":\"https:\/\/www.fiemg.com.br\/associativismo\/#\/schema\/logo\/image\/\"}}]}<\/script>\n<!-- \/ Yoast SEO plugin. -->","yoast_head_json":{"title":"Governador Romeu Zema confirma participa\u00e7\u00e3o em miss\u00e3o da FIEMG \u00e0 China - Associativismo","description":"Miss\u00e3o China, realizada entre os dias 4 e 8 de novembro, visa ampliar as rela\u00e7\u00f5es comerciais entre Minas e o pa\u00eds asi\u00e1tico","robots":{"index":"index","follow":"follow","max-snippet":"max-snippet:-1","max-image-preview":"max-image-preview:large","max-video-preview":"max-video-preview:-1"},"canonical":"https:\/\/www.fiemg.com.br\/associativismo\/noticias\/governador-romeu-zema-confirma-participacao-em-missao-da-fiemg-a-china\/","og_locale":"pt_BR","og_type":"article","og_title":"Governador Romeu Zema confirma participa\u00e7\u00e3o em miss\u00e3o da FIEMG \u00e0 China - Associativismo","og_description":"Miss\u00e3o China, realizada entre os dias 4 e 8 de novembro, visa ampliar as rela\u00e7\u00f5es comerciais entre Minas e o pa\u00eds asi\u00e1tico","og_url":"https:\/\/www.fiemg.com.br\/associativismo\/noticias\/governador-romeu-zema-confirma-participacao-em-missao-da-fiemg-a-china\/","og_site_name":"Associativismo","article_modified_time":"2024-10-31T17:22:47+00:00","og_image":[{"width":512,"height":512,"url":"https:\/\/www.fiemg.com.br\/associativismo\/wp-content\/uploads\/sites\/29\/2024\/08\/Missao_China_512x512.png","type":"image\/png"}],"twitter_card":"summary_large_image","twitter_misc":{"Est. tempo de leitura":"3 minutos"},"schema":{"@context":"https:\/\/schema.org","@graph":[{"@type":"WebPage","@id":"https:\/\/www.fiemg.com.br\/associativismo\/noticias\/governador-romeu-zema-confirma-participacao-em-missao-da-fiemg-a-china\/","url":"https:\/\/www.fiemg.com.br\/associativismo\/noticias\/governador-romeu-zema-confirma-participacao-em-missao-da-fiemg-a-china\/","name":"Governador Romeu Zema confirma participa\u00e7\u00e3o em miss\u00e3o da FIEMG \u00e0 China - Associativismo","isPartOf":{"@id":"https:\/\/www.fiemg.com.br\/associativismo\/#website"},"primaryImageOfPage":{"@id":"https:\/\/www.fiemg.com.br\/associativismo\/noticias\/governador-romeu-zema-confirma-participacao-em-missao-da-fiemg-a-china\/#primaryimage"},"image":{"@id":"https:\/\/www.fiemg.com.br\/associativismo\/noticias\/governador-romeu-zema-confirma-participacao-em-missao-da-fiemg-a-china\/#primaryimage"},"thumbnailUrl":"https:\/\/www.fiemg.com.br\/associativismo\/wp-content\/uploads\/sites\/29\/2024\/08\/Missao_China_512x512.png","datePublished":"2024-10-31T16:43:51+00:00","dateModified":"2024-10-31T17:22:47+00:00","description":"Miss\u00e3o China, realizada entre os dias 4 e 8 de novembro, visa ampliar as rela\u00e7\u00f5es comerciais entre Minas e o pa\u00eds asi\u00e1tico","breadcrumb":{"@id":"https:\/\/www.fiemg.com.br\/associativismo\/noticias\/governador-romeu-zema-confirma-participacao-em-missao-da-fiemg-a-china\/#breadcrumb"},"inLanguage":"pt-BR","potentialAction":[{"@type":"ReadAction","target":["https:\/\/www.fiemg.com.br\/associativismo\/noticias\/governador-romeu-zema-confirma-participacao-em-missao-da-fiemg-a-china\/"]}]},{"@type":"ImageObject","inLanguage":"pt-BR","@id":"https:\/\/www.fiemg.com.br\/associativismo\/noticias\/governador-romeu-zema-confirma-participacao-em-missao-da-fiemg-a-china\/#primaryimage","url":"https:\/\/www.fiemg.com.br\/associativismo\/wp-content\/uploads\/sites\/29\/2024\/08\/Missao_China_512x512.png","contentUrl":"https:\/\/www.fiemg.com.br\/associativismo\/wp-content\/uploads\/sites\/29\/2024\/08\/Missao_China_512x512.png","width":512,"height":512},{"@type":"BreadcrumbList","@id":"https:\/\/www.fiemg.com.br\/associativismo\/noticias\/governador-romeu-zema-confirma-participacao-em-missao-da-fiemg-a-china\/#breadcrumb","itemListElement":[{"@type":"ListItem","position":1,"name":"In\u00edcio","item":"https:\/\/www.fiemg.com.br\/associativismo\/"},{"@type":"ListItem","position":2,"name":"Governador Romeu Zema confirma participa\u00e7\u00e3o em miss\u00e3o da FIEMG \u00e0 China"}]},{"@type":"WebSite","@id":"https:\/\/www.fiemg.com.br\/associativismo\/#website","url":"https:\/\/www.fiemg.com.br\/associativismo\/","name":"Associativismo","description":"Federa\u00e7\u00e3o das Ind\u00fastrias do Estado de Minas Gerais","publisher":{"@id":"https:\/\/www.fiemg.com.br\/associativismo\/#organization"},"potentialAction":[{"@type":"SearchAction","target":{"@type":"EntryPoint","urlTemplate":"https:\/\/www.fiemg.com.br\/associativismo\/?s={search_term_string}"},"query-input":{"@type":"PropertyValueSpecification","valueRequired":true,"valueName":"search_term_string"}}],"inLanguage":"pt-BR"},{"@type":"Organization","@id":"https:\/\/www.fiemg.com.br\/associativismo\/#organization","name":"Associativismo","url":"https:\/\/www.fiemg.com.br\/associativismo\/","logo":{"@type":"ImageObject","inLanguage":"pt-BR","@id":"https:\/\/www.fiemg.com.br\/associativismo\/#\/schema\/logo\/image\/","url":"https:\/\/www.fiemg.com.br\/associativismo\/wp-content\/uploads\/sites\/29\/2023\/02\/fiemg_branco.svg","contentUrl":"https:\/\/www.fiemg.com.br\/associativismo\/wp-content\/uploads\/sites\/29\/2023\/02\/fiemg_branco.svg","width":561,"height":147,"caption":"Associativismo"},"image":{"@id":"https:\/\/www.fiemg.com.br\/associativismo\/#\/schema\/logo\/image\/"}}]}},"_links":{"self":[{"href":"https:\/\/www.fiemg.com.br\/associativismo\/wp-json\/wp\/v2\/noticias\/3301","targetHints":{"allow":["GET"]}}],"collection":[{"href":"https:\/\/www.fiemg.com.br\/associativismo\/wp-json\/wp\/v2\/noticias"}],"about":[{"href":"https:\/\/www.fiemg.com.br\/associativismo\/wp-json\/wp\/v2\/types\/noticias"}],"wp:featuredmedia":[{"embeddable":true,"href":"https:\/\/www.fiemg.com.br\/associativismo\/wp-json\/wp\/v2\/media\/2889"}],"wp:attachment":[{"href":"https:\/\/www.fiemg.com.br\/associativismo\/wp-json\/wp\/v2\/media?parent=3301"}],"wp:term":[{"taxonomy":"category","embeddable":true,"href":"https:\/\/www.fiemg.com.br\/associativismo\/wp-json\/wp\/v2\/categories?post=3301"},{"taxonomy":"post_tag","embeddable":true,"href":"https:\/\/www.fiemg.com.br\/associativismo\/wp-json\/wp\/v2\/tags?post=3301"}],"curies":[{"name":"wp","href":"https:\/\/api.w.org\/{rel}","templated":true}]}}